{"id":28097,"date":"2023-12-10T20:53:27","date_gmt":"2023-12-10T19:53:27","guid":{"rendered":"https:\/\/www.ccaniene.com\/?p=28097"},"modified":"2023-12-10T20:53:28","modified_gmt":"2023-12-10T19:53:28","slug":"nuoto-super-quadarella-pilato-martinenghi-e-di-pietro-i-protagonisti-agli-europei-in-vasca-corta","status":"publish","type":"post","link":"https:\/\/www.ccaniene.com\/en\/nuoto-super-quadarella-pilato-martinenghi-e-di-pietro-i-protagonisti-agli-europei-in-vasca-corta\/","title":{"rendered":"Nuoto: super Quadarella, Pilato, Martinenghi e Di Pietro, i protagonisti agli Europei in vasca corta"},"content":{"rendered":"<p>Protagonisti agli Europei di nuoto in vasca corta in Romania, edizione numero 22, nell\u2019Aquatics Complex di Otopeni. Sei giorni di competizioni che hanno visto gli atleti del CC Aniene conseguire grandi prestazioni. Quindici medaglie conquistate &#8211; sei d\u2019oro e nove d\u2019argento &#8211; con tre successi di Martinenghi senza dimenticare le quattro medaglie di Silvia Di Pietro, le tre con il successo nei 400sl di Simona Quadarella e una grande Benedetta Pilato oro e argento rispettivamente nei 50 e nei 100 rana.<\/p>\n\n\n\n<figure class=\"wp-block-image size-full\"><img fetchpriority=\"high\" decoding=\"async\" width=\"1024\" height=\"576\" src=\"http:\/\/www.ccaniene.com\/wp-content\/uploads\/2023\/12\/pilato-europei-vc.jpeg\" alt=\"\" class=\"wp-image-28101\" srcset=\"https:\/\/www.ccaniene.com\/wp-content\/uploads\/2023\/12\/pilato-europei-vc.jpeg 1024w, https:\/\/www.ccaniene.com\/wp-content\/uploads\/2023\/12\/pilato-europei-vc-800x450.jpeg 800w, https:\/\/www.ccaniene.com\/wp-content\/uploads\/2023\/12\/pilato-europei-vc-768x432.jpeg 768w, https:\/\/www.ccaniene.com\/wp-content\/uploads\/2023\/12\/pilato-europei-vc-18x10.jpeg 18w\" sizes=\"(max-width: 1024px) 100vw, 1024px\" \/><\/figure>\n\n\n\n<p>Nicol\u00f2 Martinenghi \u00e8 salito sul tetto d\u2019Europa dei 50 rana rinunciando anche, per essere al meglio, alla finale dei 200 in cui poteva lottare per il podio. Ha trionfato in 25\u201d66, con un velocissimo passaggio ai venticinque in 14\u201d06. \u00abHo vinto \u00e8 vero ma alcune cose non sono state perfette in gara &#8211; ha subito affermato Martinenghi &#8211; Sono felicissimo per la vittoria che voglio dedicare al capitano Matteo Rivolta, che oggi ha portato in finale la staffetta malgrado un infortunio. Sono contento anche per Simone: se lo merita\u00bb.<\/p>\n\n\n\n<figure class=\"wp-block-image size-full\"><img decoding=\"async\" width=\"1024\" height=\"682\" src=\"http:\/\/www.ccaniene.com\/wp-content\/uploads\/2023\/12\/martinenghi-europei-vc.jpeg\" alt=\"\" class=\"wp-image-28099\" srcset=\"https:\/\/www.ccaniene.com\/wp-content\/uploads\/2023\/12\/martinenghi-europei-vc.jpeg 1024w, https:\/\/www.ccaniene.com\/wp-content\/uploads\/2023\/12\/martinenghi-europei-vc-800x533.jpeg 800w, https:\/\/www.ccaniene.com\/wp-content\/uploads\/2023\/12\/martinenghi-europei-vc-768x512.jpeg 768w, https:\/\/www.ccaniene.com\/wp-content\/uploads\/2023\/12\/martinenghi-europei-vc-18x12.jpeg 18w\" sizes=\"(max-width: 1024px) 100vw, 1024px\" \/><\/figure>\n\n\n\n<p>Finalmente l\u2019oro. Dopo gli argenti negli 800 e nei 1500sl, Simona Quadarella si \u00e8 presa il trono nei 400sl sconfiggendo finalmente la francese Anastasia Kirpichnikova seconda in 3\u201959\u201d56. La 25enne romana ha nuotato in3\u201959\u201d50, primato personale. \u00abSapevo che per vincere dovevo impostare questo tipo di gara: sostenuta fin da subito &#8211; ha detto Simona &#8211; Nei giorni scorsi ero un po\u2019 sfiduciata, adesso sono molto ottimista: il lavoro che sto svolgendo con Christian rende sempre i suoi frutti\u00bb.<\/p>\n\n\n\n<figure class=\"wp-block-image size-full\"><img decoding=\"async\" width=\"1024\" height=\"576\" src=\"http:\/\/www.ccaniene.com\/wp-content\/uploads\/2023\/12\/quadarella-europei-vc.jpeg\" alt=\"\" class=\"wp-image-28100\" srcset=\"https:\/\/www.ccaniene.com\/wp-content\/uploads\/2023\/12\/quadarella-europei-vc.jpeg 1024w, https:\/\/www.ccaniene.com\/wp-content\/uploads\/2023\/12\/quadarella-europei-vc-800x450.jpeg 800w, https:\/\/www.ccaniene.com\/wp-content\/uploads\/2023\/12\/quadarella-europei-vc-768x432.jpeg 768w, https:\/\/www.ccaniene.com\/wp-content\/uploads\/2023\/12\/quadarella-europei-vc-18x10.jpeg 18w\" sizes=\"(max-width: 1024px) 100vw, 1024px\" \/><\/figure>\n\n\n\n<p>\u00c8 oro anche per Benedetta Pilato nei 50 rana. La diciottenne atleta del CC Aniene vice campionessa uscente ha toccato in 28\u201d86 a cinque centesimi dal primato italiano che le appartiene dal 2021.<\/p>\n\n\n\n<p>E, sempre nella giornata di chiusura degli Europei, successo con la 4&#215;50 mista mixed con in vasca Nicol\u00f2 Martinenghi e Silvia Di Pietro. Nicol\u00f2 in seconda ha nuotato in 24\u201d87 e Silvia subito dopo in 25\u201d32. \u00abBello, bello e anzi bellissimo\u00bb, ha detto Martinenghi mentre la Di Pietro ha aggiunto&nbsp; he questo \u00ab\u00e8 un oro che mi riempie d\u2019orgoglio e che mi piace tantissimo. Siamo un gruppo straordinario\u00bb.<\/p>\n\n\n\n<p>Nella prima giornata sono arrivati gli argenti con la 4x50sl. Prima le ragazze (1\u201936\u201d92) al quale ha contribuito, nuotando in prima frazione, Silvia Di Pietro (24\u201d39). Oro alla Svezia in 1\u201935\u201d60. \u00abE&#8217; una medaglia che ci voleva e che mi risolleva dopo la prova individuale (eliminata in semifinale, ndr) &#8211; ha affermato Silvia &#8211; Siamo state tutte bravissime a rimanere sempre con le migliori\u00bb.<\/p>\n\n\n\n<p>Cinque minuti pi\u00f9 tardi sono stati gli uomini a centrare lo stesso risultato (1\u201923\u201d14) con Leonardo Deplano (21\u201d05) col personale ottenuto (21\u201d12 il precedente). \u00abSto limando qualcosa sulla nuotata e rispetto al Citt\u00e0 di Firenze e agli Assoluti si vedono dei miglioramenti &#8211; le parole di Deplano &#8211; Abbiamo rotto il ghiaccio ed \u00e8 un ottimo argento\u00bb.<\/p>\n\n\n\n<p>Quinto posto per Marco De Tullio nei 400sl con 3\u201938\u201d13. \u00abSono soddisfatto della mia gara, anche se mi manca un po\u2019 di velocit\u00e0 &#8211; ha affermato De Tullio che \u00e8 allenato da Christian Minotti &#8211; Mi sono comunque sentito sciolto in acqua ed \u00e8 una sensazione che mi piace\u00bb.<\/p>\n\n\n\n<p>La 4&#215;50 mista maschile non \u00e8 scesa dal podio e si \u00e8 confermata campione d\u2019Europa (1\u201930\u201d14) con Nicol\u00f2 Martinenghi che ha lanciato i compagni in seconda frazione con un grande 22\u201d98. \u00abSiamo un gruppo molto unito e credo si veda anche da fuori. Questo spirito aiuta ad ottenere sempre grandi risultati: tra di noi non c&#8217;\u00e8 rivalit\u00e0 ma amicizia e rispetto\u00bb, ha affermato Martinenghi.<\/p>\n\n\n\n<p>Brillante medaglia d\u2019argento per Benedetta Pilato nei 100 rana, battuta solamente dalla lituana Eneli Jefimova (1\u201903\u201d21), astro nascente ancora 16enne. Benny, che da settembre si allena a Torino con Antonio Satta &#8211; ha toccato in 1\u201903\u201d76, con un passaggio strepitoso ai 50 in 29\u201d32 ma un ultimo venticinque contratto in 17\u201d89. \u00abNon avevo il tempo della Jefimova nelle gambe, sono onesta &#8211; ha racconta la 18enne pugliese &#8211; Come ho affermato nei giorni scorsi, dopo gli Assoluti \u00e8 un po\u2019 calata la tensione; per questo sono felice del mio risultato\u00bb.<\/p>\n\n\n\n<p>Sempre nella seconda giornata, quarto posto per Matteo Rivolta nei 100 farfalla (50\u201d24).<\/p>\n\n\n\n<p>Secondo posto anche per Simona Quadarella negli 800sl alle spalle della francese Anastasia Kirpichnikova che si \u00e8 confermata campionessa europea in 8\u201904&#8243;\u201d48. Simona con le unghie e i denti si \u00e8 presa l\u2019argento in 8\u201914\u201d83. \u00abNon sono delusa dall\u2019argento, ci mancherebbe, \u00e8 una medaglia in un evento importante &#8211; ha detto Simona &#8211; Mi aspettavo per\u00f2 di essere pi\u00f9 veloce e il tempo non mi soddisfa\u00bb.<\/p>\n\n\n\n<p>Ancora un secondo posto &#8211; nella quarta giornata &#8211; ma questa volta dal sapore differente, perch\u00e9 il tempo non \u00e8 male e di conseguenza la fiducia cresce in vista di un impegnativo 2024 che, dopo Mondiali, Assoluti e forse Europei, culminer\u00e0 con le Olimpiadi di Parigi. Simona si \u00e8 confermata vice campionessa continentale nei 1500sl. Davanti a lei, come avvenuto negli 800sl, solamente la russa naturalizzata francese Anastasia Kirpichnikova in 15\u201920\u201d12. La Quadarella ha concluso in 15\u201937\u201d05.<\/p>\n\n\n\n<p>Secondo squillo per Martinenghi nella terza giornata con l\u2019argento nei 100 rana che con autorit\u00e0 si \u00e8 preso l\u2019argento nei 100 rana. A batterlo, solo l\u2019olandese Arno Kamminga. Nicol\u00f2 ha nuotato in 56\u201d57 confermandosi secondo in Europa due anni dopo Kazan 2021. \u00abHo dato veramente tutto quello che avevo &#8211; ha detto Martinenghi &#8211; Arno \u00e8 andato sempre forte in questi giorni. Prendo questa medaglia con grande soddisfazione: rappresenta un punto di chiusura nel 2023 e di partenza verso un 2024 molto impegnativo\u00bb.<\/p>\n\n\n\n<p>Un\u2019altra medaglia d\u2019argento per Di Pietro e Pilato, questa volta con la 4&#215;50 mista femminile (1\u201943\u201d97 che cancella l\u20191\u201944\u201d46 dall\u2019albo dei record italiani). Benny in seconda frazione ha nuotato la rana in 28\u201d75 mentre Silvia Di Pietro in terza la frazione a farfalla in 25\u201d19.<\/p>\n\n\n\n<figure class=\"wp-block-image size-full\"><img loading=\"lazy\" decoding=\"async\" width=\"1024\" height=\"576\" src=\"http:\/\/www.ccaniene.com\/wp-content\/uploads\/2023\/12\/4x50-mista.jpeg\" alt=\"\" class=\"wp-image-28102\" srcset=\"https:\/\/www.ccaniene.com\/wp-content\/uploads\/2023\/12\/4x50-mista.jpeg 1024w, https:\/\/www.ccaniene.com\/wp-content\/uploads\/2023\/12\/4x50-mista-800x450.jpeg 800w, https:\/\/www.ccaniene.com\/wp-content\/uploads\/2023\/12\/4x50-mista-768x432.jpeg 768w, https:\/\/www.ccaniene.com\/wp-content\/uploads\/2023\/12\/4x50-mista-18x10.jpeg 18w\" sizes=\"(max-width: 1024px) 100vw, 1024px\" \/><\/figure>\n\n\n\n<p>Quarto posto per Margherita Panziera nei 200 dorso dopo un mese di novembre difficile, con la febbre che l\u2019ha costretta a rinunciare all&#8217;ultimo agli Assoluti di Riccione ed a rivedere obiettivi e preparazione. Margherita ha chiuso in 2\u201904\u201d35. Ottavo poi, nella quinta giornata, nei 200 dorso in 58\u201d25.<\/p>\n\n\n\n<p>Terzo sigillo d\u2019argento per Silvia Di Pietro, la capitana, stavolta con la 4x50sl mixed. Schierata in ultima frazione, Silvia ha nuotato in 23\u201d54 per un complessivo 1\u201928\u201d28 che vale il record italiano: migliorato l\u20191\u201929\u201d22 di Luca Dotto, Marco Orsi, Erika Ferraioli e della stessa Di Pietro in finale ai Mondiali di Doha 2014. \u00abOrmai sono la pi\u00f9 vecchia del gruppo. Mi diverto ancora tantissimo e gli stimoli sono quelli di sempre\u00bb.<\/p>\n\n\n\n<figure class=\"wp-block-image size-full\"><img loading=\"lazy\" decoding=\"async\" width=\"1024\" height=\"682\" src=\"http:\/\/www.ccaniene.com\/wp-content\/uploads\/2023\/12\/di-pietro-europei-vc.jpeg\" alt=\"\" class=\"wp-image-28103\" srcset=\"https:\/\/www.ccaniene.com\/wp-content\/uploads\/2023\/12\/di-pietro-europei-vc.jpeg 1024w, https:\/\/www.ccaniene.com\/wp-content\/uploads\/2023\/12\/di-pietro-europei-vc-800x533.jpeg 800w, https:\/\/www.ccaniene.com\/wp-content\/uploads\/2023\/12\/di-pietro-europei-vc-768x512.jpeg 768w, https:\/\/www.ccaniene.com\/wp-content\/uploads\/2023\/12\/di-pietro-europei-vc-18x12.jpeg 18w\" sizes=\"(max-width: 1024px) 100vw, 1024px\" \/><\/figure>\n\n\n\n<p>ORO<\/p>\n\n\n\n<p>Martinenghi 4&#215;50 mista<\/p>\n\n\n\n<p>Martinenghi 50 rana<\/p>\n\n\n\n<p>Martinenghi 4&#215;50 mista mixed<\/p>\n\n\n\n<p>Di Pietro 4&#215;50 mista mixed<\/p>\n\n\n\n<p>Quadarella 400sl<\/p>\n\n\n\n<p>Pilato 50 rana<\/p>\n\n\n\n<p>ARGENTO<\/p>\n\n\n\n<p>Di Pietro 4x50sl<\/p>\n\n\n\n<p>Di Pietro 4&#215;50 mista<\/p>\n\n\n\n<p>Di Pietro 4x50sl mixed<\/p>\n\n\n\n<p>Deplano 4x50sl<\/p>\n\n\n\n<p>Pilato 100 rana<\/p>\n\n\n\n<p>Pilato 4&#215;50 mista<\/p>\n\n\n\n<p>Quadarella 800sl<\/p>\n\n\n\n<p>Quadarella 1500sl<\/p>\n\n\n\n<p>Martinenghi 100 rana<\/p>\n\n\n\n<p><\/p>\n\n\n\n<p>Foto di Andrea Staccioli\/DBM<\/p>","protected":false},"excerpt":{"rendered":"<p>Protagonisti agli Europei di nuoto in vasca corta in Romania, edizione numero 22, nell\u2019Aquatics Complex di Otopeni. Sei giorni di competizioni che hanno visto gli atleti del CC Aniene conseguire grandi prestazioni. Quindici medaglie conquistate &#8211; sei d\u2019oro e nove d\u2019argento &#8211; con tre successi di Martinenghi senza dimenticare le quattro medaglie di Silvia Di [&hellip;]<\/p>","protected":false},"author":23521,"featured_media":28098,"comment_status":"closed","ping_status":"closed","sticky":false,"template":"","format":"standard","meta":{"pmpro_default_level":0,"footnotes":"","_links_to":"","_links_to_target":""},"categories":[1,11],"tags":[],"class_list":["post-28097","post","type-post","status-publish","format-standard","has-post-thumbnail","hentry","category-news","category-nuoto","pmpro-has-access"],"featured_image_urls":{"medium":"https:\/\/www.ccaniene.com\/wp-content\/uploads\/2023\/12\/martinenghi1-euroepi-vc-800x533.jpeg","thumbnail":"https:\/\/www.ccaniene.com\/wp-content\/uploads\/2023\/12\/martinenghi1-euroepi-vc-400x400.jpeg","medium_large":"https:\/\/www.ccaniene.com\/wp-content\/uploads\/2023\/12\/martinenghi1-euroepi-vc-768x512.jpeg","trp-custom-language-flag":"https:\/\/www.ccaniene.com\/wp-content\/uploads\/2023\/12\/martinenghi1-euroepi-vc-18x12.jpeg","qi_addons_for_elementor_image_size_square":"https:\/\/www.ccaniene.com\/wp-content\/uploads\/2023\/12\/martinenghi1-euroepi-vc-650x650.jpeg","qi_addons_for_elementor_image_size_landscape":"https:\/\/www.ccaniene.com\/wp-content\/uploads\/2023\/12\/martinenghi1-euroepi-vc-1024x650.jpeg","qi_addons_for_elementor_image_size_portrait":"https:\/\/www.ccaniene.com\/wp-content\/uploads\/2023\/12\/martinenghi1-euroepi-vc-650x682.jpeg","fairwaygreen_core_image_size_square":"https:\/\/www.ccaniene.com\/wp-content\/uploads\/2023\/12\/martinenghi1-euroepi-vc-650x650.jpeg","fairwaygreen_core_image_size_landscape":"https:\/\/www.ccaniene.com\/wp-content\/uploads\/2023\/12\/martinenghi1-euroepi-vc-1024x650.jpeg","fairwaygreen_core_image_size_portrait":"https:\/\/www.ccaniene.com\/wp-content\/uploads\/2023\/12\/martinenghi1-euroepi-vc-650x682.jpeg","cmplz_banner_image":"https:\/\/www.ccaniene.com\/wp-content\/uploads\/2023\/12\/martinenghi1-euroepi-vc-350x100.jpeg"},"appp_media":null,"yoast_head":"<!-- This site is optimized with the Yoast SEO plugin v23.6 - https:\/\/yoast.com\/wordpress\/plugins\/seo\/ -->\n<title>Nuoto: super Quadarella, Pilato, Martinenghi e Di Pietro, i protagonisti agli Europei in vasca corta - Circolo Canottieri Aniene<\/title>\n<meta name=\"robots\" content=\"index, follow, max-snippet:-1, max-image-preview:large, max-video-preview:-1\" \/>\n<link rel=\"canonical\" href=\"https:\/\/www.ccaniene.com\/en\/nuoto-super-quadarella-pilato-martinenghi-e-di-pietro-i-protagonisti-agli-europei-in-vasca-corta\/\" \/>\n<meta property=\"og:locale\" content=\"en_GB\" \/>\n<meta property=\"og:type\" content=\"article\" \/>\n<meta property=\"og:title\" content=\"Nuoto: super Quadarella, Pilato, Martinenghi e Di Pietro, i protagonisti agli Europei in vasca corta - Circolo Canottieri Aniene\" \/>\n<meta property=\"og:description\" content=\"Protagonisti agli Europei di nuoto in vasca corta in Romania, edizione numero 22, nell\u2019Aquatics Complex di Otopeni. Sei giorni di competizioni che hanno visto gli atleti del CC Aniene conseguire grandi prestazioni. Quindici medaglie conquistate &#8211; sei d\u2019oro e nove d\u2019argento &#8211; con tre successi di Martinenghi senza dimenticare le quattro medaglie di Silvia Di [&hellip;]\" \/>\n<meta property=\"og:url\" content=\"https:\/\/www.ccaniene.com\/en\/nuoto-super-quadarella-pilato-martinenghi-e-di-pietro-i-protagonisti-agli-europei-in-vasca-corta\/\" \/>\n<meta property=\"og:site_name\" content=\"Circolo Canottieri Aniene\" \/>\n<meta property=\"article:published_time\" content=\"2023-12-10T19:53:27+00:00\" \/>\n<meta property=\"article:modified_time\" content=\"2023-12-10T19:53:28+00:00\" \/>\n<meta property=\"og:image\" content=\"https:\/\/www.ccaniene.com\/wp-content\/uploads\/2023\/12\/martinenghi1-euroepi-vc.jpeg\" \/>\n\t<meta property=\"og:image:width\" content=\"1024\" \/>\n\t<meta property=\"og:image:height\" content=\"682\" \/>\n\t<meta property=\"og:image:type\" content=\"image\/jpeg\" \/>\n<meta name=\"author\" content=\"carlo.san@tin.it\" \/>\n<meta name=\"twitter:card\" content=\"summary_large_image\" \/>\n<meta name=\"twitter:label1\" content=\"Written by\" \/>\n\t<meta name=\"twitter:data1\" content=\"carlo.san@tin.it\" \/>\n\t<meta name=\"twitter:label2\" content=\"Estimated reading time\" \/>\n\t<meta name=\"twitter:data2\" content=\"7 minutes\" \/>\n<script type=\"application\/ld+json\" class=\"yoast-schema-graph\">{\"@context\":\"https:\/\/schema.org\",\"@graph\":[{\"@type\":\"WebPage\",\"@id\":\"https:\/\/www.ccaniene.com\/en\/nuoto-super-quadarella-pilato-martinenghi-e-di-pietro-i-protagonisti-agli-europei-in-vasca-corta\/\",\"url\":\"https:\/\/www.ccaniene.com\/en\/nuoto-super-quadarella-pilato-martinenghi-e-di-pietro-i-protagonisti-agli-europei-in-vasca-corta\/\",\"name\":\"Nuoto: super Quadarella, Pilato, Martinenghi e Di Pietro, i protagonisti agli Europei in vasca corta - Circolo Canottieri Aniene\",\"isPartOf\":{\"@id\":\"https:\/\/www.ccaniene.com\/it_it\/#website\"},\"primaryImageOfPage\":{\"@id\":\"https:\/\/www.ccaniene.com\/en\/nuoto-super-quadarella-pilato-martinenghi-e-di-pietro-i-protagonisti-agli-europei-in-vasca-corta\/#primaryimage\"},\"image\":{\"@id\":\"https:\/\/www.ccaniene.com\/en\/nuoto-super-quadarella-pilato-martinenghi-e-di-pietro-i-protagonisti-agli-europei-in-vasca-corta\/#primaryimage\"},\"thumbnailUrl\":\"https:\/\/www.ccaniene.com\/wp-content\/uploads\/2023\/12\/martinenghi1-euroepi-vc.jpeg\",\"datePublished\":\"2023-12-10T19:53:27+00:00\",\"dateModified\":\"2023-12-10T19:53:28+00:00\",\"author\":{\"@id\":\"https:\/\/www.ccaniene.com\/it_it\/#\/schema\/person\/6042bd0ba360674279dffd4247d570ed\"},\"breadcrumb\":{\"@id\":\"https:\/\/www.ccaniene.com\/en\/nuoto-super-quadarella-pilato-martinenghi-e-di-pietro-i-protagonisti-agli-europei-in-vasca-corta\/#breadcrumb\"},\"inLanguage\":\"en-GB\",\"potentialAction\":[{\"@type\":\"ReadAction\",\"target\":[\"https:\/\/www.ccaniene.com\/en\/nuoto-super-quadarella-pilato-martinenghi-e-di-pietro-i-protagonisti-agli-europei-in-vasca-corta\/\"]}]},{\"@type\":\"ImageObject\",\"inLanguage\":\"en-GB\",\"@id\":\"https:\/\/www.ccaniene.com\/en\/nuoto-super-quadarella-pilato-martinenghi-e-di-pietro-i-protagonisti-agli-europei-in-vasca-corta\/#primaryimage\",\"url\":\"https:\/\/www.ccaniene.com\/wp-content\/uploads\/2023\/12\/martinenghi1-euroepi-vc.jpeg\",\"contentUrl\":\"https:\/\/www.ccaniene.com\/wp-content\/uploads\/2023\/12\/martinenghi1-euroepi-vc.jpeg\",\"width\":1024,\"height\":682},{\"@type\":\"BreadcrumbList\",\"@id\":\"https:\/\/www.ccaniene.com\/en\/nuoto-super-quadarella-pilato-martinenghi-e-di-pietro-i-protagonisti-agli-europei-in-vasca-corta\/#breadcrumb\",\"itemListElement\":[{\"@type\":\"ListItem\",\"position\":1,\"name\":\"Home\",\"item\":\"https:\/\/www.ccaniene.com\/it_it\/\"},{\"@type\":\"ListItem\",\"position\":2,\"name\":\"Nuoto: super Quadarella, Pilato, Martinenghi e Di Pietro, i protagonisti agli Europei in vasca corta\"}]},{\"@type\":\"WebSite\",\"@id\":\"https:\/\/www.ccaniene.com\/it_it\/#website\",\"url\":\"https:\/\/www.ccaniene.com\/it_it\/\",\"name\":\"Circolo Canottieri Aniene\",\"description\":\"Collare d&#039;Oro e Stella d&#039;Oro al Merito Sportivo\",\"potentialAction\":[{\"@type\":\"SearchAction\",\"target\":{\"@type\":\"EntryPoint\",\"urlTemplate\":\"https:\/\/www.ccaniene.com\/it_it\/?s={search_term_string}\"},\"query-input\":{\"@type\":\"PropertyValueSpecification\",\"valueRequired\":true,\"valueName\":\"search_term_string\"}}],\"inLanguage\":\"en-GB\"},{\"@type\":\"Person\",\"@id\":\"https:\/\/www.ccaniene.com\/it_it\/#\/schema\/person\/6042bd0ba360674279dffd4247d570ed\",\"name\":\"carlo.san@tin.it\",\"image\":{\"@type\":\"ImageObject\",\"inLanguage\":\"en-GB\",\"@id\":\"https:\/\/www.ccaniene.com\/it_it\/#\/schema\/person\/image\/\",\"url\":\"https:\/\/secure.gravatar.com\/avatar\/f993a459d0ffe4d666e4c917fef20ca9?s=96&d=mm&r=g\",\"contentUrl\":\"https:\/\/secure.gravatar.com\/avatar\/f993a459d0ffe4d666e4c917fef20ca9?s=96&d=mm&r=g\",\"caption\":\"carlo.san@tin.it\"},\"url\":\"https:\/\/www.ccaniene.com\/en\/author\/carlo-santi-2\/\"}]}<\/script>\n<!-- \/ Yoast SEO plugin. -->","yoast_head_json":{"title":"Nuoto: super Quadarella, Pilato, Martinenghi e Di Pietro, i protagonisti agli Europei in vasca corta - Circolo Canottieri Aniene","robots":{"index":"index","follow":"follow","max-snippet":"max-snippet:-1","max-image-preview":"max-image-preview:large","max-video-preview":"max-video-preview:-1"},"canonical":"https:\/\/www.ccaniene.com\/en\/nuoto-super-quadarella-pilato-martinenghi-e-di-pietro-i-protagonisti-agli-europei-in-vasca-corta\/","og_locale":"en_GB","og_type":"article","og_title":"Nuoto: super Quadarella, Pilato, Martinenghi e Di Pietro, i protagonisti agli Europei in vasca corta - Circolo Canottieri Aniene","og_description":"Protagonisti agli Europei di nuoto in vasca corta in Romania, edizione numero 22, nell\u2019Aquatics Complex di Otopeni. Sei giorni di competizioni che hanno visto gli atleti del CC Aniene conseguire grandi prestazioni. Quindici medaglie conquistate &#8211; sei d\u2019oro e nove d\u2019argento &#8211; con tre successi di Martinenghi senza dimenticare le quattro medaglie di Silvia Di [&hellip;]","og_url":"https:\/\/www.ccaniene.com\/en\/nuoto-super-quadarella-pilato-martinenghi-e-di-pietro-i-protagonisti-agli-europei-in-vasca-corta\/","og_site_name":"Circolo Canottieri Aniene","article_published_time":"2023-12-10T19:53:27+00:00","article_modified_time":"2023-12-10T19:53:28+00:00","og_image":[{"width":1024,"height":682,"url":"https:\/\/www.ccaniene.com\/wp-content\/uploads\/2023\/12\/martinenghi1-euroepi-vc.jpeg","type":"image\/jpeg"}],"author":"carlo.san@tin.it","twitter_card":"summary_large_image","twitter_misc":{"Written by":"carlo.san@tin.it","Estimated reading time":"7 minutes"},"schema":{"@context":"https:\/\/schema.org","@graph":[{"@type":"WebPage","@id":"https:\/\/www.ccaniene.com\/en\/nuoto-super-quadarella-pilato-martinenghi-e-di-pietro-i-protagonisti-agli-europei-in-vasca-corta\/","url":"https:\/\/www.ccaniene.com\/en\/nuoto-super-quadarella-pilato-martinenghi-e-di-pietro-i-protagonisti-agli-europei-in-vasca-corta\/","name":"Nuoto: super Quadarella, Pilato, Martinenghi e Di Pietro, i protagonisti agli Europei in vasca corta - Circolo Canottieri Aniene","isPartOf":{"@id":"https:\/\/www.ccaniene.com\/it_it\/#website"},"primaryImageOfPage":{"@id":"https:\/\/www.ccaniene.com\/en\/nuoto-super-quadarella-pilato-martinenghi-e-di-pietro-i-protagonisti-agli-europei-in-vasca-corta\/#primaryimage"},"image":{"@id":"https:\/\/www.ccaniene.com\/en\/nuoto-super-quadarella-pilato-martinenghi-e-di-pietro-i-protagonisti-agli-europei-in-vasca-corta\/#primaryimage"},"thumbnailUrl":"https:\/\/www.ccaniene.com\/wp-content\/uploads\/2023\/12\/martinenghi1-euroepi-vc.jpeg","datePublished":"2023-12-10T19:53:27+00:00","dateModified":"2023-12-10T19:53:28+00:00","author":{"@id":"https:\/\/www.ccaniene.com\/it_it\/#\/schema\/person\/6042bd0ba360674279dffd4247d570ed"},"breadcrumb":{"@id":"https:\/\/www.ccaniene.com\/en\/nuoto-super-quadarella-pilato-martinenghi-e-di-pietro-i-protagonisti-agli-europei-in-vasca-corta\/#breadcrumb"},"inLanguage":"en-GB","potentialAction":[{"@type":"ReadAction","target":["https:\/\/www.ccaniene.com\/en\/nuoto-super-quadarella-pilato-martinenghi-e-di-pietro-i-protagonisti-agli-europei-in-vasca-corta\/"]}]},{"@type":"ImageObject","inLanguage":"en-GB","@id":"https:\/\/www.ccaniene.com\/en\/nuoto-super-quadarella-pilato-martinenghi-e-di-pietro-i-protagonisti-agli-europei-in-vasca-corta\/#primaryimage","url":"https:\/\/www.ccaniene.com\/wp-content\/uploads\/2023\/12\/martinenghi1-euroepi-vc.jpeg","contentUrl":"https:\/\/www.ccaniene.com\/wp-content\/uploads\/2023\/12\/martinenghi1-euroepi-vc.jpeg","width":1024,"height":682},{"@type":"BreadcrumbList","@id":"https:\/\/www.ccaniene.com\/en\/nuoto-super-quadarella-pilato-martinenghi-e-di-pietro-i-protagonisti-agli-europei-in-vasca-corta\/#breadcrumb","itemListElement":[{"@type":"ListItem","position":1,"name":"Home","item":"https:\/\/www.ccaniene.com\/it_it\/"},{"@type":"ListItem","position":2,"name":"Nuoto: super Quadarella, Pilato, Martinenghi e Di Pietro, i protagonisti agli Europei in vasca corta"}]},{"@type":"WebSite","@id":"https:\/\/www.ccaniene.com\/it_it\/#website","url":"https:\/\/www.ccaniene.com\/it_it\/","name":"Circolo Canottieri Aniene","description":"Collare d&#039;Oro e Stella d&#039;Oro al Merito Sportivo","potentialAction":[{"@type":"SearchAction","target":{"@type":"EntryPoint","urlTemplate":"https:\/\/www.ccaniene.com\/it_it\/?s={search_term_string}"},"query-input":{"@type":"PropertyValueSpecification","valueRequired":true,"valueName":"search_term_string"}}],"inLanguage":"en-GB"},{"@type":"Person","@id":"https:\/\/www.ccaniene.com\/it_it\/#\/schema\/person\/6042bd0ba360674279dffd4247d570ed","name":"carlo.san@tin.it","image":{"@type":"ImageObject","inLanguage":"en-GB","@id":"https:\/\/www.ccaniene.com\/it_it\/#\/schema\/person\/image\/","url":"https:\/\/secure.gravatar.com\/avatar\/f993a459d0ffe4d666e4c917fef20ca9?s=96&d=mm&r=g","contentUrl":"https:\/\/secure.gravatar.com\/avatar\/f993a459d0ffe4d666e4c917fef20ca9?s=96&d=mm&r=g","caption":"carlo.san@tin.it"},"url":"https:\/\/www.ccaniene.com\/en\/author\/carlo-santi-2\/"}]}},"_links":{"self":[{"href":"https:\/\/www.ccaniene.com\/en\/wp-json\/wp\/v2\/posts\/28097"}],"collection":[{"href":"https:\/\/www.ccaniene.com\/en\/wp-json\/wp\/v2\/posts"}],"about":[{"href":"https:\/\/www.ccaniene.com\/en\/wp-json\/wp\/v2\/types\/post"}],"author":[{"embeddable":true,"href":"https:\/\/www.ccaniene.com\/en\/wp-json\/wp\/v2\/users\/23521"}],"replies":[{"embeddable":true,"href":"https:\/\/www.ccaniene.com\/en\/wp-json\/wp\/v2\/comments?post=28097"}],"version-history":[{"count":1,"href":"https:\/\/www.ccaniene.com\/en\/wp-json\/wp\/v2\/posts\/28097\/revisions"}],"predecessor-version":[{"id":28104,"href":"https:\/\/www.ccaniene.com\/en\/wp-json\/wp\/v2\/posts\/28097\/revisions\/28104"}],"wp:featuredmedia":[{"embeddable":true,"href":"https:\/\/www.ccaniene.com\/en\/wp-json\/wp\/v2\/media\/28098"}],"wp:attachment":[{"href":"https:\/\/www.ccaniene.com\/en\/wp-json\/wp\/v2\/media?parent=28097"}],"wp:term":[{"taxonomy":"category","embeddable":true,"href":"https:\/\/www.ccaniene.com\/en\/wp-json\/wp\/v2\/categories?post=28097"},{"taxonomy":"post_tag","embeddable":true,"href":"https:\/\/www.ccaniene.com\/en\/wp-json\/wp\/v2\/tags?post=28097"}],"curies":[{"name":"wp","href":"https:\/\/api.w.org\/{rel}","templated":true}]}}