{"id":27221,"date":"2023-07-25T15:28:19","date_gmt":"2023-07-25T13:28:19","guid":{"rendered":"https:\/\/www.ccaniene.com\/?p=27221"},"modified":"2023-07-25T15:32:20","modified_gmt":"2023-07-25T13:32:20","slug":"simona-quadarella-super-argento-mondiale-nei-1500sl","status":"publish","type":"post","link":"https:\/\/www.ccaniene.com\/en\/simona-quadarella-super-argento-mondiale-nei-1500sl\/","title":{"rendered":"Simona Quadarella, super argento mondiale nei 1500sl"},"content":{"rendered":"<p>Una meravigliosa Simona Quadarella ha conquistato la medaglia d\u2019argento nei 1500sl ai campionati Mondiali di Fukuoka. Alla Marine Messe, la sede dell\u2019evento giapponese, la campionessa dell\u2019Aniene, ha trovato il modo di sorridere, rialzare la testa e gioire. Simona non ha mai mollato, e questo argento alle spalle dell\u2019extraterrestre Katie Ledecky \u00e8 davvero splendente per un fantastico ritorno sul podio iridato nei 1500, a distanza di quattro anni dal terzo posto di Gwangju 2019.<\/p>\n\n\n\n<p>La regina del mezzofondo ha realizzato 15\u201943\u201d31, prestazione vicina al suo primato italiano di 15\u201940\u201d89 ottenuto in Corea quattro anni fa. Davanti, subito in testa, la statunitense Ledecky che ha dominato in 15\u201926\u201d27. \u00abSe avessi avuto un\u2019avversaria vicina sarebbe stato diverso &#8211; ha spiegato una felice Quadarella al termine della gara &#8211; ma l\u2019importante era riuscire a tornare sul podio\u00bb.<\/p>\n\n\n\n<p>Simona, emozionata ma anche tesa, ha nuotato le trenta vasche a 31\u201d5-31\u201d6 di media sempre incitata dal suo allenatore Christian Minotti. \u00abBella-bella questa medaglia. Sono veramente contenta e ci tenevo tanto \u2013 ha aggiunto &#8211; \u00c8 il mio primo argento in un 1500 a livello internazionale, le altre le ho conquistate tutte. Questa gara \u00e8 il mio primo amore, cominciato a Budapest 2017 con il bronzo e negli anni sono sempre cresciuta. Mi \u00e8 dispiaciuto tantissimo non averla presa l\u2019anno scorso ai Mondiali e volevo riprendere il trend positivo. La costanza mi ha sempre caratterizzato e questo podio \u00e8 importantissimo. Sono partita subito all\u2019attacco. Ero molto nervosa prima cominciare; non ho vissuto benissimo i minuti precedenti la gara, poi appena entrata in acqua l\u2019ansia \u00e8 andata via. Ci vuole tanto allenamento e anche tanto equilibrio mentale che ultimamente avevo perso e finalmente ho ritrovato\u00bb.<\/p>\n\n\n\n<figure class=\"wp-block-gallery has-nested-images columns-default is-cropped wp-block-gallery-1 is-layout-flex wp-block-gallery-is-layout-flex\">\n<figure class=\"wp-block-image size-large\"><img fetchpriority=\"high\" decoding=\"async\" width=\"1024\" height=\"576\" data-id=\"27225\" src=\"http:\/\/www.ccaniene.com\/wp-content\/uploads\/2023\/07\/minotti.jpeg\" alt=\"\" class=\"wp-image-27225\" srcset=\"https:\/\/www.ccaniene.com\/wp-content\/uploads\/2023\/07\/minotti.jpeg 1024w, https:\/\/www.ccaniene.com\/wp-content\/uploads\/2023\/07\/minotti-800x450.jpeg 800w, https:\/\/www.ccaniene.com\/wp-content\/uploads\/2023\/07\/minotti-768x432.jpeg 768w, https:\/\/www.ccaniene.com\/wp-content\/uploads\/2023\/07\/minotti-18x10.jpeg 18w\" sizes=\"(max-width: 1024px) 100vw, 1024px\" \/><\/figure>\n<\/figure>\n\n\n\n<p>C\u2019\u00e8 una dedica speciale per questo argento: \u00e8 per la famiglia. \u00abC\u2019\u00e8 sempre. Mio padre \u00e8 qui adesso, mia mamma non \u00e8 potuta venire ma fi sempre sentire la sua presenza. Loro mi hanno aiutato tanto e mi hanno lasciata sempre libera di continuare a fare ci\u00f2 che pi\u00f9 mi piace, nuotare. Senza di loro non avrei potuto fare tutto questo\u00bb.<\/p>\n\n\n\n<figure class=\"wp-block-gallery has-nested-images columns-default is-cropped wp-block-gallery-2 is-layout-flex wp-block-gallery-is-layout-flex\">\n<figure class=\"wp-block-image size-large\"><img decoding=\"async\" width=\"1024\" height=\"576\" data-id=\"27227\" src=\"http:\/\/www.ccaniene.com\/wp-content\/uploads\/2023\/07\/simona-1500-fukuoka.jpeg\" alt=\"\" class=\"wp-image-27227\" srcset=\"https:\/\/www.ccaniene.com\/wp-content\/uploads\/2023\/07\/simona-1500-fukuoka.jpeg 1024w, https:\/\/www.ccaniene.com\/wp-content\/uploads\/2023\/07\/simona-1500-fukuoka-800x450.jpeg 800w, https:\/\/www.ccaniene.com\/wp-content\/uploads\/2023\/07\/simona-1500-fukuoka-768x432.jpeg 768w, https:\/\/www.ccaniene.com\/wp-content\/uploads\/2023\/07\/simona-1500-fukuoka-18x10.jpeg 18w\" sizes=\"(max-width: 1024px) 100vw, 1024px\" \/><\/figure>\n\n\n\n<figure class=\"wp-block-image size-large\"><img decoding=\"async\" width=\"1024\" height=\"576\" data-id=\"27228\" src=\"http:\/\/www.ccaniene.com\/wp-content\/uploads\/2023\/07\/simona1-1500-fufuoka.jpeg\" alt=\"\" class=\"wp-image-27228\" srcset=\"https:\/\/www.ccaniene.com\/wp-content\/uploads\/2023\/07\/simona1-1500-fufuoka.jpeg 1024w, https:\/\/www.ccaniene.com\/wp-content\/uploads\/2023\/07\/simona1-1500-fufuoka-800x450.jpeg 800w, https:\/\/www.ccaniene.com\/wp-content\/uploads\/2023\/07\/simona1-1500-fufuoka-768x432.jpeg 768w, https:\/\/www.ccaniene.com\/wp-content\/uploads\/2023\/07\/simona1-1500-fufuoka-18x10.jpeg 18w\" sizes=\"(max-width: 1024px) 100vw, 1024px\" \/><\/figure>\n<\/figure>\n\n\n\n<p>Appuntamento, in questo Mondiale, fra tre giorni con gli 800sl.<\/p>\n\n\n\n<p>Domani da vivere in apnea la finale dei 50 rana con Nicol\u00f2 Martinenghi che si \u00e8 qualificato con il secondo tempo (26\u201d74). Meglio di lui solamente il cinese ed oro iridato nella doppia distanza Haiyang Qin che ha ritoccato il record asiatico portandolo a 26\u201d20.<\/p>\n\n\n\n<p>Nella foto di Giorgio Scala\/DBM, Simona Quadarella<\/p>","protected":false},"excerpt":{"rendered":"<p>Una meravigliosa Simona Quadarella ha conquistato la medaglia d\u2019argento nei 1500sl ai campionati Mondiali di Fukuoka. Alla Marine Messe, la sede dell\u2019evento giapponese, la campionessa dell\u2019Aniene, ha trovato il modo di sorridere, rialzare la testa e gioire. Simona non ha mai mollato, e questo argento alle spalle dell\u2019extraterrestre Katie Ledecky \u00e8 davvero splendente per un [&hellip;]<\/p>","protected":false},"author":23521,"featured_media":27222,"comment_status":"closed","ping_status":"closed","sticky":false,"template":"","format":"standard","meta":{"pmpro_default_level":0,"footnotes":"","_links_to":"","_links_to_target":""},"categories":[1,11],"tags":[],"class_list":["post-27221","post","type-post","status-publish","format-standard","has-post-thumbnail","hentry","category-news","category-nuoto","pmpro-has-access"],"featured_image_urls":{"medium":"https:\/\/www.ccaniene.com\/wp-content\/uploads\/2023\/07\/quadarella-argento-mondiali-1500sl-800x450.jpeg","thumbnail":"https:\/\/www.ccaniene.com\/wp-content\/uploads\/2023\/07\/quadarella-argento-mondiali-1500sl-400x400.jpeg","medium_large":"https:\/\/www.ccaniene.com\/wp-content\/uploads\/2023\/07\/quadarella-argento-mondiali-1500sl-768x432.jpeg","trp-custom-language-flag":"https:\/\/www.ccaniene.com\/wp-content\/uploads\/2023\/07\/quadarella-argento-mondiali-1500sl-18x10.jpeg","qi_addons_for_elementor_image_size_square":"https:\/\/www.ccaniene.com\/wp-content\/uploads\/2023\/07\/quadarella-argento-mondiali-1500sl-650x650.jpeg","qi_addons_for_elementor_image_size_landscape":"https:\/\/www.ccaniene.com\/wp-content\/uploads\/2023\/07\/quadarella-argento-mondiali-1500sl-1200x650.jpeg","qi_addons_for_elementor_image_size_portrait":"https:\/\/www.ccaniene.com\/wp-content\/uploads\/2023\/07\/quadarella-argento-mondiali-1500sl-650x675.jpeg","fairwaygreen_core_image_size_square":"https:\/\/www.ccaniene.com\/wp-content\/uploads\/2023\/07\/quadarella-argento-mondiali-1500sl-650x650.jpeg","fairwaygreen_core_image_size_landscape":"https:\/\/www.ccaniene.com\/wp-content\/uploads\/2023\/07\/quadarella-argento-mondiali-1500sl-1200x650.jpeg","fairwaygreen_core_image_size_portrait":"https:\/\/www.ccaniene.com\/wp-content\/uploads\/2023\/07\/quadarella-argento-mondiali-1500sl-650x675.jpeg"},"appp_media":null,"yoast_head":"<!-- This site is optimized with the Yoast SEO plugin v23.6 - https:\/\/yoast.com\/wordpress\/plugins\/seo\/ -->\n<title>Simona Quadarella, super argento mondiale nei 1500sl - Circolo Canottieri Aniene<\/title>\n<meta name=\"robots\" content=\"index, follow, max-snippet:-1, max-image-preview:large, max-video-preview:-1\" \/>\n<link rel=\"canonical\" href=\"https:\/\/www.ccaniene.com\/en\/simona-quadarella-super-argento-mondiale-nei-1500sl\/\" \/>\n<meta property=\"og:locale\" content=\"en_GB\" \/>\n<meta property=\"og:type\" content=\"article\" \/>\n<meta property=\"og:title\" content=\"Simona Quadarella, super argento mondiale nei 1500sl - Circolo Canottieri Aniene\" \/>\n<meta property=\"og:description\" content=\"Una meravigliosa Simona Quadarella ha conquistato la medaglia d\u2019argento nei 1500sl ai campionati Mondiali di Fukuoka. Alla Marine Messe, la sede dell\u2019evento giapponese, la campionessa dell\u2019Aniene, ha trovato il modo di sorridere, rialzare la testa e gioire. Simona non ha mai mollato, e questo argento alle spalle dell\u2019extraterrestre Katie Ledecky \u00e8 davvero splendente per un [&hellip;]\" \/>\n<meta property=\"og:url\" content=\"https:\/\/www.ccaniene.com\/en\/simona-quadarella-super-argento-mondiale-nei-1500sl\/\" \/>\n<meta property=\"og:site_name\" content=\"Circolo Canottieri Aniene\" \/>\n<meta property=\"article:published_time\" content=\"2023-07-25T13:28:19+00:00\" \/>\n<meta property=\"article:modified_time\" content=\"2023-07-25T13:32:20+00:00\" \/>\n<meta property=\"og:image\" content=\"https:\/\/www.ccaniene.com\/wp-content\/uploads\/2023\/07\/quadarella-argento-mondiali-1500sl.jpeg\" \/>\n\t<meta property=\"og:image:width\" content=\"1200\" \/>\n\t<meta property=\"og:image:height\" content=\"675\" \/>\n\t<meta property=\"og:image:type\" content=\"image\/jpeg\" \/>\n<meta name=\"author\" content=\"carlo.san@tin.it\" \/>\n<meta name=\"twitter:card\" content=\"summary_large_image\" \/>\n<meta name=\"twitter:label1\" content=\"Written by\" \/>\n\t<meta name=\"twitter:data1\" content=\"carlo.san@tin.it\" \/>\n\t<meta name=\"twitter:label2\" content=\"Estimated reading time\" \/>\n\t<meta name=\"twitter:data2\" content=\"3 minutes\" \/>\n<script type=\"application\/ld+json\" class=\"yoast-schema-graph\">{\"@context\":\"https:\/\/schema.org\",\"@graph\":[{\"@type\":\"WebPage\",\"@id\":\"https:\/\/www.ccaniene.com\/en\/simona-quadarella-super-argento-mondiale-nei-1500sl\/\",\"url\":\"https:\/\/www.ccaniene.com\/en\/simona-quadarella-super-argento-mondiale-nei-1500sl\/\",\"name\":\"Simona Quadarella, super argento mondiale nei 1500sl - Circolo Canottieri Aniene\",\"isPartOf\":{\"@id\":\"http:\/\/www.ccaniene.com\/it_it\/#website\"},\"primaryImageOfPage\":{\"@id\":\"https:\/\/www.ccaniene.com\/en\/simona-quadarella-super-argento-mondiale-nei-1500sl\/#primaryimage\"},\"image\":{\"@id\":\"https:\/\/www.ccaniene.com\/en\/simona-quadarella-super-argento-mondiale-nei-1500sl\/#primaryimage\"},\"thumbnailUrl\":\"https:\/\/www.ccaniene.com\/wp-content\/uploads\/2023\/07\/quadarella-argento-mondiali-1500sl.jpeg\",\"datePublished\":\"2023-07-25T13:28:19+00:00\",\"dateModified\":\"2023-07-25T13:32:20+00:00\",\"author\":{\"@id\":\"http:\/\/www.ccaniene.com\/it_it\/#\/schema\/person\/6042bd0ba360674279dffd4247d570ed\"},\"breadcrumb\":{\"@id\":\"https:\/\/www.ccaniene.com\/en\/simona-quadarella-super-argento-mondiale-nei-1500sl\/#breadcrumb\"},\"inLanguage\":\"en-GB\",\"potentialAction\":[{\"@type\":\"ReadAction\",\"target\":[\"https:\/\/www.ccaniene.com\/en\/simona-quadarella-super-argento-mondiale-nei-1500sl\/\"]}]},{\"@type\":\"ImageObject\",\"inLanguage\":\"en-GB\",\"@id\":\"https:\/\/www.ccaniene.com\/en\/simona-quadarella-super-argento-mondiale-nei-1500sl\/#primaryimage\",\"url\":\"https:\/\/www.ccaniene.com\/wp-content\/uploads\/2023\/07\/quadarella-argento-mondiali-1500sl.jpeg\",\"contentUrl\":\"https:\/\/www.ccaniene.com\/wp-content\/uploads\/2023\/07\/quadarella-argento-mondiali-1500sl.jpeg\",\"width\":1200,\"height\":675},{\"@type\":\"BreadcrumbList\",\"@id\":\"https:\/\/www.ccaniene.com\/en\/simona-quadarella-super-argento-mondiale-nei-1500sl\/#breadcrumb\",\"itemListElement\":[{\"@type\":\"ListItem\",\"position\":1,\"name\":\"Home\",\"item\":\"http:\/\/www.ccaniene.com\/it_it\/\"},{\"@type\":\"ListItem\",\"position\":2,\"name\":\"Simona Quadarella, super argento mondiale nei 1500sl\"}]},{\"@type\":\"WebSite\",\"@id\":\"http:\/\/www.ccaniene.com\/it_it\/#website\",\"url\":\"http:\/\/www.ccaniene.com\/it_it\/\",\"name\":\"Circolo Canottieri Aniene\",\"description\":\"Collare d&#039;Oro e Stella d&#039;Oro al Merito Sportivo\",\"potentialAction\":[{\"@type\":\"SearchAction\",\"target\":{\"@type\":\"EntryPoint\",\"urlTemplate\":\"http:\/\/www.ccaniene.com\/it_it\/?s={search_term_string}\"},\"query-input\":{\"@type\":\"PropertyValueSpecification\",\"valueRequired\":true,\"valueName\":\"search_term_string\"}}],\"inLanguage\":\"en-GB\"},{\"@type\":\"Person\",\"@id\":\"http:\/\/www.ccaniene.com\/it_it\/#\/schema\/person\/6042bd0ba360674279dffd4247d570ed\",\"name\":\"carlo.san@tin.it\",\"image\":{\"@type\":\"ImageObject\",\"inLanguage\":\"en-GB\",\"@id\":\"http:\/\/www.ccaniene.com\/it_it\/#\/schema\/person\/image\/\",\"url\":\"https:\/\/secure.gravatar.com\/avatar\/f993a459d0ffe4d666e4c917fef20ca9?s=96&d=mm&r=g\",\"contentUrl\":\"https:\/\/secure.gravatar.com\/avatar\/f993a459d0ffe4d666e4c917fef20ca9?s=96&d=mm&r=g\",\"caption\":\"carlo.san@tin.it\"},\"url\":\"https:\/\/www.ccaniene.com\/en\/author\/carlo-santi-2\/\"}]}<\/script>\n<!-- \/ Yoast SEO plugin. -->","yoast_head_json":{"title":"Simona Quadarella, super argento mondiale nei 1500sl - Circolo Canottieri Aniene","robots":{"index":"index","follow":"follow","max-snippet":"max-snippet:-1","max-image-preview":"max-image-preview:large","max-video-preview":"max-video-preview:-1"},"canonical":"https:\/\/www.ccaniene.com\/en\/simona-quadarella-super-argento-mondiale-nei-1500sl\/","og_locale":"en_GB","og_type":"article","og_title":"Simona Quadarella, super argento mondiale nei 1500sl - Circolo Canottieri Aniene","og_description":"Una meravigliosa Simona Quadarella ha conquistato la medaglia d\u2019argento nei 1500sl ai campionati Mondiali di Fukuoka. Alla Marine Messe, la sede dell\u2019evento giapponese, la campionessa dell\u2019Aniene, ha trovato il modo di sorridere, rialzare la testa e gioire. Simona non ha mai mollato, e questo argento alle spalle dell\u2019extraterrestre Katie Ledecky \u00e8 davvero splendente per un [&hellip;]","og_url":"https:\/\/www.ccaniene.com\/en\/simona-quadarella-super-argento-mondiale-nei-1500sl\/","og_site_name":"Circolo Canottieri Aniene","article_published_time":"2023-07-25T13:28:19+00:00","article_modified_time":"2023-07-25T13:32:20+00:00","og_image":[{"width":1200,"height":675,"url":"https:\/\/www.ccaniene.com\/wp-content\/uploads\/2023\/07\/quadarella-argento-mondiali-1500sl.jpeg","type":"image\/jpeg"}],"author":"carlo.san@tin.it","twitter_card":"summary_large_image","twitter_misc":{"Written by":"carlo.san@tin.it","Estimated reading time":"3 minutes"},"schema":{"@context":"https:\/\/schema.org","@graph":[{"@type":"WebPage","@id":"https:\/\/www.ccaniene.com\/en\/simona-quadarella-super-argento-mondiale-nei-1500sl\/","url":"https:\/\/www.ccaniene.com\/en\/simona-quadarella-super-argento-mondiale-nei-1500sl\/","name":"Simona Quadarella, super argento mondiale nei 1500sl - Circolo Canottieri Aniene","isPartOf":{"@id":"http:\/\/www.ccaniene.com\/it_it\/#website"},"primaryImageOfPage":{"@id":"https:\/\/www.ccaniene.com\/en\/simona-quadarella-super-argento-mondiale-nei-1500sl\/#primaryimage"},"image":{"@id":"https:\/\/www.ccaniene.com\/en\/simona-quadarella-super-argento-mondiale-nei-1500sl\/#primaryimage"},"thumbnailUrl":"https:\/\/www.ccaniene.com\/wp-content\/uploads\/2023\/07\/quadarella-argento-mondiali-1500sl.jpeg","datePublished":"2023-07-25T13:28:19+00:00","dateModified":"2023-07-25T13:32:20+00:00","author":{"@id":"http:\/\/www.ccaniene.com\/it_it\/#\/schema\/person\/6042bd0ba360674279dffd4247d570ed"},"breadcrumb":{"@id":"https:\/\/www.ccaniene.com\/en\/simona-quadarella-super-argento-mondiale-nei-1500sl\/#breadcrumb"},"inLanguage":"en-GB","potentialAction":[{"@type":"ReadAction","target":["https:\/\/www.ccaniene.com\/en\/simona-quadarella-super-argento-mondiale-nei-1500sl\/"]}]},{"@type":"ImageObject","inLanguage":"en-GB","@id":"https:\/\/www.ccaniene.com\/en\/simona-quadarella-super-argento-mondiale-nei-1500sl\/#primaryimage","url":"https:\/\/www.ccaniene.com\/wp-content\/uploads\/2023\/07\/quadarella-argento-mondiali-1500sl.jpeg","contentUrl":"https:\/\/www.ccaniene.com\/wp-content\/uploads\/2023\/07\/quadarella-argento-mondiali-1500sl.jpeg","width":1200,"height":675},{"@type":"BreadcrumbList","@id":"https:\/\/www.ccaniene.com\/en\/simona-quadarella-super-argento-mondiale-nei-1500sl\/#breadcrumb","itemListElement":[{"@type":"ListItem","position":1,"name":"Home","item":"http:\/\/www.ccaniene.com\/it_it\/"},{"@type":"ListItem","position":2,"name":"Simona Quadarella, super argento mondiale nei 1500sl"}]},{"@type":"WebSite","@id":"http:\/\/www.ccaniene.com\/it_it\/#website","url":"http:\/\/www.ccaniene.com\/it_it\/","name":"Circolo Canottieri Aniene","description":"Collare d&#039;Oro e Stella d&#039;Oro al Merito Sportivo","potentialAction":[{"@type":"SearchAction","target":{"@type":"EntryPoint","urlTemplate":"http:\/\/www.ccaniene.com\/it_it\/?s={search_term_string}"},"query-input":{"@type":"PropertyValueSpecification","valueRequired":true,"valueName":"search_term_string"}}],"inLanguage":"en-GB"},{"@type":"Person","@id":"http:\/\/www.ccaniene.com\/it_it\/#\/schema\/person\/6042bd0ba360674279dffd4247d570ed","name":"carlo.san@tin.it","image":{"@type":"ImageObject","inLanguage":"en-GB","@id":"http:\/\/www.ccaniene.com\/it_it\/#\/schema\/person\/image\/","url":"https:\/\/secure.gravatar.com\/avatar\/f993a459d0ffe4d666e4c917fef20ca9?s=96&d=mm&r=g","contentUrl":"https:\/\/secure.gravatar.com\/avatar\/f993a459d0ffe4d666e4c917fef20ca9?s=96&d=mm&r=g","caption":"carlo.san@tin.it"},"url":"https:\/\/www.ccaniene.com\/en\/author\/carlo-santi-2\/"}]}},"_links":{"self":[{"href":"https:\/\/www.ccaniene.com\/en\/wp-json\/wp\/v2\/posts\/27221"}],"collection":[{"href":"https:\/\/www.ccaniene.com\/en\/wp-json\/wp\/v2\/posts"}],"about":[{"href":"https:\/\/www.ccaniene.com\/en\/wp-json\/wp\/v2\/types\/post"}],"author":[{"embeddable":true,"href":"https:\/\/www.ccaniene.com\/en\/wp-json\/wp\/v2\/users\/23521"}],"replies":[{"embeddable":true,"href":"https:\/\/www.ccaniene.com\/en\/wp-json\/wp\/v2\/comments?post=27221"}],"version-history":[{"count":2,"href":"https:\/\/www.ccaniene.com\/en\/wp-json\/wp\/v2\/posts\/27221\/revisions"}],"predecessor-version":[{"id":27229,"href":"https:\/\/www.ccaniene.com\/en\/wp-json\/wp\/v2\/posts\/27221\/revisions\/27229"}],"wp:featuredmedia":[{"embeddable":true,"href":"https:\/\/www.ccaniene.com\/en\/wp-json\/wp\/v2\/media\/27222"}],"wp:attachment":[{"href":"https:\/\/www.ccaniene.com\/en\/wp-json\/wp\/v2\/media?parent=27221"}],"wp:term":[{"taxonomy":"category","embeddable":true,"href":"https:\/\/www.ccaniene.com\/en\/wp-json\/wp\/v2\/categories?post=27221"},{"taxonomy":"post_tag","embeddable":true,"href":"https:\/\/www.ccaniene.com\/en\/wp-json\/wp\/v2\/tags?post=27221"}],"curies":[{"name":"wp","href":"https:\/\/api.w.org\/{rel}","templated":true}]}}