{"id":24705,"date":"2023-03-25T15:08:39","date_gmt":"2023-03-25T14:08:39","guid":{"rendered":"https:\/\/www.ccaniene.com\/?p=24705"},"modified":"2023-03-25T15:08:43","modified_gmt":"2023-03-25T14:08:43","slug":"walk-of-fame-la-galleria-dei-campioni","status":"publish","type":"post","link":"https:\/\/www.ccaniene.com\/en\/walk-of-fame-la-galleria-dei-campioni\/","title":{"rendered":"\u00abWalk of fame\u00bb, la galleria dei campioni"},"content":{"rendered":"<p>Una serata all\u2019insegna della gloria, una festa per celebrare i campioni del Circolo Canottieri Aniene che hanno fatto la storia non solo del sodalizio ma dello sport azzurro. Una passeggiata nella galleria che dallo spogliatoio del Circolo conduce nell\u2019area coperta &#8211; piscina, palestra e spa &#8211; per ammirare, in quella che \u00e8 la \u00abWalk of fame\u00bb dell\u2019Aniene, le immagini di straordinari atleti e atlete che hanno conquistato medaglie olimpiche e mondiali.<\/p>\n\n\n\n<p>Nella serata dell\u2019inaugurazione della galleria tappezzata da tante immagini, con il Presidente del CC Aniene, Massimo Fabbricini, il Presidente onorario e numero 1 del Coni, Giovanni Malag\u00f2, a fare gli onori da casa anche il consigliere responsabile dello sport Aniene, Andrea Pignoli. Con loro tanti atleti che hanno vestito i colori del Circolo, campioni di oggi e campioni del passato, da Simona Quadarella ad Alessandra Sensini, da Luca Mazzone ad Alessio Boggiatto, da Eleonora De Paolis a Nicol\u00f2 Martinenghi. Ma erano davvero tanti i campioni e, per citare altri azzurri, ecco Damiano Lestingi, Nicola Cassio, Carlo Mornati, Nicolae Craciun, Gaetano Iannuzzi, Lello Leonardo e Pierpaolo Frattini, Elena Gemo e Alessia Scortechini.<\/p>\n\n\n\n<p>Questi i presenti, ma la galleria di campioni \u00e8 lunghissima, uomini e donne di primissimo piano, da Federica Pellegrini a Caterina Banti, da Jozefa Idem a Flavia Pennetta ma anche Matteo Berrettini, Alex Zanardi.<\/p>\n\n\n\n<p>\u00abQuesta galleria non \u00e8 un tunnel &#8211; ha detto Giovanni Malag\u00f2 &#8211; \u00e8 un modo per ricordare ai soci la storia del Circolo. Qui ci sono atleti che hanno gareggiato nei primi anni del secolo scorso fino ai nostri giorni. L\u2019idea &#8211; ha aggiunto accanto all\u2019assessore allo sport del Comune di Roma, Alessandro Onorato &#8211; \u00e8 quella di aggiungere nuove fotografie\u00bb. Che sono, come lo stesso dirigente ha spiegato, in bianco e nero.<\/p>\n\n\n\n<p>Aniene che, \u00e8 stato ricordato, non \u00e8 una polisportiva ma ha le caratteristiche e la struttura per esserlo.<\/p>\n\n\n\n<figure class=\"wp-block-gallery has-nested-images columns-default is-cropped wp-block-gallery-1 is-layout-flex wp-block-gallery-is-layout-flex\">\n<figure class=\"wp-block-image size-large\"><img fetchpriority=\"high\" decoding=\"async\" width=\"1784\" height=\"1080\" data-id=\"24712\" src=\"http:\/\/www.ccaniene.com\/wp-content\/uploads\/2023\/03\/galleria12.jpg\" alt=\"\" class=\"wp-image-24712\" srcset=\"https:\/\/www.ccaniene.com\/wp-content\/uploads\/2023\/03\/galleria12.jpg 1784w, https:\/\/www.ccaniene.com\/wp-content\/uploads\/2023\/03\/galleria12-600x363.jpg 600w, https:\/\/www.ccaniene.com\/wp-content\/uploads\/2023\/03\/galleria12-800x484.jpg 800w, https:\/\/www.ccaniene.com\/wp-content\/uploads\/2023\/03\/galleria12-768x465.jpg 768w, https:\/\/www.ccaniene.com\/wp-content\/uploads\/2023\/03\/galleria12-1536x930.jpg 1536w\" sizes=\"(max-width: 1784px) 100vw, 1784px\" \/><\/figure>\n\n\n\n<figure class=\"wp-block-image size-large\"><img decoding=\"async\" width=\"1620\" height=\"1080\" data-id=\"24710\" src=\"http:\/\/www.ccaniene.com\/wp-content\/uploads\/2023\/03\/galleria11.jpg\" alt=\"\" class=\"wp-image-24710\" srcset=\"https:\/\/www.ccaniene.com\/wp-content\/uploads\/2023\/03\/galleria11.jpg 1620w, https:\/\/www.ccaniene.com\/wp-content\/uploads\/2023\/03\/galleria11-600x400.jpg 600w, https:\/\/www.ccaniene.com\/wp-content\/uploads\/2023\/03\/galleria11-800x533.jpg 800w, https:\/\/www.ccaniene.com\/wp-content\/uploads\/2023\/03\/galleria11-768x512.jpg 768w, https:\/\/www.ccaniene.com\/wp-content\/uploads\/2023\/03\/galleria11-1536x1024.jpg 1536w\" sizes=\"(max-width: 1620px) 100vw, 1620px\" \/><\/figure>\n\n\n\n<figure class=\"wp-block-image size-large\"><img decoding=\"async\" width=\"1620\" height=\"1080\" data-id=\"24724\" src=\"http:\/\/www.ccaniene.com\/wp-content\/uploads\/2023\/03\/galleria10.jpg\" alt=\"\" class=\"wp-image-24724\" srcset=\"https:\/\/www.ccaniene.com\/wp-content\/uploads\/2023\/03\/galleria10.jpg 1620w, https:\/\/www.ccaniene.com\/wp-content\/uploads\/2023\/03\/galleria10-600x400.jpg 600w, https:\/\/www.ccaniene.com\/wp-content\/uploads\/2023\/03\/galleria10-800x533.jpg 800w, https:\/\/www.ccaniene.com\/wp-content\/uploads\/2023\/03\/galleria10-768x512.jpg 768w, https:\/\/www.ccaniene.com\/wp-content\/uploads\/2023\/03\/galleria10-1536x1024.jpg 1536w\" sizes=\"(max-width: 1620px) 100vw, 1620px\" \/><\/figure>\n\n\n\n<figure class=\"wp-block-image size-large\"><img loading=\"lazy\" decoding=\"async\" width=\"1623\" height=\"1080\" data-id=\"24708\" src=\"http:\/\/www.ccaniene.com\/wp-content\/uploads\/2023\/03\/galleria9.jpg\" alt=\"\" class=\"wp-image-24708\" srcset=\"https:\/\/www.ccaniene.com\/wp-content\/uploads\/2023\/03\/galleria9.jpg 1623w, https:\/\/www.ccaniene.com\/wp-content\/uploads\/2023\/03\/galleria9-600x399.jpg 600w, https:\/\/www.ccaniene.com\/wp-content\/uploads\/2023\/03\/galleria9-800x532.jpg 800w, https:\/\/www.ccaniene.com\/wp-content\/uploads\/2023\/03\/galleria9-768x511.jpg 768w, https:\/\/www.ccaniene.com\/wp-content\/uploads\/2023\/03\/galleria9-1536x1022.jpg 1536w\" sizes=\"(max-width: 1623px) 100vw, 1623px\" \/><\/figure>\n\n\n\n<figure class=\"wp-block-image size-large\"><img loading=\"lazy\" decoding=\"async\" width=\"810\" height=\"1080\" data-id=\"24726\" src=\"http:\/\/www.ccaniene.com\/wp-content\/uploads\/2023\/03\/galleria8.jpg\" alt=\"\" class=\"wp-image-24726\" srcset=\"https:\/\/www.ccaniene.com\/wp-content\/uploads\/2023\/03\/galleria8.jpg 810w, https:\/\/www.ccaniene.com\/wp-content\/uploads\/2023\/03\/galleria8-600x800.jpg 600w, https:\/\/www.ccaniene.com\/wp-content\/uploads\/2023\/03\/galleria8-768x1024.jpg 768w\" sizes=\"(max-width: 810px) 100vw, 810px\" \/><\/figure>\n\n\n\n<figure class=\"wp-block-image size-large\"><img loading=\"lazy\" decoding=\"async\" width=\"720\" height=\"1080\" data-id=\"24722\" src=\"http:\/\/www.ccaniene.com\/wp-content\/uploads\/2023\/03\/galleria7.jpg\" alt=\"\" class=\"wp-image-24722\" srcset=\"https:\/\/www.ccaniene.com\/wp-content\/uploads\/2023\/03\/galleria7.jpg 720w, https:\/\/www.ccaniene.com\/wp-content\/uploads\/2023\/03\/galleria7-600x900.jpg 600w, https:\/\/www.ccaniene.com\/wp-content\/uploads\/2023\/03\/galleria7-533x800.jpg 533w\" sizes=\"(max-width: 720px) 100vw, 720px\" \/><\/figure>\n\n\n\n<figure class=\"wp-block-image size-large\"><img loading=\"lazy\" decoding=\"async\" width=\"1620\" height=\"1080\" data-id=\"24718\" src=\"http:\/\/www.ccaniene.com\/wp-content\/uploads\/2023\/03\/galleria6.jpg\" alt=\"\" class=\"wp-image-24718\" srcset=\"https:\/\/www.ccaniene.com\/wp-content\/uploads\/2023\/03\/galleria6.jpg 1620w, https:\/\/www.ccaniene.com\/wp-content\/uploads\/2023\/03\/galleria6-600x400.jpg 600w, https:\/\/www.ccaniene.com\/wp-content\/uploads\/2023\/03\/galleria6-800x533.jpg 800w, https:\/\/www.ccaniene.com\/wp-content\/uploads\/2023\/03\/galleria6-768x512.jpg 768w, https:\/\/www.ccaniene.com\/wp-content\/uploads\/2023\/03\/galleria6-1536x1024.jpg 1536w\" sizes=\"(max-width: 1620px) 100vw, 1620px\" \/><\/figure>\n\n\n\n<figure class=\"wp-block-image size-large\"><img loading=\"lazy\" decoding=\"async\" width=\"1623\" height=\"1080\" data-id=\"24714\" src=\"http:\/\/www.ccaniene.com\/wp-content\/uploads\/2023\/03\/galleria5.jpg\" alt=\"\" class=\"wp-image-24714\" srcset=\"https:\/\/www.ccaniene.com\/wp-content\/uploads\/2023\/03\/galleria5.jpg 1623w, https:\/\/www.ccaniene.com\/wp-content\/uploads\/2023\/03\/galleria5-600x399.jpg 600w, https:\/\/www.ccaniene.com\/wp-content\/uploads\/2023\/03\/galleria5-800x532.jpg 800w, https:\/\/www.ccaniene.com\/wp-content\/uploads\/2023\/03\/galleria5-768x511.jpg 768w, https:\/\/www.ccaniene.com\/wp-content\/uploads\/2023\/03\/galleria5-1536x1022.jpg 1536w\" sizes=\"(max-width: 1623px) 100vw, 1623px\" \/><\/figure>\n\n\n\n<figure class=\"wp-block-image size-large\"><img loading=\"lazy\" decoding=\"async\" width=\"1620\" height=\"1080\" data-id=\"24716\" src=\"http:\/\/www.ccaniene.com\/wp-content\/uploads\/2023\/03\/galleria4.jpg\" alt=\"\" class=\"wp-image-24716\" srcset=\"https:\/\/www.ccaniene.com\/wp-content\/uploads\/2023\/03\/galleria4.jpg 1620w, https:\/\/www.ccaniene.com\/wp-content\/uploads\/2023\/03\/galleria4-600x400.jpg 600w, https:\/\/www.ccaniene.com\/wp-content\/uploads\/2023\/03\/galleria4-800x533.jpg 800w, https:\/\/www.ccaniene.com\/wp-content\/uploads\/2023\/03\/galleria4-768x512.jpg 768w, https:\/\/www.ccaniene.com\/wp-content\/uploads\/2023\/03\/galleria4-1536x1024.jpg 1536w\" sizes=\"(max-width: 1620px) 100vw, 1620px\" \/><\/figure>\n\n\n\n<figure class=\"wp-block-image size-large\"><img loading=\"lazy\" decoding=\"async\" width=\"1620\" height=\"1080\" data-id=\"24719\" src=\"http:\/\/www.ccaniene.com\/wp-content\/uploads\/2023\/03\/galleria2.jpg\" alt=\"\" class=\"wp-image-24719\" srcset=\"https:\/\/www.ccaniene.com\/wp-content\/uploads\/2023\/03\/galleria2.jpg 1620w, https:\/\/www.ccaniene.com\/wp-content\/uploads\/2023\/03\/galleria2-600x400.jpg 600w, https:\/\/www.ccaniene.com\/wp-content\/uploads\/2023\/03\/galleria2-800x533.jpg 800w, https:\/\/www.ccaniene.com\/wp-content\/uploads\/2023\/03\/galleria2-768x512.jpg 768w, https:\/\/www.ccaniene.com\/wp-content\/uploads\/2023\/03\/galleria2-1536x1024.jpg 1536w\" sizes=\"(max-width: 1620px) 100vw, 1620px\" \/><\/figure>\n\n\n\n<figure class=\"wp-block-image size-large\"><img loading=\"lazy\" decoding=\"async\" width=\"1620\" height=\"1080\" data-id=\"24728\" src=\"http:\/\/www.ccaniene.com\/wp-content\/uploads\/2023\/03\/galleria1.jpg\" alt=\"\" class=\"wp-image-24728\" srcset=\"https:\/\/www.ccaniene.com\/wp-content\/uploads\/2023\/03\/galleria1.jpg 1620w, https:\/\/www.ccaniene.com\/wp-content\/uploads\/2023\/03\/galleria1-600x400.jpg 600w, https:\/\/www.ccaniene.com\/wp-content\/uploads\/2023\/03\/galleria1-800x533.jpg 800w, https:\/\/www.ccaniene.com\/wp-content\/uploads\/2023\/03\/galleria1-768x512.jpg 768w, https:\/\/www.ccaniene.com\/wp-content\/uploads\/2023\/03\/galleria1-1536x1024.jpg 1536w\" sizes=\"(max-width: 1620px) 100vw, 1620px\" \/><\/figure>\n<\/figure>","protected":false},"excerpt":{"rendered":"<p>Una serata all\u2019insegna della gloria, una festa per celebrare i campioni del Circolo Canottieri Aniene che hanno fatto la storia non solo del sodalizio ma dello sport azzurro. Una passeggiata nella galleria che dallo spogliatoio del Circolo conduce nell\u2019area coperta &#8211; piscina, palestra e spa &#8211; per ammirare, in quella che \u00e8 la \u00abWalk of [&hellip;]<\/p>","protected":false},"author":23521,"featured_media":24706,"comment_status":"closed","ping_status":"closed","sticky":false,"template":"","format":"standard","meta":{"pmpro_default_level":0,"footnotes":"","_links_to":"","_links_to_target":""},"categories":[1],"tags":[],"class_list":["post-24705","post","type-post","status-publish","format-standard","has-post-thumbnail","hentry","category-news","pmpro-has-access"],"featured_image_urls":{"woocommerce_thumbnail":"https:\/\/www.ccaniene.com\/wp-content\/uploads\/2023\/03\/galleria3-300x300.jpg","woocommerce_gallery_thumbnail":"https:\/\/www.ccaniene.com\/wp-content\/uploads\/2023\/03\/galleria3-100x100.jpg","woocommerce_single":"https:\/\/www.ccaniene.com\/wp-content\/uploads\/2023\/03\/galleria3-600x400.jpg","medium":"https:\/\/www.ccaniene.com\/wp-content\/uploads\/2023\/03\/galleria3-800x533.jpg","thumbnail":"https:\/\/www.ccaniene.com\/wp-content\/uploads\/2023\/03\/galleria3-400x400.jpg","medium_large":"https:\/\/www.ccaniene.com\/wp-content\/uploads\/2023\/03\/galleria3-768x512.jpg","1536x1536":"https:\/\/www.ccaniene.com\/wp-content\/uploads\/2023\/03\/galleria3-1536x1024.jpg"},"appp_media":null,"yoast_head":"<!-- This site is optimized with the Yoast SEO plugin v23.6 - https:\/\/yoast.com\/wordpress\/plugins\/seo\/ -->\n<title>\u00abWalk of fame\u00bb, la galleria dei campioni - Circolo Canottieri Aniene<\/title>\n<meta name=\"robots\" content=\"index, follow, max-snippet:-1, max-image-preview:large, max-video-preview:-1\" \/>\n<link rel=\"canonical\" href=\"http:\/\/www.ccaniene.com\/en\/walk-of-fame-la-galleria-dei-campioni\/\" \/>\n<meta property=\"og:locale\" content=\"en_GB\" \/>\n<meta property=\"og:type\" content=\"article\" \/>\n<meta property=\"og:title\" content=\"\u00abWalk of fame\u00bb, la galleria dei campioni - Circolo Canottieri Aniene\" \/>\n<meta property=\"og:description\" content=\"Una serata all\u2019insegna della gloria, una festa per celebrare i campioni del Circolo Canottieri Aniene che hanno fatto la storia non solo del sodalizio ma dello sport azzurro. Una passeggiata nella galleria che dallo spogliatoio del Circolo conduce nell\u2019area coperta &#8211; piscina, palestra e spa &#8211; per ammirare, in quella che \u00e8 la \u00abWalk of [&hellip;]\" \/>\n<meta property=\"og:url\" content=\"http:\/\/www.ccaniene.com\/en\/walk-of-fame-la-galleria-dei-campioni\/\" \/>\n<meta property=\"og:site_name\" content=\"Circolo Canottieri Aniene\" \/>\n<meta property=\"article:published_time\" content=\"2023-03-25T14:08:39+00:00\" \/>\n<meta property=\"article:modified_time\" content=\"2023-03-25T14:08:43+00:00\" \/>\n<meta property=\"og:image\" content=\"http:\/\/www.ccaniene.com\/wp-content\/uploads\/2023\/03\/galleria3.jpg\" \/>\n\t<meta property=\"og:image:width\" content=\"1620\" \/>\n\t<meta property=\"og:image:height\" content=\"1080\" \/>\n\t<meta property=\"og:image:type\" content=\"image\/jpeg\" \/>\n<meta name=\"author\" content=\"carlo.san@tin.it\" \/>\n<meta name=\"twitter:card\" content=\"summary_large_image\" \/>\n<meta name=\"twitter:label1\" content=\"Written by\" \/>\n\t<meta name=\"twitter:data1\" content=\"carlo.san@tin.it\" \/>\n\t<meta name=\"twitter:label2\" content=\"Estimated reading time\" \/>\n\t<meta name=\"twitter:data2\" content=\"4 minutes\" \/>\n<script type=\"application\/ld+json\" class=\"yoast-schema-graph\">{\"@context\":\"https:\/\/schema.org\",\"@graph\":[{\"@type\":\"WebPage\",\"@id\":\"http:\/\/www.ccaniene.com\/it_it\/walk-of-fame-la-galleria-dei-campioni\/\",\"url\":\"http:\/\/www.ccaniene.com\/it_it\/walk-of-fame-la-galleria-dei-campioni\/\",\"name\":\"\u00abWalk of fame\u00bb, la galleria dei campioni - Circolo Canottieri Aniene\",\"isPartOf\":{\"@id\":\"https:\/\/www.ccaniene.com\/it_it\/#website\"},\"primaryImageOfPage\":{\"@id\":\"http:\/\/www.ccaniene.com\/it_it\/walk-of-fame-la-galleria-dei-campioni\/#primaryimage\"},\"image\":{\"@id\":\"http:\/\/www.ccaniene.com\/it_it\/walk-of-fame-la-galleria-dei-campioni\/#primaryimage\"},\"thumbnailUrl\":\"https:\/\/www.ccaniene.com\/wp-content\/uploads\/2023\/03\/galleria3.jpg\",\"datePublished\":\"2023-03-25T14:08:39+00:00\",\"dateModified\":\"2023-03-25T14:08:43+00:00\",\"author\":{\"@id\":\"https:\/\/www.ccaniene.com\/it_it\/#\/schema\/person\/6042bd0ba360674279dffd4247d570ed\"},\"breadcrumb\":{\"@id\":\"http:\/\/www.ccaniene.com\/it_it\/walk-of-fame-la-galleria-dei-campioni\/#breadcrumb\"},\"inLanguage\":\"en-GB\",\"potentialAction\":[{\"@type\":\"ReadAction\",\"target\":[\"http:\/\/www.ccaniene.com\/it_it\/walk-of-fame-la-galleria-dei-campioni\/\"]}]},{\"@type\":\"ImageObject\",\"inLanguage\":\"en-GB\",\"@id\":\"http:\/\/www.ccaniene.com\/it_it\/walk-of-fame-la-galleria-dei-campioni\/#primaryimage\",\"url\":\"https:\/\/www.ccaniene.com\/wp-content\/uploads\/2023\/03\/galleria3.jpg\",\"contentUrl\":\"https:\/\/www.ccaniene.com\/wp-content\/uploads\/2023\/03\/galleria3.jpg\",\"width\":1620,\"height\":1080},{\"@type\":\"BreadcrumbList\",\"@id\":\"http:\/\/www.ccaniene.com\/it_it\/walk-of-fame-la-galleria-dei-campioni\/#breadcrumb\",\"itemListElement\":[{\"@type\":\"ListItem\",\"position\":1,\"name\":\"Home\",\"item\":\"https:\/\/www.ccaniene.com\/it_it\/\"},{\"@type\":\"ListItem\",\"position\":2,\"name\":\"\u00abWalk of fame\u00bb, la galleria dei campioni\"}]},{\"@type\":\"WebSite\",\"@id\":\"https:\/\/www.ccaniene.com\/it_it\/#website\",\"url\":\"https:\/\/www.ccaniene.com\/it_it\/\",\"name\":\"Circolo Canottieri Aniene\",\"description\":\"Collare d&#039;Oro e Stella d&#039;Oro al Merito Sportivo\",\"potentialAction\":[{\"@type\":\"SearchAction\",\"target\":{\"@type\":\"EntryPoint\",\"urlTemplate\":\"https:\/\/www.ccaniene.com\/it_it\/?s={search_term_string}\"},\"query-input\":{\"@type\":\"PropertyValueSpecification\",\"valueRequired\":true,\"valueName\":\"search_term_string\"}}],\"inLanguage\":\"en-GB\"},{\"@type\":\"Person\",\"@id\":\"https:\/\/www.ccaniene.com\/it_it\/#\/schema\/person\/6042bd0ba360674279dffd4247d570ed\",\"name\":\"carlo.san@tin.it\",\"image\":{\"@type\":\"ImageObject\",\"inLanguage\":\"en-GB\",\"@id\":\"https:\/\/www.ccaniene.com\/it_it\/#\/schema\/person\/image\/\",\"url\":\"https:\/\/secure.gravatar.com\/avatar\/f993a459d0ffe4d666e4c917fef20ca9?s=96&d=mm&r=g\",\"contentUrl\":\"https:\/\/secure.gravatar.com\/avatar\/f993a459d0ffe4d666e4c917fef20ca9?s=96&d=mm&r=g\",\"caption\":\"carlo.san@tin.it\"},\"url\":\"https:\/\/www.ccaniene.com\/en\/author\/carlo-santi-2\/\"}]}<\/script>\n<!-- \/ Yoast SEO plugin. -->","yoast_head_json":{"title":"\u00abWalk of fame\u00bb, la galleria dei campioni - Circolo Canottieri Aniene","robots":{"index":"index","follow":"follow","max-snippet":"max-snippet:-1","max-image-preview":"max-image-preview:large","max-video-preview":"max-video-preview:-1"},"canonical":"http:\/\/www.ccaniene.com\/en\/walk-of-fame-la-galleria-dei-campioni\/","og_locale":"en_GB","og_type":"article","og_title":"\u00abWalk of fame\u00bb, la galleria dei campioni - Circolo Canottieri Aniene","og_description":"Una serata all\u2019insegna della gloria, una festa per celebrare i campioni del Circolo Canottieri Aniene che hanno fatto la storia non solo del sodalizio ma dello sport azzurro. Una passeggiata nella galleria che dallo spogliatoio del Circolo conduce nell\u2019area coperta &#8211; piscina, palestra e spa &#8211; per ammirare, in quella che \u00e8 la \u00abWalk of [&hellip;]","og_url":"http:\/\/www.ccaniene.com\/en\/walk-of-fame-la-galleria-dei-campioni\/","og_site_name":"Circolo Canottieri Aniene","article_published_time":"2023-03-25T14:08:39+00:00","article_modified_time":"2023-03-25T14:08:43+00:00","og_image":[{"width":1620,"height":1080,"url":"http:\/\/www.ccaniene.com\/wp-content\/uploads\/2023\/03\/galleria3.jpg","type":"image\/jpeg"}],"author":"carlo.san@tin.it","twitter_card":"summary_large_image","twitter_misc":{"Written by":"carlo.san@tin.it","Estimated reading time":"4 minutes"},"schema":{"@context":"https:\/\/schema.org","@graph":[{"@type":"WebPage","@id":"http:\/\/www.ccaniene.com\/it_it\/walk-of-fame-la-galleria-dei-campioni\/","url":"http:\/\/www.ccaniene.com\/it_it\/walk-of-fame-la-galleria-dei-campioni\/","name":"\u00abWalk of fame\u00bb, la galleria dei campioni - Circolo Canottieri Aniene","isPartOf":{"@id":"https:\/\/www.ccaniene.com\/it_it\/#website"},"primaryImageOfPage":{"@id":"http:\/\/www.ccaniene.com\/it_it\/walk-of-fame-la-galleria-dei-campioni\/#primaryimage"},"image":{"@id":"http:\/\/www.ccaniene.com\/it_it\/walk-of-fame-la-galleria-dei-campioni\/#primaryimage"},"thumbnailUrl":"https:\/\/www.ccaniene.com\/wp-content\/uploads\/2023\/03\/galleria3.jpg","datePublished":"2023-03-25T14:08:39+00:00","dateModified":"2023-03-25T14:08:43+00:00","author":{"@id":"https:\/\/www.ccaniene.com\/it_it\/#\/schema\/person\/6042bd0ba360674279dffd4247d570ed"},"breadcrumb":{"@id":"http:\/\/www.ccaniene.com\/it_it\/walk-of-fame-la-galleria-dei-campioni\/#breadcrumb"},"inLanguage":"en-GB","potentialAction":[{"@type":"ReadAction","target":["http:\/\/www.ccaniene.com\/it_it\/walk-of-fame-la-galleria-dei-campioni\/"]}]},{"@type":"ImageObject","inLanguage":"en-GB","@id":"http:\/\/www.ccaniene.com\/it_it\/walk-of-fame-la-galleria-dei-campioni\/#primaryimage","url":"https:\/\/www.ccaniene.com\/wp-content\/uploads\/2023\/03\/galleria3.jpg","contentUrl":"https:\/\/www.ccaniene.com\/wp-content\/uploads\/2023\/03\/galleria3.jpg","width":1620,"height":1080},{"@type":"BreadcrumbList","@id":"http:\/\/www.ccaniene.com\/it_it\/walk-of-fame-la-galleria-dei-campioni\/#breadcrumb","itemListElement":[{"@type":"ListItem","position":1,"name":"Home","item":"https:\/\/www.ccaniene.com\/it_it\/"},{"@type":"ListItem","position":2,"name":"\u00abWalk of fame\u00bb, la galleria dei campioni"}]},{"@type":"WebSite","@id":"https:\/\/www.ccaniene.com\/it_it\/#website","url":"https:\/\/www.ccaniene.com\/it_it\/","name":"Circolo Canottieri Aniene","description":"Collare d&#039;Oro e Stella d&#039;Oro al Merito Sportivo","potentialAction":[{"@type":"SearchAction","target":{"@type":"EntryPoint","urlTemplate":"https:\/\/www.ccaniene.com\/it_it\/?s={search_term_string}"},"query-input":{"@type":"PropertyValueSpecification","valueRequired":true,"valueName":"search_term_string"}}],"inLanguage":"en-GB"},{"@type":"Person","@id":"https:\/\/www.ccaniene.com\/it_it\/#\/schema\/person\/6042bd0ba360674279dffd4247d570ed","name":"carlo.san@tin.it","image":{"@type":"ImageObject","inLanguage":"en-GB","@id":"https:\/\/www.ccaniene.com\/it_it\/#\/schema\/person\/image\/","url":"https:\/\/secure.gravatar.com\/avatar\/f993a459d0ffe4d666e4c917fef20ca9?s=96&d=mm&r=g","contentUrl":"https:\/\/secure.gravatar.com\/avatar\/f993a459d0ffe4d666e4c917fef20ca9?s=96&d=mm&r=g","caption":"carlo.san@tin.it"},"url":"https:\/\/www.ccaniene.com\/en\/author\/carlo-santi-2\/"}]}},"_links":{"self":[{"href":"https:\/\/www.ccaniene.com\/en\/wp-json\/wp\/v2\/posts\/24705"}],"collection":[{"href":"https:\/\/www.ccaniene.com\/en\/wp-json\/wp\/v2\/posts"}],"about":[{"href":"https:\/\/www.ccaniene.com\/en\/wp-json\/wp\/v2\/types\/post"}],"author":[{"embeddable":true,"href":"https:\/\/www.ccaniene.com\/en\/wp-json\/wp\/v2\/users\/23521"}],"replies":[{"embeddable":true,"href":"https:\/\/www.ccaniene.com\/en\/wp-json\/wp\/v2\/comments?post=24705"}],"version-history":[{"count":1,"href":"https:\/\/www.ccaniene.com\/en\/wp-json\/wp\/v2\/posts\/24705\/revisions"}],"predecessor-version":[{"id":24730,"href":"https:\/\/www.ccaniene.com\/en\/wp-json\/wp\/v2\/posts\/24705\/revisions\/24730"}],"wp:featuredmedia":[{"embeddable":true,"href":"https:\/\/www.ccaniene.com\/en\/wp-json\/wp\/v2\/media\/24706"}],"wp:attachment":[{"href":"https:\/\/www.ccaniene.com\/en\/wp-json\/wp\/v2\/media?parent=24705"}],"wp:term":[{"taxonomy":"category","embeddable":true,"href":"https:\/\/www.ccaniene.com\/en\/wp-json\/wp\/v2\/categories?post=24705"},{"taxonomy":"post_tag","embeddable":true,"href":"https:\/\/www.ccaniene.com\/en\/wp-json\/wp\/v2\/tags?post=24705"}],"curies":[{"name":"wp","href":"https:\/\/api.w.org\/{rel}","templated":true}]}}