{"id":24425,"date":"2022-12-28T20:15:36","date_gmt":"2022-12-28T19:15:36","guid":{"rendered":"https:\/\/www.ccaniene.com\/?p=24425"},"modified":"2022-12-28T20:15:38","modified_gmt":"2022-12-28T19:15:38","slug":"laniene-allunga-la-striscia-tricolore-del-nuoto-vinto-il-14esimo-scudetto-di-fila","status":"publish","type":"post","link":"https:\/\/www.ccaniene.com\/en\/laniene-allunga-la-striscia-tricolore-del-nuoto-vinto-il-14esimo-scudetto-di-fila\/","title":{"rendered":"L&#8217;Aniene allunga la striscia tricolore del nuoto: vinto il 14esimo scudetto di fila"},"content":{"rendered":"<p>Festa in casa Aniene per la conquista dello scudetto del nuoto. Gli atleti guidati dal direttore tecnico Gianni Nagni hanno allungato la striscia vincente prendendosi il titolo tricolore per la 14esima volta consecutiva con entrambi i settori, la 15esima in campo maschile. Il titolo in vasca corta, che porta come trofei l\u2019intitolazione ai caduti di Brema, passer\u00e0 nell\u2019albo d\u2019oro per il 2023 pur conquistato negli ultimi giorni di quest\u2019anno. A Riccione, dopo alla vigilia di Natale si \u00e8 svolto il concentramento con la presenza degli atleti dell\u2019Aniene, dimostra la qualit\u00e0 del lavoro di dirigenti e allenatori, con Nagni in primis, e degli atleti che sono la colonna vincente del Circolo e molto spesso della Nazionale azzurra.<\/p>\n\n\n\n<p>Soddisfatto il direttore generale: Gianni Nagni guida alla perfezione il team ma anche Aquaniene, il polo acquatico (ma non solo) del nostro Circolo. \u00abFelice \u00e8 dire poco! Ancora una volta la squadra ha mostrato quello che significa far parte del Circolo Canottieri Aniene &#8211; ha affermato Nagni che ha il merito di pilotare da abile regista l\u2019intero team &#8211; Il senso di appartenenza e l\u2019impegno profuso, da parte dai nostri super campioni per arrivare ai pi\u00f9 giovani, che hanno avuto la possibilit\u00e0 di partecipare ad una sola gara, \u00e8 stato esemplare. Un ringraziamento a tutti loro e ovviamente al nostro Circolo che ci permettono di vivere certe emozioni\u00bb.<\/p>\n\n\n\n<p>In classifica il CC Aniene ha preceduto, in campo maschile, il Centro Nuoto Torino e In Sport Rane Rosse mentre in quello femminile secondo posto per In Sport Rane Rosse e terzo per Nuoto Club Azzurra 91 Bologna. Le classifiche sono il frutto della somma punti ottenuti nei concentramenti regionali. Tra le prestazioni pi\u00f9 rilevanti delle gare pre-natalizie il record italiano di Silvia Di Pietro, atleta del nostro Circolo, nei 50sl migliorato di due centesimi col tempo di 23\u201d83.<\/p>\n\n\n\n<figure class=\"wp-block-image size-full\"><img fetchpriority=\"high\" decoding=\"async\" width=\"800\" height=\"450\" src=\"http:\/\/www.ccaniene.com\/wp-content\/uploads\/2022\/12\/di-pietro-Brema.jpg\" alt=\"\" class=\"wp-image-24428\" srcset=\"https:\/\/www.ccaniene.com\/wp-content\/uploads\/2022\/12\/di-pietro-Brema.jpg 800w, https:\/\/www.ccaniene.com\/wp-content\/uploads\/2022\/12\/di-pietro-Brema-600x338.jpg 600w, https:\/\/www.ccaniene.com\/wp-content\/uploads\/2022\/12\/di-pietro-Brema-768x432.jpg 768w\" sizes=\"(max-width: 800px) 100vw, 800px\" \/><\/figure>\n\n\n\n<p>Il campionato a squadre di nuoto, disputato in vasca corta, \u00e8 dedicato come detto alla memoria dei giovani nuotatori Bruno Bianchi, Amedeo Chimisso, Sergio De Gregorio, Carmen Longo, Luciana Massenzi, Chiaffredo Rora, Daniela Samuele, dell\u2019allenatore Paolo Costoli e del telecronista della Rai Nico Sapio, che il 28 gennaio 1966 perirono a causa di un incidente aereo avvenuto in fase di atterraggio a Brema dove il team avrebbe gareggiato.<\/p>\n\n\n\n<p>Queste le classifiche.<\/p>\n\n\n\n<p><strong>Serie A1 maschile:<\/strong><strong>1.<\/strong>Circolo Canottieri Aniene p. 13.846,&nbsp;<strong>2.<\/strong>Centro Nuoto Torino 12.671,<strong>3.<\/strong>In Sport Rane Rosse 12.384,&nbsp;<strong>4.<\/strong>Time Limit 12.321,&nbsp;<strong>5.<\/strong>Nuoto Club Azzurra 91 Bologna 12.262,<strong>6.<\/strong>Rari Nantes Florentia 12.104,&nbsp;<strong>7.<\/strong>Imolanuoto 12.067,&nbsp;<strong>8.<\/strong>Aurelia Nuoto 12.049.<\/p>\n\n\n\n<p><strong>Serie A1 A1 femminile:<\/strong><strong>1.<\/strong>Circolo Canottieri Aniene p. 13.532,&nbsp;<strong>2.<\/strong>In Sport Rane Rosse 12.664,&nbsp;<strong>3.<\/strong>Nuoto Club Azzurra 91 Bologna 12.456,&nbsp;<strong>4.<\/strong>Aurelia Nuoto 12.395,&nbsp;<strong>5.<\/strong>Imolanuoto 12.334,&nbsp;<strong>6.<\/strong>Rari Nantes Florentia 12.005,<strong>7.<\/strong>Team Veneto 11.995,&nbsp;<strong>8.<\/strong>Rari Nantes Torino 11.847.<\/p>\n\n\n\n<p><strong>Albo d\u2019oro dal 2000<\/strong><\/p>\n\n\n\n<p>2000 Fiamme Gialle (m) e Desenzano (f)<\/p>\n\n\n\n<p>2001 Carabinieri (m) e DDS (f)<\/p>\n\n\n\n<p>2002 Fiamme Gialle (m) e DDS (f)<\/p>\n\n\n\n<p>2003 Fiamme Gialle (m) e DDS (f)<\/p>\n\n\n\n<p>2004 Carabinieri (m) e DDS (f)<\/p>\n\n\n\n<p>2005 Carabinieri (m) e Team Nuoto Padova (f)<\/p>\n\n\n\n<p>2006 Larus Nuoto (m) e DDS (f)<\/p>\n\n\n\n<p>2007 Larus Nuoto (m) e CC Aniene (f)<\/p>\n\n\n\n<p>2008 DDS (m) e CC Aniene (f)<\/p>\n\n\n\n<p>2009 CC Aniene (m) e Esercito (f)<\/p>\n\n\n\n<p>2010 CC Aniene (m) e CC Aniene (f)<\/p>\n\n\n\n<p>2011 CC Aniene (m) e CC Aniene (f)<\/p>\n\n\n\n<p>2012 CC Aniene (m) e CC Aniene (f)<\/p>\n\n\n\n<p>2013 CC Aniene (m) e CC Aniene (f)<\/p>\n\n\n\n<p>2014 CC Aniene (m) e CC Aniene (f)<\/p>\n\n\n\n<p>2015 CC Aniene (m) e CC Aniene (f)<\/p>\n\n\n\n<p>2016 CC Aniene (m) e CC Aniene (f)<\/p>\n\n\n\n<p>2017 CC Aniene (m) e CC Aniene (f)<\/p>\n\n\n\n<p>2018 CC Aniene (m) e CC Aniene (f)<\/p>\n\n\n\n<p>2019 CC Aniene (m) e CC Aniene (f)<\/p>\n\n\n\n<p>2020 CC Aniene (m) e CC Aniene (f)<\/p>\n\n\n\n<p>2021 CC Aniene (m) e CC Aniene (f)<\/p>\n\n\n\n<p>2022 CC Aniene (m) e CC Aniene (f)&nbsp;<\/p>\n\n\n\n<p>2023 CC Aniene (m) e CC Aniene (f)<\/p>","protected":false},"excerpt":{"rendered":"<p>Festa in casa Aniene per la conquista dello scudetto del nuoto. Gli atleti guidati dal direttore tecnico Gianni Nagni hanno allungato la striscia vincente prendendosi il titolo tricolore per la 14esima volta consecutiva con entrambi i settori, la 15esima in campo maschile. Il titolo in vasca corta, che porta come trofei l\u2019intitolazione ai caduti di [&hellip;]<\/p>","protected":false},"author":23521,"featured_media":24426,"comment_status":"closed","ping_status":"closed","sticky":false,"template":"","format":"standard","meta":{"pmpro_default_level":0,"footnotes":"","_links_to":"","_links_to_target":""},"categories":[1,11],"tags":[],"class_list":["post-24425","post","type-post","status-publish","format-standard","has-post-thumbnail","hentry","category-news","category-nuoto","pmpro-has-access"],"featured_image_urls":{"woocommerce_thumbnail":"https:\/\/www.ccaniene.com\/wp-content\/uploads\/2022\/12\/festa10-300x300.jpg","woocommerce_gallery_thumbnail":"https:\/\/www.ccaniene.com\/wp-content\/uploads\/2022\/12\/festa10-100x100.jpg","woocommerce_single":"https:\/\/www.ccaniene.com\/wp-content\/uploads\/2022\/12\/festa10-600x338.jpg","medium":"https:\/\/www.ccaniene.com\/wp-content\/uploads\/2022\/12\/festa10-800x451.jpg","thumbnail":"https:\/\/www.ccaniene.com\/wp-content\/uploads\/2022\/12\/festa10-400x400.jpg","medium_large":"https:\/\/www.ccaniene.com\/wp-content\/uploads\/2022\/12\/festa10-768x433.jpg"},"appp_media":null,"yoast_head":"<!-- This site is optimized with the Yoast SEO plugin v23.6 - https:\/\/yoast.com\/wordpress\/plugins\/seo\/ -->\n<title>L&#039;Aniene allunga la striscia tricolore del nuoto: vinto il 14esimo scudetto di fila - Circolo Canottieri Aniene<\/title>\n<meta name=\"robots\" content=\"index, follow, max-snippet:-1, max-image-preview:large, max-video-preview:-1\" \/>\n<link rel=\"canonical\" href=\"https:\/\/www.ccaniene.com\/en\/laniene-allunga-la-striscia-tricolore-del-nuoto-vinto-il-14esimo-scudetto-di-fila\/\" \/>\n<meta property=\"og:locale\" content=\"en_GB\" \/>\n<meta property=\"og:type\" content=\"article\" \/>\n<meta property=\"og:title\" content=\"L&#039;Aniene allunga la striscia tricolore del nuoto: vinto il 14esimo scudetto di fila - Circolo Canottieri Aniene\" \/>\n<meta property=\"og:description\" content=\"Festa in casa Aniene per la conquista dello scudetto del nuoto. Gli atleti guidati dal direttore tecnico Gianni Nagni hanno allungato la striscia vincente prendendosi il titolo tricolore per la 14esima volta consecutiva con entrambi i settori, la 15esima in campo maschile. Il titolo in vasca corta, che porta come trofei l\u2019intitolazione ai caduti di [&hellip;]\" \/>\n<meta property=\"og:url\" content=\"https:\/\/www.ccaniene.com\/en\/laniene-allunga-la-striscia-tricolore-del-nuoto-vinto-il-14esimo-scudetto-di-fila\/\" \/>\n<meta property=\"og:site_name\" content=\"Circolo Canottieri Aniene\" \/>\n<meta property=\"article:published_time\" content=\"2022-12-28T19:15:36+00:00\" \/>\n<meta property=\"article:modified_time\" content=\"2022-12-28T19:15:38+00:00\" \/>\n<meta property=\"og:image\" content=\"https:\/\/www.ccaniene.com\/wp-content\/uploads\/2022\/12\/festa10.jpg\" \/>\n\t<meta property=\"og:image:width\" content=\"1200\" \/>\n\t<meta property=\"og:image:height\" content=\"676\" \/>\n\t<meta property=\"og:image:type\" content=\"image\/jpeg\" \/>\n<meta name=\"author\" content=\"carlo.san@tin.it\" \/>\n<meta name=\"twitter:card\" content=\"summary_large_image\" \/>\n<meta name=\"twitter:label1\" content=\"Written by\" \/>\n\t<meta name=\"twitter:data1\" content=\"carlo.san@tin.it\" \/>\n\t<meta name=\"twitter:label2\" content=\"Estimated reading time\" \/>\n\t<meta name=\"twitter:data2\" content=\"4 minutes\" \/>\n<script type=\"application\/ld+json\" class=\"yoast-schema-graph\">{\"@context\":\"https:\/\/schema.org\",\"@graph\":[{\"@type\":\"WebPage\",\"@id\":\"https:\/\/www.ccaniene.com\/it_it\/laniene-allunga-la-striscia-tricolore-del-nuoto-vinto-il-14esimo-scudetto-di-fila\/\",\"url\":\"https:\/\/www.ccaniene.com\/it_it\/laniene-allunga-la-striscia-tricolore-del-nuoto-vinto-il-14esimo-scudetto-di-fila\/\",\"name\":\"L'Aniene allunga la striscia tricolore del nuoto: vinto il 14esimo scudetto di fila - Circolo Canottieri Aniene\",\"isPartOf\":{\"@id\":\"http:\/\/www.ccaniene.com\/it_it\/#website\"},\"primaryImageOfPage\":{\"@id\":\"https:\/\/www.ccaniene.com\/it_it\/laniene-allunga-la-striscia-tricolore-del-nuoto-vinto-il-14esimo-scudetto-di-fila\/#primaryimage\"},\"image\":{\"@id\":\"https:\/\/www.ccaniene.com\/it_it\/laniene-allunga-la-striscia-tricolore-del-nuoto-vinto-il-14esimo-scudetto-di-fila\/#primaryimage\"},\"thumbnailUrl\":\"https:\/\/www.ccaniene.com\/wp-content\/uploads\/2022\/12\/festa10.jpg\",\"datePublished\":\"2022-12-28T19:15:36+00:00\",\"dateModified\":\"2022-12-28T19:15:38+00:00\",\"author\":{\"@id\":\"http:\/\/www.ccaniene.com\/it_it\/#\/schema\/person\/6042bd0ba360674279dffd4247d570ed\"},\"breadcrumb\":{\"@id\":\"https:\/\/www.ccaniene.com\/it_it\/laniene-allunga-la-striscia-tricolore-del-nuoto-vinto-il-14esimo-scudetto-di-fila\/#breadcrumb\"},\"inLanguage\":\"en-GB\",\"potentialAction\":[{\"@type\":\"ReadAction\",\"target\":[\"https:\/\/www.ccaniene.com\/it_it\/laniene-allunga-la-striscia-tricolore-del-nuoto-vinto-il-14esimo-scudetto-di-fila\/\"]}]},{\"@type\":\"ImageObject\",\"inLanguage\":\"en-GB\",\"@id\":\"https:\/\/www.ccaniene.com\/it_it\/laniene-allunga-la-striscia-tricolore-del-nuoto-vinto-il-14esimo-scudetto-di-fila\/#primaryimage\",\"url\":\"https:\/\/www.ccaniene.com\/wp-content\/uploads\/2022\/12\/festa10.jpg\",\"contentUrl\":\"https:\/\/www.ccaniene.com\/wp-content\/uploads\/2022\/12\/festa10.jpg\",\"width\":1200,\"height\":676},{\"@type\":\"BreadcrumbList\",\"@id\":\"https:\/\/www.ccaniene.com\/it_it\/laniene-allunga-la-striscia-tricolore-del-nuoto-vinto-il-14esimo-scudetto-di-fila\/#breadcrumb\",\"itemListElement\":[{\"@type\":\"ListItem\",\"position\":1,\"name\":\"Home\",\"item\":\"http:\/\/www.ccaniene.com\/it_it\/\"},{\"@type\":\"ListItem\",\"position\":2,\"name\":\"L&#8217;Aniene allunga la striscia tricolore del nuoto: vinto il 14esimo scudetto di fila\"}]},{\"@type\":\"WebSite\",\"@id\":\"http:\/\/www.ccaniene.com\/it_it\/#website\",\"url\":\"http:\/\/www.ccaniene.com\/it_it\/\",\"name\":\"Circolo Canottieri Aniene\",\"description\":\"Collare d&#039;Oro e Stella d&#039;Oro al Merito Sportivo\",\"potentialAction\":[{\"@type\":\"SearchAction\",\"target\":{\"@type\":\"EntryPoint\",\"urlTemplate\":\"http:\/\/www.ccaniene.com\/it_it\/?s={search_term_string}\"},\"query-input\":{\"@type\":\"PropertyValueSpecification\",\"valueRequired\":true,\"valueName\":\"search_term_string\"}}],\"inLanguage\":\"en-GB\"},{\"@type\":\"Person\",\"@id\":\"http:\/\/www.ccaniene.com\/it_it\/#\/schema\/person\/6042bd0ba360674279dffd4247d570ed\",\"name\":\"carlo.san@tin.it\",\"image\":{\"@type\":\"ImageObject\",\"inLanguage\":\"en-GB\",\"@id\":\"http:\/\/www.ccaniene.com\/it_it\/#\/schema\/person\/image\/\",\"url\":\"https:\/\/secure.gravatar.com\/avatar\/f993a459d0ffe4d666e4c917fef20ca9?s=96&d=mm&r=g\",\"contentUrl\":\"https:\/\/secure.gravatar.com\/avatar\/f993a459d0ffe4d666e4c917fef20ca9?s=96&d=mm&r=g\",\"caption\":\"carlo.san@tin.it\"},\"url\":\"https:\/\/www.ccaniene.com\/en\/author\/carlo-santi-2\/\"}]}<\/script>\n<!-- \/ Yoast SEO plugin. -->","yoast_head_json":{"title":"L'Aniene allunga la striscia tricolore del nuoto: vinto il 14esimo scudetto di fila - Circolo Canottieri Aniene","robots":{"index":"index","follow":"follow","max-snippet":"max-snippet:-1","max-image-preview":"max-image-preview:large","max-video-preview":"max-video-preview:-1"},"canonical":"https:\/\/www.ccaniene.com\/en\/laniene-allunga-la-striscia-tricolore-del-nuoto-vinto-il-14esimo-scudetto-di-fila\/","og_locale":"en_GB","og_type":"article","og_title":"L'Aniene allunga la striscia tricolore del nuoto: vinto il 14esimo scudetto di fila - Circolo Canottieri Aniene","og_description":"Festa in casa Aniene per la conquista dello scudetto del nuoto. Gli atleti guidati dal direttore tecnico Gianni Nagni hanno allungato la striscia vincente prendendosi il titolo tricolore per la 14esima volta consecutiva con entrambi i settori, la 15esima in campo maschile. Il titolo in vasca corta, che porta come trofei l\u2019intitolazione ai caduti di [&hellip;]","og_url":"https:\/\/www.ccaniene.com\/en\/laniene-allunga-la-striscia-tricolore-del-nuoto-vinto-il-14esimo-scudetto-di-fila\/","og_site_name":"Circolo Canottieri Aniene","article_published_time":"2022-12-28T19:15:36+00:00","article_modified_time":"2022-12-28T19:15:38+00:00","og_image":[{"width":1200,"height":676,"url":"https:\/\/www.ccaniene.com\/wp-content\/uploads\/2022\/12\/festa10.jpg","type":"image\/jpeg"}],"author":"carlo.san@tin.it","twitter_card":"summary_large_image","twitter_misc":{"Written by":"carlo.san@tin.it","Estimated reading time":"4 minutes"},"schema":{"@context":"https:\/\/schema.org","@graph":[{"@type":"WebPage","@id":"https:\/\/www.ccaniene.com\/it_it\/laniene-allunga-la-striscia-tricolore-del-nuoto-vinto-il-14esimo-scudetto-di-fila\/","url":"https:\/\/www.ccaniene.com\/it_it\/laniene-allunga-la-striscia-tricolore-del-nuoto-vinto-il-14esimo-scudetto-di-fila\/","name":"L'Aniene allunga la striscia tricolore del nuoto: vinto il 14esimo scudetto di fila - Circolo Canottieri Aniene","isPartOf":{"@id":"http:\/\/www.ccaniene.com\/it_it\/#website"},"primaryImageOfPage":{"@id":"https:\/\/www.ccaniene.com\/it_it\/laniene-allunga-la-striscia-tricolore-del-nuoto-vinto-il-14esimo-scudetto-di-fila\/#primaryimage"},"image":{"@id":"https:\/\/www.ccaniene.com\/it_it\/laniene-allunga-la-striscia-tricolore-del-nuoto-vinto-il-14esimo-scudetto-di-fila\/#primaryimage"},"thumbnailUrl":"https:\/\/www.ccaniene.com\/wp-content\/uploads\/2022\/12\/festa10.jpg","datePublished":"2022-12-28T19:15:36+00:00","dateModified":"2022-12-28T19:15:38+00:00","author":{"@id":"http:\/\/www.ccaniene.com\/it_it\/#\/schema\/person\/6042bd0ba360674279dffd4247d570ed"},"breadcrumb":{"@id":"https:\/\/www.ccaniene.com\/it_it\/laniene-allunga-la-striscia-tricolore-del-nuoto-vinto-il-14esimo-scudetto-di-fila\/#breadcrumb"},"inLanguage":"en-GB","potentialAction":[{"@type":"ReadAction","target":["https:\/\/www.ccaniene.com\/it_it\/laniene-allunga-la-striscia-tricolore-del-nuoto-vinto-il-14esimo-scudetto-di-fila\/"]}]},{"@type":"ImageObject","inLanguage":"en-GB","@id":"https:\/\/www.ccaniene.com\/it_it\/laniene-allunga-la-striscia-tricolore-del-nuoto-vinto-il-14esimo-scudetto-di-fila\/#primaryimage","url":"https:\/\/www.ccaniene.com\/wp-content\/uploads\/2022\/12\/festa10.jpg","contentUrl":"https:\/\/www.ccaniene.com\/wp-content\/uploads\/2022\/12\/festa10.jpg","width":1200,"height":676},{"@type":"BreadcrumbList","@id":"https:\/\/www.ccaniene.com\/it_it\/laniene-allunga-la-striscia-tricolore-del-nuoto-vinto-il-14esimo-scudetto-di-fila\/#breadcrumb","itemListElement":[{"@type":"ListItem","position":1,"name":"Home","item":"http:\/\/www.ccaniene.com\/it_it\/"},{"@type":"ListItem","position":2,"name":"L&#8217;Aniene allunga la striscia tricolore del nuoto: vinto il 14esimo scudetto di fila"}]},{"@type":"WebSite","@id":"http:\/\/www.ccaniene.com\/it_it\/#website","url":"http:\/\/www.ccaniene.com\/it_it\/","name":"Circolo Canottieri Aniene","description":"Collare d&#039;Oro e Stella d&#039;Oro al Merito Sportivo","potentialAction":[{"@type":"SearchAction","target":{"@type":"EntryPoint","urlTemplate":"http:\/\/www.ccaniene.com\/it_it\/?s={search_term_string}"},"query-input":{"@type":"PropertyValueSpecification","valueRequired":true,"valueName":"search_term_string"}}],"inLanguage":"en-GB"},{"@type":"Person","@id":"http:\/\/www.ccaniene.com\/it_it\/#\/schema\/person\/6042bd0ba360674279dffd4247d570ed","name":"carlo.san@tin.it","image":{"@type":"ImageObject","inLanguage":"en-GB","@id":"http:\/\/www.ccaniene.com\/it_it\/#\/schema\/person\/image\/","url":"https:\/\/secure.gravatar.com\/avatar\/f993a459d0ffe4d666e4c917fef20ca9?s=96&d=mm&r=g","contentUrl":"https:\/\/secure.gravatar.com\/avatar\/f993a459d0ffe4d666e4c917fef20ca9?s=96&d=mm&r=g","caption":"carlo.san@tin.it"},"url":"https:\/\/www.ccaniene.com\/en\/author\/carlo-santi-2\/"}]}},"_links":{"self":[{"href":"https:\/\/www.ccaniene.com\/en\/wp-json\/wp\/v2\/posts\/24425"}],"collection":[{"href":"https:\/\/www.ccaniene.com\/en\/wp-json\/wp\/v2\/posts"}],"about":[{"href":"https:\/\/www.ccaniene.com\/en\/wp-json\/wp\/v2\/types\/post"}],"author":[{"embeddable":true,"href":"https:\/\/www.ccaniene.com\/en\/wp-json\/wp\/v2\/users\/23521"}],"replies":[{"embeddable":true,"href":"https:\/\/www.ccaniene.com\/en\/wp-json\/wp\/v2\/comments?post=24425"}],"version-history":[{"count":1,"href":"https:\/\/www.ccaniene.com\/en\/wp-json\/wp\/v2\/posts\/24425\/revisions"}],"predecessor-version":[{"id":24430,"href":"https:\/\/www.ccaniene.com\/en\/wp-json\/wp\/v2\/posts\/24425\/revisions\/24430"}],"wp:featuredmedia":[{"embeddable":true,"href":"https:\/\/www.ccaniene.com\/en\/wp-json\/wp\/v2\/media\/24426"}],"wp:attachment":[{"href":"https:\/\/www.ccaniene.com\/en\/wp-json\/wp\/v2\/media?parent=24425"}],"wp:term":[{"taxonomy":"category","embeddable":true,"href":"https:\/\/www.ccaniene.com\/en\/wp-json\/wp\/v2\/categories?post=24425"},{"taxonomy":"post_tag","embeddable":true,"href":"https:\/\/www.ccaniene.com\/en\/wp-json\/wp\/v2\/tags?post=24425"}],"curies":[{"name":"wp","href":"https:\/\/api.w.org\/{rel}","templated":true}]}}