{"id":23884,"date":"2022-09-08T21:59:31","date_gmt":"2022-09-08T19:59:31","guid":{"rendered":"https:\/\/www.ccaniene.com\/?p=23884"},"modified":"2022-09-08T22:02:51","modified_gmt":"2022-09-08T20:02:51","slug":"vela-caterina-banti-campionessa-del-mondo-nel-nacra-17","status":"publish","type":"post","link":"https:\/\/www.ccaniene.com\/en\/vela-caterina-banti-campionessa-del-mondo-nel-nacra-17\/","title":{"rendered":"Vela, Caterina Banti campionessa del mondo nel Nacra 17"},"content":{"rendered":"<p>Caterina Banti ha conquistato il titolo mondiale di vela nel Nacra 17. Insieme a Ruggero Tita la campionessa dell\u2019Aniene a Halifax, in Nuova Scozia, Canada, ha centrato un grande successo dopo la vittoria alle Olimpiadi di Tokyo lo scorso anno. Va ricordato che in questo Mondiale si aggiunge lo splendido argento di Ugolini-Giubilei che chiudono anche al secondo posto la Medal Race. Un successo per tutta la squadra Nacra 17 che si posiziona indiscutibilmente sul tetto del mondo. Con loro al sesto posto l\u2019altra atleta dell\u2019Aniene Maelle Frascari insieme a Bissaro.<\/p>\n\n\n\n<p>Ruggero Tita e Caterina Banti si sono laureati campioni del mondo con due regate d\u2019anticipo e hanno chiuso da imbattuti un 2022 semplicemente perfetto. La magica coppia della vela italiana, grazie a questo trionfo, detiene adesso contemporaneamente il titolo europeo, iridato e olimpico nella classe Nacra 17.<\/p>\n\n\n\n<figure class=\"wp-block-image size-full\"><img fetchpriority=\"high\" decoding=\"async\" width=\"304\" height=\"166\" src=\"http:\/\/www.ccaniene.com\/wp-content\/uploads\/2022\/09\/487F14CC-7A3A-4D6E-AD7B-FD3DA856DB75.jpeg\" alt=\"\" class=\"wp-image-23890\"\/><\/figure>\n\n\n\n<p>Un successo mai realmente in discussione per Tita-Banti, un duo che ha sbaragliato la concorrenza come agli ultimi Europei rifilando distacchi abissali agli avversari e festeggiando la seconda medaglia d\u2019oro mondiale della carriera dopo Aarhus 2018.<\/p>\n\n\n\n<p>Insieme, dopo il successo, hanno spiegato che \u00abuna vera e propria ricetta non c\u2019\u00e8, siamo convinti per\u00f2 che gli ingredienti che stiamo mettendo in campo siano di ottima qualit\u00e0. A noi in ogni regata spetta di trovare l\u2019equilibrio giusto dei vari sapori. Ogni sport ha le proprie peculiarit\u00e0 e caratteristiche che solo il continuo allenamento permette di perfezionare e rendere quasi automatiche. Sicuramente nella nostra Classe la velocit\u00e0 della barca \u00e8 una componente essenziale, che paga nell\u2019economia di una prova. Lo studio del campo di regata aiuta a scegliere il lato giusto e le strategie da mettere in pratica. Non ci sentiamo assolutamente arrivati, abbiamo margini di miglioramento che devono modellarsi anche rispetto all\u2019evoluzione del Nacra 17 stesso: per esempio il nuovo sistema dei timoni necessita ancora di approfondimenti da parte nostra. Siamo qui grazie a un percorso di sacrifici e impegno affrontato insieme a tanti compagni di viaggio. Vogliamo per questo ringraziare tutti quelli che hanno concorso a questi risultati: dalla Federazione Italiana Vela, al direttore tecnico Marchesini, dal nostro tecnico Ganga Bruni, ai nostri Circoli fino alle nostre famiglie e ai nostri affetti che ci supportano e sopportano in maniera fondamentale\u00bb.<\/p>","protected":false},"excerpt":{"rendered":"<p>Caterina Banti ha conquistato il titolo mondiale di vela nel Nacra 17. Insieme a Ruggero Tita la campionessa dell\u2019Aniene a Halifax, in Nuova Scozia, Canada, ha centrato un grande successo dopo la vittoria alle Olimpiadi di Tokyo lo scorso anno. Va ricordato che in questo Mondiale si aggiunge lo splendido argento di Ugolini-Giubilei che chiudono [&hellip;]<\/p>","protected":false},"author":23521,"featured_media":23887,"comment_status":"closed","ping_status":"closed","sticky":false,"template":"","format":"standard","meta":{"pmpro_default_level":0,"footnotes":"","_links_to":"","_links_to_target":""},"categories":[1,26],"tags":[],"class_list":["post-23884","post","type-post","status-publish","format-standard","has-post-thumbnail","hentry","category-news","category-vela","pmpro-has-access"],"featured_image_urls":{"woocommerce_thumbnail":"https:\/\/www.ccaniene.com\/wp-content\/uploads\/2022\/09\/9B60BBE0-F2F1-4061-BA7E-ECD47396FD86-300x300.jpg","woocommerce_gallery_thumbnail":"https:\/\/www.ccaniene.com\/wp-content\/uploads\/2022\/09\/9B60BBE0-F2F1-4061-BA7E-ECD47396FD86-100x100.jpg","thumbnail":"https:\/\/www.ccaniene.com\/wp-content\/uploads\/2022\/09\/9B60BBE0-F2F1-4061-BA7E-ECD47396FD86-400x400.jpg"},"appp_media":null,"yoast_head":"<!-- This site is optimized with the Yoast SEO plugin v23.6 - https:\/\/yoast.com\/wordpress\/plugins\/seo\/ -->\n<title>Vela, Caterina Banti campionessa del mondo nel Nacra 17 - Circolo Canottieri Aniene<\/title>\n<meta name=\"robots\" content=\"index, follow, max-snippet:-1, max-image-preview:large, max-video-preview:-1\" \/>\n<link rel=\"canonical\" href=\"https:\/\/www.ccaniene.com\/en\/vela-caterina-banti-campionessa-del-mondo-nel-nacra-17\/\" \/>\n<meta property=\"og:locale\" content=\"en_GB\" \/>\n<meta property=\"og:type\" content=\"article\" \/>\n<meta property=\"og:title\" content=\"Vela, Caterina Banti campionessa del mondo nel Nacra 17 - Circolo Canottieri Aniene\" \/>\n<meta property=\"og:description\" content=\"Caterina Banti ha conquistato il titolo mondiale di vela nel Nacra 17. Insieme a Ruggero Tita la campionessa dell\u2019Aniene a Halifax, in Nuova Scozia, Canada, ha centrato un grande successo dopo la vittoria alle Olimpiadi di Tokyo lo scorso anno. Va ricordato che in questo Mondiale si aggiunge lo splendido argento di Ugolini-Giubilei che chiudono [&hellip;]\" \/>\n<meta property=\"og:url\" content=\"https:\/\/www.ccaniene.com\/en\/vela-caterina-banti-campionessa-del-mondo-nel-nacra-17\/\" \/>\n<meta property=\"og:site_name\" content=\"Circolo Canottieri Aniene\" \/>\n<meta property=\"article:published_time\" content=\"2022-09-08T19:59:31+00:00\" \/>\n<meta property=\"article:modified_time\" content=\"2022-09-08T20:02:51+00:00\" \/>\n<meta property=\"og:image\" content=\"https:\/\/www.ccaniene.com\/wp-content\/uploads\/2022\/09\/9B60BBE0-F2F1-4061-BA7E-ECD47396FD86.jpg\" \/>\n\t<meta property=\"og:image:width\" content=\"567\" \/>\n\t<meta property=\"og:image:height\" content=\"438\" \/>\n\t<meta property=\"og:image:type\" content=\"image\/jpeg\" \/>\n<meta name=\"author\" content=\"carlo.san@tin.it\" \/>\n<meta name=\"twitter:card\" content=\"summary_large_image\" \/>\n<meta name=\"twitter:label1\" content=\"Written by\" \/>\n\t<meta name=\"twitter:data1\" content=\"carlo.san@tin.it\" \/>\n\t<meta name=\"twitter:label2\" content=\"Estimated reading time\" \/>\n\t<meta name=\"twitter:data2\" content=\"3 minutes\" \/>\n<script type=\"application\/ld+json\" class=\"yoast-schema-graph\">{\"@context\":\"https:\/\/schema.org\",\"@graph\":[{\"@type\":\"WebPage\",\"@id\":\"https:\/\/www.ccaniene.com\/en\/vela-caterina-banti-campionessa-del-mondo-nel-nacra-17\/\",\"url\":\"https:\/\/www.ccaniene.com\/en\/vela-caterina-banti-campionessa-del-mondo-nel-nacra-17\/\",\"name\":\"Vela, Caterina Banti campionessa del mondo nel Nacra 17 - Circolo Canottieri Aniene\",\"isPartOf\":{\"@id\":\"https:\/\/www.ccaniene.com\/it_it\/#website\"},\"primaryImageOfPage\":{\"@id\":\"https:\/\/www.ccaniene.com\/en\/vela-caterina-banti-campionessa-del-mondo-nel-nacra-17\/#primaryimage\"},\"image\":{\"@id\":\"https:\/\/www.ccaniene.com\/en\/vela-caterina-banti-campionessa-del-mondo-nel-nacra-17\/#primaryimage\"},\"thumbnailUrl\":\"https:\/\/www.ccaniene.com\/wp-content\/uploads\/2022\/09\/9B60BBE0-F2F1-4061-BA7E-ECD47396FD86.jpg\",\"datePublished\":\"2022-09-08T19:59:31+00:00\",\"dateModified\":\"2022-09-08T20:02:51+00:00\",\"author\":{\"@id\":\"https:\/\/www.ccaniene.com\/it_it\/#\/schema\/person\/6042bd0ba360674279dffd4247d570ed\"},\"breadcrumb\":{\"@id\":\"https:\/\/www.ccaniene.com\/en\/vela-caterina-banti-campionessa-del-mondo-nel-nacra-17\/#breadcrumb\"},\"inLanguage\":\"en-GB\",\"potentialAction\":[{\"@type\":\"ReadAction\",\"target\":[\"https:\/\/www.ccaniene.com\/en\/vela-caterina-banti-campionessa-del-mondo-nel-nacra-17\/\"]}]},{\"@type\":\"ImageObject\",\"inLanguage\":\"en-GB\",\"@id\":\"https:\/\/www.ccaniene.com\/en\/vela-caterina-banti-campionessa-del-mondo-nel-nacra-17\/#primaryimage\",\"url\":\"https:\/\/www.ccaniene.com\/wp-content\/uploads\/2022\/09\/9B60BBE0-F2F1-4061-BA7E-ECD47396FD86.jpg\",\"contentUrl\":\"https:\/\/www.ccaniene.com\/wp-content\/uploads\/2022\/09\/9B60BBE0-F2F1-4061-BA7E-ECD47396FD86.jpg\",\"width\":567,\"height\":438},{\"@type\":\"BreadcrumbList\",\"@id\":\"https:\/\/www.ccaniene.com\/en\/vela-caterina-banti-campionessa-del-mondo-nel-nacra-17\/#breadcrumb\",\"itemListElement\":[{\"@type\":\"ListItem\",\"position\":1,\"name\":\"Home\",\"item\":\"https:\/\/www.ccaniene.com\/it_it\/\"},{\"@type\":\"ListItem\",\"position\":2,\"name\":\"Vela, Caterina Banti campionessa del mondo nel Nacra 17\"}]},{\"@type\":\"WebSite\",\"@id\":\"https:\/\/www.ccaniene.com\/it_it\/#website\",\"url\":\"https:\/\/www.ccaniene.com\/it_it\/\",\"name\":\"Circolo Canottieri Aniene\",\"description\":\"Collare d&#039;Oro e Stella d&#039;Oro al Merito Sportivo\",\"potentialAction\":[{\"@type\":\"SearchAction\",\"target\":{\"@type\":\"EntryPoint\",\"urlTemplate\":\"https:\/\/www.ccaniene.com\/it_it\/?s={search_term_string}\"},\"query-input\":{\"@type\":\"PropertyValueSpecification\",\"valueRequired\":true,\"valueName\":\"search_term_string\"}}],\"inLanguage\":\"en-GB\"},{\"@type\":\"Person\",\"@id\":\"https:\/\/www.ccaniene.com\/it_it\/#\/schema\/person\/6042bd0ba360674279dffd4247d570ed\",\"name\":\"carlo.san@tin.it\",\"image\":{\"@type\":\"ImageObject\",\"inLanguage\":\"en-GB\",\"@id\":\"https:\/\/www.ccaniene.com\/it_it\/#\/schema\/person\/image\/\",\"url\":\"https:\/\/secure.gravatar.com\/avatar\/f993a459d0ffe4d666e4c917fef20ca9?s=96&d=mm&r=g\",\"contentUrl\":\"https:\/\/secure.gravatar.com\/avatar\/f993a459d0ffe4d666e4c917fef20ca9?s=96&d=mm&r=g\",\"caption\":\"carlo.san@tin.it\"},\"url\":\"https:\/\/www.ccaniene.com\/en\/author\/carlo-santi-2\/\"}]}<\/script>\n<!-- \/ Yoast SEO plugin. -->","yoast_head_json":{"title":"Vela, Caterina Banti campionessa del mondo nel Nacra 17 - Circolo Canottieri Aniene","robots":{"index":"index","follow":"follow","max-snippet":"max-snippet:-1","max-image-preview":"max-image-preview:large","max-video-preview":"max-video-preview:-1"},"canonical":"https:\/\/www.ccaniene.com\/en\/vela-caterina-banti-campionessa-del-mondo-nel-nacra-17\/","og_locale":"en_GB","og_type":"article","og_title":"Vela, Caterina Banti campionessa del mondo nel Nacra 17 - Circolo Canottieri Aniene","og_description":"Caterina Banti ha conquistato il titolo mondiale di vela nel Nacra 17. Insieme a Ruggero Tita la campionessa dell\u2019Aniene a Halifax, in Nuova Scozia, Canada, ha centrato un grande successo dopo la vittoria alle Olimpiadi di Tokyo lo scorso anno. Va ricordato che in questo Mondiale si aggiunge lo splendido argento di Ugolini-Giubilei che chiudono [&hellip;]","og_url":"https:\/\/www.ccaniene.com\/en\/vela-caterina-banti-campionessa-del-mondo-nel-nacra-17\/","og_site_name":"Circolo Canottieri Aniene","article_published_time":"2022-09-08T19:59:31+00:00","article_modified_time":"2022-09-08T20:02:51+00:00","og_image":[{"width":567,"height":438,"url":"https:\/\/www.ccaniene.com\/wp-content\/uploads\/2022\/09\/9B60BBE0-F2F1-4061-BA7E-ECD47396FD86.jpg","type":"image\/jpeg"}],"author":"carlo.san@tin.it","twitter_card":"summary_large_image","twitter_misc":{"Written by":"carlo.san@tin.it","Estimated reading time":"3 minutes"},"schema":{"@context":"https:\/\/schema.org","@graph":[{"@type":"WebPage","@id":"https:\/\/www.ccaniene.com\/en\/vela-caterina-banti-campionessa-del-mondo-nel-nacra-17\/","url":"https:\/\/www.ccaniene.com\/en\/vela-caterina-banti-campionessa-del-mondo-nel-nacra-17\/","name":"Vela, Caterina Banti campionessa del mondo nel Nacra 17 - Circolo Canottieri Aniene","isPartOf":{"@id":"https:\/\/www.ccaniene.com\/it_it\/#website"},"primaryImageOfPage":{"@id":"https:\/\/www.ccaniene.com\/en\/vela-caterina-banti-campionessa-del-mondo-nel-nacra-17\/#primaryimage"},"image":{"@id":"https:\/\/www.ccaniene.com\/en\/vela-caterina-banti-campionessa-del-mondo-nel-nacra-17\/#primaryimage"},"thumbnailUrl":"https:\/\/www.ccaniene.com\/wp-content\/uploads\/2022\/09\/9B60BBE0-F2F1-4061-BA7E-ECD47396FD86.jpg","datePublished":"2022-09-08T19:59:31+00:00","dateModified":"2022-09-08T20:02:51+00:00","author":{"@id":"https:\/\/www.ccaniene.com\/it_it\/#\/schema\/person\/6042bd0ba360674279dffd4247d570ed"},"breadcrumb":{"@id":"https:\/\/www.ccaniene.com\/en\/vela-caterina-banti-campionessa-del-mondo-nel-nacra-17\/#breadcrumb"},"inLanguage":"en-GB","potentialAction":[{"@type":"ReadAction","target":["https:\/\/www.ccaniene.com\/en\/vela-caterina-banti-campionessa-del-mondo-nel-nacra-17\/"]}]},{"@type":"ImageObject","inLanguage":"en-GB","@id":"https:\/\/www.ccaniene.com\/en\/vela-caterina-banti-campionessa-del-mondo-nel-nacra-17\/#primaryimage","url":"https:\/\/www.ccaniene.com\/wp-content\/uploads\/2022\/09\/9B60BBE0-F2F1-4061-BA7E-ECD47396FD86.jpg","contentUrl":"https:\/\/www.ccaniene.com\/wp-content\/uploads\/2022\/09\/9B60BBE0-F2F1-4061-BA7E-ECD47396FD86.jpg","width":567,"height":438},{"@type":"BreadcrumbList","@id":"https:\/\/www.ccaniene.com\/en\/vela-caterina-banti-campionessa-del-mondo-nel-nacra-17\/#breadcrumb","itemListElement":[{"@type":"ListItem","position":1,"name":"Home","item":"https:\/\/www.ccaniene.com\/it_it\/"},{"@type":"ListItem","position":2,"name":"Vela, Caterina Banti campionessa del mondo nel Nacra 17"}]},{"@type":"WebSite","@id":"https:\/\/www.ccaniene.com\/it_it\/#website","url":"https:\/\/www.ccaniene.com\/it_it\/","name":"Circolo Canottieri Aniene","description":"Collare d&#039;Oro e Stella d&#039;Oro al Merito Sportivo","potentialAction":[{"@type":"SearchAction","target":{"@type":"EntryPoint","urlTemplate":"https:\/\/www.ccaniene.com\/it_it\/?s={search_term_string}"},"query-input":{"@type":"PropertyValueSpecification","valueRequired":true,"valueName":"search_term_string"}}],"inLanguage":"en-GB"},{"@type":"Person","@id":"https:\/\/www.ccaniene.com\/it_it\/#\/schema\/person\/6042bd0ba360674279dffd4247d570ed","name":"carlo.san@tin.it","image":{"@type":"ImageObject","inLanguage":"en-GB","@id":"https:\/\/www.ccaniene.com\/it_it\/#\/schema\/person\/image\/","url":"https:\/\/secure.gravatar.com\/avatar\/f993a459d0ffe4d666e4c917fef20ca9?s=96&d=mm&r=g","contentUrl":"https:\/\/secure.gravatar.com\/avatar\/f993a459d0ffe4d666e4c917fef20ca9?s=96&d=mm&r=g","caption":"carlo.san@tin.it"},"url":"https:\/\/www.ccaniene.com\/en\/author\/carlo-santi-2\/"}]}},"_links":{"self":[{"href":"https:\/\/www.ccaniene.com\/en\/wp-json\/wp\/v2\/posts\/23884"}],"collection":[{"href":"https:\/\/www.ccaniene.com\/en\/wp-json\/wp\/v2\/posts"}],"about":[{"href":"https:\/\/www.ccaniene.com\/en\/wp-json\/wp\/v2\/types\/post"}],"author":[{"embeddable":true,"href":"https:\/\/www.ccaniene.com\/en\/wp-json\/wp\/v2\/users\/23521"}],"replies":[{"embeddable":true,"href":"https:\/\/www.ccaniene.com\/en\/wp-json\/wp\/v2\/comments?post=23884"}],"version-history":[{"count":2,"href":"https:\/\/www.ccaniene.com\/en\/wp-json\/wp\/v2\/posts\/23884\/revisions"}],"predecessor-version":[{"id":23892,"href":"https:\/\/www.ccaniene.com\/en\/wp-json\/wp\/v2\/posts\/23884\/revisions\/23892"}],"wp:featuredmedia":[{"embeddable":true,"href":"https:\/\/www.ccaniene.com\/en\/wp-json\/wp\/v2\/media\/23887"}],"wp:attachment":[{"href":"https:\/\/www.ccaniene.com\/en\/wp-json\/wp\/v2\/media?parent=23884"}],"wp:term":[{"taxonomy":"category","embeddable":true,"href":"https:\/\/www.ccaniene.com\/en\/wp-json\/wp\/v2\/categories?post=23884"},{"taxonomy":"post_tag","embeddable":true,"href":"https:\/\/www.ccaniene.com\/en\/wp-json\/wp\/v2\/tags?post=23884"}],"curies":[{"name":"wp","href":"https:\/\/api.w.org\/{rel}","templated":true}]}}