{"id":22709,"date":"2022-01-28T09:33:03","date_gmt":"2022-01-28T08:33:03","guid":{"rendered":"https:\/\/www.ccaniene.com\/?p=22709"},"modified":"2022-01-28T09:33:18","modified_gmt":"2022-01-28T08:33:18","slug":"berrettini-si-arrende-a-nadal-in-semifinale","status":"publish","type":"post","link":"https:\/\/www.ccaniene.com\/en\/berrettini-si-arrende-a-nadal-in-semifinale\/","title":{"rendered":"Australian Open\/Berrettini si arrende a Nadal in semifinale"},"content":{"rendered":"<p>Matteo Berrettini si arrende a Nadal. Nella semifinale degli Australian Open il giocatore dell\u2019Aniene ha giocato contro un Rafa Nadal d&#8217;altri tempi che \u00e8 stato un\u2019autentica furia scatenata che sente il profumo del sorpasso a Federer e Djokovic nel numero degli Slam e non guarda in faccia nessuno. Matteo ha ceduto 6-3 6-2 3-6 6-3.<\/p>\n\n\n\n<p>\u00abI primi due set sono stati i miei migliori da tanto tempo. So quanto pericoloso possa essere Matteo &#8211; ha detto Nadal &#8211; Ha giocato dei colpi eccezionali. Come ho fatto? Ho sofferto. Soffrire \u00e8 l&#8217;unico modo per essere dove mi trovo oggi\u00bb.<\/p>\n\n\n\n<p>Si \u00e8 giocato con il tetto chiuso per un acquazzone su Melbourne, l&#8217;umidit\u00e0 \u00e8 altissima e le condizioni sono sicuramente pi\u00f9 lente rispetto agli altri giorni. Il primo parziale \u00e8 cominciato nel modo peggiore per il nostro numero 1, infilzato con un break nel primo turno di battuta. Subito 2-0, anteprima che non sar\u00e0 una giornata facile. Il tetto chiuso e la tanta umidit\u00e0 hanno rallentato il gioco. Nadal \u00e8 andato 5-2 e ha chiuso il primo set 6-3. \u00c8 ripartito 3-0 per chiudede la seconda frazione 6-2.<\/p>\n\n\n\n<p>Il terzo set \u00e8 stato pi\u00f9 equilibrato, con Berrettini he ha sofferto meno in battuta. Sul 4-3 per Matteo sono arrivate le prime palle break per l&#8217;azzurro che ha allungato 5-3 e ha poi dimezzato lo svantaggio. Nel quarto set Matteo ha cercato di tenere ma nel decisivo ottavo game Rafa gli ha strappato il servizio ed \u00e8 andato a servire per il match. Non ha sbagliato.<\/p>","protected":false},"excerpt":{"rendered":"<p>Matteo Berrettini si arrende a Nadal. Nella semifinale degli Australian Open il giocatore dell\u2019Aniene ha giocato contro un Rafa Nadal d&#8217;altri tempi che \u00e8 stato un\u2019autentica furia scatenata che sente il profumo del sorpasso a Federer e Djokovic nel numero degli Slam e non guarda in faccia nessuno. Matteo ha ceduto 6-3 6-2 3-6 6-3. [&hellip;]<\/p>","protected":false},"author":23521,"featured_media":22710,"comment_status":"closed","ping_status":"closed","sticky":false,"template":"","format":"standard","meta":{"pmpro_default_level":0,"footnotes":"","_links_to":"","_links_to_target":""},"categories":[1,10],"tags":[],"class_list":["post-22709","post","type-post","status-publish","format-standard","has-post-thumbnail","hentry","category-news","category-tennis","pmpro-has-access"],"featured_image_urls":{"woocommerce_thumbnail":"https:\/\/www.ccaniene.com\/wp-content\/uploads\/2022\/01\/ber1-1-300x300.jpg","woocommerce_gallery_thumbnail":"https:\/\/www.ccaniene.com\/wp-content\/uploads\/2022\/01\/ber1-1-100x100.jpg","woocommerce_single":"https:\/\/www.ccaniene.com\/wp-content\/uploads\/2022\/01\/ber1-1-600x338.jpg","medium":"https:\/\/www.ccaniene.com\/wp-content\/uploads\/2022\/01\/ber1-1-800x450.jpg","thumbnail":"https:\/\/www.ccaniene.com\/wp-content\/uploads\/2022\/01\/ber1-1-400x400.jpg","medium_large":"https:\/\/www.ccaniene.com\/wp-content\/uploads\/2022\/01\/ber1-1-768x432.jpg"},"appp_media":null,"yoast_head":"<!-- This site is optimized with the Yoast SEO plugin v23.6 - https:\/\/yoast.com\/wordpress\/plugins\/seo\/ -->\n<title>Australian Open\/Berrettini si arrende a Nadal in semifinale - Circolo Canottieri Aniene<\/title>\n<meta name=\"robots\" content=\"index, follow, max-snippet:-1, max-image-preview:large, max-video-preview:-1\" \/>\n<link rel=\"canonical\" href=\"https:\/\/www.ccaniene.com\/en\/berrettini-si-arrende-a-nadal-in-semifinale\/\" \/>\n<meta property=\"og:locale\" content=\"en_GB\" \/>\n<meta property=\"og:type\" content=\"article\" \/>\n<meta property=\"og:title\" content=\"Australian Open\/Berrettini si arrende a Nadal in semifinale - Circolo Canottieri Aniene\" \/>\n<meta property=\"og:description\" content=\"Matteo Berrettini si arrende a Nadal. Nella semifinale degli Australian Open il giocatore dell\u2019Aniene ha giocato contro un Rafa Nadal d&#8217;altri tempi che \u00e8 stato un\u2019autentica furia scatenata che sente il profumo del sorpasso a Federer e Djokovic nel numero degli Slam e non guarda in faccia nessuno. Matteo ha ceduto 6-3 6-2 3-6 6-3. [&hellip;]\" \/>\n<meta property=\"og:url\" content=\"https:\/\/www.ccaniene.com\/en\/berrettini-si-arrende-a-nadal-in-semifinale\/\" \/>\n<meta property=\"og:site_name\" content=\"Circolo Canottieri Aniene\" \/>\n<meta property=\"article:published_time\" content=\"2022-01-28T08:33:03+00:00\" \/>\n<meta property=\"article:modified_time\" content=\"2022-01-28T08:33:18+00:00\" \/>\n<meta property=\"og:image\" content=\"https:\/\/www.ccaniene.com\/wp-content\/uploads\/2022\/01\/ber1-1.jpg\" \/>\n\t<meta property=\"og:image:width\" content=\"1200\" \/>\n\t<meta property=\"og:image:height\" content=\"675\" \/>\n\t<meta property=\"og:image:type\" content=\"image\/jpeg\" \/>\n<meta name=\"author\" content=\"carlo.san@tin.it\" \/>\n<meta name=\"twitter:card\" content=\"summary_large_image\" \/>\n<meta name=\"twitter:label1\" content=\"Written by\" \/>\n\t<meta name=\"twitter:data1\" content=\"carlo.san@tin.it\" \/>\n\t<meta name=\"twitter:label2\" content=\"Estimated reading time\" \/>\n\t<meta name=\"twitter:data2\" content=\"2 minutes\" \/>\n<script type=\"application\/ld+json\" class=\"yoast-schema-graph\">{\"@context\":\"https:\/\/schema.org\",\"@graph\":[{\"@type\":\"WebPage\",\"@id\":\"https:\/\/www.ccaniene.com\/it_it\/berrettini-si-arrende-a-nadal-in-semifinale\/\",\"url\":\"https:\/\/www.ccaniene.com\/it_it\/berrettini-si-arrende-a-nadal-in-semifinale\/\",\"name\":\"Australian Open\/Berrettini si arrende a Nadal in semifinale - Circolo Canottieri Aniene\",\"isPartOf\":{\"@id\":\"https:\/\/www.ccaniene.com\/it_it\/#website\"},\"primaryImageOfPage\":{\"@id\":\"https:\/\/www.ccaniene.com\/it_it\/berrettini-si-arrende-a-nadal-in-semifinale\/#primaryimage\"},\"image\":{\"@id\":\"https:\/\/www.ccaniene.com\/it_it\/berrettini-si-arrende-a-nadal-in-semifinale\/#primaryimage\"},\"thumbnailUrl\":\"https:\/\/www.ccaniene.com\/wp-content\/uploads\/2022\/01\/ber1-1.jpg\",\"datePublished\":\"2022-01-28T08:33:03+00:00\",\"dateModified\":\"2022-01-28T08:33:18+00:00\",\"author\":{\"@id\":\"https:\/\/www.ccaniene.com\/it_it\/#\/schema\/person\/6042bd0ba360674279dffd4247d570ed\"},\"breadcrumb\":{\"@id\":\"https:\/\/www.ccaniene.com\/it_it\/berrettini-si-arrende-a-nadal-in-semifinale\/#breadcrumb\"},\"inLanguage\":\"en-GB\",\"potentialAction\":[{\"@type\":\"ReadAction\",\"target\":[\"https:\/\/www.ccaniene.com\/it_it\/berrettini-si-arrende-a-nadal-in-semifinale\/\"]}]},{\"@type\":\"ImageObject\",\"inLanguage\":\"en-GB\",\"@id\":\"https:\/\/www.ccaniene.com\/it_it\/berrettini-si-arrende-a-nadal-in-semifinale\/#primaryimage\",\"url\":\"https:\/\/www.ccaniene.com\/wp-content\/uploads\/2022\/01\/ber1-1.jpg\",\"contentUrl\":\"https:\/\/www.ccaniene.com\/wp-content\/uploads\/2022\/01\/ber1-1.jpg\",\"width\":1200,\"height\":675},{\"@type\":\"BreadcrumbList\",\"@id\":\"https:\/\/www.ccaniene.com\/it_it\/berrettini-si-arrende-a-nadal-in-semifinale\/#breadcrumb\",\"itemListElement\":[{\"@type\":\"ListItem\",\"position\":1,\"name\":\"Home\",\"item\":\"https:\/\/www.ccaniene.com\/it_it\/\"},{\"@type\":\"ListItem\",\"position\":2,\"name\":\"Australian Open\/Berrettini si arrende a Nadal in semifinale\"}]},{\"@type\":\"WebSite\",\"@id\":\"https:\/\/www.ccaniene.com\/it_it\/#website\",\"url\":\"https:\/\/www.ccaniene.com\/it_it\/\",\"name\":\"Circolo Canottieri Aniene\",\"description\":\"Collare d&#039;Oro e Stella d&#039;Oro al Merito Sportivo\",\"potentialAction\":[{\"@type\":\"SearchAction\",\"target\":{\"@type\":\"EntryPoint\",\"urlTemplate\":\"https:\/\/www.ccaniene.com\/it_it\/?s={search_term_string}\"},\"query-input\":{\"@type\":\"PropertyValueSpecification\",\"valueRequired\":true,\"valueName\":\"search_term_string\"}}],\"inLanguage\":\"en-GB\"},{\"@type\":\"Person\",\"@id\":\"https:\/\/www.ccaniene.com\/it_it\/#\/schema\/person\/6042bd0ba360674279dffd4247d570ed\",\"name\":\"carlo.san@tin.it\",\"image\":{\"@type\":\"ImageObject\",\"inLanguage\":\"en-GB\",\"@id\":\"https:\/\/www.ccaniene.com\/it_it\/#\/schema\/person\/image\/\",\"url\":\"https:\/\/secure.gravatar.com\/avatar\/f993a459d0ffe4d666e4c917fef20ca9?s=96&d=mm&r=g\",\"contentUrl\":\"https:\/\/secure.gravatar.com\/avatar\/f993a459d0ffe4d666e4c917fef20ca9?s=96&d=mm&r=g\",\"caption\":\"carlo.san@tin.it\"},\"url\":\"https:\/\/www.ccaniene.com\/en\/author\/carlo-santi-2\/\"}]}<\/script>\n<!-- \/ Yoast SEO plugin. -->","yoast_head_json":{"title":"Australian Open\/Berrettini si arrende a Nadal in semifinale - Circolo Canottieri Aniene","robots":{"index":"index","follow":"follow","max-snippet":"max-snippet:-1","max-image-preview":"max-image-preview:large","max-video-preview":"max-video-preview:-1"},"canonical":"https:\/\/www.ccaniene.com\/en\/berrettini-si-arrende-a-nadal-in-semifinale\/","og_locale":"en_GB","og_type":"article","og_title":"Australian Open\/Berrettini si arrende a Nadal in semifinale - Circolo Canottieri Aniene","og_description":"Matteo Berrettini si arrende a Nadal. Nella semifinale degli Australian Open il giocatore dell\u2019Aniene ha giocato contro un Rafa Nadal d&#8217;altri tempi che \u00e8 stato un\u2019autentica furia scatenata che sente il profumo del sorpasso a Federer e Djokovic nel numero degli Slam e non guarda in faccia nessuno. Matteo ha ceduto 6-3 6-2 3-6 6-3. [&hellip;]","og_url":"https:\/\/www.ccaniene.com\/en\/berrettini-si-arrende-a-nadal-in-semifinale\/","og_site_name":"Circolo Canottieri Aniene","article_published_time":"2022-01-28T08:33:03+00:00","article_modified_time":"2022-01-28T08:33:18+00:00","og_image":[{"width":1200,"height":675,"url":"https:\/\/www.ccaniene.com\/wp-content\/uploads\/2022\/01\/ber1-1.jpg","type":"image\/jpeg"}],"author":"carlo.san@tin.it","twitter_card":"summary_large_image","twitter_misc":{"Written by":"carlo.san@tin.it","Estimated reading time":"2 minutes"},"schema":{"@context":"https:\/\/schema.org","@graph":[{"@type":"WebPage","@id":"https:\/\/www.ccaniene.com\/it_it\/berrettini-si-arrende-a-nadal-in-semifinale\/","url":"https:\/\/www.ccaniene.com\/it_it\/berrettini-si-arrende-a-nadal-in-semifinale\/","name":"Australian Open\/Berrettini si arrende a Nadal in semifinale - Circolo Canottieri Aniene","isPartOf":{"@id":"https:\/\/www.ccaniene.com\/it_it\/#website"},"primaryImageOfPage":{"@id":"https:\/\/www.ccaniene.com\/it_it\/berrettini-si-arrende-a-nadal-in-semifinale\/#primaryimage"},"image":{"@id":"https:\/\/www.ccaniene.com\/it_it\/berrettini-si-arrende-a-nadal-in-semifinale\/#primaryimage"},"thumbnailUrl":"https:\/\/www.ccaniene.com\/wp-content\/uploads\/2022\/01\/ber1-1.jpg","datePublished":"2022-01-28T08:33:03+00:00","dateModified":"2022-01-28T08:33:18+00:00","author":{"@id":"https:\/\/www.ccaniene.com\/it_it\/#\/schema\/person\/6042bd0ba360674279dffd4247d570ed"},"breadcrumb":{"@id":"https:\/\/www.ccaniene.com\/it_it\/berrettini-si-arrende-a-nadal-in-semifinale\/#breadcrumb"},"inLanguage":"en-GB","potentialAction":[{"@type":"ReadAction","target":["https:\/\/www.ccaniene.com\/it_it\/berrettini-si-arrende-a-nadal-in-semifinale\/"]}]},{"@type":"ImageObject","inLanguage":"en-GB","@id":"https:\/\/www.ccaniene.com\/it_it\/berrettini-si-arrende-a-nadal-in-semifinale\/#primaryimage","url":"https:\/\/www.ccaniene.com\/wp-content\/uploads\/2022\/01\/ber1-1.jpg","contentUrl":"https:\/\/www.ccaniene.com\/wp-content\/uploads\/2022\/01\/ber1-1.jpg","width":1200,"height":675},{"@type":"BreadcrumbList","@id":"https:\/\/www.ccaniene.com\/it_it\/berrettini-si-arrende-a-nadal-in-semifinale\/#breadcrumb","itemListElement":[{"@type":"ListItem","position":1,"name":"Home","item":"https:\/\/www.ccaniene.com\/it_it\/"},{"@type":"ListItem","position":2,"name":"Australian Open\/Berrettini si arrende a Nadal in semifinale"}]},{"@type":"WebSite","@id":"https:\/\/www.ccaniene.com\/it_it\/#website","url":"https:\/\/www.ccaniene.com\/it_it\/","name":"Circolo Canottieri Aniene","description":"Collare d&#039;Oro e Stella d&#039;Oro al Merito Sportivo","potentialAction":[{"@type":"SearchAction","target":{"@type":"EntryPoint","urlTemplate":"https:\/\/www.ccaniene.com\/it_it\/?s={search_term_string}"},"query-input":{"@type":"PropertyValueSpecification","valueRequired":true,"valueName":"search_term_string"}}],"inLanguage":"en-GB"},{"@type":"Person","@id":"https:\/\/www.ccaniene.com\/it_it\/#\/schema\/person\/6042bd0ba360674279dffd4247d570ed","name":"carlo.san@tin.it","image":{"@type":"ImageObject","inLanguage":"en-GB","@id":"https:\/\/www.ccaniene.com\/it_it\/#\/schema\/person\/image\/","url":"https:\/\/secure.gravatar.com\/avatar\/f993a459d0ffe4d666e4c917fef20ca9?s=96&d=mm&r=g","contentUrl":"https:\/\/secure.gravatar.com\/avatar\/f993a459d0ffe4d666e4c917fef20ca9?s=96&d=mm&r=g","caption":"carlo.san@tin.it"},"url":"https:\/\/www.ccaniene.com\/en\/author\/carlo-santi-2\/"}]}},"_links":{"self":[{"href":"https:\/\/www.ccaniene.com\/en\/wp-json\/wp\/v2\/posts\/22709"}],"collection":[{"href":"https:\/\/www.ccaniene.com\/en\/wp-json\/wp\/v2\/posts"}],"about":[{"href":"https:\/\/www.ccaniene.com\/en\/wp-json\/wp\/v2\/types\/post"}],"author":[{"embeddable":true,"href":"https:\/\/www.ccaniene.com\/en\/wp-json\/wp\/v2\/users\/23521"}],"replies":[{"embeddable":true,"href":"https:\/\/www.ccaniene.com\/en\/wp-json\/wp\/v2\/comments?post=22709"}],"version-history":[{"count":2,"href":"https:\/\/www.ccaniene.com\/en\/wp-json\/wp\/v2\/posts\/22709\/revisions"}],"predecessor-version":[{"id":22713,"href":"https:\/\/www.ccaniene.com\/en\/wp-json\/wp\/v2\/posts\/22709\/revisions\/22713"}],"wp:featuredmedia":[{"embeddable":true,"href":"https:\/\/www.ccaniene.com\/en\/wp-json\/wp\/v2\/media\/22710"}],"wp:attachment":[{"href":"https:\/\/www.ccaniene.com\/en\/wp-json\/wp\/v2\/media?parent=22709"}],"wp:term":[{"taxonomy":"category","embeddable":true,"href":"https:\/\/www.ccaniene.com\/en\/wp-json\/wp\/v2\/categories?post=22709"},{"taxonomy":"post_tag","embeddable":true,"href":"https:\/\/www.ccaniene.com\/en\/wp-json\/wp\/v2\/tags?post=22709"}],"curies":[{"name":"wp","href":"https:\/\/api.w.org\/{rel}","templated":true}]}}