{"id":22265,"date":"2021-11-07T21:44:34","date_gmt":"2021-11-07T20:44:34","guid":{"rendered":"https:\/\/www.ccaniene.com\/?p=22265"},"modified":"2021-11-07T21:44:38","modified_gmt":"2021-11-07T20:44:38","slug":"europei-in-vasca-corta-benedetta-pilato-rana-dargento","status":"publish","type":"post","link":"https:\/\/www.ccaniene.com\/en\/europei-in-vasca-corta-benedetta-pilato-rana-dargento\/","title":{"rendered":"Europei in vasca corta\/Benedetta Pilato rana d&#8217;argento"},"content":{"rendered":"<p>Quattro medaglie, due d\u2019argento e due di bronzo, nella giornata conclusiva dei campionati Europei di nuoto in vasca corta all\u2019Aquatics Palace di Kazan per gli atleti del Circolo Canottieri Aniene con Benedetta Pilato, Nicol\u00f2 Martinenghi, Elena Di Liddo e Silvia Di Pietro.<\/p>\n\n\n\n<p>Nei 50 rana il successo \u00e8 andato ad Arianna Castiglioni con 29\u201d66 che ha sorpreso la campionessa uscente e primatista europea (28\u201d81) Benedetta Pilato, seconda in 29\u201d75. Per la 16enne di Taranto \u00e8 in ogni caso un risultato di prestigio che apre la lunga stagione e d\u00e0 nuove motivazioni dopo l\u2019Olimpiade non brillante. \u00abTempo alto, ma \u00e8 normale. Mi manca un po\u2019 di brillantezza. Non avevo molto di pi\u00f9 da dare. Va benissimo l\u2019argento e la conferma su un podio internazionale &#8211; ha affermato la ranista dell\u2019Aniene allenata da Vito D\u2019Onghia &#8211; La mia condizione non pu\u00f2 che crescere in queste settimane. Non ho preparato questo appuntamento, ma finalizzer\u00f2 la preparazione per i prossimi\u00bb.<\/p>\n\n\n\n<figure class=\"wp-block-image size-full\"><img fetchpriority=\"high\" decoding=\"async\" width=\"1024\" height=\"681\" src=\"http:\/\/www.ccaniene.com\/wp-content\/uploads\/2021\/11\/podiopilato.jpg\" alt=\"\" class=\"wp-image-22268\" srcset=\"https:\/\/www.ccaniene.com\/wp-content\/uploads\/2021\/11\/podiopilato.jpg 1024w, https:\/\/www.ccaniene.com\/wp-content\/uploads\/2021\/11\/podiopilato-800x532.jpg 800w, https:\/\/www.ccaniene.com\/wp-content\/uploads\/2021\/11\/podiopilato-768x511.jpg 768w\" sizes=\"(max-width: 1024px) 100vw, 1024px\" \/><\/figure>\n\n\n\n<p>Michele Lamberti con 22\u201d72 ha lanciato la 4&#215;50 mixed mista prima delle frazioni di Nicol\u00f2 Martinenghi (25\u201d13), Elena Di Liddo (25\u201d09) e Silvia Di Pietro (23\u201d&#8221;45), tutti e tre nuotatori dell\u2019Aniene, che hanno realizzato il record italiano portandolo dall\u20191\u201937\u201d90, che valse il bronzo mondiale a Doha il 4 dicembre 2014, all\u20191\u201936\u201d39 per il secondo posto dietro l\u2019Olanda prima con 1\u201936\u201d18. \u00abPeccato perch\u00e9 l\u2019Olanda non era tanto lontana. Abbiamo chiuso alla grandissima\u00bb, ha detto Martinenghi mentre Di Liddo ha aggiunto che \u00abad un certo punto ho pensato di vincerla questa staffetta. Ho un po\u2019 l\u2019amaro in bocca, ma poi riflettendoci \u00e8 un argento pesante e bello\u00bb.<\/p>\n\n\n\n<figure class=\"wp-block-gallery columns-3 is-cropped wp-block-gallery-1 is-layout-flex wp-block-gallery-is-layout-flex\"><ul class=\"blocks-gallery-grid\"><li class=\"blocks-gallery-item\"><figure><img decoding=\"async\" width=\"800\" height=\"533\" src=\"http:\/\/www.ccaniene.com\/wp-content\/uploads\/2021\/11\/staffettakazan.jpg\" alt=\"\" data-id=\"22274\" data-link=\"https:\/\/www.ccaniene.com\/?attachment_id=22274\" class=\"wp-image-22274\" srcset=\"https:\/\/www.ccaniene.com\/wp-content\/uploads\/2021\/11\/staffettakazan.jpg 800w, https:\/\/www.ccaniene.com\/wp-content\/uploads\/2021\/11\/staffettakazan-768x512.jpg 768w\" sizes=\"(max-width: 800px) 100vw, 800px\" \/><\/figure><\/li><li class=\"blocks-gallery-item\"><figure><img decoding=\"async\" width=\"900\" height=\"506\" src=\"http:\/\/www.ccaniene.com\/wp-content\/uploads\/2021\/11\/nicolcKazan-1.jpg\" alt=\"\" data-id=\"22276\" data-full-url=\"http:\/\/www.ccaniene.com\/wp-content\/uploads\/2021\/11\/nicolcKazan-1.jpg\" data-link=\"https:\/\/www.ccaniene.com\/?attachment_id=22276\" class=\"wp-image-22276\" srcset=\"https:\/\/www.ccaniene.com\/wp-content\/uploads\/2021\/11\/nicolcKazan-1.jpg 900w, https:\/\/www.ccaniene.com\/wp-content\/uploads\/2021\/11\/nicolcKazan-1-800x450.jpg 800w, https:\/\/www.ccaniene.com\/wp-content\/uploads\/2021\/11\/nicolcKazan-1-768x432.jpg 768w\" sizes=\"(max-width: 900px) 100vw, 900px\" \/><\/figure><\/li><li class=\"blocks-gallery-item\"><figure><img loading=\"lazy\" decoding=\"async\" width=\"900\" height=\"506\" src=\"http:\/\/www.ccaniene.com\/wp-content\/uploads\/2021\/11\/nicolo1kazan.jpg\" alt=\"\" data-id=\"22278\" data-full-url=\"http:\/\/www.ccaniene.com\/wp-content\/uploads\/2021\/11\/nicolo1kazan.jpg\" data-link=\"https:\/\/www.ccaniene.com\/?attachment_id=22278\" class=\"wp-image-22278\" srcset=\"https:\/\/www.ccaniene.com\/wp-content\/uploads\/2021\/11\/nicolo1kazan.jpg 900w, https:\/\/www.ccaniene.com\/wp-content\/uploads\/2021\/11\/nicolo1kazan-800x450.jpg 800w, https:\/\/www.ccaniene.com\/wp-content\/uploads\/2021\/11\/nicolo1kazan-768x432.jpg 768w\" sizes=\"(max-width: 900px) 100vw, 900px\" \/><\/figure><\/li><\/ul><\/figure>\n\n\n\n<p>Nicol\u00f2 Martinenghi prima della staffetta non \u00e8 riuscito a ripetere la straordinaria semifinale da 25\u201d37 e in 25\u201d54 ha conquistato il bronzo nei 50 rana. Oro al bielorusso Ilya Shymanovich che ha bissato il successo dei 200 e in 25\u201d25 ha eguagliato il record mondiale gommato che il sudafricano Cameron van der Burgh ha stabilito nel 2009.<\/p>\n\n\n\n<p>\u00abAlla fine sono molto soddisfatto perch\u00e9 \u00e8 stata una finale di altissimo livello. Non ho veramente nulla da rimproverarmi &#8211; le parole di Nicol\u00f2 &#8211; I 50 sono una gara difficilissima, perch\u00e9 tanti piccoli dettagli devono incastrarsi per renderla perfetta. Esco da questo europeo con tre medaglie, un record del mondo e sensazioni ottime per la stagione\u00bb.<\/p>\n\n\n\n<p>\u00abDedico innanzitutto questa medaglia a mio nonno Mino che sarebbe stato fiero di me e che era il mio primo tifoso; poi al mio fidanzato Bino, che mi ha ridato la giusta tranquillit\u00e0 di cui avevo bisogno &#8211; ha affermato la velocista romana &#8211; Ho rincorso questa nuova medaglia individuale per tanto tempo ed \u00e8 finalmente arrivata. Ho passato stagioni non facili, nelle quali mi sono fermata pi\u00f9 volte proprio nel momento in cui stavo rimettendo la testa fuori; mi sento ancora giovane e le motivazioni sono sempre le stesse. Amo questo sport e tutto ci\u00f2 che mi ha sempre regalato\u00bb. Pi\u00f9 lontana Elena Di Liddo. La 28enne di Bisceglie ha chiuso in 25\u201d43 per il sesto posto.<\/p>\n\n\n\n<p>Niente tris di medaglie per Simona Quadarella oggi in vasca nei 400sl: ha chiuso al quinto posto in 4\u201902\u201d10. \u00abQuesto quinto posto mi perseguita &#8211; ha detto con un sorriso sarcastico Simona &#8211; La verit\u00e0 \u00e8 che mi sono mancati gli ultimi 50 metri e quindi un po\u2019 di velocit\u00e0. Non mi abbatto certamente; il periodo \u00e8 quello che \u00e8: non posso essere al top della forma considerano che mi aspetta una stagione piuttosto impegnativa\u00bb.<\/p>\n\n\n\n<figure class=\"wp-block-gallery columns-2 is-cropped wp-block-gallery-2 is-layout-flex wp-block-gallery-is-layout-flex\"><ul class=\"blocks-gallery-grid\"><li class=\"blocks-gallery-item\"><figure><img loading=\"lazy\" decoding=\"async\" width=\"900\" height=\"506\" src=\"http:\/\/www.ccaniene.com\/wp-content\/uploads\/2021\/11\/simo1kazan.jpg\" alt=\"\" data-id=\"22282\" data-full-url=\"http:\/\/www.ccaniene.com\/wp-content\/uploads\/2021\/11\/simo1kazan.jpg\" data-link=\"https:\/\/www.ccaniene.com\/?attachment_id=22282\" class=\"wp-image-22282\" srcset=\"https:\/\/www.ccaniene.com\/wp-content\/uploads\/2021\/11\/simo1kazan.jpg 900w, https:\/\/www.ccaniene.com\/wp-content\/uploads\/2021\/11\/simo1kazan-800x450.jpg 800w, https:\/\/www.ccaniene.com\/wp-content\/uploads\/2021\/11\/simo1kazan-768x432.jpg 768w\" sizes=\"(max-width: 900px) 100vw, 900px\" \/><\/figure><\/li><li class=\"blocks-gallery-item\"><figure><img loading=\"lazy\" decoding=\"async\" width=\"900\" height=\"506\" src=\"http:\/\/www.ccaniene.com\/wp-content\/uploads\/2021\/11\/simo2kazan.jpg\" alt=\"\" data-id=\"22284\" data-full-url=\"http:\/\/www.ccaniene.com\/wp-content\/uploads\/2021\/11\/simo2kazan.jpg\" data-link=\"https:\/\/www.ccaniene.com\/?attachment_id=22284\" class=\"wp-image-22284\" srcset=\"https:\/\/www.ccaniene.com\/wp-content\/uploads\/2021\/11\/simo2kazan.jpg 900w, https:\/\/www.ccaniene.com\/wp-content\/uploads\/2021\/11\/simo2kazan-800x450.jpg 800w, https:\/\/www.ccaniene.com\/wp-content\/uploads\/2021\/11\/simo2kazan-768x432.jpg 768w\" sizes=\"(max-width: 900px) 100vw, 900px\" \/><\/figure><\/li><\/ul><\/figure>\n\n\n\n<p><em>foto di Andrea Staccioli e Giorgio Scala \/ DBM &#8211; Inside<\/em><\/p>","protected":false},"excerpt":{"rendered":"<p>Quattro medaglie, due d\u2019argento e due di bronzo, nella giornata conclusiva dei campionati Europei di nuoto in vasca corta all\u2019Aquatics Palace di Kazan per gli atleti del Circolo Canottieri Aniene con Benedetta Pilato, Nicol\u00f2 Martinenghi, Elena Di Liddo e Silvia Di Pietro. Nei 50 rana il successo \u00e8 andato ad Arianna Castiglioni con 29\u201d66 che [&hellip;]<\/p>","protected":false},"author":23521,"featured_media":22266,"comment_status":"closed","ping_status":"closed","sticky":false,"template":"","format":"standard","meta":{"pmpro_default_level":0,"footnotes":"","_links_to":"","_links_to_target":""},"categories":[1,11],"tags":[],"class_list":["post-22265","post","type-post","status-publish","format-standard","has-post-thumbnail","hentry","category-news","category-nuoto","pmpro-has-access"],"featured_image_urls":{"medium":"https:\/\/www.ccaniene.com\/wp-content\/uploads\/2021\/11\/pilato1kazan-800x532.jpg","thumbnail":"https:\/\/www.ccaniene.com\/wp-content\/uploads\/2021\/11\/pilato1kazan-400x400.jpg","medium_large":"https:\/\/www.ccaniene.com\/wp-content\/uploads\/2021\/11\/pilato1kazan-768x511.jpg"},"appp_media":null,"yoast_head":"<!-- This site is optimized with the Yoast SEO plugin v23.6 - https:\/\/yoast.com\/wordpress\/plugins\/seo\/ -->\n<title>Europei in vasca corta\/Benedetta Pilato rana d&#039;argento - Circolo Canottieri Aniene<\/title>\n<meta name=\"robots\" content=\"index, follow, max-snippet:-1, max-image-preview:large, max-video-preview:-1\" \/>\n<link rel=\"canonical\" href=\"https:\/\/www.ccaniene.com\/en\/europei-in-vasca-corta-benedetta-pilato-rana-dargento\/\" \/>\n<meta property=\"og:locale\" content=\"en_GB\" \/>\n<meta property=\"og:type\" content=\"article\" \/>\n<meta property=\"og:title\" content=\"Europei in vasca corta\/Benedetta Pilato rana d&#039;argento - Circolo Canottieri Aniene\" \/>\n<meta property=\"og:description\" content=\"Quattro medaglie, due d\u2019argento e due di bronzo, nella giornata conclusiva dei campionati Europei di nuoto in vasca corta all\u2019Aquatics Palace di Kazan per gli atleti del Circolo Canottieri Aniene con Benedetta Pilato, Nicol\u00f2 Martinenghi, Elena Di Liddo e Silvia Di Pietro. Nei 50 rana il successo \u00e8 andato ad Arianna Castiglioni con 29\u201d66 che [&hellip;]\" \/>\n<meta property=\"og:url\" content=\"https:\/\/www.ccaniene.com\/en\/europei-in-vasca-corta-benedetta-pilato-rana-dargento\/\" \/>\n<meta property=\"og:site_name\" content=\"Circolo Canottieri Aniene\" \/>\n<meta property=\"article:published_time\" content=\"2021-11-07T20:44:34+00:00\" \/>\n<meta property=\"article:modified_time\" content=\"2021-11-07T20:44:38+00:00\" \/>\n<meta property=\"og:image\" content=\"https:\/\/www.ccaniene.com\/wp-content\/uploads\/2021\/11\/pilato1kazan.jpg\" \/>\n\t<meta property=\"og:image:width\" content=\"1024\" \/>\n\t<meta property=\"og:image:height\" content=\"681\" \/>\n\t<meta property=\"og:image:type\" content=\"image\/jpeg\" \/>\n<meta name=\"author\" content=\"carlo.san@tin.it\" \/>\n<meta name=\"twitter:card\" content=\"summary_large_image\" \/>\n<meta name=\"twitter:label1\" content=\"Written by\" \/>\n\t<meta name=\"twitter:data1\" content=\"carlo.san@tin.it\" \/>\n\t<meta name=\"twitter:label2\" content=\"Estimated reading time\" \/>\n\t<meta name=\"twitter:data2\" content=\"4 minutes\" \/>\n<script type=\"application\/ld+json\" class=\"yoast-schema-graph\">{\"@context\":\"https:\/\/schema.org\",\"@graph\":[{\"@type\":\"WebPage\",\"@id\":\"https:\/\/www.ccaniene.com\/it_it\/europei-in-vasca-corta-benedetta-pilato-rana-dargento\/\",\"url\":\"https:\/\/www.ccaniene.com\/it_it\/europei-in-vasca-corta-benedetta-pilato-rana-dargento\/\",\"name\":\"Europei in vasca corta\/Benedetta Pilato rana d'argento - Circolo Canottieri Aniene\",\"isPartOf\":{\"@id\":\"https:\/\/www.ccaniene.com\/it_it\/#website\"},\"primaryImageOfPage\":{\"@id\":\"https:\/\/www.ccaniene.com\/it_it\/europei-in-vasca-corta-benedetta-pilato-rana-dargento\/#primaryimage\"},\"image\":{\"@id\":\"https:\/\/www.ccaniene.com\/it_it\/europei-in-vasca-corta-benedetta-pilato-rana-dargento\/#primaryimage\"},\"thumbnailUrl\":\"https:\/\/www.ccaniene.com\/wp-content\/uploads\/2021\/11\/pilato1kazan.jpg\",\"datePublished\":\"2021-11-07T20:44:34+00:00\",\"dateModified\":\"2021-11-07T20:44:38+00:00\",\"author\":{\"@id\":\"https:\/\/www.ccaniene.com\/it_it\/#\/schema\/person\/6042bd0ba360674279dffd4247d570ed\"},\"breadcrumb\":{\"@id\":\"https:\/\/www.ccaniene.com\/it_it\/europei-in-vasca-corta-benedetta-pilato-rana-dargento\/#breadcrumb\"},\"inLanguage\":\"en-GB\",\"potentialAction\":[{\"@type\":\"ReadAction\",\"target\":[\"https:\/\/www.ccaniene.com\/it_it\/europei-in-vasca-corta-benedetta-pilato-rana-dargento\/\"]}]},{\"@type\":\"ImageObject\",\"inLanguage\":\"en-GB\",\"@id\":\"https:\/\/www.ccaniene.com\/it_it\/europei-in-vasca-corta-benedetta-pilato-rana-dargento\/#primaryimage\",\"url\":\"https:\/\/www.ccaniene.com\/wp-content\/uploads\/2021\/11\/pilato1kazan.jpg\",\"contentUrl\":\"https:\/\/www.ccaniene.com\/wp-content\/uploads\/2021\/11\/pilato1kazan.jpg\",\"width\":1024,\"height\":681},{\"@type\":\"BreadcrumbList\",\"@id\":\"https:\/\/www.ccaniene.com\/it_it\/europei-in-vasca-corta-benedetta-pilato-rana-dargento\/#breadcrumb\",\"itemListElement\":[{\"@type\":\"ListItem\",\"position\":1,\"name\":\"Home\",\"item\":\"https:\/\/www.ccaniene.com\/it_it\/\"},{\"@type\":\"ListItem\",\"position\":2,\"name\":\"Europei in vasca corta\/Benedetta Pilato rana d&#8217;argento\"}]},{\"@type\":\"WebSite\",\"@id\":\"https:\/\/www.ccaniene.com\/it_it\/#website\",\"url\":\"https:\/\/www.ccaniene.com\/it_it\/\",\"name\":\"Circolo Canottieri Aniene\",\"description\":\"Collare d&#039;Oro e Stella d&#039;Oro al Merito Sportivo\",\"potentialAction\":[{\"@type\":\"SearchAction\",\"target\":{\"@type\":\"EntryPoint\",\"urlTemplate\":\"https:\/\/www.ccaniene.com\/it_it\/?s={search_term_string}\"},\"query-input\":{\"@type\":\"PropertyValueSpecification\",\"valueRequired\":true,\"valueName\":\"search_term_string\"}}],\"inLanguage\":\"en-GB\"},{\"@type\":\"Person\",\"@id\":\"https:\/\/www.ccaniene.com\/it_it\/#\/schema\/person\/6042bd0ba360674279dffd4247d570ed\",\"name\":\"carlo.san@tin.it\",\"image\":{\"@type\":\"ImageObject\",\"inLanguage\":\"en-GB\",\"@id\":\"https:\/\/www.ccaniene.com\/it_it\/#\/schema\/person\/image\/\",\"url\":\"https:\/\/secure.gravatar.com\/avatar\/f993a459d0ffe4d666e4c917fef20ca9?s=96&d=mm&r=g\",\"contentUrl\":\"https:\/\/secure.gravatar.com\/avatar\/f993a459d0ffe4d666e4c917fef20ca9?s=96&d=mm&r=g\",\"caption\":\"carlo.san@tin.it\"},\"url\":\"https:\/\/www.ccaniene.com\/en\/author\/carlo-santi-2\/\"}]}<\/script>\n<!-- \/ Yoast SEO plugin. -->","yoast_head_json":{"title":"Europei in vasca corta\/Benedetta Pilato rana d'argento - Circolo Canottieri Aniene","robots":{"index":"index","follow":"follow","max-snippet":"max-snippet:-1","max-image-preview":"max-image-preview:large","max-video-preview":"max-video-preview:-1"},"canonical":"https:\/\/www.ccaniene.com\/en\/europei-in-vasca-corta-benedetta-pilato-rana-dargento\/","og_locale":"en_GB","og_type":"article","og_title":"Europei in vasca corta\/Benedetta Pilato rana d'argento - Circolo Canottieri Aniene","og_description":"Quattro medaglie, due d\u2019argento e due di bronzo, nella giornata conclusiva dei campionati Europei di nuoto in vasca corta all\u2019Aquatics Palace di Kazan per gli atleti del Circolo Canottieri Aniene con Benedetta Pilato, Nicol\u00f2 Martinenghi, Elena Di Liddo e Silvia Di Pietro. Nei 50 rana il successo \u00e8 andato ad Arianna Castiglioni con 29\u201d66 che [&hellip;]","og_url":"https:\/\/www.ccaniene.com\/en\/europei-in-vasca-corta-benedetta-pilato-rana-dargento\/","og_site_name":"Circolo Canottieri Aniene","article_published_time":"2021-11-07T20:44:34+00:00","article_modified_time":"2021-11-07T20:44:38+00:00","og_image":[{"width":1024,"height":681,"url":"https:\/\/www.ccaniene.com\/wp-content\/uploads\/2021\/11\/pilato1kazan.jpg","type":"image\/jpeg"}],"author":"carlo.san@tin.it","twitter_card":"summary_large_image","twitter_misc":{"Written by":"carlo.san@tin.it","Estimated reading time":"4 minutes"},"schema":{"@context":"https:\/\/schema.org","@graph":[{"@type":"WebPage","@id":"https:\/\/www.ccaniene.com\/it_it\/europei-in-vasca-corta-benedetta-pilato-rana-dargento\/","url":"https:\/\/www.ccaniene.com\/it_it\/europei-in-vasca-corta-benedetta-pilato-rana-dargento\/","name":"Europei in vasca corta\/Benedetta Pilato rana d'argento - Circolo Canottieri Aniene","isPartOf":{"@id":"https:\/\/www.ccaniene.com\/it_it\/#website"},"primaryImageOfPage":{"@id":"https:\/\/www.ccaniene.com\/it_it\/europei-in-vasca-corta-benedetta-pilato-rana-dargento\/#primaryimage"},"image":{"@id":"https:\/\/www.ccaniene.com\/it_it\/europei-in-vasca-corta-benedetta-pilato-rana-dargento\/#primaryimage"},"thumbnailUrl":"https:\/\/www.ccaniene.com\/wp-content\/uploads\/2021\/11\/pilato1kazan.jpg","datePublished":"2021-11-07T20:44:34+00:00","dateModified":"2021-11-07T20:44:38+00:00","author":{"@id":"https:\/\/www.ccaniene.com\/it_it\/#\/schema\/person\/6042bd0ba360674279dffd4247d570ed"},"breadcrumb":{"@id":"https:\/\/www.ccaniene.com\/it_it\/europei-in-vasca-corta-benedetta-pilato-rana-dargento\/#breadcrumb"},"inLanguage":"en-GB","potentialAction":[{"@type":"ReadAction","target":["https:\/\/www.ccaniene.com\/it_it\/europei-in-vasca-corta-benedetta-pilato-rana-dargento\/"]}]},{"@type":"ImageObject","inLanguage":"en-GB","@id":"https:\/\/www.ccaniene.com\/it_it\/europei-in-vasca-corta-benedetta-pilato-rana-dargento\/#primaryimage","url":"https:\/\/www.ccaniene.com\/wp-content\/uploads\/2021\/11\/pilato1kazan.jpg","contentUrl":"https:\/\/www.ccaniene.com\/wp-content\/uploads\/2021\/11\/pilato1kazan.jpg","width":1024,"height":681},{"@type":"BreadcrumbList","@id":"https:\/\/www.ccaniene.com\/it_it\/europei-in-vasca-corta-benedetta-pilato-rana-dargento\/#breadcrumb","itemListElement":[{"@type":"ListItem","position":1,"name":"Home","item":"https:\/\/www.ccaniene.com\/it_it\/"},{"@type":"ListItem","position":2,"name":"Europei in vasca corta\/Benedetta Pilato rana d&#8217;argento"}]},{"@type":"WebSite","@id":"https:\/\/www.ccaniene.com\/it_it\/#website","url":"https:\/\/www.ccaniene.com\/it_it\/","name":"Circolo Canottieri Aniene","description":"Collare d&#039;Oro e Stella d&#039;Oro al Merito Sportivo","potentialAction":[{"@type":"SearchAction","target":{"@type":"EntryPoint","urlTemplate":"https:\/\/www.ccaniene.com\/it_it\/?s={search_term_string}"},"query-input":{"@type":"PropertyValueSpecification","valueRequired":true,"valueName":"search_term_string"}}],"inLanguage":"en-GB"},{"@type":"Person","@id":"https:\/\/www.ccaniene.com\/it_it\/#\/schema\/person\/6042bd0ba360674279dffd4247d570ed","name":"carlo.san@tin.it","image":{"@type":"ImageObject","inLanguage":"en-GB","@id":"https:\/\/www.ccaniene.com\/it_it\/#\/schema\/person\/image\/","url":"https:\/\/secure.gravatar.com\/avatar\/f993a459d0ffe4d666e4c917fef20ca9?s=96&d=mm&r=g","contentUrl":"https:\/\/secure.gravatar.com\/avatar\/f993a459d0ffe4d666e4c917fef20ca9?s=96&d=mm&r=g","caption":"carlo.san@tin.it"},"url":"https:\/\/www.ccaniene.com\/en\/author\/carlo-santi-2\/"}]}},"_links":{"self":[{"href":"https:\/\/www.ccaniene.com\/en\/wp-json\/wp\/v2\/posts\/22265"}],"collection":[{"href":"https:\/\/www.ccaniene.com\/en\/wp-json\/wp\/v2\/posts"}],"about":[{"href":"https:\/\/www.ccaniene.com\/en\/wp-json\/wp\/v2\/types\/post"}],"author":[{"embeddable":true,"href":"https:\/\/www.ccaniene.com\/en\/wp-json\/wp\/v2\/users\/23521"}],"replies":[{"embeddable":true,"href":"https:\/\/www.ccaniene.com\/en\/wp-json\/wp\/v2\/comments?post=22265"}],"version-history":[{"count":1,"href":"https:\/\/www.ccaniene.com\/en\/wp-json\/wp\/v2\/posts\/22265\/revisions"}],"predecessor-version":[{"id":22286,"href":"https:\/\/www.ccaniene.com\/en\/wp-json\/wp\/v2\/posts\/22265\/revisions\/22286"}],"wp:featuredmedia":[{"embeddable":true,"href":"https:\/\/www.ccaniene.com\/en\/wp-json\/wp\/v2\/media\/22266"}],"wp:attachment":[{"href":"https:\/\/www.ccaniene.com\/en\/wp-json\/wp\/v2\/media?parent=22265"}],"wp:term":[{"taxonomy":"category","embeddable":true,"href":"https:\/\/www.ccaniene.com\/en\/wp-json\/wp\/v2\/categories?post=22265"},{"taxonomy":"post_tag","embeddable":true,"href":"https:\/\/www.ccaniene.com\/en\/wp-json\/wp\/v2\/tags?post=22265"}],"curies":[{"name":"wp","href":"https:\/\/api.w.org\/{rel}","templated":true}]}}