{"id":22207,"date":"2021-11-04T21:44:30","date_gmt":"2021-11-04T20:44:30","guid":{"rendered":"https:\/\/www.ccaniene.com\/?p=22207"},"modified":"2021-11-04T21:44:33","modified_gmt":"2021-11-04T20:44:33","slug":"europei-in-vasca-corta-martinenghi-rana-doro-margherita-panziera-e-dargento","status":"publish","type":"post","link":"https:\/\/www.ccaniene.com\/en\/europei-in-vasca-corta-martinenghi-rana-doro-margherita-panziera-e-dargento\/","title":{"rendered":"Europei in vasca corta\/Martinenghi rana d&#8217;oro. Margherita Panziera \u00e8 d&#8217;argento"},"content":{"rendered":"<p>Capolavoro Martinenghi, il fenomeno della rana che stordisce tutti con uno splendido oro nei 100 metri, il sorriso di Margherita Panziera che si butta alle spalle qualche dispiacere estivo con acqua salata prima di tornare in quella dolce e conquistare l\u2019argento nei 200 dorso, il bronzo di Silvia Di Pietro con le sue compagne d\u2019azzurro nella 4&#215;50 mista. \u00c8 la festa per i colori dell\u2019Aniene all\u2019Aquatic Palace di Kazan dove s\u2019\u00e8 disputata la terza giornata dei campionati Europei in vasca corta.<\/p>\n\n\n\n<p>Nicol\u00f2 Martinenghi si \u00e8 messo l\u2019oro al collo. Il nostro ranista d\u2019assalto ha dominato i 100 rana con autorit\u00e0 e potenza, in totale controllo degli avversari e della gara ha battuto il bielorusso primatista mondiale (55\u201d34) Ilya Shymanovich in 55\u201d63 contro 55\u201d77. Il 21enne di Varese, che in estate ha conquistato il bronzo olimpico nella gara individuale e nella staffetta 4&#215;100 mista e a Kazan l\u2019oro con il primato del mondo della 4&#215;50 mista, stavolta ha anche migliorato il record italiano del capitano Fabio Scozzoli scendendo sotto al limite di 56\u201d15 che aveva consentito al leone azzurro di conquistare l\u2019argento a Copenhagen nel 2017.<\/p>\n\n\n\n<p>Gara perfetta per il nostro Nicol\u00f2 con frazioni da 26\u201d03 e 29\u201d60, nuotata col piglio del campione e celebrata da simpatico guascone, mimando la sorpresa, nonch\u00e9 soddisfazione, puntando l\u2019indice verso la tribuna azzurra e cantando l\u2019inno di Mameli sul podio. \u00abQuesta \u00e8 stata una delle gare pi\u00f9 belle della mia vita. Credo di non aver sbagliato nulla &#8211; le parole del campione dell\u2019Aniene &#8211; non ho commesso sbavature e in genere qualche pecca c&#8217;\u00e8 sempre. Non avrei mai pensato di vincere e addirittura con il record italiano. Non so veramente cosa dire. In queste ultime settimane non sono stato neanche tanto bene, perch\u00e9 ho avuto dei problemi alle ginocchia. Per fortuna con le terapie e le cure giuste sono tornato subito competitivo. Le medaglie olimpiche mi hanno liberato di qualche peso che avevo e reso pi\u00f9 sicuro di me stesso. Sono entrato in una nuova dimensione ed \u00e8 meraviglioso esserci\u00bb.<\/p>\n\n\n\n<figure class=\"wp-block-gallery columns-2 is-cropped wp-block-gallery-1 is-layout-flex wp-block-gallery-is-layout-flex\"><ul class=\"blocks-gallery-grid\"><li class=\"blocks-gallery-item\"><figure><img fetchpriority=\"high\" decoding=\"async\" width=\"900\" height=\"600\" src=\"http:\/\/www.ccaniene.com\/wp-content\/uploads\/2021\/11\/marti1Kazan.jpg\" alt=\"\" data-id=\"22212\" data-full-url=\"http:\/\/www.ccaniene.com\/wp-content\/uploads\/2021\/11\/marti1Kazan.jpg\" data-link=\"https:\/\/www.ccaniene.com\/?attachment_id=22212\" class=\"wp-image-22212\" srcset=\"https:\/\/www.ccaniene.com\/wp-content\/uploads\/2021\/11\/marti1Kazan.jpg 900w, https:\/\/www.ccaniene.com\/wp-content\/uploads\/2021\/11\/marti1Kazan-800x533.jpg 800w, https:\/\/www.ccaniene.com\/wp-content\/uploads\/2021\/11\/marti1Kazan-768x512.jpg 768w\" sizes=\"(max-width: 900px) 100vw, 900px\" \/><\/figure><\/li><li class=\"blocks-gallery-item\"><figure><img decoding=\"async\" width=\"900\" height=\"506\" src=\"http:\/\/www.ccaniene.com\/wp-content\/uploads\/2021\/11\/martiKazan.jpg\" alt=\"\" data-id=\"22214\" data-full-url=\"http:\/\/www.ccaniene.com\/wp-content\/uploads\/2021\/11\/martiKazan.jpg\" data-link=\"https:\/\/www.ccaniene.com\/?attachment_id=22214\" class=\"wp-image-22214\" srcset=\"https:\/\/www.ccaniene.com\/wp-content\/uploads\/2021\/11\/martiKazan.jpg 900w, https:\/\/www.ccaniene.com\/wp-content\/uploads\/2021\/11\/martiKazan-800x450.jpg 800w, https:\/\/www.ccaniene.com\/wp-content\/uploads\/2021\/11\/martiKazan-768x432.jpg 768w\" sizes=\"(max-width: 900px) 100vw, 900px\" \/><\/figure><\/li><\/ul><\/figure>\n\n\n\n<p>Margherita Panzier\u00e0 \u00e8 d\u2019argento nei 200 dorso che ha vinto a Glasgow nel 2019 dopo essere stata terza a Copenhagen nel 2017. La 26enne di Montebelluna ha toccato in 2\u201902\u201d05, non troppo lontana dal suo record italiano di 2\u201901\u201d45 che avrebbe dovuto migliorare per battere l\u2019olandese Kira Toussaint che ha vinto in 2\u201901\u201d26. \u00abSono molto contenta della gara perch\u00e9 ho nuotato a sei decimi dal record &#8211; le parole di Margherita, allieva di Gianluca Belfiore &#8211; e significa che sto lavorando benissimo.&nbsp;&nbsp;Dopo due mesi di lavoro \u00e8 un gran tempo ed \u00e8 la prima tappa di una lunghissima stagione e bisogna capire quali sono le priorit\u00e0 e su cosa puntare. Prover\u00f2 a migliorarmi ai Mondiali a dicembre\u00bb.<\/p>\n\n\n\n<p>Con il record italiano stabilito per l\u2019argento a Glasgow la staffetta 4&#215;50 mista femminile ha conquistato il bronzo. Silvia Scalia in 26\u201d59, Arianna Castiglioni in 29\u201d36, Elena Di Liddo dell\u2019Aniene in 24\u201d97 e Silvia Di Pietro, anche lei atleta del nostro Circolo, in 23\u201d54 hanno chiuso col primato di 1\u201944\u201d46. \u00abSiamo state bravissime tutte. Non era assolutamente scontata la medaglia &#8211; ha spiegato Scalia, che all\u2019Aniene \u00e8 allenata da Christian Minotti &#8211; Russia e Svezia non sono neanche troppo lontane\u00bb. Gasata Di Liddo: \u00abUn record italiano \u00e8 sempre una grandissima cosa &#8211; ha affermato la pugliese che \u00e8 seguita da Raffaele Girardi &#8211; Peccato perch\u00e9 forse poteva arrivare qualcosa in pi\u00f9, ma siamo soddisfattissime\u00bb.<\/p>\n\n\n\n<figure class=\"wp-block-gallery columns-3 is-cropped wp-block-gallery-2 is-layout-flex wp-block-gallery-is-layout-flex\"><ul class=\"blocks-gallery-grid\"><li class=\"blocks-gallery-item\"><figure><img decoding=\"async\" width=\"900\" height=\"600\" src=\"http:\/\/www.ccaniene.com\/wp-content\/uploads\/2021\/11\/rivoltaKazan.jpg\" alt=\"\" data-id=\"22216\" data-link=\"https:\/\/www.ccaniene.com\/?attachment_id=22216\" class=\"wp-image-22216\" srcset=\"https:\/\/www.ccaniene.com\/wp-content\/uploads\/2021\/11\/rivoltaKazan.jpg 900w, https:\/\/www.ccaniene.com\/wp-content\/uploads\/2021\/11\/rivoltaKazan-800x533.jpg 800w, https:\/\/www.ccaniene.com\/wp-content\/uploads\/2021\/11\/rivoltaKazan-768x512.jpg 768w\" sizes=\"(max-width: 900px) 100vw, 900px\" \/><\/figure><\/li><li class=\"blocks-gallery-item\"><figure><img loading=\"lazy\" decoding=\"async\" width=\"900\" height=\"506\" src=\"http:\/\/www.ccaniene.com\/wp-content\/uploads\/2021\/11\/silviaKazan.jpg\" alt=\"\" data-id=\"22218\" data-link=\"https:\/\/www.ccaniene.com\/?attachment_id=22218\" class=\"wp-image-22218\" srcset=\"https:\/\/www.ccaniene.com\/wp-content\/uploads\/2021\/11\/silviaKazan.jpg 900w, https:\/\/www.ccaniene.com\/wp-content\/uploads\/2021\/11\/silviaKazan-800x450.jpg 800w, https:\/\/www.ccaniene.com\/wp-content\/uploads\/2021\/11\/silviaKazan-768x432.jpg 768w\" sizes=\"(max-width: 900px) 100vw, 900px\" \/><\/figure><\/li><li class=\"blocks-gallery-item\"><figure><img loading=\"lazy\" decoding=\"async\" width=\"900\" height=\"506\" src=\"http:\/\/www.ccaniene.com\/wp-content\/uploads\/2021\/11\/staffetta1Kazan.jpg\" alt=\"\" data-id=\"22220\" data-full-url=\"http:\/\/www.ccaniene.com\/wp-content\/uploads\/2021\/11\/staffetta1Kazan.jpg\" data-link=\"https:\/\/www.ccaniene.com\/?attachment_id=22220\" class=\"wp-image-22220\" srcset=\"https:\/\/www.ccaniene.com\/wp-content\/uploads\/2021\/11\/staffetta1Kazan.jpg 900w, https:\/\/www.ccaniene.com\/wp-content\/uploads\/2021\/11\/staffetta1Kazan-800x450.jpg 800w, https:\/\/www.ccaniene.com\/wp-content\/uploads\/2021\/11\/staffetta1Kazan-768x432.jpg 768w\" sizes=\"(max-width: 900px) 100vw, 900px\" \/><\/figure><\/li><li class=\"blocks-gallery-item\"><figure><img loading=\"lazy\" decoding=\"async\" width=\"900\" height=\"599\" src=\"http:\/\/www.ccaniene.com\/wp-content\/uploads\/2021\/11\/staffettaFKazan.jpg\" alt=\"\" data-id=\"22222\" data-full-url=\"http:\/\/www.ccaniene.com\/wp-content\/uploads\/2021\/11\/staffettaFKazan.jpg\" data-link=\"https:\/\/www.ccaniene.com\/?attachment_id=22222\" class=\"wp-image-22222\" srcset=\"https:\/\/www.ccaniene.com\/wp-content\/uploads\/2021\/11\/staffettaFKazan.jpg 900w, https:\/\/www.ccaniene.com\/wp-content\/uploads\/2021\/11\/staffettaFKazan-800x532.jpg 800w, https:\/\/www.ccaniene.com\/wp-content\/uploads\/2021\/11\/staffettaFKazan-768x511.jpg 768w\" sizes=\"(max-width: 900px) 100vw, 900px\" \/><\/figure><\/li><\/ul><\/figure>\n\n\n\n<p>Eccoci alle semifinali. Nei 100 stile libero Silvia Di Pietro ha realizzato il personale con 52\u201d75 e ha conquistato il quinto tempo. \u00abPer me questa finale dei 100 ha un grande significato &#8211; ha osservato &#8211; In primis perch\u00e9 mi riscatta dalla finale di ieri dei 50, in cui sono entrata in acqua molto contratta; e poi perch\u00e9 \u00e8 un altro tassello che metto dopo un periodo non molto semplice nella mia carriera.&nbsp;&nbsp;La condizione non \u00e8 finalizzata agli Europei di Kazan, quindi tutto quello che viene lo prendo con fiducia\u00bb. Nei 100 dorso Matteo Rivolta punta a migliorare il personale di 50\u201d29. \u00abUna bella soddisfazione dopo la delusione per i 100 farfalla. Sto prendendo sempre pi\u00f9 dimestichezza con il dorso e i risultati stanno arrivando\u00bb, ha detto Rivolta.<\/p>\n\n\n\n<p>Quarto e quinto tempo nei 50 dorso rispettivamente per Elena Di Liddo, col personale di 26\u201d25, e Silvia Scalia in 26\u201d26.<\/p>\n\n\n\n<p>Foto di Andrea Staccioli e Giorgio Scala \/ DBM &#8211; Inside<\/p>","protected":false},"excerpt":{"rendered":"<p>Capolavoro Martinenghi, il fenomeno della rana che stordisce tutti con uno splendido oro nei 100 metri, il sorriso di Margherita Panziera che si butta alle spalle qualche dispiacere estivo con acqua salata prima di tornare in quella dolce e conquistare l\u2019argento nei 200 dorso, il bronzo di Silvia Di Pietro con le sue compagne d\u2019azzurro [&hellip;]<\/p>","protected":false},"author":23521,"featured_media":22208,"comment_status":"closed","ping_status":"closed","sticky":false,"template":"","format":"standard","meta":{"pmpro_default_level":0,"footnotes":"","_links_to":"","_links_to_target":""},"categories":[1,11],"tags":[],"class_list":["post-22207","post","type-post","status-publish","format-standard","has-post-thumbnail","hentry","category-news","category-nuoto","pmpro-has-access"],"featured_image_urls":{"medium":"https:\/\/www.ccaniene.com\/wp-content\/uploads\/2021\/11\/nicolcKazan-800x450.jpg","thumbnail":"https:\/\/www.ccaniene.com\/wp-content\/uploads\/2021\/11\/nicolcKazan-400x400.jpg","medium_large":"https:\/\/www.ccaniene.com\/wp-content\/uploads\/2021\/11\/nicolcKazan-768x432.jpg"},"appp_media":null,"yoast_head":"<!-- This site is optimized with the Yoast SEO plugin v23.6 - https:\/\/yoast.com\/wordpress\/plugins\/seo\/ -->\n<title>Europei in vasca corta\/Martinenghi rana d&#039;oro. Margherita Panziera \u00e8 d&#039;argento - Circolo Canottieri Aniene<\/title>\n<meta name=\"robots\" content=\"index, follow, max-snippet:-1, max-image-preview:large, max-video-preview:-1\" \/>\n<link rel=\"canonical\" href=\"https:\/\/www.ccaniene.com\/en\/europei-in-vasca-corta-martinenghi-rana-doro-margherita-panziera-e-dargento\/\" \/>\n<meta property=\"og:locale\" content=\"en_GB\" \/>\n<meta property=\"og:type\" content=\"article\" \/>\n<meta property=\"og:title\" content=\"Europei in vasca corta\/Martinenghi rana d&#039;oro. Margherita Panziera \u00e8 d&#039;argento - Circolo Canottieri Aniene\" \/>\n<meta property=\"og:description\" content=\"Capolavoro Martinenghi, il fenomeno della rana che stordisce tutti con uno splendido oro nei 100 metri, il sorriso di Margherita Panziera che si butta alle spalle qualche dispiacere estivo con acqua salata prima di tornare in quella dolce e conquistare l\u2019argento nei 200 dorso, il bronzo di Silvia Di Pietro con le sue compagne d\u2019azzurro [&hellip;]\" \/>\n<meta property=\"og:url\" content=\"https:\/\/www.ccaniene.com\/en\/europei-in-vasca-corta-martinenghi-rana-doro-margherita-panziera-e-dargento\/\" \/>\n<meta property=\"og:site_name\" content=\"Circolo Canottieri Aniene\" \/>\n<meta property=\"article:published_time\" content=\"2021-11-04T20:44:30+00:00\" \/>\n<meta property=\"article:modified_time\" content=\"2021-11-04T20:44:33+00:00\" \/>\n<meta property=\"og:image\" content=\"https:\/\/www.ccaniene.com\/wp-content\/uploads\/2021\/11\/nicolcKazan.jpg\" \/>\n\t<meta property=\"og:image:width\" content=\"900\" \/>\n\t<meta property=\"og:image:height\" content=\"506\" \/>\n\t<meta property=\"og:image:type\" content=\"image\/jpeg\" \/>\n<meta name=\"author\" content=\"carlo.san@tin.it\" \/>\n<meta name=\"twitter:card\" content=\"summary_large_image\" \/>\n<meta name=\"twitter:label1\" content=\"Written by\" \/>\n\t<meta name=\"twitter:data1\" content=\"carlo.san@tin.it\" \/>\n\t<meta name=\"twitter:label2\" content=\"Estimated reading time\" \/>\n\t<meta name=\"twitter:data2\" content=\"5 minutes\" \/>\n<script type=\"application\/ld+json\" class=\"yoast-schema-graph\">{\"@context\":\"https:\/\/schema.org\",\"@graph\":[{\"@type\":\"WebPage\",\"@id\":\"https:\/\/www.ccaniene.com\/en\/europei-in-vasca-corta-martinenghi-rana-doro-margherita-panziera-e-dargento\/\",\"url\":\"https:\/\/www.ccaniene.com\/en\/europei-in-vasca-corta-martinenghi-rana-doro-margherita-panziera-e-dargento\/\",\"name\":\"Europei in vasca corta\/Martinenghi rana d'oro. Margherita Panziera \u00e8 d'argento - Circolo Canottieri Aniene\",\"isPartOf\":{\"@id\":\"https:\/\/www.ccaniene.com\/it_it\/#website\"},\"primaryImageOfPage\":{\"@id\":\"https:\/\/www.ccaniene.com\/en\/europei-in-vasca-corta-martinenghi-rana-doro-margherita-panziera-e-dargento\/#primaryimage\"},\"image\":{\"@id\":\"https:\/\/www.ccaniene.com\/en\/europei-in-vasca-corta-martinenghi-rana-doro-margherita-panziera-e-dargento\/#primaryimage\"},\"thumbnailUrl\":\"https:\/\/www.ccaniene.com\/wp-content\/uploads\/2021\/11\/nicolcKazan.jpg\",\"datePublished\":\"2021-11-04T20:44:30+00:00\",\"dateModified\":\"2021-11-04T20:44:33+00:00\",\"author\":{\"@id\":\"https:\/\/www.ccaniene.com\/it_it\/#\/schema\/person\/6042bd0ba360674279dffd4247d570ed\"},\"breadcrumb\":{\"@id\":\"https:\/\/www.ccaniene.com\/en\/europei-in-vasca-corta-martinenghi-rana-doro-margherita-panziera-e-dargento\/#breadcrumb\"},\"inLanguage\":\"en-GB\",\"potentialAction\":[{\"@type\":\"ReadAction\",\"target\":[\"https:\/\/www.ccaniene.com\/en\/europei-in-vasca-corta-martinenghi-rana-doro-margherita-panziera-e-dargento\/\"]}]},{\"@type\":\"ImageObject\",\"inLanguage\":\"en-GB\",\"@id\":\"https:\/\/www.ccaniene.com\/en\/europei-in-vasca-corta-martinenghi-rana-doro-margherita-panziera-e-dargento\/#primaryimage\",\"url\":\"https:\/\/www.ccaniene.com\/wp-content\/uploads\/2021\/11\/nicolcKazan.jpg\",\"contentUrl\":\"https:\/\/www.ccaniene.com\/wp-content\/uploads\/2021\/11\/nicolcKazan.jpg\",\"width\":900,\"height\":506},{\"@type\":\"BreadcrumbList\",\"@id\":\"https:\/\/www.ccaniene.com\/en\/europei-in-vasca-corta-martinenghi-rana-doro-margherita-panziera-e-dargento\/#breadcrumb\",\"itemListElement\":[{\"@type\":\"ListItem\",\"position\":1,\"name\":\"Home\",\"item\":\"https:\/\/www.ccaniene.com\/it_it\/\"},{\"@type\":\"ListItem\",\"position\":2,\"name\":\"Europei in vasca corta\/Martinenghi rana d&#8217;oro. Margherita Panziera \u00e8 d&#8217;argento\"}]},{\"@type\":\"WebSite\",\"@id\":\"https:\/\/www.ccaniene.com\/it_it\/#website\",\"url\":\"https:\/\/www.ccaniene.com\/it_it\/\",\"name\":\"Circolo Canottieri Aniene\",\"description\":\"Collare d&#039;Oro e Stella d&#039;Oro al Merito Sportivo\",\"potentialAction\":[{\"@type\":\"SearchAction\",\"target\":{\"@type\":\"EntryPoint\",\"urlTemplate\":\"https:\/\/www.ccaniene.com\/it_it\/?s={search_term_string}\"},\"query-input\":{\"@type\":\"PropertyValueSpecification\",\"valueRequired\":true,\"valueName\":\"search_term_string\"}}],\"inLanguage\":\"en-GB\"},{\"@type\":\"Person\",\"@id\":\"https:\/\/www.ccaniene.com\/it_it\/#\/schema\/person\/6042bd0ba360674279dffd4247d570ed\",\"name\":\"carlo.san@tin.it\",\"image\":{\"@type\":\"ImageObject\",\"inLanguage\":\"en-GB\",\"@id\":\"https:\/\/www.ccaniene.com\/it_it\/#\/schema\/person\/image\/\",\"url\":\"https:\/\/secure.gravatar.com\/avatar\/f993a459d0ffe4d666e4c917fef20ca9?s=96&d=mm&r=g\",\"contentUrl\":\"https:\/\/secure.gravatar.com\/avatar\/f993a459d0ffe4d666e4c917fef20ca9?s=96&d=mm&r=g\",\"caption\":\"carlo.san@tin.it\"},\"url\":\"https:\/\/www.ccaniene.com\/en\/author\/carlo-santi-2\/\"}]}<\/script>\n<!-- \/ Yoast SEO plugin. -->","yoast_head_json":{"title":"Europei in vasca corta\/Martinenghi rana d'oro. Margherita Panziera \u00e8 d'argento - Circolo Canottieri Aniene","robots":{"index":"index","follow":"follow","max-snippet":"max-snippet:-1","max-image-preview":"max-image-preview:large","max-video-preview":"max-video-preview:-1"},"canonical":"https:\/\/www.ccaniene.com\/en\/europei-in-vasca-corta-martinenghi-rana-doro-margherita-panziera-e-dargento\/","og_locale":"en_GB","og_type":"article","og_title":"Europei in vasca corta\/Martinenghi rana d'oro. Margherita Panziera \u00e8 d'argento - Circolo Canottieri Aniene","og_description":"Capolavoro Martinenghi, il fenomeno della rana che stordisce tutti con uno splendido oro nei 100 metri, il sorriso di Margherita Panziera che si butta alle spalle qualche dispiacere estivo con acqua salata prima di tornare in quella dolce e conquistare l\u2019argento nei 200 dorso, il bronzo di Silvia Di Pietro con le sue compagne d\u2019azzurro [&hellip;]","og_url":"https:\/\/www.ccaniene.com\/en\/europei-in-vasca-corta-martinenghi-rana-doro-margherita-panziera-e-dargento\/","og_site_name":"Circolo Canottieri Aniene","article_published_time":"2021-11-04T20:44:30+00:00","article_modified_time":"2021-11-04T20:44:33+00:00","og_image":[{"width":900,"height":506,"url":"https:\/\/www.ccaniene.com\/wp-content\/uploads\/2021\/11\/nicolcKazan.jpg","type":"image\/jpeg"}],"author":"carlo.san@tin.it","twitter_card":"summary_large_image","twitter_misc":{"Written by":"carlo.san@tin.it","Estimated reading time":"5 minutes"},"schema":{"@context":"https:\/\/schema.org","@graph":[{"@type":"WebPage","@id":"https:\/\/www.ccaniene.com\/en\/europei-in-vasca-corta-martinenghi-rana-doro-margherita-panziera-e-dargento\/","url":"https:\/\/www.ccaniene.com\/en\/europei-in-vasca-corta-martinenghi-rana-doro-margherita-panziera-e-dargento\/","name":"Europei in vasca corta\/Martinenghi rana d'oro. Margherita Panziera \u00e8 d'argento - Circolo Canottieri Aniene","isPartOf":{"@id":"https:\/\/www.ccaniene.com\/it_it\/#website"},"primaryImageOfPage":{"@id":"https:\/\/www.ccaniene.com\/en\/europei-in-vasca-corta-martinenghi-rana-doro-margherita-panziera-e-dargento\/#primaryimage"},"image":{"@id":"https:\/\/www.ccaniene.com\/en\/europei-in-vasca-corta-martinenghi-rana-doro-margherita-panziera-e-dargento\/#primaryimage"},"thumbnailUrl":"https:\/\/www.ccaniene.com\/wp-content\/uploads\/2021\/11\/nicolcKazan.jpg","datePublished":"2021-11-04T20:44:30+00:00","dateModified":"2021-11-04T20:44:33+00:00","author":{"@id":"https:\/\/www.ccaniene.com\/it_it\/#\/schema\/person\/6042bd0ba360674279dffd4247d570ed"},"breadcrumb":{"@id":"https:\/\/www.ccaniene.com\/en\/europei-in-vasca-corta-martinenghi-rana-doro-margherita-panziera-e-dargento\/#breadcrumb"},"inLanguage":"en-GB","potentialAction":[{"@type":"ReadAction","target":["https:\/\/www.ccaniene.com\/en\/europei-in-vasca-corta-martinenghi-rana-doro-margherita-panziera-e-dargento\/"]}]},{"@type":"ImageObject","inLanguage":"en-GB","@id":"https:\/\/www.ccaniene.com\/en\/europei-in-vasca-corta-martinenghi-rana-doro-margherita-panziera-e-dargento\/#primaryimage","url":"https:\/\/www.ccaniene.com\/wp-content\/uploads\/2021\/11\/nicolcKazan.jpg","contentUrl":"https:\/\/www.ccaniene.com\/wp-content\/uploads\/2021\/11\/nicolcKazan.jpg","width":900,"height":506},{"@type":"BreadcrumbList","@id":"https:\/\/www.ccaniene.com\/en\/europei-in-vasca-corta-martinenghi-rana-doro-margherita-panziera-e-dargento\/#breadcrumb","itemListElement":[{"@type":"ListItem","position":1,"name":"Home","item":"https:\/\/www.ccaniene.com\/it_it\/"},{"@type":"ListItem","position":2,"name":"Europei in vasca corta\/Martinenghi rana d&#8217;oro. Margherita Panziera \u00e8 d&#8217;argento"}]},{"@type":"WebSite","@id":"https:\/\/www.ccaniene.com\/it_it\/#website","url":"https:\/\/www.ccaniene.com\/it_it\/","name":"Circolo Canottieri Aniene","description":"Collare d&#039;Oro e Stella d&#039;Oro al Merito Sportivo","potentialAction":[{"@type":"SearchAction","target":{"@type":"EntryPoint","urlTemplate":"https:\/\/www.ccaniene.com\/it_it\/?s={search_term_string}"},"query-input":{"@type":"PropertyValueSpecification","valueRequired":true,"valueName":"search_term_string"}}],"inLanguage":"en-GB"},{"@type":"Person","@id":"https:\/\/www.ccaniene.com\/it_it\/#\/schema\/person\/6042bd0ba360674279dffd4247d570ed","name":"carlo.san@tin.it","image":{"@type":"ImageObject","inLanguage":"en-GB","@id":"https:\/\/www.ccaniene.com\/it_it\/#\/schema\/person\/image\/","url":"https:\/\/secure.gravatar.com\/avatar\/f993a459d0ffe4d666e4c917fef20ca9?s=96&d=mm&r=g","contentUrl":"https:\/\/secure.gravatar.com\/avatar\/f993a459d0ffe4d666e4c917fef20ca9?s=96&d=mm&r=g","caption":"carlo.san@tin.it"},"url":"https:\/\/www.ccaniene.com\/en\/author\/carlo-santi-2\/"}]}},"_links":{"self":[{"href":"https:\/\/www.ccaniene.com\/en\/wp-json\/wp\/v2\/posts\/22207"}],"collection":[{"href":"https:\/\/www.ccaniene.com\/en\/wp-json\/wp\/v2\/posts"}],"about":[{"href":"https:\/\/www.ccaniene.com\/en\/wp-json\/wp\/v2\/types\/post"}],"author":[{"embeddable":true,"href":"https:\/\/www.ccaniene.com\/en\/wp-json\/wp\/v2\/users\/23521"}],"replies":[{"embeddable":true,"href":"https:\/\/www.ccaniene.com\/en\/wp-json\/wp\/v2\/comments?post=22207"}],"version-history":[{"count":1,"href":"https:\/\/www.ccaniene.com\/en\/wp-json\/wp\/v2\/posts\/22207\/revisions"}],"predecessor-version":[{"id":22224,"href":"https:\/\/www.ccaniene.com\/en\/wp-json\/wp\/v2\/posts\/22207\/revisions\/22224"}],"wp:featuredmedia":[{"embeddable":true,"href":"https:\/\/www.ccaniene.com\/en\/wp-json\/wp\/v2\/media\/22208"}],"wp:attachment":[{"href":"https:\/\/www.ccaniene.com\/en\/wp-json\/wp\/v2\/media?parent=22207"}],"wp:term":[{"taxonomy":"category","embeddable":true,"href":"https:\/\/www.ccaniene.com\/en\/wp-json\/wp\/v2\/categories?post=22207"},{"taxonomy":"post_tag","embeddable":true,"href":"https:\/\/www.ccaniene.com\/en\/wp-json\/wp\/v2\/tags?post=22207"}],"curies":[{"name":"wp","href":"https:\/\/api.w.org\/{rel}","templated":true}]}}