{"id":221,"date":"2010-07-15T13:10:02","date_gmt":"2010-07-15T13:10:02","guid":{"rendered":""},"modified":"2010-07-15T13:10:02","modified_gmt":"2010-07-15T13:10:02","slug":"motonautica-cangiano-formilli-fendi-e-carpitella-in-corsa-per-il-titolo-mondiale","status":"publish","type":"post","link":"https:\/\/www.ccaniene.com\/en\/motonautica-cangiano-formilli-fendi-e-carpitella-in-corsa-per-il-titolo-mondiale\/","title":{"rendered":"Motonautica: Cangiano e Formilli in corsa per il Mondiale"},"content":{"rendered":"<p style=\"text-align: justify;\"><img decoding=\"async\" src=\"http:\/\/www.ccaniene.com\/wp-content\/uploads\/motonautica.jpg\" border=\"0\" width=\"200\" height=\"126\" style=\"float: left; margin-left: 10px; margin-right: 10px;\" \/>Nelle acque della Costa Smeralda <strong><em>Snav Kiton Interporto Sud Europa<\/em>,<\/strong> del plurititolato campione di motonautica Giancarlo Cangiano,\u00a0<strong>\u00e8 in corsa<\/strong> con Luca Formilli Fendi e Giovanni Carpitella <strong>per aggiudicarsi i tre titoli in palio:<\/strong> Campionato Mondiale (giunto alla sua terza tappa), Europeo (alla seconda tappa) e Italiano<\/p>\n<p><!--more--><\/p>\n<p style=\"text-align: justify;\">(prima tappa). \u201cDopo il problema tecnico di ieri \u2013 ha raccontato il consocio Giancarlo Cangiano \u2013 che ci ha costretti a terra, oggi abbiamo letteralmente fatto il miracolo, una lunga riparazione ha impegnato i miei meccanici e la Snav Kiton Interporto Sud Europa \u00e8 scesa in acqua solo pochi minuti prima della partenza. Oggi \u2013 ha continuato Cangiano \u2013 abbiamo chiuso al quarto posto, ma \u00e8 un quarto posto che mi va molto stretto viste le performance eccellenti di Snav Kiton Interporto Sud Europa, ma nonostante i grossi problemi odierni ai sensori abbiamo concluso a pochi secondi da<em> Metamarine<\/em> che \u00e8 salito sul gradino pi\u00f9 alto del podio. Grazie alla nostra sportivit\u00e0 e determinazione che ci contaddistingue da sempre vogliamo assolutamente tornare, in tempi brevissimi, il team da battere e ritengo che le prossime saranno delle gare avvincenti con Metamarine e Lucas Oil che meritano solo i miei complimenti per il risultato odiernoi.\u201d<\/p>\n<p style=\"text-align: justify;\">\u201cE&#8217; stata una gara bellissima \u2013 ha\u00a0proseguito il consocio Luca Formilli Fendi, da quest&#8217;anno in coppia con Cangiano su Snav Kiton Interporto Sud Europa\u2013 una gara entusiasmante nonostante i problemi con i sensori che hanno messo in protezione il motore per ben sei volte. Senza i problemi al motore la gara avrebbe impegnato Cangiano e me in un&#8217;avvincente testa a testa con Metamarine e potenzialmente potevamo conquistare il primo o il secondo posto. Spero che domani non ci siano altre \u201cbrutte sorprese\u201d.<\/p>\n<p style=\"text-align: justify;\">\u00a0<\/p>","protected":false},"excerpt":{"rendered":"<p>Nelle acque della Costa Smeralda Snav Kiton Interporto Sud Europa, del plurititolato campione di motonautica Giancarlo Cangiano,\u00a0\u00e8 in corsa con Luca Formilli Fendi e Giovanni Carpitella per aggiudicarsi i tre titoli in palio: Campionato Mondiale (giunto alla sua terza tappa), Europeo (alla seconda tappa) e Italiano<\/p>","protected":false},"author":181,"featured_media":0,"comment_status":"open","ping_status":"closed","sticky":true,"template":"","format":"standard","meta":{"pmpro_default_level":0,"footnotes":"","_links_to":"","_links_to_target":""},"categories":[26],"tags":[],"class_list":["post-221","post","type-post","status-publish","format-standard","hentry","category-vela","pmpro-has-access"],"featured_image_urls":{},"appp_media":null,"yoast_head":"<!-- This site is optimized with the Yoast SEO plugin v23.6 - https:\/\/yoast.com\/wordpress\/plugins\/seo\/ -->\n<title>Motonautica: Cangiano e Formilli in corsa per il Mondiale - Circolo Canottieri Aniene<\/title>\n<meta name=\"robots\" content=\"index, follow, max-snippet:-1, max-image-preview:large, max-video-preview:-1\" \/>\n<link rel=\"canonical\" href=\"http:\/\/www.ccaniene.com\/en\/motonautica-cangiano-formilli-fendi-e-carpitella-in-corsa-per-il-titolo-mondiale\/\" \/>\n<meta property=\"og:locale\" content=\"en_GB\" \/>\n<meta property=\"og:type\" content=\"article\" \/>\n<meta property=\"og:title\" content=\"Motonautica: Cangiano e Formilli in corsa per il Mondiale - Circolo Canottieri Aniene\" \/>\n<meta property=\"og:description\" content=\"Nelle acque della Costa Smeralda Snav Kiton Interporto Sud Europa, del plurititolato campione di motonautica Giancarlo Cangiano,\u00a0\u00e8 in corsa con Luca Formilli Fendi e Giovanni Carpitella per aggiudicarsi i tre titoli in palio: Campionato Mondiale (giunto alla sua terza tappa), Europeo (alla seconda tappa) e Italiano\" \/>\n<meta property=\"og:url\" content=\"http:\/\/www.ccaniene.com\/en\/motonautica-cangiano-formilli-fendi-e-carpitella-in-corsa-per-il-titolo-mondiale\/\" \/>\n<meta property=\"og:site_name\" content=\"Circolo Canottieri Aniene\" \/>\n<meta property=\"article:published_time\" content=\"2010-07-15T13:10:02+00:00\" \/>\n<meta property=\"og:image\" content=\"http:\/\/www.ccaniene.com\/wp-content\/uploads\/motonautica.jpg\" \/>\n<meta name=\"twitter:card\" content=\"summary_large_image\" \/>\n<meta name=\"twitter:label1\" content=\"Written by\" \/>\n\t<meta name=\"twitter:data1\" content=\"\" \/>\n\t<meta name=\"twitter:label2\" content=\"Estimated reading time\" \/>\n\t<meta name=\"twitter:data2\" content=\"1 minute\" \/>\n<script type=\"application\/ld+json\" class=\"yoast-schema-graph\">{\"@context\":\"https:\/\/schema.org\",\"@graph\":[{\"@type\":\"WebPage\",\"@id\":\"http:\/\/www.ccaniene.com\/it_it\/motonautica-cangiano-formilli-fendi-e-carpitella-in-corsa-per-il-titolo-mondiale\/\",\"url\":\"http:\/\/www.ccaniene.com\/it_it\/motonautica-cangiano-formilli-fendi-e-carpitella-in-corsa-per-il-titolo-mondiale\/\",\"name\":\"Motonautica: Cangiano e Formilli in corsa per il Mondiale - Circolo Canottieri Aniene\",\"isPartOf\":{\"@id\":\"https:\/\/www.ccaniene.com\/it_it\/#website\"},\"primaryImageOfPage\":{\"@id\":\"http:\/\/www.ccaniene.com\/it_it\/motonautica-cangiano-formilli-fendi-e-carpitella-in-corsa-per-il-titolo-mondiale\/#primaryimage\"},\"image\":{\"@id\":\"http:\/\/www.ccaniene.com\/it_it\/motonautica-cangiano-formilli-fendi-e-carpitella-in-corsa-per-il-titolo-mondiale\/#primaryimage\"},\"thumbnailUrl\":\"http:\/\/www.ccaniene.com\/wp-content\/uploads\/motonautica.jpg\",\"datePublished\":\"2010-07-15T13:10:02+00:00\",\"dateModified\":\"2010-07-15T13:10:02+00:00\",\"author\":{\"@id\":\"\"},\"breadcrumb\":{\"@id\":\"http:\/\/www.ccaniene.com\/it_it\/motonautica-cangiano-formilli-fendi-e-carpitella-in-corsa-per-il-titolo-mondiale\/#breadcrumb\"},\"inLanguage\":\"en-GB\",\"potentialAction\":[{\"@type\":\"ReadAction\",\"target\":[\"http:\/\/www.ccaniene.com\/it_it\/motonautica-cangiano-formilli-fendi-e-carpitella-in-corsa-per-il-titolo-mondiale\/\"]}]},{\"@type\":\"ImageObject\",\"inLanguage\":\"en-GB\",\"@id\":\"http:\/\/www.ccaniene.com\/it_it\/motonautica-cangiano-formilli-fendi-e-carpitella-in-corsa-per-il-titolo-mondiale\/#primaryimage\",\"url\":\"http:\/\/www.ccaniene.com\/wp-content\/uploads\/motonautica.jpg\",\"contentUrl\":\"http:\/\/www.ccaniene.com\/wp-content\/uploads\/motonautica.jpg\"},{\"@type\":\"BreadcrumbList\",\"@id\":\"http:\/\/www.ccaniene.com\/it_it\/motonautica-cangiano-formilli-fendi-e-carpitella-in-corsa-per-il-titolo-mondiale\/#breadcrumb\",\"itemListElement\":[{\"@type\":\"ListItem\",\"position\":1,\"name\":\"Home\",\"item\":\"https:\/\/www.ccaniene.com\/it_it\/\"},{\"@type\":\"ListItem\",\"position\":2,\"name\":\"Motonautica: Cangiano e Formilli in corsa per il Mondiale\"}]},{\"@type\":\"WebSite\",\"@id\":\"https:\/\/www.ccaniene.com\/it_it\/#website\",\"url\":\"https:\/\/www.ccaniene.com\/it_it\/\",\"name\":\"Circolo Canottieri Aniene\",\"description\":\"Collare d&#039;Oro e Stella d&#039;Oro al Merito Sportivo\",\"potentialAction\":[{\"@type\":\"SearchAction\",\"target\":{\"@type\":\"EntryPoint\",\"urlTemplate\":\"https:\/\/www.ccaniene.com\/it_it\/?s={search_term_string}\"},\"query-input\":{\"@type\":\"PropertyValueSpecification\",\"valueRequired\":true,\"valueName\":\"search_term_string\"}}],\"inLanguage\":\"en-GB\"},{\"@type\":\"Person\",\"@id\":\"\",\"url\":\"https:\/\/www.ccaniene.com\/en\/author\/\"}]}<\/script>\n<!-- \/ Yoast SEO plugin. -->","yoast_head_json":{"title":"Motonautica: Cangiano e Formilli in corsa per il Mondiale - Circolo Canottieri Aniene","robots":{"index":"index","follow":"follow","max-snippet":"max-snippet:-1","max-image-preview":"max-image-preview:large","max-video-preview":"max-video-preview:-1"},"canonical":"http:\/\/www.ccaniene.com\/en\/motonautica-cangiano-formilli-fendi-e-carpitella-in-corsa-per-il-titolo-mondiale\/","og_locale":"en_GB","og_type":"article","og_title":"Motonautica: Cangiano e Formilli in corsa per il Mondiale - Circolo Canottieri Aniene","og_description":"Nelle acque della Costa Smeralda Snav Kiton Interporto Sud Europa, del plurititolato campione di motonautica Giancarlo Cangiano,\u00a0\u00e8 in corsa con Luca Formilli Fendi e Giovanni Carpitella per aggiudicarsi i tre titoli in palio: Campionato Mondiale (giunto alla sua terza tappa), Europeo (alla seconda tappa) e Italiano","og_url":"http:\/\/www.ccaniene.com\/en\/motonautica-cangiano-formilli-fendi-e-carpitella-in-corsa-per-il-titolo-mondiale\/","og_site_name":"Circolo Canottieri Aniene","article_published_time":"2010-07-15T13:10:02+00:00","og_image":[{"url":"http:\/\/www.ccaniene.com\/wp-content\/uploads\/motonautica.jpg"}],"twitter_card":"summary_large_image","twitter_misc":{"Written by":"","Estimated reading time":"1 minute"},"schema":{"@context":"https:\/\/schema.org","@graph":[{"@type":"WebPage","@id":"http:\/\/www.ccaniene.com\/it_it\/motonautica-cangiano-formilli-fendi-e-carpitella-in-corsa-per-il-titolo-mondiale\/","url":"http:\/\/www.ccaniene.com\/it_it\/motonautica-cangiano-formilli-fendi-e-carpitella-in-corsa-per-il-titolo-mondiale\/","name":"Motonautica: Cangiano e Formilli in corsa per il Mondiale - Circolo Canottieri Aniene","isPartOf":{"@id":"https:\/\/www.ccaniene.com\/it_it\/#website"},"primaryImageOfPage":{"@id":"http:\/\/www.ccaniene.com\/it_it\/motonautica-cangiano-formilli-fendi-e-carpitella-in-corsa-per-il-titolo-mondiale\/#primaryimage"},"image":{"@id":"http:\/\/www.ccaniene.com\/it_it\/motonautica-cangiano-formilli-fendi-e-carpitella-in-corsa-per-il-titolo-mondiale\/#primaryimage"},"thumbnailUrl":"http:\/\/www.ccaniene.com\/wp-content\/uploads\/motonautica.jpg","datePublished":"2010-07-15T13:10:02+00:00","dateModified":"2010-07-15T13:10:02+00:00","author":{"@id":""},"breadcrumb":{"@id":"http:\/\/www.ccaniene.com\/it_it\/motonautica-cangiano-formilli-fendi-e-carpitella-in-corsa-per-il-titolo-mondiale\/#breadcrumb"},"inLanguage":"en-GB","potentialAction":[{"@type":"ReadAction","target":["http:\/\/www.ccaniene.com\/it_it\/motonautica-cangiano-formilli-fendi-e-carpitella-in-corsa-per-il-titolo-mondiale\/"]}]},{"@type":"ImageObject","inLanguage":"en-GB","@id":"http:\/\/www.ccaniene.com\/it_it\/motonautica-cangiano-formilli-fendi-e-carpitella-in-corsa-per-il-titolo-mondiale\/#primaryimage","url":"http:\/\/www.ccaniene.com\/wp-content\/uploads\/motonautica.jpg","contentUrl":"http:\/\/www.ccaniene.com\/wp-content\/uploads\/motonautica.jpg"},{"@type":"BreadcrumbList","@id":"http:\/\/www.ccaniene.com\/it_it\/motonautica-cangiano-formilli-fendi-e-carpitella-in-corsa-per-il-titolo-mondiale\/#breadcrumb","itemListElement":[{"@type":"ListItem","position":1,"name":"Home","item":"https:\/\/www.ccaniene.com\/it_it\/"},{"@type":"ListItem","position":2,"name":"Motonautica: Cangiano e Formilli in corsa per il Mondiale"}]},{"@type":"WebSite","@id":"https:\/\/www.ccaniene.com\/it_it\/#website","url":"https:\/\/www.ccaniene.com\/it_it\/","name":"Circolo Canottieri Aniene","description":"Collare d&#039;Oro e Stella d&#039;Oro al Merito Sportivo","potentialAction":[{"@type":"SearchAction","target":{"@type":"EntryPoint","urlTemplate":"https:\/\/www.ccaniene.com\/it_it\/?s={search_term_string}"},"query-input":{"@type":"PropertyValueSpecification","valueRequired":true,"valueName":"search_term_string"}}],"inLanguage":"en-GB"},{"@type":"Person","@id":"","url":"https:\/\/www.ccaniene.com\/en\/author\/"}]}},"_links":{"self":[{"href":"https:\/\/www.ccaniene.com\/en\/wp-json\/wp\/v2\/posts\/221"}],"collection":[{"href":"https:\/\/www.ccaniene.com\/en\/wp-json\/wp\/v2\/posts"}],"about":[{"href":"https:\/\/www.ccaniene.com\/en\/wp-json\/wp\/v2\/types\/post"}],"author":[{"embeddable":true,"href":"https:\/\/www.ccaniene.com\/en\/wp-json\/wp\/v2\/users\/181"}],"replies":[{"embeddable":true,"href":"https:\/\/www.ccaniene.com\/en\/wp-json\/wp\/v2\/comments?post=221"}],"version-history":[{"count":0,"href":"https:\/\/www.ccaniene.com\/en\/wp-json\/wp\/v2\/posts\/221\/revisions"}],"wp:attachment":[{"href":"https:\/\/www.ccaniene.com\/en\/wp-json\/wp\/v2\/media?parent=221"}],"wp:term":[{"taxonomy":"category","embeddable":true,"href":"https:\/\/www.ccaniene.com\/en\/wp-json\/wp\/v2\/categories?post=221"},{"taxonomy":"post_tag","embeddable":true,"href":"https:\/\/www.ccaniene.com\/en\/wp-json\/wp\/v2\/tags?post=221"}],"curies":[{"name":"wp","href":"https:\/\/api.w.org\/{rel}","templated":true}]}}