{"id":220,"date":"2010-07-16T09:14:35","date_gmt":"2010-07-16T09:14:35","guid":{"rendered":""},"modified":"2010-07-16T09:14:35","modified_gmt":"2010-07-16T09:14:35","slug":"mondiale-470-conti-e-micol-sono-seconde","status":"publish","type":"post","link":"https:\/\/www.ccaniene.com\/en\/mondiale-470-conti-e-micol-sono-seconde\/","title":{"rendered":"Mondiale 470: bronzo per la coppia Conti e Micol"},"content":{"rendered":"<p><img decoding=\"async\" src=\"http:\/\/www.ccaniene.com\/wp-content\/uploads\/conti.jpg\" border=\"0\" width=\"200\" height=\"134\" style=\"float: left; margin-left: 10px; margin-right: 10px;\" \/><\/p>\n<p style=\"text-align: justify;\">Concluso ieri\u00a0il Campionato Mondiale della classe 470, disputato in Olanda dal 9 al 18 luglio: <strong>L&#8217;equipaggio di Giulia Conti e Giovanna Micol (CV Marina Militare) concludono al 3\u00b0 posto overall.<\/strong> Si confermano campionesse mondiali le olandesi Lisa Westerhof e Lobke Berkhout, mentre \u00e8 argento per le neozelandesi Aleh-Powrie.\u00a0Ottima\u00a0medale race per\u00a0Giulia Conti e Giovanna Micol (CV Marina Militare) che regatano sempre nelle prime posizioni e tagliano il traguardo al 2\u00b0 posto, confermando il bronzo al Campionato Mondiale 470. <strong>Giulia Conti ha commentato: \u201cSoddisfatta. Alla fine abbiamo regatato bene.<\/strong> Peccato per la sfortuna ieri nella partenza anticipata. La stagione \u00e8 andata bene fino ad adesso il terzo \u00e8 un ottimo risultato, vediamo cosa succede a Istanbul. Dopo il mio coach (Vatteroni), mi d\u00f2 un nove per questo campionato.\u201d<\/p>\n<p style=\"text-align: justify;\"><strong>Giovanna Micol ha poi aggiunto: \u201cConfermo il nove.<\/strong> Abbiamo regatato bene, controllando l\u2019inglese per sicurezza. Sono contenta.\u201d<\/p>","protected":false},"excerpt":{"rendered":"<p>Concluso ieri\u00a0il Campionato Mondiale della classe 470, disputato in Olanda dal 9 al 18 luglio: L&#8217;equipaggio di Giulia Conti e Giovanna Micol (CV Marina Militare) concludono al 3\u00b0 posto overall. Si confermano campionesse mondiali le olandesi Lisa Westerhof e Lobke Berkhout, mentre \u00e8 argento per le neozelandesi Aleh-Powrie.\u00a0Ottima\u00a0medale race per\u00a0Giulia Conti e Giovanna Micol (CV [&hellip;]<\/p>","protected":false},"author":181,"featured_media":0,"comment_status":"open","ping_status":"closed","sticky":true,"template":"","format":"standard","meta":{"pmpro_default_level":0,"footnotes":"","_links_to":"","_links_to_target":""},"categories":[26],"tags":[],"class_list":["post-220","post","type-post","status-publish","format-standard","hentry","category-vela","pmpro-has-access"],"featured_image_urls":{},"appp_media":null,"yoast_head":"<!-- This site is optimized with the Yoast SEO plugin v23.6 - https:\/\/yoast.com\/wordpress\/plugins\/seo\/ -->\n<title>Mondiale 470: bronzo per la coppia Conti e Micol  - Circolo Canottieri Aniene<\/title>\n<meta name=\"robots\" content=\"index, follow, max-snippet:-1, max-image-preview:large, max-video-preview:-1\" \/>\n<link rel=\"canonical\" href=\"https:\/\/www.ccaniene.com\/en\/mondiale-470-conti-e-micol-sono-seconde\/\" \/>\n<meta property=\"og:locale\" content=\"en_GB\" \/>\n<meta property=\"og:type\" content=\"article\" \/>\n<meta property=\"og:title\" content=\"Mondiale 470: bronzo per la coppia Conti e Micol  - Circolo Canottieri Aniene\" \/>\n<meta property=\"og:description\" content=\"Concluso ieri\u00a0il Campionato Mondiale della classe 470, disputato in Olanda dal 9 al 18 luglio: L&#8217;equipaggio di Giulia Conti e Giovanna Micol (CV Marina Militare) concludono al 3\u00b0 posto overall. Si confermano campionesse mondiali le olandesi Lisa Westerhof e Lobke Berkhout, mentre \u00e8 argento per le neozelandesi Aleh-Powrie.\u00a0Ottima\u00a0medale race per\u00a0Giulia Conti e Giovanna Micol (CV [&hellip;]\" \/>\n<meta property=\"og:url\" content=\"https:\/\/www.ccaniene.com\/en\/mondiale-470-conti-e-micol-sono-seconde\/\" \/>\n<meta property=\"og:site_name\" content=\"Circolo Canottieri Aniene\" \/>\n<meta property=\"article:published_time\" content=\"2010-07-16T09:14:35+00:00\" \/>\n<meta property=\"og:image\" content=\"http:\/\/www.ccaniene.com\/wp-content\/uploads\/conti.jpg\" \/>\n<meta name=\"twitter:card\" content=\"summary_large_image\" \/>\n<meta name=\"twitter:label1\" content=\"Written by\" \/>\n\t<meta name=\"twitter:data1\" content=\"\" \/>\n\t<meta name=\"twitter:label2\" content=\"Estimated reading time\" \/>\n\t<meta name=\"twitter:data2\" content=\"1 minute\" \/>\n<script type=\"application\/ld+json\" class=\"yoast-schema-graph\">{\"@context\":\"https:\/\/schema.org\",\"@graph\":[{\"@type\":\"WebPage\",\"@id\":\"https:\/\/www.ccaniene.com\/en\/mondiale-470-conti-e-micol-sono-seconde\/\",\"url\":\"https:\/\/www.ccaniene.com\/en\/mondiale-470-conti-e-micol-sono-seconde\/\",\"name\":\"Mondiale 470: bronzo per la coppia Conti e Micol - Circolo Canottieri Aniene\",\"isPartOf\":{\"@id\":\"https:\/\/www.ccaniene.com\/it_it\/#website\"},\"primaryImageOfPage\":{\"@id\":\"https:\/\/www.ccaniene.com\/en\/mondiale-470-conti-e-micol-sono-seconde\/#primaryimage\"},\"image\":{\"@id\":\"https:\/\/www.ccaniene.com\/en\/mondiale-470-conti-e-micol-sono-seconde\/#primaryimage\"},\"thumbnailUrl\":\"http:\/\/www.ccaniene.com\/wp-content\/uploads\/conti.jpg\",\"datePublished\":\"2010-07-16T09:14:35+00:00\",\"dateModified\":\"2010-07-16T09:14:35+00:00\",\"author\":{\"@id\":\"\"},\"breadcrumb\":{\"@id\":\"https:\/\/www.ccaniene.com\/en\/mondiale-470-conti-e-micol-sono-seconde\/#breadcrumb\"},\"inLanguage\":\"en-GB\",\"potentialAction\":[{\"@type\":\"ReadAction\",\"target\":[\"https:\/\/www.ccaniene.com\/en\/mondiale-470-conti-e-micol-sono-seconde\/\"]}]},{\"@type\":\"ImageObject\",\"inLanguage\":\"en-GB\",\"@id\":\"https:\/\/www.ccaniene.com\/en\/mondiale-470-conti-e-micol-sono-seconde\/#primaryimage\",\"url\":\"http:\/\/www.ccaniene.com\/wp-content\/uploads\/conti.jpg\",\"contentUrl\":\"http:\/\/www.ccaniene.com\/wp-content\/uploads\/conti.jpg\"},{\"@type\":\"BreadcrumbList\",\"@id\":\"https:\/\/www.ccaniene.com\/en\/mondiale-470-conti-e-micol-sono-seconde\/#breadcrumb\",\"itemListElement\":[{\"@type\":\"ListItem\",\"position\":1,\"name\":\"Home\",\"item\":\"https:\/\/www.ccaniene.com\/it_it\/\"},{\"@type\":\"ListItem\",\"position\":2,\"name\":\"Mondiale 470: bronzo per la coppia Conti e Micol\"}]},{\"@type\":\"WebSite\",\"@id\":\"https:\/\/www.ccaniene.com\/it_it\/#website\",\"url\":\"https:\/\/www.ccaniene.com\/it_it\/\",\"name\":\"Circolo Canottieri Aniene\",\"description\":\"Collare d&#039;Oro e Stella d&#039;Oro al Merito Sportivo\",\"potentialAction\":[{\"@type\":\"SearchAction\",\"target\":{\"@type\":\"EntryPoint\",\"urlTemplate\":\"https:\/\/www.ccaniene.com\/it_it\/?s={search_term_string}\"},\"query-input\":{\"@type\":\"PropertyValueSpecification\",\"valueRequired\":true,\"valueName\":\"search_term_string\"}}],\"inLanguage\":\"en-GB\"},{\"@type\":\"Person\",\"@id\":\"\",\"url\":\"https:\/\/www.ccaniene.com\/en\/author\/\"}]}<\/script>\n<!-- \/ Yoast SEO plugin. -->","yoast_head_json":{"title":"Mondiale 470: bronzo per la coppia Conti e Micol  - Circolo Canottieri Aniene","robots":{"index":"index","follow":"follow","max-snippet":"max-snippet:-1","max-image-preview":"max-image-preview:large","max-video-preview":"max-video-preview:-1"},"canonical":"https:\/\/www.ccaniene.com\/en\/mondiale-470-conti-e-micol-sono-seconde\/","og_locale":"en_GB","og_type":"article","og_title":"Mondiale 470: bronzo per la coppia Conti e Micol  - Circolo Canottieri Aniene","og_description":"Concluso ieri\u00a0il Campionato Mondiale della classe 470, disputato in Olanda dal 9 al 18 luglio: L&#8217;equipaggio di Giulia Conti e Giovanna Micol (CV Marina Militare) concludono al 3\u00b0 posto overall. Si confermano campionesse mondiali le olandesi Lisa Westerhof e Lobke Berkhout, mentre \u00e8 argento per le neozelandesi Aleh-Powrie.\u00a0Ottima\u00a0medale race per\u00a0Giulia Conti e Giovanna Micol (CV [&hellip;]","og_url":"https:\/\/www.ccaniene.com\/en\/mondiale-470-conti-e-micol-sono-seconde\/","og_site_name":"Circolo Canottieri Aniene","article_published_time":"2010-07-16T09:14:35+00:00","og_image":[{"url":"http:\/\/www.ccaniene.com\/wp-content\/uploads\/conti.jpg"}],"twitter_card":"summary_large_image","twitter_misc":{"Written by":"","Estimated reading time":"1 minute"},"schema":{"@context":"https:\/\/schema.org","@graph":[{"@type":"WebPage","@id":"https:\/\/www.ccaniene.com\/en\/mondiale-470-conti-e-micol-sono-seconde\/","url":"https:\/\/www.ccaniene.com\/en\/mondiale-470-conti-e-micol-sono-seconde\/","name":"Mondiale 470: bronzo per la coppia Conti e Micol - Circolo Canottieri Aniene","isPartOf":{"@id":"https:\/\/www.ccaniene.com\/it_it\/#website"},"primaryImageOfPage":{"@id":"https:\/\/www.ccaniene.com\/en\/mondiale-470-conti-e-micol-sono-seconde\/#primaryimage"},"image":{"@id":"https:\/\/www.ccaniene.com\/en\/mondiale-470-conti-e-micol-sono-seconde\/#primaryimage"},"thumbnailUrl":"http:\/\/www.ccaniene.com\/wp-content\/uploads\/conti.jpg","datePublished":"2010-07-16T09:14:35+00:00","dateModified":"2010-07-16T09:14:35+00:00","author":{"@id":""},"breadcrumb":{"@id":"https:\/\/www.ccaniene.com\/en\/mondiale-470-conti-e-micol-sono-seconde\/#breadcrumb"},"inLanguage":"en-GB","potentialAction":[{"@type":"ReadAction","target":["https:\/\/www.ccaniene.com\/en\/mondiale-470-conti-e-micol-sono-seconde\/"]}]},{"@type":"ImageObject","inLanguage":"en-GB","@id":"https:\/\/www.ccaniene.com\/en\/mondiale-470-conti-e-micol-sono-seconde\/#primaryimage","url":"http:\/\/www.ccaniene.com\/wp-content\/uploads\/conti.jpg","contentUrl":"http:\/\/www.ccaniene.com\/wp-content\/uploads\/conti.jpg"},{"@type":"BreadcrumbList","@id":"https:\/\/www.ccaniene.com\/en\/mondiale-470-conti-e-micol-sono-seconde\/#breadcrumb","itemListElement":[{"@type":"ListItem","position":1,"name":"Home","item":"https:\/\/www.ccaniene.com\/it_it\/"},{"@type":"ListItem","position":2,"name":"Mondiale 470: bronzo per la coppia Conti e Micol"}]},{"@type":"WebSite","@id":"https:\/\/www.ccaniene.com\/it_it\/#website","url":"https:\/\/www.ccaniene.com\/it_it\/","name":"Circolo Canottieri Aniene","description":"Collare d&#039;Oro e Stella d&#039;Oro al Merito Sportivo","potentialAction":[{"@type":"SearchAction","target":{"@type":"EntryPoint","urlTemplate":"https:\/\/www.ccaniene.com\/it_it\/?s={search_term_string}"},"query-input":{"@type":"PropertyValueSpecification","valueRequired":true,"valueName":"search_term_string"}}],"inLanguage":"en-GB"},{"@type":"Person","@id":"","url":"https:\/\/www.ccaniene.com\/en\/author\/"}]}},"_links":{"self":[{"href":"https:\/\/www.ccaniene.com\/en\/wp-json\/wp\/v2\/posts\/220"}],"collection":[{"href":"https:\/\/www.ccaniene.com\/en\/wp-json\/wp\/v2\/posts"}],"about":[{"href":"https:\/\/www.ccaniene.com\/en\/wp-json\/wp\/v2\/types\/post"}],"author":[{"embeddable":true,"href":"https:\/\/www.ccaniene.com\/en\/wp-json\/wp\/v2\/users\/181"}],"replies":[{"embeddable":true,"href":"https:\/\/www.ccaniene.com\/en\/wp-json\/wp\/v2\/comments?post=220"}],"version-history":[{"count":0,"href":"https:\/\/www.ccaniene.com\/en\/wp-json\/wp\/v2\/posts\/220\/revisions"}],"wp:attachment":[{"href":"https:\/\/www.ccaniene.com\/en\/wp-json\/wp\/v2\/media?parent=220"}],"wp:term":[{"taxonomy":"category","embeddable":true,"href":"https:\/\/www.ccaniene.com\/en\/wp-json\/wp\/v2\/categories?post=220"},{"taxonomy":"post_tag","embeddable":true,"href":"https:\/\/www.ccaniene.com\/en\/wp-json\/wp\/v2\/tags?post=220"}],"curies":[{"name":"wp","href":"https:\/\/api.w.org\/{rel}","templated":true}]}}