{"id":216,"date":"2010-07-05T12:10:18","date_gmt":"2010-07-05T12:10:18","guid":{"rendered":""},"modified":"2010-07-05T12:10:18","modified_gmt":"2010-07-05T12:10:18","slug":"festival-dei-giovani-terzo-posto-per-il-circolo-canottieri-aniene","status":"publish","type":"post","link":"https:\/\/www.ccaniene.com\/en\/festival-dei-giovani-terzo-posto-per-il-circolo-canottieri-aniene\/","title":{"rendered":"Canottaggio: i giovani dell&#8217;Aniene terzi in Italia"},"content":{"rendered":"<p style=\"text-align: justify;\"><strong><img fetchpriority=\"high\" decoding=\"async\" src=\"http:\/\/www.ccaniene.com\/wp-content\/uploads\/comella3.JPG\" border=\"0\" width=\"200\" height=\"312\" style=\"float: left; margin-left: 10px; margin-right: 10px;\" \/>Si sono appena concluse le gare del Festival dei Giovani a Piediluco<\/strong> ed \u00e8 gi\u00e0\u00a0 il momento dei resoconti e delle riflessioni.\u00a0Splendido ed emozionante vedere questi giovani ragazzi vincere o perdere ed essere comunque felici di aver partecipato proprio secondo lo spirito \u201cdecoubertiniano\u201d.\u00a0Gli spalti pieni di gente pronta a tifare e gioire. Allenatori che diventano \u201cchiocce\u201d gestendo centinaia di bambini che corrono e gridano da tutte le parti.\u00a0 Dirigenti federali che si improvvisano \u201cregisti\u201d e creano una trasmissione in diretta via internet con tanto di commenti, interviste e spezzoni di gara che ha reso felici pi\u00f9 di 2000 persone che hanno contattato il sito.\u00a0 Le premiazioni dopo l\u2019ammaina bandiera con una grande e calorosa partecipazione di pubblico, quando di solito a quell\u2019ora scappano tutti. Insomma tanti piccoli spunti che fanno capire che il canottaggio si pu\u00f2 vivere anche cos\u00ec, con la freschezza e la semplicit\u00e0 dei bambini che ci accompagna e ci rende felici mentre\u00a0 partecipiamo alle loro gioie.<strong> <br \/>1295 giovani (oltre 130 societ\u00e0) e 267 regate,<\/strong> comprese quelle delle rappresentative regionali:<\/p>\n<p><!--more--><\/p>\n<p style=\"text-align: justify;\">questi i numeri della 21esima edizione del Festival dei Giovani a Piediluco (2-4 luglio).<\/p>\n<p style=\"text-align: justify;\"><strong>Ottimo risultato per il Circolo Canottieri Aniene che per la prima volta si piazza al terzo posto con 457 punti,<\/strong> dietro alla Marina Militare, seconda con 494 punti e alla Moto Guzzi, societ\u00e0 vincitrice\u00a0con 516 punti. Seguono Gavirate (435 punti), Varese (402), Ilva Bagnoli (395), Pro Monopoli (387), Saturnia (370), Stabia (367) e Cernobbio (355).<br \/>Raccontano le allenatrici Marta Ponte e Giorgia Di Carlo, che hanno condotto al Festival ben 38 Allievi e Cadetti: \u201cCi\u00f2 che ci interessa \u00e8 la formazione di un gruppo ampio e disponibile a seguire tre allenamenti settimana. Il nostro rapporto di collaborazione con le scuole romane \u00e8 piuttosto denso, lavoriamo per proporre un anno di canottaggio gratuito a chi vuole impegnarsi a far parte di una squadra\u201d. <strong>Il Festival dei Giovani \u00e8 la terza regata nazionale<\/strong>. \u201cOltre alle regate regionali, abbiamo portato i nostri ragazzi a gareggiare a Genova ed a San Miniato: <strong>Piediluco rappresenta la tappa conclusiva di un percorso programmato\u201d. <\/strong>Filosofia no-stress \u201cpienamente condivisa dal nostro dirigente Rocchegiani, le porte del Circolo sono aperte a tutti perch\u00e9 ci interessa creare una bella base in modo tale che tante potranno essere le speranze di medaglia a cominciare dal Campionato Italiano Ragazzi\u201d. Ad esempio Luca Di Francesco e Ludovica Serafini: \u201cLuca \u00e8 diventato adesso campione italiano Ragazzi nel due senza: noi lo abbiamo scovato nella scuola Settembrini dove da anni operiamo molto bene\u201d.<\/p>\n<p style=\"text-align: justify;\">\u00a0<\/p>\n<p style=\"text-align: justify;\">Da Marta e Giorgia a Matteo Giuffrida e Giovanni Suarez. \u201cA loro toccher\u00e0 pensare ai risultati, se arrivano le medaglie per i nostri Allievi e Cadetti sono un plus: ci\u00f2 che ci preme maggiormente \u00e8 lo sviluppo della squadra nel senso di gruppo in modo tale che siano gi\u00e0 abituati nel futuro alla condivisione di un impegno\u201d.<br \/><strong><br \/>MEDAGLIERE<br \/><\/strong><br \/>L&#8217;Aniene ha conquistato un totale di 17 medaglie (5 ori, 3 argenti, 9 bronzi), nel particolare:<\/p>\n<p><strong>ORO<br \/><\/strong>Giuliano Marsili (7.20)<br \/>Sofia Serafini-Flaminia Holl (2x)<br \/>Giulio Fedeli-Alessandro Pellicano (2x)<br \/>Adele Dezi (1x)<br \/>Giulio Fedeli (7.20)<\/p>\n<p><strong>ARGENTO<\/strong><br \/>Leonardo\u00a0Bissolotti\u00a0(7.20)<br \/>Eugenio Finizzi (7.20)<br \/>Luca Liberti (7.20)<\/p>\n<p><strong>BRONZO<br \/><\/strong>Marco Miconi (7.20)<br \/>Sofia Serafini (7.20)<br \/>Andrea Andreoli-Manfredi Comella (7.20)<br \/>Alessandro Pellicano (7.20)<br \/>Giuliano Marsili-Francesco Rocchegiani (2x)<br \/>Antonio Marinelli (7.20)<\/p>","protected":false},"excerpt":{"rendered":"<p>Si sono appena concluse le gare del Festival dei Giovani a Piediluco ed \u00e8 gi\u00e0\u00a0 il momento dei resoconti e delle riflessioni.\u00a0Splendido ed emozionante vedere questi giovani ragazzi vincere o perdere ed essere comunque felici di aver partecipato proprio secondo lo spirito \u201cdecoubertiniano\u201d.\u00a0Gli spalti pieni di gente pronta a tifare e gioire. Allenatori che diventano [&hellip;]<\/p>","protected":false},"author":181,"featured_media":0,"comment_status":"open","ping_status":"closed","sticky":true,"template":"","format":"standard","meta":{"pmpro_default_level":0,"footnotes":"","_links_to":"","_links_to_target":""},"categories":[9],"tags":[],"class_list":["post-216","post","type-post","status-publish","format-standard","hentry","category-canottaggio","pmpro-has-access"],"featured_image_urls":{},"appp_media":null,"yoast_head":"<!-- This site is optimized with the Yoast SEO plugin v23.6 - https:\/\/yoast.com\/wordpress\/plugins\/seo\/ -->\n<title>Canottaggio: i giovani dell&#039;Aniene terzi in Italia - Circolo Canottieri Aniene<\/title>\n<meta name=\"robots\" content=\"index, follow, max-snippet:-1, max-image-preview:large, max-video-preview:-1\" \/>\n<link rel=\"canonical\" href=\"https:\/\/www.ccaniene.com\/en\/festival-dei-giovani-terzo-posto-per-il-circolo-canottieri-aniene\/\" \/>\n<meta property=\"og:locale\" content=\"en_GB\" \/>\n<meta property=\"og:type\" content=\"article\" \/>\n<meta property=\"og:title\" content=\"Canottaggio: i giovani dell&#039;Aniene terzi in Italia - Circolo Canottieri Aniene\" \/>\n<meta property=\"og:description\" content=\"Si sono appena concluse le gare del Festival dei Giovani a Piediluco ed \u00e8 gi\u00e0\u00a0 il momento dei resoconti e delle riflessioni.\u00a0Splendido ed emozionante vedere questi giovani ragazzi vincere o perdere ed essere comunque felici di aver partecipato proprio secondo lo spirito \u201cdecoubertiniano\u201d.\u00a0Gli spalti pieni di gente pronta a tifare e gioire. Allenatori che diventano [&hellip;]\" \/>\n<meta property=\"og:url\" content=\"https:\/\/www.ccaniene.com\/en\/festival-dei-giovani-terzo-posto-per-il-circolo-canottieri-aniene\/\" \/>\n<meta property=\"og:site_name\" content=\"Circolo Canottieri Aniene\" \/>\n<meta property=\"article:published_time\" content=\"2010-07-05T12:10:18+00:00\" \/>\n<meta property=\"og:image\" content=\"http:\/\/www.ccaniene.com\/wp-content\/uploads\/comella3.JPG\" \/>\n<meta name=\"twitter:card\" content=\"summary_large_image\" \/>\n<meta name=\"twitter:label1\" content=\"Written by\" \/>\n\t<meta name=\"twitter:data1\" content=\"\" \/>\n\t<meta name=\"twitter:label2\" content=\"Estimated reading time\" \/>\n\t<meta name=\"twitter:data2\" content=\"3 minutes\" \/>\n<script type=\"application\/ld+json\" class=\"yoast-schema-graph\">{\"@context\":\"https:\/\/schema.org\",\"@graph\":[{\"@type\":\"WebPage\",\"@id\":\"https:\/\/www.ccaniene.com\/it_it\/festival-dei-giovani-terzo-posto-per-il-circolo-canottieri-aniene\/\",\"url\":\"https:\/\/www.ccaniene.com\/it_it\/festival-dei-giovani-terzo-posto-per-il-circolo-canottieri-aniene\/\",\"name\":\"Canottaggio: i giovani dell'Aniene terzi in Italia - Circolo Canottieri Aniene\",\"isPartOf\":{\"@id\":\"https:\/\/www.ccaniene.com\/it_it\/#website\"},\"primaryImageOfPage\":{\"@id\":\"https:\/\/www.ccaniene.com\/it_it\/festival-dei-giovani-terzo-posto-per-il-circolo-canottieri-aniene\/#primaryimage\"},\"image\":{\"@id\":\"https:\/\/www.ccaniene.com\/it_it\/festival-dei-giovani-terzo-posto-per-il-circolo-canottieri-aniene\/#primaryimage\"},\"thumbnailUrl\":\"http:\/\/www.ccaniene.com\/wp-content\/uploads\/comella3.JPG\",\"datePublished\":\"2010-07-05T12:10:18+00:00\",\"dateModified\":\"2010-07-05T12:10:18+00:00\",\"author\":{\"@id\":\"\"},\"breadcrumb\":{\"@id\":\"https:\/\/www.ccaniene.com\/it_it\/festival-dei-giovani-terzo-posto-per-il-circolo-canottieri-aniene\/#breadcrumb\"},\"inLanguage\":\"en-GB\",\"potentialAction\":[{\"@type\":\"ReadAction\",\"target\":[\"https:\/\/www.ccaniene.com\/it_it\/festival-dei-giovani-terzo-posto-per-il-circolo-canottieri-aniene\/\"]}]},{\"@type\":\"ImageObject\",\"inLanguage\":\"en-GB\",\"@id\":\"https:\/\/www.ccaniene.com\/it_it\/festival-dei-giovani-terzo-posto-per-il-circolo-canottieri-aniene\/#primaryimage\",\"url\":\"http:\/\/www.ccaniene.com\/wp-content\/uploads\/comella3.JPG\",\"contentUrl\":\"http:\/\/www.ccaniene.com\/wp-content\/uploads\/comella3.JPG\"},{\"@type\":\"BreadcrumbList\",\"@id\":\"https:\/\/www.ccaniene.com\/it_it\/festival-dei-giovani-terzo-posto-per-il-circolo-canottieri-aniene\/#breadcrumb\",\"itemListElement\":[{\"@type\":\"ListItem\",\"position\":1,\"name\":\"Home\",\"item\":\"https:\/\/www.ccaniene.com\/it_it\/\"},{\"@type\":\"ListItem\",\"position\":2,\"name\":\"Canottaggio: i giovani dell&#8217;Aniene terzi in Italia\"}]},{\"@type\":\"WebSite\",\"@id\":\"https:\/\/www.ccaniene.com\/it_it\/#website\",\"url\":\"https:\/\/www.ccaniene.com\/it_it\/\",\"name\":\"Circolo Canottieri Aniene\",\"description\":\"Collare d&#039;Oro e Stella d&#039;Oro al Merito Sportivo\",\"potentialAction\":[{\"@type\":\"SearchAction\",\"target\":{\"@type\":\"EntryPoint\",\"urlTemplate\":\"https:\/\/www.ccaniene.com\/it_it\/?s={search_term_string}\"},\"query-input\":{\"@type\":\"PropertyValueSpecification\",\"valueRequired\":true,\"valueName\":\"search_term_string\"}}],\"inLanguage\":\"en-GB\"},{\"@type\":\"Person\",\"@id\":\"\",\"url\":\"https:\/\/www.ccaniene.com\/en\/author\/\"}]}<\/script>\n<!-- \/ Yoast SEO plugin. -->","yoast_head_json":{"title":"Canottaggio: i giovani dell'Aniene terzi in Italia - Circolo Canottieri Aniene","robots":{"index":"index","follow":"follow","max-snippet":"max-snippet:-1","max-image-preview":"max-image-preview:large","max-video-preview":"max-video-preview:-1"},"canonical":"https:\/\/www.ccaniene.com\/en\/festival-dei-giovani-terzo-posto-per-il-circolo-canottieri-aniene\/","og_locale":"en_GB","og_type":"article","og_title":"Canottaggio: i giovani dell'Aniene terzi in Italia - Circolo Canottieri Aniene","og_description":"Si sono appena concluse le gare del Festival dei Giovani a Piediluco ed \u00e8 gi\u00e0\u00a0 il momento dei resoconti e delle riflessioni.\u00a0Splendido ed emozionante vedere questi giovani ragazzi vincere o perdere ed essere comunque felici di aver partecipato proprio secondo lo spirito \u201cdecoubertiniano\u201d.\u00a0Gli spalti pieni di gente pronta a tifare e gioire. Allenatori che diventano [&hellip;]","og_url":"https:\/\/www.ccaniene.com\/en\/festival-dei-giovani-terzo-posto-per-il-circolo-canottieri-aniene\/","og_site_name":"Circolo Canottieri Aniene","article_published_time":"2010-07-05T12:10:18+00:00","og_image":[{"url":"http:\/\/www.ccaniene.com\/wp-content\/uploads\/comella3.JPG"}],"twitter_card":"summary_large_image","twitter_misc":{"Written by":"","Estimated reading time":"3 minutes"},"schema":{"@context":"https:\/\/schema.org","@graph":[{"@type":"WebPage","@id":"https:\/\/www.ccaniene.com\/it_it\/festival-dei-giovani-terzo-posto-per-il-circolo-canottieri-aniene\/","url":"https:\/\/www.ccaniene.com\/it_it\/festival-dei-giovani-terzo-posto-per-il-circolo-canottieri-aniene\/","name":"Canottaggio: i giovani dell'Aniene terzi in Italia - Circolo Canottieri Aniene","isPartOf":{"@id":"https:\/\/www.ccaniene.com\/it_it\/#website"},"primaryImageOfPage":{"@id":"https:\/\/www.ccaniene.com\/it_it\/festival-dei-giovani-terzo-posto-per-il-circolo-canottieri-aniene\/#primaryimage"},"image":{"@id":"https:\/\/www.ccaniene.com\/it_it\/festival-dei-giovani-terzo-posto-per-il-circolo-canottieri-aniene\/#primaryimage"},"thumbnailUrl":"http:\/\/www.ccaniene.com\/wp-content\/uploads\/comella3.JPG","datePublished":"2010-07-05T12:10:18+00:00","dateModified":"2010-07-05T12:10:18+00:00","author":{"@id":""},"breadcrumb":{"@id":"https:\/\/www.ccaniene.com\/it_it\/festival-dei-giovani-terzo-posto-per-il-circolo-canottieri-aniene\/#breadcrumb"},"inLanguage":"en-GB","potentialAction":[{"@type":"ReadAction","target":["https:\/\/www.ccaniene.com\/it_it\/festival-dei-giovani-terzo-posto-per-il-circolo-canottieri-aniene\/"]}]},{"@type":"ImageObject","inLanguage":"en-GB","@id":"https:\/\/www.ccaniene.com\/it_it\/festival-dei-giovani-terzo-posto-per-il-circolo-canottieri-aniene\/#primaryimage","url":"http:\/\/www.ccaniene.com\/wp-content\/uploads\/comella3.JPG","contentUrl":"http:\/\/www.ccaniene.com\/wp-content\/uploads\/comella3.JPG"},{"@type":"BreadcrumbList","@id":"https:\/\/www.ccaniene.com\/it_it\/festival-dei-giovani-terzo-posto-per-il-circolo-canottieri-aniene\/#breadcrumb","itemListElement":[{"@type":"ListItem","position":1,"name":"Home","item":"https:\/\/www.ccaniene.com\/it_it\/"},{"@type":"ListItem","position":2,"name":"Canottaggio: i giovani dell&#8217;Aniene terzi in Italia"}]},{"@type":"WebSite","@id":"https:\/\/www.ccaniene.com\/it_it\/#website","url":"https:\/\/www.ccaniene.com\/it_it\/","name":"Circolo Canottieri Aniene","description":"Collare d&#039;Oro e Stella d&#039;Oro al Merito Sportivo","potentialAction":[{"@type":"SearchAction","target":{"@type":"EntryPoint","urlTemplate":"https:\/\/www.ccaniene.com\/it_it\/?s={search_term_string}"},"query-input":{"@type":"PropertyValueSpecification","valueRequired":true,"valueName":"search_term_string"}}],"inLanguage":"en-GB"},{"@type":"Person","@id":"","url":"https:\/\/www.ccaniene.com\/en\/author\/"}]}},"_links":{"self":[{"href":"https:\/\/www.ccaniene.com\/en\/wp-json\/wp\/v2\/posts\/216"}],"collection":[{"href":"https:\/\/www.ccaniene.com\/en\/wp-json\/wp\/v2\/posts"}],"about":[{"href":"https:\/\/www.ccaniene.com\/en\/wp-json\/wp\/v2\/types\/post"}],"author":[{"embeddable":true,"href":"https:\/\/www.ccaniene.com\/en\/wp-json\/wp\/v2\/users\/181"}],"replies":[{"embeddable":true,"href":"https:\/\/www.ccaniene.com\/en\/wp-json\/wp\/v2\/comments?post=216"}],"version-history":[{"count":0,"href":"https:\/\/www.ccaniene.com\/en\/wp-json\/wp\/v2\/posts\/216\/revisions"}],"wp:attachment":[{"href":"https:\/\/www.ccaniene.com\/en\/wp-json\/wp\/v2\/media?parent=216"}],"wp:term":[{"taxonomy":"category","embeddable":true,"href":"https:\/\/www.ccaniene.com\/en\/wp-json\/wp\/v2\/categories?post=216"},{"taxonomy":"post_tag","embeddable":true,"href":"https:\/\/www.ccaniene.com\/en\/wp-json\/wp\/v2\/tags?post=216"}],"curies":[{"name":"wp","href":"https:\/\/api.w.org\/{rel}","templated":true}]}}