{"id":21244,"date":"2021-06-27T22:13:28","date_gmt":"2021-06-27T20:13:28","guid":{"rendered":"https:\/\/www.ccaniene.com\/?p=21244"},"modified":"2021-06-27T22:13:30","modified_gmt":"2021-06-27T20:13:30","slug":"sette-colli-il-tris-di-simona-quadarella-e-il-pass-olimpico-di-stefano-di-cola","status":"publish","type":"post","link":"https:\/\/www.ccaniene.com\/en\/sette-colli-il-tris-di-simona-quadarella-e-il-pass-olimpico-di-stefano-di-cola\/","title":{"rendered":"Sette Colli, il tris di Simona Quadarella e il pass olimpico di Stefano Di Cola"},"content":{"rendered":"<p>Sette Colli in archivio con Simona Quadarella che, in pieno allenamento in vista delle Olimpiadi di Tokyo, centra un altro tris nel mezzofondo con i successi nei 1500, 800 e oggi 400sl, esattamente come agli Europei di Glasgow 2018 e Budapest 2021, e con Stefano Di Cola che ha centrato il pass olimpico per la staffetta 4x200sl.<\/p>\n\n\n\n<p>Simona si \u00e8 imposta anche nei 400 con 4\u201906\u201d88 e ha centrato un\u2019altra bella tripletta. \u00abA Tokyo non far\u00f2 i 400 ma oggi ci tenevo a farli. Cerco sempre nuovi stimoli. Nei primi metri ho fatto un po\u2019 fatica ma mi succede sempre quando sono sotto carico, devo ingranare prima di prendere il ritmo. Cerco di stare attenta anche alle sensazioni in acqua, oltre che al tempo\u00bb. Simona nuotava nella vasca di casa e ci teneva a fare bene: il Foro Italico, lo Stadio del Nuoto, sono simboli da tenere in grande evidenza e importanza. \u00abOggi in particolare non era quello a contare, mi bastava vincere, volevo mettere la mano davanti, a casa non mi possono battere\u00bb. L\u2019Olimpiade \u00e8 il traguardo della stagione, l\u2019evento pi\u00f9 importante di tutti e va affrontato con serenit\u00e0, non certo con tensione nonostante sia una prova di straordinaria importanza e valore. \u00abSe penso all\u2019Olimpiade &#8211; ha osservato Simona al proposito &#8211; per ora mi sento tranquilla, \u00e8 la tranquillit\u00e0 che ti fa vincere. Ero molto stanca e Julia Hassler mi ha tirato\u00bb.<\/p>\n\n\n\n<p>La prima gara del programma serale della terza e ultima giornata del meeting, quella della velocit\u00e0 pura, potrebbe essere stata l\u2019ultima di Federica Pellegrini allo Stadio del Nuoto, se davvero dovesse ritirarsi alla fine di questa stagione. E la Divina l\u2019ha condivisa con altre due campionesse olimpiche, Sarah Sjoestroem e Ranomi Kromowidjojo, con le quali dal 2009 ad oggi ha diviso i titoli internazionali che le hanno rese stelle mondiali. Nei 50sl l\u2019atleta dell\u2019Aniene \u00e8 in corsia 2, la svedese primatista mondiale (23\u201d67) alla 3 e l\u2019olandese alla 4. Quest\u2019ultima \u00e8 partita velocissima ma si \u00e8 fatta superare dalla danese Pernille Blume che ha vinto in progressione con 24\u201d47. Fede, che partiva con un secondo di margine dalle migliori, ha toccato quinta con un soddisfacente 24\u201d98. \u00abSono strafelice &#8211; ha detto la Pellegrini &#8211; Nuotare questa gara sotto i 25\u201d \u00e8 sempre un grandissimo tempo e conferma il mio stato di forma di questi giorni\u00bb. Fede pensa ai prossimi allenamenti. \u00abAdesso manca l\u2019ultimo lavoro in altura di tre settimane e poi penseremo a Tokyo. Partiamo domani e abbiamo buoni riscontri\u00bb.<\/p>\n\n\n\n<p>I 200 dorso sono state due prove italiane. Hanno vinto Mattia Restivo in 1\u201956\u201d59 e Margherita Panziera. L\u2019azzurra dell\u2019Aniene ha toccato in 2\u201908\u201d08 lasciando oltre due secondi e mezzo alla israeliana Aviv Barzelay (2\u201910\u201d76). \u00abUna bella occasione di poter gareggiare per tutti &#8211; le parole di Margherita &#8211; Per noi che abbiamo gi\u00e0 i tempi \u00e8 un momento pi\u00f9 rilassante in cui ci si pu\u00f2 testare in vista delle Olimpiadi. Sento di non essere al top della forma, ma sarebbe strano il contrario. Rimane ancora un mese di allenamenti\u00bb.<\/p>\n\n\n\n<figure class=\"wp-block-image size-large\"><img fetchpriority=\"high\" decoding=\"async\" width=\"800\" height=\"533\" src=\"http:\/\/www.ccaniene.com\/wp-content\/uploads\/2021\/06\/margheritasettecolli.jpg\" alt=\"\" class=\"wp-image-21247\" srcset=\"https:\/\/www.ccaniene.com\/wp-content\/uploads\/2021\/06\/margheritasettecolli.jpg 800w, https:\/\/www.ccaniene.com\/wp-content\/uploads\/2021\/06\/margheritasettecolli-768x512.jpg 768w\" sizes=\"(max-width: 800px) 100vw, 800px\" \/><figcaption>PANZIERA\u00a0Margherita ITA Gold Medal\rBARZELAY\u00a0Aviv ISR Silver Medal\rGAETANI\u00a0Erika Francesca ITA Bronze Medal\r200m Backstroke Women\rSwimming\rRome 27\/6\/2021\rStadio Del Nuoto Foro Italico \rFIN 58 Trofeo Sette Colli 2021\rInternazionali d&#8217;Italia\rPhoto Giorgio Scala \/ Deepbluemedia \/ Insidefoto<\/figcaption><\/figure>\n\n\n\n<p>Grande prestazione per Stefano Di Cola che nei 200sl \u00e8 stato secondo con 1\u201946\u201d84 dietro all\u2019ungherese Kristof Milak che ha vinto col record della manifestazione (1\u201946\u201d39), e ha guadagnato un posto nella staffetta 4x200sl per Tokyo. Primato personale e crono, per l\u2019atleta dell\u2019Aniene che lo proietta al nono posto tra le migliori prestazioni italiane di sempre. \u00ab\u00c8 stata una gara molto divertente, eravamo tutti sulla stessa linea. Ovviamente puntavo a fare il tempo per la staffetta olimpica. Mi aspettavo tanto da questa gara, ma non immaginavo di andare cos\u00ec forte\u00bb.<\/p>\n\n\n\n<p>Foto DBM<\/p>","protected":false},"excerpt":{"rendered":"<p>Sette Colli in archivio con Simona Quadarella che, in pieno allenamento in vista delle Olimpiadi di Tokyo, centra un altro tris nel mezzofondo con i successi nei 1500, 800 e oggi 400sl, esattamente come agli Europei di Glasgow 2018 e Budapest 2021, e con Stefano Di Cola che ha centrato il pass olimpico per la [&hellip;]<\/p>","protected":false},"author":23521,"featured_media":21245,"comment_status":"closed","ping_status":"closed","sticky":false,"template":"","format":"standard","meta":{"pmpro_default_level":0,"footnotes":"","_links_to":"","_links_to_target":""},"categories":[1,11],"tags":[],"class_list":["post-21244","post","type-post","status-publish","format-standard","has-post-thumbnail","hentry","category-news","category-nuoto","pmpro-has-access"],"featured_image_urls":{"thumbnail":"https:\/\/www.ccaniene.com\/wp-content\/uploads\/2021\/06\/simona2-400x400.jpg","medium_large":"https:\/\/www.ccaniene.com\/wp-content\/uploads\/2021\/06\/simona2-768x512.jpg"},"appp_media":null,"yoast_head":"<!-- This site is optimized with the Yoast SEO plugin v23.6 - https:\/\/yoast.com\/wordpress\/plugins\/seo\/ -->\n<title>Sette Colli, il tris di Simona Quadarella e il pass olimpico di Stefano Di Cola - Circolo Canottieri Aniene<\/title>\n<meta name=\"robots\" content=\"index, follow, max-snippet:-1, max-image-preview:large, max-video-preview:-1\" \/>\n<link rel=\"canonical\" href=\"https:\/\/www.ccaniene.com\/en\/sette-colli-il-tris-di-simona-quadarella-e-il-pass-olimpico-di-stefano-di-cola\/\" \/>\n<meta property=\"og:locale\" content=\"en_GB\" \/>\n<meta property=\"og:type\" content=\"article\" \/>\n<meta property=\"og:title\" content=\"Sette Colli, il tris di Simona Quadarella e il pass olimpico di Stefano Di Cola - Circolo Canottieri Aniene\" \/>\n<meta property=\"og:description\" content=\"Sette Colli in archivio con Simona Quadarella che, in pieno allenamento in vista delle Olimpiadi di Tokyo, centra un altro tris nel mezzofondo con i successi nei 1500, 800 e oggi 400sl, esattamente come agli Europei di Glasgow 2018 e Budapest 2021, e con Stefano Di Cola che ha centrato il pass olimpico per la [&hellip;]\" \/>\n<meta property=\"og:url\" content=\"https:\/\/www.ccaniene.com\/en\/sette-colli-il-tris-di-simona-quadarella-e-il-pass-olimpico-di-stefano-di-cola\/\" \/>\n<meta property=\"og:site_name\" content=\"Circolo Canottieri Aniene\" \/>\n<meta property=\"article:published_time\" content=\"2021-06-27T20:13:28+00:00\" \/>\n<meta property=\"article:modified_time\" content=\"2021-06-27T20:13:30+00:00\" \/>\n<meta property=\"og:image\" content=\"https:\/\/www.ccaniene.com\/wp-content\/uploads\/2021\/06\/simona2.jpg\" \/>\n\t<meta property=\"og:image:width\" content=\"800\" \/>\n\t<meta property=\"og:image:height\" content=\"533\" \/>\n\t<meta property=\"og:image:type\" content=\"image\/jpeg\" \/>\n<meta name=\"author\" content=\"carlo.san@tin.it\" \/>\n<meta name=\"twitter:card\" content=\"summary_large_image\" \/>\n<meta name=\"twitter:label1\" content=\"Written by\" \/>\n\t<meta name=\"twitter:data1\" content=\"carlo.san@tin.it\" \/>\n\t<meta name=\"twitter:label2\" content=\"Estimated reading time\" \/>\n\t<meta name=\"twitter:data2\" content=\"3 minutes\" \/>\n<script type=\"application\/ld+json\" class=\"yoast-schema-graph\">{\"@context\":\"https:\/\/schema.org\",\"@graph\":[{\"@type\":\"WebPage\",\"@id\":\"https:\/\/www.ccaniene.com\/it_it\/sette-colli-il-tris-di-simona-quadarella-e-il-pass-olimpico-di-stefano-di-cola\/\",\"url\":\"https:\/\/www.ccaniene.com\/it_it\/sette-colli-il-tris-di-simona-quadarella-e-il-pass-olimpico-di-stefano-di-cola\/\",\"name\":\"Sette Colli, il tris di Simona Quadarella e il pass olimpico di Stefano Di Cola - Circolo Canottieri Aniene\",\"isPartOf\":{\"@id\":\"https:\/\/www.ccaniene.com\/it_it\/#website\"},\"primaryImageOfPage\":{\"@id\":\"https:\/\/www.ccaniene.com\/it_it\/sette-colli-il-tris-di-simona-quadarella-e-il-pass-olimpico-di-stefano-di-cola\/#primaryimage\"},\"image\":{\"@id\":\"https:\/\/www.ccaniene.com\/it_it\/sette-colli-il-tris-di-simona-quadarella-e-il-pass-olimpico-di-stefano-di-cola\/#primaryimage\"},\"thumbnailUrl\":\"https:\/\/www.ccaniene.com\/wp-content\/uploads\/2021\/06\/simona2.jpg\",\"datePublished\":\"2021-06-27T20:13:28+00:00\",\"dateModified\":\"2021-06-27T20:13:30+00:00\",\"author\":{\"@id\":\"https:\/\/www.ccaniene.com\/it_it\/#\/schema\/person\/6042bd0ba360674279dffd4247d570ed\"},\"breadcrumb\":{\"@id\":\"https:\/\/www.ccaniene.com\/it_it\/sette-colli-il-tris-di-simona-quadarella-e-il-pass-olimpico-di-stefano-di-cola\/#breadcrumb\"},\"inLanguage\":\"en-GB\",\"potentialAction\":[{\"@type\":\"ReadAction\",\"target\":[\"https:\/\/www.ccaniene.com\/it_it\/sette-colli-il-tris-di-simona-quadarella-e-il-pass-olimpico-di-stefano-di-cola\/\"]}]},{\"@type\":\"ImageObject\",\"inLanguage\":\"en-GB\",\"@id\":\"https:\/\/www.ccaniene.com\/it_it\/sette-colli-il-tris-di-simona-quadarella-e-il-pass-olimpico-di-stefano-di-cola\/#primaryimage\",\"url\":\"https:\/\/www.ccaniene.com\/wp-content\/uploads\/2021\/06\/simona2.jpg\",\"contentUrl\":\"https:\/\/www.ccaniene.com\/wp-content\/uploads\/2021\/06\/simona2.jpg\",\"width\":800,\"height\":533,\"caption\":\"QUADARELLA\u00a0Simona ITA Gold Medal HASSLER\u00a0Julia LIE Silver Medal RONCATTO\u00a0Gabrielle BRA Bronze Medal 400m Freestyle Women Swimming Rome 27\/6\/2021 Stadio Del Nuoto Foro Italico FIN 58 Trofeo Sette Colli 2021 Internazionali d'Italia Photo Giorgio Scala \/ Deepbluemedia \/ Insidefoto\"},{\"@type\":\"BreadcrumbList\",\"@id\":\"https:\/\/www.ccaniene.com\/it_it\/sette-colli-il-tris-di-simona-quadarella-e-il-pass-olimpico-di-stefano-di-cola\/#breadcrumb\",\"itemListElement\":[{\"@type\":\"ListItem\",\"position\":1,\"name\":\"Home\",\"item\":\"https:\/\/www.ccaniene.com\/it_it\/\"},{\"@type\":\"ListItem\",\"position\":2,\"name\":\"Sette Colli, il tris di Simona Quadarella e il pass olimpico di Stefano Di Cola\"}]},{\"@type\":\"WebSite\",\"@id\":\"https:\/\/www.ccaniene.com\/it_it\/#website\",\"url\":\"https:\/\/www.ccaniene.com\/it_it\/\",\"name\":\"Circolo Canottieri Aniene\",\"description\":\"Collare d&#039;Oro e Stella d&#039;Oro al Merito Sportivo\",\"potentialAction\":[{\"@type\":\"SearchAction\",\"target\":{\"@type\":\"EntryPoint\",\"urlTemplate\":\"https:\/\/www.ccaniene.com\/it_it\/?s={search_term_string}\"},\"query-input\":{\"@type\":\"PropertyValueSpecification\",\"valueRequired\":true,\"valueName\":\"search_term_string\"}}],\"inLanguage\":\"en-GB\"},{\"@type\":\"Person\",\"@id\":\"https:\/\/www.ccaniene.com\/it_it\/#\/schema\/person\/6042bd0ba360674279dffd4247d570ed\",\"name\":\"carlo.san@tin.it\",\"image\":{\"@type\":\"ImageObject\",\"inLanguage\":\"en-GB\",\"@id\":\"https:\/\/www.ccaniene.com\/it_it\/#\/schema\/person\/image\/\",\"url\":\"https:\/\/secure.gravatar.com\/avatar\/f993a459d0ffe4d666e4c917fef20ca9?s=96&d=mm&r=g\",\"contentUrl\":\"https:\/\/secure.gravatar.com\/avatar\/f993a459d0ffe4d666e4c917fef20ca9?s=96&d=mm&r=g\",\"caption\":\"carlo.san@tin.it\"},\"url\":\"https:\/\/www.ccaniene.com\/en\/author\/carlo-santi-2\/\"}]}<\/script>\n<!-- \/ Yoast SEO plugin. -->","yoast_head_json":{"title":"Sette Colli, il tris di Simona Quadarella e il pass olimpico di Stefano Di Cola - Circolo Canottieri Aniene","robots":{"index":"index","follow":"follow","max-snippet":"max-snippet:-1","max-image-preview":"max-image-preview:large","max-video-preview":"max-video-preview:-1"},"canonical":"https:\/\/www.ccaniene.com\/en\/sette-colli-il-tris-di-simona-quadarella-e-il-pass-olimpico-di-stefano-di-cola\/","og_locale":"en_GB","og_type":"article","og_title":"Sette Colli, il tris di Simona Quadarella e il pass olimpico di Stefano Di Cola - Circolo Canottieri Aniene","og_description":"Sette Colli in archivio con Simona Quadarella che, in pieno allenamento in vista delle Olimpiadi di Tokyo, centra un altro tris nel mezzofondo con i successi nei 1500, 800 e oggi 400sl, esattamente come agli Europei di Glasgow 2018 e Budapest 2021, e con Stefano Di Cola che ha centrato il pass olimpico per la [&hellip;]","og_url":"https:\/\/www.ccaniene.com\/en\/sette-colli-il-tris-di-simona-quadarella-e-il-pass-olimpico-di-stefano-di-cola\/","og_site_name":"Circolo Canottieri Aniene","article_published_time":"2021-06-27T20:13:28+00:00","article_modified_time":"2021-06-27T20:13:30+00:00","og_image":[{"width":800,"height":533,"url":"https:\/\/www.ccaniene.com\/wp-content\/uploads\/2021\/06\/simona2.jpg","type":"image\/jpeg"}],"author":"carlo.san@tin.it","twitter_card":"summary_large_image","twitter_misc":{"Written by":"carlo.san@tin.it","Estimated reading time":"3 minutes"},"schema":{"@context":"https:\/\/schema.org","@graph":[{"@type":"WebPage","@id":"https:\/\/www.ccaniene.com\/it_it\/sette-colli-il-tris-di-simona-quadarella-e-il-pass-olimpico-di-stefano-di-cola\/","url":"https:\/\/www.ccaniene.com\/it_it\/sette-colli-il-tris-di-simona-quadarella-e-il-pass-olimpico-di-stefano-di-cola\/","name":"Sette Colli, il tris di Simona Quadarella e il pass olimpico di Stefano Di Cola - Circolo Canottieri Aniene","isPartOf":{"@id":"https:\/\/www.ccaniene.com\/it_it\/#website"},"primaryImageOfPage":{"@id":"https:\/\/www.ccaniene.com\/it_it\/sette-colli-il-tris-di-simona-quadarella-e-il-pass-olimpico-di-stefano-di-cola\/#primaryimage"},"image":{"@id":"https:\/\/www.ccaniene.com\/it_it\/sette-colli-il-tris-di-simona-quadarella-e-il-pass-olimpico-di-stefano-di-cola\/#primaryimage"},"thumbnailUrl":"https:\/\/www.ccaniene.com\/wp-content\/uploads\/2021\/06\/simona2.jpg","datePublished":"2021-06-27T20:13:28+00:00","dateModified":"2021-06-27T20:13:30+00:00","author":{"@id":"https:\/\/www.ccaniene.com\/it_it\/#\/schema\/person\/6042bd0ba360674279dffd4247d570ed"},"breadcrumb":{"@id":"https:\/\/www.ccaniene.com\/it_it\/sette-colli-il-tris-di-simona-quadarella-e-il-pass-olimpico-di-stefano-di-cola\/#breadcrumb"},"inLanguage":"en-GB","potentialAction":[{"@type":"ReadAction","target":["https:\/\/www.ccaniene.com\/it_it\/sette-colli-il-tris-di-simona-quadarella-e-il-pass-olimpico-di-stefano-di-cola\/"]}]},{"@type":"ImageObject","inLanguage":"en-GB","@id":"https:\/\/www.ccaniene.com\/it_it\/sette-colli-il-tris-di-simona-quadarella-e-il-pass-olimpico-di-stefano-di-cola\/#primaryimage","url":"https:\/\/www.ccaniene.com\/wp-content\/uploads\/2021\/06\/simona2.jpg","contentUrl":"https:\/\/www.ccaniene.com\/wp-content\/uploads\/2021\/06\/simona2.jpg","width":800,"height":533,"caption":"QUADARELLA\u00a0Simona ITA Gold Medal HASSLER\u00a0Julia LIE Silver Medal RONCATTO\u00a0Gabrielle BRA Bronze Medal 400m Freestyle Women Swimming Rome 27\/6\/2021 Stadio Del Nuoto Foro Italico FIN 58 Trofeo Sette Colli 2021 Internazionali d'Italia Photo Giorgio Scala \/ Deepbluemedia \/ Insidefoto"},{"@type":"BreadcrumbList","@id":"https:\/\/www.ccaniene.com\/it_it\/sette-colli-il-tris-di-simona-quadarella-e-il-pass-olimpico-di-stefano-di-cola\/#breadcrumb","itemListElement":[{"@type":"ListItem","position":1,"name":"Home","item":"https:\/\/www.ccaniene.com\/it_it\/"},{"@type":"ListItem","position":2,"name":"Sette Colli, il tris di Simona Quadarella e il pass olimpico di Stefano Di Cola"}]},{"@type":"WebSite","@id":"https:\/\/www.ccaniene.com\/it_it\/#website","url":"https:\/\/www.ccaniene.com\/it_it\/","name":"Circolo Canottieri Aniene","description":"Collare d&#039;Oro e Stella d&#039;Oro al Merito Sportivo","potentialAction":[{"@type":"SearchAction","target":{"@type":"EntryPoint","urlTemplate":"https:\/\/www.ccaniene.com\/it_it\/?s={search_term_string}"},"query-input":{"@type":"PropertyValueSpecification","valueRequired":true,"valueName":"search_term_string"}}],"inLanguage":"en-GB"},{"@type":"Person","@id":"https:\/\/www.ccaniene.com\/it_it\/#\/schema\/person\/6042bd0ba360674279dffd4247d570ed","name":"carlo.san@tin.it","image":{"@type":"ImageObject","inLanguage":"en-GB","@id":"https:\/\/www.ccaniene.com\/it_it\/#\/schema\/person\/image\/","url":"https:\/\/secure.gravatar.com\/avatar\/f993a459d0ffe4d666e4c917fef20ca9?s=96&d=mm&r=g","contentUrl":"https:\/\/secure.gravatar.com\/avatar\/f993a459d0ffe4d666e4c917fef20ca9?s=96&d=mm&r=g","caption":"carlo.san@tin.it"},"url":"https:\/\/www.ccaniene.com\/en\/author\/carlo-santi-2\/"}]}},"_links":{"self":[{"href":"https:\/\/www.ccaniene.com\/en\/wp-json\/wp\/v2\/posts\/21244"}],"collection":[{"href":"https:\/\/www.ccaniene.com\/en\/wp-json\/wp\/v2\/posts"}],"about":[{"href":"https:\/\/www.ccaniene.com\/en\/wp-json\/wp\/v2\/types\/post"}],"author":[{"embeddable":true,"href":"https:\/\/www.ccaniene.com\/en\/wp-json\/wp\/v2\/users\/23521"}],"replies":[{"embeddable":true,"href":"https:\/\/www.ccaniene.com\/en\/wp-json\/wp\/v2\/comments?post=21244"}],"version-history":[{"count":1,"href":"https:\/\/www.ccaniene.com\/en\/wp-json\/wp\/v2\/posts\/21244\/revisions"}],"predecessor-version":[{"id":21249,"href":"https:\/\/www.ccaniene.com\/en\/wp-json\/wp\/v2\/posts\/21244\/revisions\/21249"}],"wp:featuredmedia":[{"embeddable":true,"href":"https:\/\/www.ccaniene.com\/en\/wp-json\/wp\/v2\/media\/21245"}],"wp:attachment":[{"href":"https:\/\/www.ccaniene.com\/en\/wp-json\/wp\/v2\/media?parent=21244"}],"wp:term":[{"taxonomy":"category","embeddable":true,"href":"https:\/\/www.ccaniene.com\/en\/wp-json\/wp\/v2\/categories?post=21244"},{"taxonomy":"post_tag","embeddable":true,"href":"https:\/\/www.ccaniene.com\/en\/wp-json\/wp\/v2\/tags?post=21244"}],"curies":[{"name":"wp","href":"https:\/\/api.w.org\/{rel}","templated":true}]}}