{"id":21230,"date":"2021-06-26T22:24:15","date_gmt":"2021-06-26T20:24:15","guid":{"rendered":"https:\/\/www.ccaniene.com\/?p=21230"},"modified":"2021-06-27T15:17:03","modified_gmt":"2021-06-27T13:17:03","slug":"sette-colli-tris-di-vittorie-aniene-con-pilato-martinenghi-e-quadarella","status":"publish","type":"post","link":"https:\/\/www.ccaniene.com\/en\/sette-colli-tris-di-vittorie-aniene-con-pilato-martinenghi-e-quadarella\/","title":{"rendered":"Sette Colli, tris di vittorie Aniene con Pilato, Martinenghi e Quadarella"},"content":{"rendered":"<p>Seconda giornata del Sette Colli numero 58 allo Stadio del Nuoto, il meeting che \u00e8 per molti l\u2019ultima occasione per prendersi un posto per i Giochi olimpici di Tokyo. Gli atleti dell\u2019Aniene sono stati di nuovo protagonisti. La primatista mondiale Benedetta Pilato ha vinto i suoi 50 rana con un altro record. Non \u00e8 quello del mondo, questa volta come aveva fatto ai recenti Europei di Budapest quando ha ottenuto 29\u201d30, ma della manifestazione. La giovane tarantina che gareggia per il CC Aniene ha messo tutte in fila toccando in 29\u201d69 (il precedente primato del Sette Colli apparteneva alla russa Yulia Efimova con 29\u201d84 dell&#8217;edizione 2018) e anticipando Arianna Castiglioni di 37 centesimi. Terzo posto per la brasiliana Jhenn Alves Da Conceicao in 30\u201d40. \u00abOramai migliorarmi significa fare i record del mondo &#8211; ha sorriso Benny &#8211; Il tempo va bene, non mi aspettavo di fare di meno. Sono veramente contenta. In questo periodo che ci separa dalla partenza per il Giappone sto cercando di stare serena e tranquilla e non pensarci troppo. Agli Europei junior tra due settimane faremo un\u2019altra gara e poi si voler\u00e0 a Tokyo\u00bb.<\/p>\n\n\n\n<p>Nei 50 rana maschili Nicol\u00f2 Martinenghi, altro campione dell\u2019Aniene che a Tokyo \u00e8 atteso ad un grande risultato, dopo aver vinto, ieri, i 100 con il record italiano di 58\u201d29, ha fatto il pieno d\u2019oro andando a vincere in 26\u201d59, a due decimi dal suo record italiano (26\u201d39) che aveva stabilito il 2 aprile agli assoluti di Riccione. \u00abHo commesso qualche errore in gara &#8211; ha spiegato Tete che \u00e8 seguito da Marco Pedoja, altro tecnico che far\u00e0 parte della spedizione olimpica &#8211; ma dopo il bel risultato di ieri non mi potevo aspettare molto pi\u00f9 di questo. Ho nuotato molto sciolto, senza pensieri e il tempo dimostra che sto lavorando nel modo giusto\u00bb.<\/p>\n\n\n\n<p>La campionessa europea e primatista azzurra Simona Quadarella che un mese fa gli Europei di Budapest ha replicato la tripletta di Glasgow 2018 vincendo 400, 800 e 1500sl e ieri si aggiudicata i 1500sl, ha conquistato il successo anche negli 800sl, e lo ha fatto senza spingere troppo chiudendo in 8\u201923\u201d25 (il suo record italiano \u00e8 di 8\u201914\u201d99 nuotato ai Mondiali di Gwangju il 27 luglio 2019) e ha tenuto a distanza di sicurezza un\u2019aggressiva Martina Rita Caramignoli, seconda con 8\u201929\u201d03. \u00abIl passo giusto avrei potuto trovarlo anche oggi &#8211; ha commentato la romana allenata da Christian Minotti &#8211; ma ero molto stanca da ieri. Avevo dolori ma la gara l\u2019ho fatta comunque. Un mese fa nuotavo 8\u201920\u201d, oggi speravo meno ma \u00e8 anche vero che dopo 24 ore da un 1500 a quella intensit\u00e0 \u00e8 difficile rimettersi in acqua. Voglio fare anche i 400 domani\u00bb.<\/p>\n\n\n\n<p>Quarto posto per Federica Pellegrini, attesa nei 100 dopo il successo di ieri nei 200sl, con 53\u201d71 nuotando in corsia sette. Buon passaggio e ottima nuotata. \u00abSono molto contenta, era un po\u2019 di tempo che non nuotavo i 100 sotto i 53\u201d80. \u00c8 stata una bellissima gara, mi sono sentita bene e sono molto soddisfatta\u00bb.<\/p>\n\n\n\n<p>Apertura di giornata con Sarah Sjoestroem che ha vinto i 100 farfalla con 57\u201d65. La svedese, al rientro dopo il lungo stop, si \u00e8 confermata campionessa. Elena Di Liddo, atleta dell\u2019Aniene, e Ilaria Bianchi le hanno nuotato a fianco; Di Liddo, in corsia 5, \u00e8 stata seconda con 57\u201d93.<\/p>\n\n\n\n<p>Nelle batterie della mattina, ottima prestazione di Federica Pellegrini nei 100 dorso, che non nuotava dal 2019: Fede ha fermato cronometro a due decimi appena dal personale in 1\u201900\u201d32 mentre Margherita Panziera con 1&#8217;00&#8243;05 ha chiuso al quarto posto complessivo.<\/p>\n\n\n\n<p><\/p>\n\n\n\n<p>Nella foto DBM, Benedetta Pilato<\/p>","protected":false},"excerpt":{"rendered":"<p>Seconda giornata del Sette Colli numero 58 allo Stadio del Nuoto, il meeting che \u00e8 per molti l\u2019ultima occasione per prendersi un posto per i Giochi olimpici di Tokyo. Gli atleti dell\u2019Aniene sono stati di nuovo protagonisti. La primatista mondiale Benedetta Pilato ha vinto i suoi 50 rana con un altro record. Non \u00e8 quello [&hellip;]<\/p>","protected":false},"author":23521,"featured_media":21231,"comment_status":"closed","ping_status":"closed","sticky":false,"template":"","format":"standard","meta":{"pmpro_default_level":0,"footnotes":"","_links_to":"","_links_to_target":""},"categories":[1,11],"tags":[],"class_list":["post-21230","post","type-post","status-publish","format-standard","has-post-thumbnail","hentry","category-news","category-nuoto","pmpro-has-access"],"featured_image_urls":{"thumbnail":"https:\/\/www.ccaniene.com\/wp-content\/uploads\/2021\/06\/pilato7colli-400x400.jpg","medium_large":"https:\/\/www.ccaniene.com\/wp-content\/uploads\/2021\/06\/pilato7colli-768x512.jpg"},"appp_media":null,"yoast_head":"<!-- This site is optimized with the Yoast SEO plugin v23.6 - https:\/\/yoast.com\/wordpress\/plugins\/seo\/ -->\n<title>Sette Colli, tris di vittorie Aniene con Pilato, Martinenghi e Quadarella - Circolo Canottieri Aniene<\/title>\n<meta name=\"robots\" content=\"index, follow, max-snippet:-1, max-image-preview:large, max-video-preview:-1\" \/>\n<link rel=\"canonical\" href=\"https:\/\/www.ccaniene.com\/en\/sette-colli-tris-di-vittorie-aniene-con-pilato-martinenghi-e-quadarella\/\" \/>\n<meta property=\"og:locale\" content=\"en_GB\" \/>\n<meta property=\"og:type\" content=\"article\" \/>\n<meta property=\"og:title\" content=\"Sette Colli, tris di vittorie Aniene con Pilato, Martinenghi e Quadarella - Circolo Canottieri Aniene\" \/>\n<meta property=\"og:description\" content=\"Seconda giornata del Sette Colli numero 58 allo Stadio del Nuoto, il meeting che \u00e8 per molti l\u2019ultima occasione per prendersi un posto per i Giochi olimpici di Tokyo. Gli atleti dell\u2019Aniene sono stati di nuovo protagonisti. La primatista mondiale Benedetta Pilato ha vinto i suoi 50 rana con un altro record. Non \u00e8 quello [&hellip;]\" \/>\n<meta property=\"og:url\" content=\"https:\/\/www.ccaniene.com\/en\/sette-colli-tris-di-vittorie-aniene-con-pilato-martinenghi-e-quadarella\/\" \/>\n<meta property=\"og:site_name\" content=\"Circolo Canottieri Aniene\" \/>\n<meta property=\"article:published_time\" content=\"2021-06-26T20:24:15+00:00\" \/>\n<meta property=\"article:modified_time\" content=\"2021-06-27T13:17:03+00:00\" \/>\n<meta property=\"og:image\" content=\"https:\/\/www.ccaniene.com\/wp-content\/uploads\/2021\/06\/pilato7colli.jpg\" \/>\n\t<meta property=\"og:image:width\" content=\"800\" \/>\n\t<meta property=\"og:image:height\" content=\"533\" \/>\n\t<meta property=\"og:image:type\" content=\"image\/jpeg\" \/>\n<meta name=\"author\" content=\"carlo.san@tin.it\" \/>\n<meta name=\"twitter:card\" content=\"summary_large_image\" \/>\n<meta name=\"twitter:label1\" content=\"Written by\" \/>\n\t<meta name=\"twitter:data1\" content=\"carlo.san@tin.it\" \/>\n\t<meta name=\"twitter:label2\" content=\"Estimated reading time\" \/>\n\t<meta name=\"twitter:data2\" content=\"3 minutes\" \/>\n<script type=\"application\/ld+json\" class=\"yoast-schema-graph\">{\"@context\":\"https:\/\/schema.org\",\"@graph\":[{\"@type\":\"WebPage\",\"@id\":\"https:\/\/www.ccaniene.com\/it_it\/sette-colli-tris-di-vittorie-aniene-con-pilato-martinenghi-e-quadarella\/\",\"url\":\"https:\/\/www.ccaniene.com\/it_it\/sette-colli-tris-di-vittorie-aniene-con-pilato-martinenghi-e-quadarella\/\",\"name\":\"Sette Colli, tris di vittorie Aniene con Pilato, Martinenghi e Quadarella - Circolo Canottieri Aniene\",\"isPartOf\":{\"@id\":\"https:\/\/www.ccaniene.com\/it_it\/#website\"},\"primaryImageOfPage\":{\"@id\":\"https:\/\/www.ccaniene.com\/it_it\/sette-colli-tris-di-vittorie-aniene-con-pilato-martinenghi-e-quadarella\/#primaryimage\"},\"image\":{\"@id\":\"https:\/\/www.ccaniene.com\/it_it\/sette-colli-tris-di-vittorie-aniene-con-pilato-martinenghi-e-quadarella\/#primaryimage\"},\"thumbnailUrl\":\"https:\/\/www.ccaniene.com\/wp-content\/uploads\/2021\/06\/pilato7colli.jpg\",\"datePublished\":\"2021-06-26T20:24:15+00:00\",\"dateModified\":\"2021-06-27T13:17:03+00:00\",\"author\":{\"@id\":\"https:\/\/www.ccaniene.com\/it_it\/#\/schema\/person\/6042bd0ba360674279dffd4247d570ed\"},\"breadcrumb\":{\"@id\":\"https:\/\/www.ccaniene.com\/it_it\/sette-colli-tris-di-vittorie-aniene-con-pilato-martinenghi-e-quadarella\/#breadcrumb\"},\"inLanguage\":\"en-GB\",\"potentialAction\":[{\"@type\":\"ReadAction\",\"target\":[\"https:\/\/www.ccaniene.com\/it_it\/sette-colli-tris-di-vittorie-aniene-con-pilato-martinenghi-e-quadarella\/\"]}]},{\"@type\":\"ImageObject\",\"inLanguage\":\"en-GB\",\"@id\":\"https:\/\/www.ccaniene.com\/it_it\/sette-colli-tris-di-vittorie-aniene-con-pilato-martinenghi-e-quadarella\/#primaryimage\",\"url\":\"https:\/\/www.ccaniene.com\/wp-content\/uploads\/2021\/06\/pilato7colli.jpg\",\"contentUrl\":\"https:\/\/www.ccaniene.com\/wp-content\/uploads\/2021\/06\/pilato7colli.jpg\",\"width\":800,\"height\":533,\"caption\":\"Swimming Rome 26\/6\/2021 Stadio Del Nuoto Foro Italico FIN 58 Trofeo Sette Colli 2021 Internazionali d'Italia Photo Giorgio Scala \/ Deepbluemedia \/ Insidefoto\"},{\"@type\":\"BreadcrumbList\",\"@id\":\"https:\/\/www.ccaniene.com\/it_it\/sette-colli-tris-di-vittorie-aniene-con-pilato-martinenghi-e-quadarella\/#breadcrumb\",\"itemListElement\":[{\"@type\":\"ListItem\",\"position\":1,\"name\":\"Home\",\"item\":\"https:\/\/www.ccaniene.com\/it_it\/\"},{\"@type\":\"ListItem\",\"position\":2,\"name\":\"Sette Colli, tris di vittorie Aniene con Pilato, Martinenghi e Quadarella\"}]},{\"@type\":\"WebSite\",\"@id\":\"https:\/\/www.ccaniene.com\/it_it\/#website\",\"url\":\"https:\/\/www.ccaniene.com\/it_it\/\",\"name\":\"Circolo Canottieri Aniene\",\"description\":\"Collare d&#039;Oro e Stella d&#039;Oro al Merito Sportivo\",\"potentialAction\":[{\"@type\":\"SearchAction\",\"target\":{\"@type\":\"EntryPoint\",\"urlTemplate\":\"https:\/\/www.ccaniene.com\/it_it\/?s={search_term_string}\"},\"query-input\":{\"@type\":\"PropertyValueSpecification\",\"valueRequired\":true,\"valueName\":\"search_term_string\"}}],\"inLanguage\":\"en-GB\"},{\"@type\":\"Person\",\"@id\":\"https:\/\/www.ccaniene.com\/it_it\/#\/schema\/person\/6042bd0ba360674279dffd4247d570ed\",\"name\":\"carlo.san@tin.it\",\"image\":{\"@type\":\"ImageObject\",\"inLanguage\":\"en-GB\",\"@id\":\"https:\/\/www.ccaniene.com\/it_it\/#\/schema\/person\/image\/\",\"url\":\"https:\/\/secure.gravatar.com\/avatar\/f993a459d0ffe4d666e4c917fef20ca9?s=96&d=mm&r=g\",\"contentUrl\":\"https:\/\/secure.gravatar.com\/avatar\/f993a459d0ffe4d666e4c917fef20ca9?s=96&d=mm&r=g\",\"caption\":\"carlo.san@tin.it\"},\"url\":\"https:\/\/www.ccaniene.com\/en\/author\/carlo-santi-2\/\"}]}<\/script>\n<!-- \/ Yoast SEO plugin. -->","yoast_head_json":{"title":"Sette Colli, tris di vittorie Aniene con Pilato, Martinenghi e Quadarella - Circolo Canottieri Aniene","robots":{"index":"index","follow":"follow","max-snippet":"max-snippet:-1","max-image-preview":"max-image-preview:large","max-video-preview":"max-video-preview:-1"},"canonical":"https:\/\/www.ccaniene.com\/en\/sette-colli-tris-di-vittorie-aniene-con-pilato-martinenghi-e-quadarella\/","og_locale":"en_GB","og_type":"article","og_title":"Sette Colli, tris di vittorie Aniene con Pilato, Martinenghi e Quadarella - Circolo Canottieri Aniene","og_description":"Seconda giornata del Sette Colli numero 58 allo Stadio del Nuoto, il meeting che \u00e8 per molti l\u2019ultima occasione per prendersi un posto per i Giochi olimpici di Tokyo. Gli atleti dell\u2019Aniene sono stati di nuovo protagonisti. La primatista mondiale Benedetta Pilato ha vinto i suoi 50 rana con un altro record. Non \u00e8 quello [&hellip;]","og_url":"https:\/\/www.ccaniene.com\/en\/sette-colli-tris-di-vittorie-aniene-con-pilato-martinenghi-e-quadarella\/","og_site_name":"Circolo Canottieri Aniene","article_published_time":"2021-06-26T20:24:15+00:00","article_modified_time":"2021-06-27T13:17:03+00:00","og_image":[{"width":800,"height":533,"url":"https:\/\/www.ccaniene.com\/wp-content\/uploads\/2021\/06\/pilato7colli.jpg","type":"image\/jpeg"}],"author":"carlo.san@tin.it","twitter_card":"summary_large_image","twitter_misc":{"Written by":"carlo.san@tin.it","Estimated reading time":"3 minutes"},"schema":{"@context":"https:\/\/schema.org","@graph":[{"@type":"WebPage","@id":"https:\/\/www.ccaniene.com\/it_it\/sette-colli-tris-di-vittorie-aniene-con-pilato-martinenghi-e-quadarella\/","url":"https:\/\/www.ccaniene.com\/it_it\/sette-colli-tris-di-vittorie-aniene-con-pilato-martinenghi-e-quadarella\/","name":"Sette Colli, tris di vittorie Aniene con Pilato, Martinenghi e Quadarella - Circolo Canottieri Aniene","isPartOf":{"@id":"https:\/\/www.ccaniene.com\/it_it\/#website"},"primaryImageOfPage":{"@id":"https:\/\/www.ccaniene.com\/it_it\/sette-colli-tris-di-vittorie-aniene-con-pilato-martinenghi-e-quadarella\/#primaryimage"},"image":{"@id":"https:\/\/www.ccaniene.com\/it_it\/sette-colli-tris-di-vittorie-aniene-con-pilato-martinenghi-e-quadarella\/#primaryimage"},"thumbnailUrl":"https:\/\/www.ccaniene.com\/wp-content\/uploads\/2021\/06\/pilato7colli.jpg","datePublished":"2021-06-26T20:24:15+00:00","dateModified":"2021-06-27T13:17:03+00:00","author":{"@id":"https:\/\/www.ccaniene.com\/it_it\/#\/schema\/person\/6042bd0ba360674279dffd4247d570ed"},"breadcrumb":{"@id":"https:\/\/www.ccaniene.com\/it_it\/sette-colli-tris-di-vittorie-aniene-con-pilato-martinenghi-e-quadarella\/#breadcrumb"},"inLanguage":"en-GB","potentialAction":[{"@type":"ReadAction","target":["https:\/\/www.ccaniene.com\/it_it\/sette-colli-tris-di-vittorie-aniene-con-pilato-martinenghi-e-quadarella\/"]}]},{"@type":"ImageObject","inLanguage":"en-GB","@id":"https:\/\/www.ccaniene.com\/it_it\/sette-colli-tris-di-vittorie-aniene-con-pilato-martinenghi-e-quadarella\/#primaryimage","url":"https:\/\/www.ccaniene.com\/wp-content\/uploads\/2021\/06\/pilato7colli.jpg","contentUrl":"https:\/\/www.ccaniene.com\/wp-content\/uploads\/2021\/06\/pilato7colli.jpg","width":800,"height":533,"caption":"Swimming Rome 26\/6\/2021 Stadio Del Nuoto Foro Italico FIN 58 Trofeo Sette Colli 2021 Internazionali d'Italia Photo Giorgio Scala \/ Deepbluemedia \/ Insidefoto"},{"@type":"BreadcrumbList","@id":"https:\/\/www.ccaniene.com\/it_it\/sette-colli-tris-di-vittorie-aniene-con-pilato-martinenghi-e-quadarella\/#breadcrumb","itemListElement":[{"@type":"ListItem","position":1,"name":"Home","item":"https:\/\/www.ccaniene.com\/it_it\/"},{"@type":"ListItem","position":2,"name":"Sette Colli, tris di vittorie Aniene con Pilato, Martinenghi e Quadarella"}]},{"@type":"WebSite","@id":"https:\/\/www.ccaniene.com\/it_it\/#website","url":"https:\/\/www.ccaniene.com\/it_it\/","name":"Circolo Canottieri Aniene","description":"Collare d&#039;Oro e Stella d&#039;Oro al Merito Sportivo","potentialAction":[{"@type":"SearchAction","target":{"@type":"EntryPoint","urlTemplate":"https:\/\/www.ccaniene.com\/it_it\/?s={search_term_string}"},"query-input":{"@type":"PropertyValueSpecification","valueRequired":true,"valueName":"search_term_string"}}],"inLanguage":"en-GB"},{"@type":"Person","@id":"https:\/\/www.ccaniene.com\/it_it\/#\/schema\/person\/6042bd0ba360674279dffd4247d570ed","name":"carlo.san@tin.it","image":{"@type":"ImageObject","inLanguage":"en-GB","@id":"https:\/\/www.ccaniene.com\/it_it\/#\/schema\/person\/image\/","url":"https:\/\/secure.gravatar.com\/avatar\/f993a459d0ffe4d666e4c917fef20ca9?s=96&d=mm&r=g","contentUrl":"https:\/\/secure.gravatar.com\/avatar\/f993a459d0ffe4d666e4c917fef20ca9?s=96&d=mm&r=g","caption":"carlo.san@tin.it"},"url":"https:\/\/www.ccaniene.com\/en\/author\/carlo-santi-2\/"}]}},"_links":{"self":[{"href":"https:\/\/www.ccaniene.com\/en\/wp-json\/wp\/v2\/posts\/21230"}],"collection":[{"href":"https:\/\/www.ccaniene.com\/en\/wp-json\/wp\/v2\/posts"}],"about":[{"href":"https:\/\/www.ccaniene.com\/en\/wp-json\/wp\/v2\/types\/post"}],"author":[{"embeddable":true,"href":"https:\/\/www.ccaniene.com\/en\/wp-json\/wp\/v2\/users\/23521"}],"replies":[{"embeddable":true,"href":"https:\/\/www.ccaniene.com\/en\/wp-json\/wp\/v2\/comments?post=21230"}],"version-history":[{"count":2,"href":"https:\/\/www.ccaniene.com\/en\/wp-json\/wp\/v2\/posts\/21230\/revisions"}],"predecessor-version":[{"id":21234,"href":"https:\/\/www.ccaniene.com\/en\/wp-json\/wp\/v2\/posts\/21230\/revisions\/21234"}],"wp:featuredmedia":[{"embeddable":true,"href":"https:\/\/www.ccaniene.com\/en\/wp-json\/wp\/v2\/media\/21231"}],"wp:attachment":[{"href":"https:\/\/www.ccaniene.com\/en\/wp-json\/wp\/v2\/media?parent=21230"}],"wp:term":[{"taxonomy":"category","embeddable":true,"href":"https:\/\/www.ccaniene.com\/en\/wp-json\/wp\/v2\/categories?post=21230"},{"taxonomy":"post_tag","embeddable":true,"href":"https:\/\/www.ccaniene.com\/en\/wp-json\/wp\/v2\/tags?post=21230"}],"curies":[{"name":"wp","href":"https:\/\/api.w.org\/{rel}","templated":true}]}}