{"id":21223,"date":"2021-06-25T23:59:08","date_gmt":"2021-06-25T21:59:08","guid":{"rendered":"https:\/\/www.ccaniene.com\/?p=21223"},"modified":"2021-06-25T23:59:41","modified_gmt":"2021-06-25T21:59:41","slug":"sette-colli-federica-pellegrini-vince-i-200sl-e-nicolo-martinenghi-da-record-nella-rana","status":"publish","type":"post","link":"https:\/\/www.ccaniene.com\/en\/sette-colli-federica-pellegrini-vince-i-200sl-e-nicolo-martinenghi-da-record-nella-rana\/","title":{"rendered":"Sette Colli, Federica Pellegrini vince i 200sl e Nicol\u00f2 Martinenghi da record nella rana"},"content":{"rendered":"<p>Un altro squillo di Federica Pellegrini al 58\u00b0 trofeo Sette Colli che \u00e8 tornato ad accendere di nuovo le luci sulle notti di Roma e ha visto il primato italiano di Nicol\u00f2 Martinenghi nei 100 rana. Prova convincente con il successo nella vasca di cui \u00e8 innamorata e un ottimo tempo per la Divina che si \u00e8 imposta nei \u201csuoi\u201d 200sl con 1\u201956\u201d3. \u00abForse \u00e8 stato il 200 al Sette Colli pi\u00f9 facile che abbia nuotato in tutti questi anni &#8211; le parole di Fede &#8211; Sono contenta anche del 50 dorso di questa mattina. Siamo perfettamente in linea con il lavoro che stiamo svolgendo. Adesso manca solo l\u2019ultimo step con l\u2019allenamento in altura che inizieremo la settimana prossima per arrivare a Tokyo\u00bb. Parlava dei 50 dorso, la Pellegrini. E nelle batterie della mattina l\u2019atleta dell\u2019Aniene ha stabilito il personale con 28\u201d43. La vincitrice di tutto allenata dal tecnico federale Matteo Giunta, 57 medaglie tra Olimpiadi, Mondiali ed Europei, le ultime quattro a Budapest poche settimane fa con l\u2019argento nei 200sl e con la 4x200sl mixed e di bronzo con la 4x200sl e 4x100sl mixed.<\/p>\n\n\n\n<p>Nei 200sl in questo Sette Colli alle sue spalle si sono piazzate Anna Chiara Mascolo (2001) in 1\u201958\u201d82 e Giulia Vetrano (2005) in 1\u201959\u201d33 che in due hanno appena due anni pi\u00f9 di lei.<\/p>\n\n\n\n<p>A sugli scudi in questo meeting romano: due record italiani per una rana spettacolare e dalle grandi ambizioni, in rapida successione, con il nostro Nicol\u00f2 Martinenghi nei 100 in 58\u201d29 e Arianna Castiglioni in 1\u201905\u201d67. Martinenghi \u00e8 sceso 8 centesimi sotto al precedente primato che aveva nuotato il primo aprile agli Assoluti a Riccione. \u00abVolevo dare un segnale forte dall\u2019Italia e da questa piscina al mondo e al nuoto che sta ripartendo &#8211; ha detto Nicol\u00f2 &#8211; Ci tenevo a farlo proprio al Sette Colli. \u00c8 un piccolo regalo che faccio al pubblico. Stavo bene in acqua, ho fatto una gara diversa dal solito: passaggio non troppo forte e ritorno progressivo. Mi sono divertito tanto e sono contento per questo\u00bb. Martinenghi, che \u00e8 allenato da Marco Pedoja, sogna: quella di oggi \u00e8 la terza migliore prestazione all time. Davanti a lui ci sono Adam Peaty con 56\u201d88, Arno Kamminga con 57\u201d90 ed ha raggiungo Ilya Shymanovic che il 24 marzo 2019 aveva gi\u00e0 nuotato in 58\u201d29. Oggi l\u2019olandese Kamminga gli \u00e8 finito alle spalle con 58\u201d40.<\/p>\n\n\n\n<p>Un altro record, stavolta solo della manifestazione, lo ha firmato Simona Quadarella. La campionessa di Roma allenata da Christian Minotti che un mese fa gli Europei di Budapest ha replicato la tripletta di Glasgow 2018 vincendo 400, 800 e 1500, si \u00e8 aggiudicata i 1500sl, gara conclusiva della giornata, stabilendo il primato del Sette Colli con 15\u201948\u201d81, cinque secondi in meno del tempo con cui ha vinto a Budapest (15\u201953\u201d59) e meglio del precedente primato della manifestazione che gi\u00e0 le apparteneva dal 2019 (15\u201948\u201d84). \u00abFinalmente sono tornata a nuotare questi tempi. Sono scesa 5 secondi rispetto alla gara degli Europei &#8211; le parole di Simona &#8211; Non potrei essere pi\u00f9 felice. Nella piscina della mia citt\u00e0 ho ritrovato le emozioni di gara che mi mancavano da un po\u2019. Ora tutte le energie sono rivolte a Tokyo, la mia prima Olimpiade\u00bb.<\/p>\n\n\n\n<figure class=\"wp-block-image size-large\"><img fetchpriority=\"high\" decoding=\"async\" width=\"800\" height=\"450\" src=\"http:\/\/www.ccaniene.com\/wp-content\/uploads\/2021\/06\/martinenghi7colli.jpg\" alt=\"\" class=\"wp-image-21226\" srcset=\"https:\/\/www.ccaniene.com\/wp-content\/uploads\/2021\/06\/martinenghi7colli.jpg 800w, https:\/\/www.ccaniene.com\/wp-content\/uploads\/2021\/06\/martinenghi7colli-768x432.jpg 768w\" sizes=\"(max-width: 800px) 100vw, 800px\" \/><\/figure>\n\n\n\n<p>Arianna Castiglioni ha battuto Benedetta Pilato, neoprimatista del mondo e campionessa europea nei 50 rana a Budapest. Per la Castiglioni c\u2019\u00e8 anche il record italiano dei 100 rana con 1\u201905\u201d67. Benedetta le \u00e8 rimasta dietro ma con una prestazione di qualit\u00e0: con 1\u201905\u201d84 ha ottenuto il record cadette e junior e anche lei ha nuotato al di sotto del precedente record assoluto (1\u201905\u201d86).<\/p>\n\n\n\n<p><\/p>\n\n\n\n<p>Nella foto DBM in apertura, Federica Pellegrini con Valentina Vezzali<\/p>","protected":false},"excerpt":{"rendered":"<p>Un altro squillo di Federica Pellegrini al 58\u00b0 trofeo Sette Colli che \u00e8 tornato ad accendere di nuovo le luci sulle notti di Roma e ha visto il primato italiano di Nicol\u00f2 Martinenghi nei 100 rana. Prova convincente con il successo nella vasca di cui \u00e8 innamorata e un ottimo tempo per la Divina che [&hellip;]<\/p>","protected":false},"author":23521,"featured_media":21224,"comment_status":"closed","ping_status":"closed","sticky":false,"template":"","format":"standard","meta":{"pmpro_default_level":0,"footnotes":"","_links_to":"","_links_to_target":""},"categories":[1,11],"tags":[],"class_list":["post-21223","post","type-post","status-publish","format-standard","has-post-thumbnail","hentry","category-news","category-nuoto","pmpro-has-access"],"featured_image_urls":{"thumbnail":"https:\/\/www.ccaniene.com\/wp-content\/uploads\/2021\/06\/pellegrini7colli-400x400.jpg","medium_large":"https:\/\/www.ccaniene.com\/wp-content\/uploads\/2021\/06\/pellegrini7colli-768x513.jpg"},"appp_media":null,"yoast_head":"<!-- This site is optimized with the Yoast SEO plugin v23.6 - https:\/\/yoast.com\/wordpress\/plugins\/seo\/ -->\n<title>Sette Colli, Federica Pellegrini vince i 200sl e Nicol\u00f2 Martinenghi da record nella rana - Circolo Canottieri Aniene<\/title>\n<meta name=\"robots\" content=\"index, follow, max-snippet:-1, max-image-preview:large, max-video-preview:-1\" \/>\n<link rel=\"canonical\" href=\"https:\/\/www.ccaniene.com\/en\/sette-colli-federica-pellegrini-vince-i-200sl-e-nicolo-martinenghi-da-record-nella-rana\/\" \/>\n<meta property=\"og:locale\" content=\"en_GB\" \/>\n<meta property=\"og:type\" content=\"article\" \/>\n<meta property=\"og:title\" content=\"Sette Colli, Federica Pellegrini vince i 200sl e Nicol\u00f2 Martinenghi da record nella rana - Circolo Canottieri Aniene\" \/>\n<meta property=\"og:description\" content=\"Un altro squillo di Federica Pellegrini al 58\u00b0 trofeo Sette Colli che \u00e8 tornato ad accendere di nuovo le luci sulle notti di Roma e ha visto il primato italiano di Nicol\u00f2 Martinenghi nei 100 rana. Prova convincente con il successo nella vasca di cui \u00e8 innamorata e un ottimo tempo per la Divina che [&hellip;]\" \/>\n<meta property=\"og:url\" content=\"https:\/\/www.ccaniene.com\/en\/sette-colli-federica-pellegrini-vince-i-200sl-e-nicolo-martinenghi-da-record-nella-rana\/\" \/>\n<meta property=\"og:site_name\" content=\"Circolo Canottieri Aniene\" \/>\n<meta property=\"article:published_time\" content=\"2021-06-25T21:59:08+00:00\" \/>\n<meta property=\"article:modified_time\" content=\"2021-06-25T21:59:41+00:00\" \/>\n<meta property=\"og:image\" content=\"https:\/\/www.ccaniene.com\/wp-content\/uploads\/2021\/06\/pellegrini7colli.jpg\" \/>\n\t<meta property=\"og:image:width\" content=\"800\" \/>\n\t<meta property=\"og:image:height\" content=\"534\" \/>\n\t<meta property=\"og:image:type\" content=\"image\/jpeg\" \/>\n<meta name=\"author\" content=\"carlo.san@tin.it\" \/>\n<meta name=\"twitter:card\" content=\"summary_large_image\" \/>\n<meta name=\"twitter:label1\" content=\"Written by\" \/>\n\t<meta name=\"twitter:data1\" content=\"carlo.san@tin.it\" \/>\n\t<meta name=\"twitter:label2\" content=\"Estimated reading time\" \/>\n\t<meta name=\"twitter:data2\" content=\"3 minutes\" \/>\n<script type=\"application\/ld+json\" class=\"yoast-schema-graph\">{\"@context\":\"https:\/\/schema.org\",\"@graph\":[{\"@type\":\"WebPage\",\"@id\":\"https:\/\/www.ccaniene.com\/it_it\/sette-colli-federica-pellegrini-vince-i-200sl-e-nicolo-martinenghi-da-record-nella-rana\/\",\"url\":\"https:\/\/www.ccaniene.com\/it_it\/sette-colli-federica-pellegrini-vince-i-200sl-e-nicolo-martinenghi-da-record-nella-rana\/\",\"name\":\"Sette Colli, Federica Pellegrini vince i 200sl e Nicol\u00f2 Martinenghi da record nella rana - Circolo Canottieri Aniene\",\"isPartOf\":{\"@id\":\"https:\/\/www.ccaniene.com\/it_it\/#website\"},\"primaryImageOfPage\":{\"@id\":\"https:\/\/www.ccaniene.com\/it_it\/sette-colli-federica-pellegrini-vince-i-200sl-e-nicolo-martinenghi-da-record-nella-rana\/#primaryimage\"},\"image\":{\"@id\":\"https:\/\/www.ccaniene.com\/it_it\/sette-colli-federica-pellegrini-vince-i-200sl-e-nicolo-martinenghi-da-record-nella-rana\/#primaryimage\"},\"thumbnailUrl\":\"https:\/\/www.ccaniene.com\/wp-content\/uploads\/2021\/06\/pellegrini7colli.jpg\",\"datePublished\":\"2021-06-25T21:59:08+00:00\",\"dateModified\":\"2021-06-25T21:59:41+00:00\",\"author\":{\"@id\":\"https:\/\/www.ccaniene.com\/it_it\/#\/schema\/person\/6042bd0ba360674279dffd4247d570ed\"},\"breadcrumb\":{\"@id\":\"https:\/\/www.ccaniene.com\/it_it\/sette-colli-federica-pellegrini-vince-i-200sl-e-nicolo-martinenghi-da-record-nella-rana\/#breadcrumb\"},\"inLanguage\":\"en-GB\",\"potentialAction\":[{\"@type\":\"ReadAction\",\"target\":[\"https:\/\/www.ccaniene.com\/it_it\/sette-colli-federica-pellegrini-vince-i-200sl-e-nicolo-martinenghi-da-record-nella-rana\/\"]}]},{\"@type\":\"ImageObject\",\"inLanguage\":\"en-GB\",\"@id\":\"https:\/\/www.ccaniene.com\/it_it\/sette-colli-federica-pellegrini-vince-i-200sl-e-nicolo-martinenghi-da-record-nella-rana\/#primaryimage\",\"url\":\"https:\/\/www.ccaniene.com\/wp-content\/uploads\/2021\/06\/pellegrini7colli.jpg\",\"contentUrl\":\"https:\/\/www.ccaniene.com\/wp-content\/uploads\/2021\/06\/pellegrini7colli.jpg\",\"width\":800,\"height\":534,\"caption\":\"Swimming Rome 25\/6\/2021 Stadio Del Nuoto Foro Italico FIN 58 Trofeo Sette Colli 2021 Internazionali d'Italia Photo Giorgio Scala \/ Deepbluemedia \/ Insidefoto\"},{\"@type\":\"BreadcrumbList\",\"@id\":\"https:\/\/www.ccaniene.com\/it_it\/sette-colli-federica-pellegrini-vince-i-200sl-e-nicolo-martinenghi-da-record-nella-rana\/#breadcrumb\",\"itemListElement\":[{\"@type\":\"ListItem\",\"position\":1,\"name\":\"Home\",\"item\":\"https:\/\/www.ccaniene.com\/it_it\/\"},{\"@type\":\"ListItem\",\"position\":2,\"name\":\"Sette Colli, Federica Pellegrini vince i 200sl e Nicol\u00f2 Martinenghi da record nella rana\"}]},{\"@type\":\"WebSite\",\"@id\":\"https:\/\/www.ccaniene.com\/it_it\/#website\",\"url\":\"https:\/\/www.ccaniene.com\/it_it\/\",\"name\":\"Circolo Canottieri Aniene\",\"description\":\"Collare d&#039;Oro e Stella d&#039;Oro al Merito Sportivo\",\"potentialAction\":[{\"@type\":\"SearchAction\",\"target\":{\"@type\":\"EntryPoint\",\"urlTemplate\":\"https:\/\/www.ccaniene.com\/it_it\/?s={search_term_string}\"},\"query-input\":{\"@type\":\"PropertyValueSpecification\",\"valueRequired\":true,\"valueName\":\"search_term_string\"}}],\"inLanguage\":\"en-GB\"},{\"@type\":\"Person\",\"@id\":\"https:\/\/www.ccaniene.com\/it_it\/#\/schema\/person\/6042bd0ba360674279dffd4247d570ed\",\"name\":\"carlo.san@tin.it\",\"image\":{\"@type\":\"ImageObject\",\"inLanguage\":\"en-GB\",\"@id\":\"https:\/\/www.ccaniene.com\/it_it\/#\/schema\/person\/image\/\",\"url\":\"https:\/\/secure.gravatar.com\/avatar\/f993a459d0ffe4d666e4c917fef20ca9?s=96&d=mm&r=g\",\"contentUrl\":\"https:\/\/secure.gravatar.com\/avatar\/f993a459d0ffe4d666e4c917fef20ca9?s=96&d=mm&r=g\",\"caption\":\"carlo.san@tin.it\"},\"url\":\"https:\/\/www.ccaniene.com\/en\/author\/carlo-santi-2\/\"}]}<\/script>\n<!-- \/ Yoast SEO plugin. -->","yoast_head_json":{"title":"Sette Colli, Federica Pellegrini vince i 200sl e Nicol\u00f2 Martinenghi da record nella rana - Circolo Canottieri Aniene","robots":{"index":"index","follow":"follow","max-snippet":"max-snippet:-1","max-image-preview":"max-image-preview:large","max-video-preview":"max-video-preview:-1"},"canonical":"https:\/\/www.ccaniene.com\/en\/sette-colli-federica-pellegrini-vince-i-200sl-e-nicolo-martinenghi-da-record-nella-rana\/","og_locale":"en_GB","og_type":"article","og_title":"Sette Colli, Federica Pellegrini vince i 200sl e Nicol\u00f2 Martinenghi da record nella rana - Circolo Canottieri Aniene","og_description":"Un altro squillo di Federica Pellegrini al 58\u00b0 trofeo Sette Colli che \u00e8 tornato ad accendere di nuovo le luci sulle notti di Roma e ha visto il primato italiano di Nicol\u00f2 Martinenghi nei 100 rana. Prova convincente con il successo nella vasca di cui \u00e8 innamorata e un ottimo tempo per la Divina che [&hellip;]","og_url":"https:\/\/www.ccaniene.com\/en\/sette-colli-federica-pellegrini-vince-i-200sl-e-nicolo-martinenghi-da-record-nella-rana\/","og_site_name":"Circolo Canottieri Aniene","article_published_time":"2021-06-25T21:59:08+00:00","article_modified_time":"2021-06-25T21:59:41+00:00","og_image":[{"width":800,"height":534,"url":"https:\/\/www.ccaniene.com\/wp-content\/uploads\/2021\/06\/pellegrini7colli.jpg","type":"image\/jpeg"}],"author":"carlo.san@tin.it","twitter_card":"summary_large_image","twitter_misc":{"Written by":"carlo.san@tin.it","Estimated reading time":"3 minutes"},"schema":{"@context":"https:\/\/schema.org","@graph":[{"@type":"WebPage","@id":"https:\/\/www.ccaniene.com\/it_it\/sette-colli-federica-pellegrini-vince-i-200sl-e-nicolo-martinenghi-da-record-nella-rana\/","url":"https:\/\/www.ccaniene.com\/it_it\/sette-colli-federica-pellegrini-vince-i-200sl-e-nicolo-martinenghi-da-record-nella-rana\/","name":"Sette Colli, Federica Pellegrini vince i 200sl e Nicol\u00f2 Martinenghi da record nella rana - Circolo Canottieri Aniene","isPartOf":{"@id":"https:\/\/www.ccaniene.com\/it_it\/#website"},"primaryImageOfPage":{"@id":"https:\/\/www.ccaniene.com\/it_it\/sette-colli-federica-pellegrini-vince-i-200sl-e-nicolo-martinenghi-da-record-nella-rana\/#primaryimage"},"image":{"@id":"https:\/\/www.ccaniene.com\/it_it\/sette-colli-federica-pellegrini-vince-i-200sl-e-nicolo-martinenghi-da-record-nella-rana\/#primaryimage"},"thumbnailUrl":"https:\/\/www.ccaniene.com\/wp-content\/uploads\/2021\/06\/pellegrini7colli.jpg","datePublished":"2021-06-25T21:59:08+00:00","dateModified":"2021-06-25T21:59:41+00:00","author":{"@id":"https:\/\/www.ccaniene.com\/it_it\/#\/schema\/person\/6042bd0ba360674279dffd4247d570ed"},"breadcrumb":{"@id":"https:\/\/www.ccaniene.com\/it_it\/sette-colli-federica-pellegrini-vince-i-200sl-e-nicolo-martinenghi-da-record-nella-rana\/#breadcrumb"},"inLanguage":"en-GB","potentialAction":[{"@type":"ReadAction","target":["https:\/\/www.ccaniene.com\/it_it\/sette-colli-federica-pellegrini-vince-i-200sl-e-nicolo-martinenghi-da-record-nella-rana\/"]}]},{"@type":"ImageObject","inLanguage":"en-GB","@id":"https:\/\/www.ccaniene.com\/it_it\/sette-colli-federica-pellegrini-vince-i-200sl-e-nicolo-martinenghi-da-record-nella-rana\/#primaryimage","url":"https:\/\/www.ccaniene.com\/wp-content\/uploads\/2021\/06\/pellegrini7colli.jpg","contentUrl":"https:\/\/www.ccaniene.com\/wp-content\/uploads\/2021\/06\/pellegrini7colli.jpg","width":800,"height":534,"caption":"Swimming Rome 25\/6\/2021 Stadio Del Nuoto Foro Italico FIN 58 Trofeo Sette Colli 2021 Internazionali d'Italia Photo Giorgio Scala \/ Deepbluemedia \/ Insidefoto"},{"@type":"BreadcrumbList","@id":"https:\/\/www.ccaniene.com\/it_it\/sette-colli-federica-pellegrini-vince-i-200sl-e-nicolo-martinenghi-da-record-nella-rana\/#breadcrumb","itemListElement":[{"@type":"ListItem","position":1,"name":"Home","item":"https:\/\/www.ccaniene.com\/it_it\/"},{"@type":"ListItem","position":2,"name":"Sette Colli, Federica Pellegrini vince i 200sl e Nicol\u00f2 Martinenghi da record nella rana"}]},{"@type":"WebSite","@id":"https:\/\/www.ccaniene.com\/it_it\/#website","url":"https:\/\/www.ccaniene.com\/it_it\/","name":"Circolo Canottieri Aniene","description":"Collare d&#039;Oro e Stella d&#039;Oro al Merito Sportivo","potentialAction":[{"@type":"SearchAction","target":{"@type":"EntryPoint","urlTemplate":"https:\/\/www.ccaniene.com\/it_it\/?s={search_term_string}"},"query-input":{"@type":"PropertyValueSpecification","valueRequired":true,"valueName":"search_term_string"}}],"inLanguage":"en-GB"},{"@type":"Person","@id":"https:\/\/www.ccaniene.com\/it_it\/#\/schema\/person\/6042bd0ba360674279dffd4247d570ed","name":"carlo.san@tin.it","image":{"@type":"ImageObject","inLanguage":"en-GB","@id":"https:\/\/www.ccaniene.com\/it_it\/#\/schema\/person\/image\/","url":"https:\/\/secure.gravatar.com\/avatar\/f993a459d0ffe4d666e4c917fef20ca9?s=96&d=mm&r=g","contentUrl":"https:\/\/secure.gravatar.com\/avatar\/f993a459d0ffe4d666e4c917fef20ca9?s=96&d=mm&r=g","caption":"carlo.san@tin.it"},"url":"https:\/\/www.ccaniene.com\/en\/author\/carlo-santi-2\/"}]}},"_links":{"self":[{"href":"https:\/\/www.ccaniene.com\/en\/wp-json\/wp\/v2\/posts\/21223"}],"collection":[{"href":"https:\/\/www.ccaniene.com\/en\/wp-json\/wp\/v2\/posts"}],"about":[{"href":"https:\/\/www.ccaniene.com\/en\/wp-json\/wp\/v2\/types\/post"}],"author":[{"embeddable":true,"href":"https:\/\/www.ccaniene.com\/en\/wp-json\/wp\/v2\/users\/23521"}],"replies":[{"embeddable":true,"href":"https:\/\/www.ccaniene.com\/en\/wp-json\/wp\/v2\/comments?post=21223"}],"version-history":[{"count":2,"href":"https:\/\/www.ccaniene.com\/en\/wp-json\/wp\/v2\/posts\/21223\/revisions"}],"predecessor-version":[{"id":21229,"href":"https:\/\/www.ccaniene.com\/en\/wp-json\/wp\/v2\/posts\/21223\/revisions\/21229"}],"wp:featuredmedia":[{"embeddable":true,"href":"https:\/\/www.ccaniene.com\/en\/wp-json\/wp\/v2\/media\/21224"}],"wp:attachment":[{"href":"https:\/\/www.ccaniene.com\/en\/wp-json\/wp\/v2\/media?parent=21223"}],"wp:term":[{"taxonomy":"category","embeddable":true,"href":"https:\/\/www.ccaniene.com\/en\/wp-json\/wp\/v2\/categories?post=21223"},{"taxonomy":"post_tag","embeddable":true,"href":"https:\/\/www.ccaniene.com\/en\/wp-json\/wp\/v2\/tags?post=21223"}],"curies":[{"name":"wp","href":"https:\/\/api.w.org\/{rel}","templated":true}]}}