{"id":21194,"date":"2021-06-24T22:07:59","date_gmt":"2021-06-24T20:07:59","guid":{"rendered":"https:\/\/www.ccaniene.com\/?p=21194"},"modified":"2021-06-24T22:43:56","modified_gmt":"2021-06-24T20:43:56","slug":"aquaniene-svelato-il-murale-dimensione-divina","status":"publish","type":"post","link":"https:\/\/www.ccaniene.com\/en\/aquaniene-svelato-il-murale-dimensione-divina\/","title":{"rendered":"Aquaniene, svelato il murale \u00abDimensione Divina\u00bb"},"content":{"rendered":"<p>\u00c8 stato svelato il murale dedicato a Federica Pellegrini all\u2019Aquaniene. Un\u2019opera dell\u2019artista multitasking Vanni Mangoni, ex nuotatore dell\u2019Aniene, di 17 metri per 6 di altezza dal titolo \u00abDimensione Divina\u00bb. L\u2019opera ritrae una delle immagini simbolo della Divina, il tuffo nel record del mondo.<\/p>\n\n\n\n<p>\u00abVolevo un dipinto vibrante &#8211; ha raccontato l\u2019artista durante la piccola cerimonia che ha svelato il dipinto &#8211; Voglio dire grazie alla famiglia Aniene per il supporto, per la fiducia per questo lavoro, la folle idea di questo murale con un pennello da tre centimetri. Grazie a Federica per le gioie e le emozioni dal punto di vista sportivo ed umano\u00bb, ha spiegato Vanni Mangoni presentando la sua opera dove non \u00e8 ritratto il viso della campionessa per simboleggiare tutti i campioni dell\u2019Aniene.<\/p>\n\n\n\n<figure class=\"wp-block-image size-large\"><img fetchpriority=\"high\" decoding=\"async\" width=\"1920\" height=\"1379\" src=\"http:\/\/www.ccaniene.com\/wp-content\/uploads\/2021\/06\/murale1-1920x1379.jpg\" alt=\"\" class=\"wp-image-21197\" srcset=\"https:\/\/www.ccaniene.com\/wp-content\/uploads\/2021\/06\/murale1-1920x1379.jpg 1920w, https:\/\/www.ccaniene.com\/wp-content\/uploads\/2021\/06\/murale1-800x575.jpg 800w, https:\/\/www.ccaniene.com\/wp-content\/uploads\/2021\/06\/murale1-768x552.jpg 768w, https:\/\/www.ccaniene.com\/wp-content\/uploads\/2021\/06\/murale1-1536x1104.jpg 1536w, https:\/\/www.ccaniene.com\/wp-content\/uploads\/2021\/06\/murale1-2048x1471.jpg 2048w\" sizes=\"(max-width: 1920px) 100vw, 1920px\" \/><figcaption>Federica Pellegrini\nMurale Aquaniene opera di Vanni Mangoni\n20210624\nPhoto Giorgio Scala \/ Deepbluemedia \/ Insidefoto\nDBM\/LEN Reserved Rights \nAuthor must be mentioned when published\nEditorial\/media use only<\/figcaption><\/figure>\n\n\n\n<p>\u00abSpero sia di buon auspicio per le generazioni future\u00bb, ha detto Federica anche perch\u00e9 il murale la ritrae ma simboleggia tutti gli atleti del Circolo Canottieri Aniene. L\u2019azzurra si \u00e8 emozionata nello scoprire il telo e vedere per la prima volta il gigantesco dipinto. \u00abDa 14 anni questa \u00e8 la mia famiglia &#8211; ha aggiunto &#8211; sono orgogliosa di vedermi rappresentata in un gesto cos\u00ec tecnico come la partenza\u00bb.<\/p>\n\n\n\n<figure class=\"wp-block-gallery columns-3 is-cropped wp-block-gallery-1 is-layout-flex wp-block-gallery-is-layout-flex\"><ul class=\"blocks-gallery-grid\"><li class=\"blocks-gallery-item\"><figure><img decoding=\"async\" width=\"1219\" height=\"813\" src=\"http:\/\/www.ccaniene.com\/wp-content\/uploads\/2021\/06\/mur1.jpg\" alt=\"\" data-id=\"21200\" data-full-url=\"http:\/\/www.ccaniene.com\/wp-content\/uploads\/2021\/06\/mur1.jpg\" data-link=\"https:\/\/www.ccaniene.com\/aquaniene-svelato-il-murale-dimensione-divina\/mur1\/\" class=\"wp-image-21200\" srcset=\"https:\/\/www.ccaniene.com\/wp-content\/uploads\/2021\/06\/mur1.jpg 1219w, https:\/\/www.ccaniene.com\/wp-content\/uploads\/2021\/06\/mur1-800x534.jpg 800w, https:\/\/www.ccaniene.com\/wp-content\/uploads\/2021\/06\/mur1-768x512.jpg 768w\" sizes=\"(max-width: 1219px) 100vw, 1219px\" \/><\/figure><\/li><li class=\"blocks-gallery-item\"><figure><img decoding=\"async\" width=\"1219\" height=\"811\" src=\"http:\/\/www.ccaniene.com\/wp-content\/uploads\/2021\/06\/mur2.jpg\" alt=\"\" data-id=\"21202\" data-full-url=\"http:\/\/www.ccaniene.com\/wp-content\/uploads\/2021\/06\/mur2.jpg\" data-link=\"https:\/\/www.ccaniene.com\/aquaniene-svelato-il-murale-dimensione-divina\/mur2\/\" class=\"wp-image-21202\" srcset=\"https:\/\/www.ccaniene.com\/wp-content\/uploads\/2021\/06\/mur2.jpg 1219w, https:\/\/www.ccaniene.com\/wp-content\/uploads\/2021\/06\/mur2-800x532.jpg 800w, https:\/\/www.ccaniene.com\/wp-content\/uploads\/2021\/06\/mur2-768x511.jpg 768w\" sizes=\"(max-width: 1219px) 100vw, 1219px\" \/><\/figure><\/li><li class=\"blocks-gallery-item\"><figure><img loading=\"lazy\" decoding=\"async\" width=\"1219\" height=\"811\" src=\"http:\/\/www.ccaniene.com\/wp-content\/uploads\/2021\/06\/mur3.jpg\" alt=\"\" data-id=\"21204\" data-full-url=\"http:\/\/www.ccaniene.com\/wp-content\/uploads\/2021\/06\/mur3.jpg\" data-link=\"https:\/\/www.ccaniene.com\/aquaniene-svelato-il-murale-dimensione-divina\/mur3\/\" class=\"wp-image-21204\" srcset=\"https:\/\/www.ccaniene.com\/wp-content\/uploads\/2021\/06\/mur3.jpg 1219w, https:\/\/www.ccaniene.com\/wp-content\/uploads\/2021\/06\/mur3-800x532.jpg 800w, https:\/\/www.ccaniene.com\/wp-content\/uploads\/2021\/06\/mur3-768x511.jpg 768w\" sizes=\"(max-width: 1219px) 100vw, 1219px\" \/><\/figure><\/li><\/ul><\/figure>\n\n\n\n<p>Maestro di cerimonia \u00e8 stato Gianni Nagni che di Aquaniene non \u00e8 solo il direttore generale: \u00e8 l\u2019anima di una societ\u00e0 sportiva che riesce a raccogliere successi in tutte le piscine internazionali. Alla cerimonia c\u2019era anche Giovanni Malag\u00f2. Il numero 1 del Coni Giovanni Malag\u00f2, presidente onorario del Circolo che nel 2006 propose a Federica di tesserarsi per l\u2019Aniene, ha ricordato non solo i successi della Pellegrini ma anche quelli dell\u2019intera squadra alla vigilia delle Olimpiadi di Tokyo.<\/p>\n\n\n\n<figure class=\"wp-block-gallery columns-3 is-cropped wp-block-gallery-2 is-layout-flex wp-block-gallery-is-layout-flex\"><ul class=\"blocks-gallery-grid\"><li class=\"blocks-gallery-item\"><figure><img loading=\"lazy\" decoding=\"async\" width=\"1219\" height=\"813\" src=\"http:\/\/www.ccaniene.com\/wp-content\/uploads\/2021\/06\/mur4.jpg\" alt=\"\" data-id=\"21207\" data-full-url=\"http:\/\/www.ccaniene.com\/wp-content\/uploads\/2021\/06\/mur4.jpg\" data-link=\"https:\/\/www.ccaniene.com\/aquaniene-svelato-il-murale-dimensione-divina\/mur4\/\" class=\"wp-image-21207\" srcset=\"https:\/\/www.ccaniene.com\/wp-content\/uploads\/2021\/06\/mur4.jpg 1219w, https:\/\/www.ccaniene.com\/wp-content\/uploads\/2021\/06\/mur4-800x534.jpg 800w, https:\/\/www.ccaniene.com\/wp-content\/uploads\/2021\/06\/mur4-768x512.jpg 768w\" sizes=\"(max-width: 1219px) 100vw, 1219px\" \/><\/figure><\/li><li class=\"blocks-gallery-item\"><figure><img loading=\"lazy\" decoding=\"async\" width=\"813\" height=\"1219\" src=\"http:\/\/www.ccaniene.com\/wp-content\/uploads\/2021\/06\/mur5.jpg\" alt=\"\" data-id=\"21209\" data-full-url=\"http:\/\/www.ccaniene.com\/wp-content\/uploads\/2021\/06\/mur5.jpg\" data-link=\"https:\/\/www.ccaniene.com\/aquaniene-svelato-il-murale-dimensione-divina\/mur5\/\" class=\"wp-image-21209\" srcset=\"https:\/\/www.ccaniene.com\/wp-content\/uploads\/2021\/06\/mur5.jpg 813w, https:\/\/www.ccaniene.com\/wp-content\/uploads\/2021\/06\/mur5-534x800.jpg 534w, https:\/\/www.ccaniene.com\/wp-content\/uploads\/2021\/06\/mur5-768x1152.jpg 768w\" sizes=\"(max-width: 813px) 100vw, 813px\" \/><\/figure><\/li><li class=\"blocks-gallery-item\"><figure><img loading=\"lazy\" decoding=\"async\" width=\"1219\" height=\"813\" src=\"http:\/\/www.ccaniene.com\/wp-content\/uploads\/2021\/06\/mur6.jpg\" alt=\"\" data-id=\"21211\" data-full-url=\"http:\/\/www.ccaniene.com\/wp-content\/uploads\/2021\/06\/mur6.jpg\" data-link=\"https:\/\/www.ccaniene.com\/aquaniene-svelato-il-murale-dimensione-divina\/mur6\/\" class=\"wp-image-21211\" srcset=\"https:\/\/www.ccaniene.com\/wp-content\/uploads\/2021\/06\/mur6.jpg 1219w, https:\/\/www.ccaniene.com\/wp-content\/uploads\/2021\/06\/mur6-800x534.jpg 800w, https:\/\/www.ccaniene.com\/wp-content\/uploads\/2021\/06\/mur6-768x512.jpg 768w\" sizes=\"(max-width: 1219px) 100vw, 1219px\" \/><\/figure><\/li><\/ul><\/figure>\n\n\n\n<p>Ad applaudire Federica, che ricordiamo \u00e8 il simbolo di tutta la formazione, c\u2019erano i compagni di squadra, da Simona Quadarella a Benedetta Pilato, da Margherita Panziera a Nicol\u00f2 Martinenghi, quindi i paralimpici Alessia Scortechini e Riccardo Menciotti, Luca Mazzone (hanbike) e Eleonora De Paolis (paracanoa).<\/p>\n\n\n\n<figure class=\"wp-block-image size-large\"><img loading=\"lazy\" decoding=\"async\" width=\"1219\" height=\"813\" src=\"http:\/\/www.ccaniene.com\/wp-content\/uploads\/2021\/06\/mur7.jpg\" alt=\"\" class=\"wp-image-21213\" srcset=\"https:\/\/www.ccaniene.com\/wp-content\/uploads\/2021\/06\/mur7.jpg 1219w, https:\/\/www.ccaniene.com\/wp-content\/uploads\/2021\/06\/mur7-800x534.jpg 800w, https:\/\/www.ccaniene.com\/wp-content\/uploads\/2021\/06\/mur7-768x512.jpg 768w\" sizes=\"(max-width: 1219px) 100vw, 1219px\" \/><\/figure>","protected":false},"excerpt":{"rendered":"<p>\u00c8 stato svelato il murale dedicato a Federica Pellegrini all\u2019Aquaniene. Un\u2019opera dell\u2019artista multitasking Vanni Mangoni, ex nuotatore dell\u2019Aniene, di 17 metri per 6 di altezza dal titolo \u00abDimensione Divina\u00bb. L\u2019opera ritrae una delle immagini simbolo della Divina, il tuffo nel record del mondo. \u00abVolevo un dipinto vibrante &#8211; ha raccontato l\u2019artista durante la piccola cerimonia [&hellip;]<\/p>","protected":false},"author":23521,"featured_media":21195,"comment_status":"closed","ping_status":"closed","sticky":false,"template":"","format":"standard","meta":{"pmpro_default_level":0,"footnotes":"","_links_to":"","_links_to_target":""},"categories":[1],"tags":[],"class_list":["post-21194","post","type-post","status-publish","format-standard","has-post-thumbnail","hentry","category-news","pmpro-has-access"],"featured_image_urls":{"medium":"https:\/\/www.ccaniene.com\/wp-content\/uploads\/2021\/06\/murale-800x450.jpg","large":"https:\/\/www.ccaniene.com\/wp-content\/uploads\/2021\/06\/murale-1920x1080.jpg","thumbnail":"https:\/\/www.ccaniene.com\/wp-content\/uploads\/2021\/06\/murale-400x400.jpg","medium_large":"https:\/\/www.ccaniene.com\/wp-content\/uploads\/2021\/06\/murale-768x432.jpg","1536x1536":"https:\/\/www.ccaniene.com\/wp-content\/uploads\/2021\/06\/murale-1536x864.jpg","2048x2048":"https:\/\/www.ccaniene.com\/wp-content\/uploads\/2021\/06\/murale-2048x1152.jpg","slider":"https:\/\/www.ccaniene.com\/wp-content\/uploads\/2021\/06\/murale-1920x1080.jpg"},"appp_media":null,"yoast_head":"<!-- This site is optimized with the Yoast SEO plugin v23.6 - https:\/\/yoast.com\/wordpress\/plugins\/seo\/ -->\n<title>Aquaniene, svelato il murale \u00abDimensione Divina\u00bb - Circolo Canottieri Aniene<\/title>\n<meta name=\"robots\" content=\"index, follow, max-snippet:-1, max-image-preview:large, max-video-preview:-1\" \/>\n<link rel=\"canonical\" href=\"https:\/\/www.ccaniene.com\/en\/aquaniene-svelato-il-murale-dimensione-divina\/\" \/>\n<meta property=\"og:locale\" content=\"en_GB\" \/>\n<meta property=\"og:type\" content=\"article\" \/>\n<meta property=\"og:title\" content=\"Aquaniene, svelato il murale \u00abDimensione Divina\u00bb - Circolo Canottieri Aniene\" \/>\n<meta property=\"og:description\" content=\"\u00c8 stato svelato il murale dedicato a Federica Pellegrini all\u2019Aquaniene. Un\u2019opera dell\u2019artista multitasking Vanni Mangoni, ex nuotatore dell\u2019Aniene, di 17 metri per 6 di altezza dal titolo \u00abDimensione Divina\u00bb. L\u2019opera ritrae una delle immagini simbolo della Divina, il tuffo nel record del mondo. \u00abVolevo un dipinto vibrante &#8211; ha raccontato l\u2019artista durante la piccola cerimonia [&hellip;]\" \/>\n<meta property=\"og:url\" content=\"https:\/\/www.ccaniene.com\/en\/aquaniene-svelato-il-murale-dimensione-divina\/\" \/>\n<meta property=\"og:site_name\" content=\"Circolo Canottieri Aniene\" \/>\n<meta property=\"article:published_time\" content=\"2021-06-24T20:07:59+00:00\" \/>\n<meta property=\"article:modified_time\" content=\"2021-06-24T20:43:56+00:00\" \/>\n<meta property=\"og:image\" content=\"https:\/\/www.ccaniene.com\/wp-content\/uploads\/2021\/06\/murale-scaled.jpg\" \/>\n\t<meta property=\"og:image:width\" content=\"2560\" \/>\n\t<meta property=\"og:image:height\" content=\"1440\" \/>\n\t<meta property=\"og:image:type\" content=\"image\/jpeg\" \/>\n<meta name=\"author\" content=\"carlo.san@tin.it\" \/>\n<meta name=\"twitter:card\" content=\"summary_large_image\" \/>\n<meta name=\"twitter:label1\" content=\"Written by\" \/>\n\t<meta name=\"twitter:data1\" content=\"carlo.san@tin.it\" \/>\n\t<meta name=\"twitter:label2\" content=\"Estimated reading time\" \/>\n\t<meta name=\"twitter:data2\" content=\"4 minutes\" \/>\n<script type=\"application\/ld+json\" class=\"yoast-schema-graph\">{\"@context\":\"https:\/\/schema.org\",\"@graph\":[{\"@type\":\"WebPage\",\"@id\":\"https:\/\/www.ccaniene.com\/it_it\/aquaniene-svelato-il-murale-dimensione-divina\/\",\"url\":\"https:\/\/www.ccaniene.com\/it_it\/aquaniene-svelato-il-murale-dimensione-divina\/\",\"name\":\"Aquaniene, svelato il murale \u00abDimensione Divina\u00bb - Circolo Canottieri Aniene\",\"isPartOf\":{\"@id\":\"https:\/\/www.ccaniene.com\/it_it\/#website\"},\"primaryImageOfPage\":{\"@id\":\"https:\/\/www.ccaniene.com\/it_it\/aquaniene-svelato-il-murale-dimensione-divina\/#primaryimage\"},\"image\":{\"@id\":\"https:\/\/www.ccaniene.com\/it_it\/aquaniene-svelato-il-murale-dimensione-divina\/#primaryimage\"},\"thumbnailUrl\":\"https:\/\/www.ccaniene.com\/wp-content\/uploads\/2021\/06\/murale-scaled.jpg\",\"datePublished\":\"2021-06-24T20:07:59+00:00\",\"dateModified\":\"2021-06-24T20:43:56+00:00\",\"author\":{\"@id\":\"https:\/\/www.ccaniene.com\/it_it\/#\/schema\/person\/6042bd0ba360674279dffd4247d570ed\"},\"breadcrumb\":{\"@id\":\"https:\/\/www.ccaniene.com\/it_it\/aquaniene-svelato-il-murale-dimensione-divina\/#breadcrumb\"},\"inLanguage\":\"en-GB\",\"potentialAction\":[{\"@type\":\"ReadAction\",\"target\":[\"https:\/\/www.ccaniene.com\/it_it\/aquaniene-svelato-il-murale-dimensione-divina\/\"]}]},{\"@type\":\"ImageObject\",\"inLanguage\":\"en-GB\",\"@id\":\"https:\/\/www.ccaniene.com\/it_it\/aquaniene-svelato-il-murale-dimensione-divina\/#primaryimage\",\"url\":\"https:\/\/www.ccaniene.com\/wp-content\/uploads\/2021\/06\/murale-scaled.jpg\",\"contentUrl\":\"https:\/\/www.ccaniene.com\/wp-content\/uploads\/2021\/06\/murale-scaled.jpg\",\"width\":2560,\"height\":1440,\"caption\":\"Federica Pellegrini Murale Aquaniene opera di Vanni Mangoni 20210624 Photo Giorgio Scala \/ Deepbluemedia \/ Insidefoto DBM\/LEN Reserved Rights Author must be mentioned when published Editorial\/media use only\"},{\"@type\":\"BreadcrumbList\",\"@id\":\"https:\/\/www.ccaniene.com\/it_it\/aquaniene-svelato-il-murale-dimensione-divina\/#breadcrumb\",\"itemListElement\":[{\"@type\":\"ListItem\",\"position\":1,\"name\":\"Home\",\"item\":\"https:\/\/www.ccaniene.com\/it_it\/\"},{\"@type\":\"ListItem\",\"position\":2,\"name\":\"Aquaniene, svelato il murale \u00abDimensione Divina\u00bb\"}]},{\"@type\":\"WebSite\",\"@id\":\"https:\/\/www.ccaniene.com\/it_it\/#website\",\"url\":\"https:\/\/www.ccaniene.com\/it_it\/\",\"name\":\"Circolo Canottieri Aniene\",\"description\":\"Collare d&#039;Oro e Stella d&#039;Oro al Merito Sportivo\",\"potentialAction\":[{\"@type\":\"SearchAction\",\"target\":{\"@type\":\"EntryPoint\",\"urlTemplate\":\"https:\/\/www.ccaniene.com\/it_it\/?s={search_term_string}\"},\"query-input\":{\"@type\":\"PropertyValueSpecification\",\"valueRequired\":true,\"valueName\":\"search_term_string\"}}],\"inLanguage\":\"en-GB\"},{\"@type\":\"Person\",\"@id\":\"https:\/\/www.ccaniene.com\/it_it\/#\/schema\/person\/6042bd0ba360674279dffd4247d570ed\",\"name\":\"carlo.san@tin.it\",\"image\":{\"@type\":\"ImageObject\",\"inLanguage\":\"en-GB\",\"@id\":\"https:\/\/www.ccaniene.com\/it_it\/#\/schema\/person\/image\/\",\"url\":\"https:\/\/secure.gravatar.com\/avatar\/f993a459d0ffe4d666e4c917fef20ca9?s=96&d=mm&r=g\",\"contentUrl\":\"https:\/\/secure.gravatar.com\/avatar\/f993a459d0ffe4d666e4c917fef20ca9?s=96&d=mm&r=g\",\"caption\":\"carlo.san@tin.it\"},\"url\":\"https:\/\/www.ccaniene.com\/en\/author\/carlo-santi-2\/\"}]}<\/script>\n<!-- \/ Yoast SEO plugin. -->","yoast_head_json":{"title":"Aquaniene, svelato il murale \u00abDimensione Divina\u00bb - Circolo Canottieri Aniene","robots":{"index":"index","follow":"follow","max-snippet":"max-snippet:-1","max-image-preview":"max-image-preview:large","max-video-preview":"max-video-preview:-1"},"canonical":"https:\/\/www.ccaniene.com\/en\/aquaniene-svelato-il-murale-dimensione-divina\/","og_locale":"en_GB","og_type":"article","og_title":"Aquaniene, svelato il murale \u00abDimensione Divina\u00bb - Circolo Canottieri Aniene","og_description":"\u00c8 stato svelato il murale dedicato a Federica Pellegrini all\u2019Aquaniene. Un\u2019opera dell\u2019artista multitasking Vanni Mangoni, ex nuotatore dell\u2019Aniene, di 17 metri per 6 di altezza dal titolo \u00abDimensione Divina\u00bb. L\u2019opera ritrae una delle immagini simbolo della Divina, il tuffo nel record del mondo. \u00abVolevo un dipinto vibrante &#8211; ha raccontato l\u2019artista durante la piccola cerimonia [&hellip;]","og_url":"https:\/\/www.ccaniene.com\/en\/aquaniene-svelato-il-murale-dimensione-divina\/","og_site_name":"Circolo Canottieri Aniene","article_published_time":"2021-06-24T20:07:59+00:00","article_modified_time":"2021-06-24T20:43:56+00:00","og_image":[{"width":2560,"height":1440,"url":"https:\/\/www.ccaniene.com\/wp-content\/uploads\/2021\/06\/murale-scaled.jpg","type":"image\/jpeg"}],"author":"carlo.san@tin.it","twitter_card":"summary_large_image","twitter_misc":{"Written by":"carlo.san@tin.it","Estimated reading time":"4 minutes"},"schema":{"@context":"https:\/\/schema.org","@graph":[{"@type":"WebPage","@id":"https:\/\/www.ccaniene.com\/it_it\/aquaniene-svelato-il-murale-dimensione-divina\/","url":"https:\/\/www.ccaniene.com\/it_it\/aquaniene-svelato-il-murale-dimensione-divina\/","name":"Aquaniene, svelato il murale \u00abDimensione Divina\u00bb - Circolo Canottieri Aniene","isPartOf":{"@id":"https:\/\/www.ccaniene.com\/it_it\/#website"},"primaryImageOfPage":{"@id":"https:\/\/www.ccaniene.com\/it_it\/aquaniene-svelato-il-murale-dimensione-divina\/#primaryimage"},"image":{"@id":"https:\/\/www.ccaniene.com\/it_it\/aquaniene-svelato-il-murale-dimensione-divina\/#primaryimage"},"thumbnailUrl":"https:\/\/www.ccaniene.com\/wp-content\/uploads\/2021\/06\/murale-scaled.jpg","datePublished":"2021-06-24T20:07:59+00:00","dateModified":"2021-06-24T20:43:56+00:00","author":{"@id":"https:\/\/www.ccaniene.com\/it_it\/#\/schema\/person\/6042bd0ba360674279dffd4247d570ed"},"breadcrumb":{"@id":"https:\/\/www.ccaniene.com\/it_it\/aquaniene-svelato-il-murale-dimensione-divina\/#breadcrumb"},"inLanguage":"en-GB","potentialAction":[{"@type":"ReadAction","target":["https:\/\/www.ccaniene.com\/it_it\/aquaniene-svelato-il-murale-dimensione-divina\/"]}]},{"@type":"ImageObject","inLanguage":"en-GB","@id":"https:\/\/www.ccaniene.com\/it_it\/aquaniene-svelato-il-murale-dimensione-divina\/#primaryimage","url":"https:\/\/www.ccaniene.com\/wp-content\/uploads\/2021\/06\/murale-scaled.jpg","contentUrl":"https:\/\/www.ccaniene.com\/wp-content\/uploads\/2021\/06\/murale-scaled.jpg","width":2560,"height":1440,"caption":"Federica Pellegrini Murale Aquaniene opera di Vanni Mangoni 20210624 Photo Giorgio Scala \/ Deepbluemedia \/ Insidefoto DBM\/LEN Reserved Rights Author must be mentioned when published Editorial\/media use only"},{"@type":"BreadcrumbList","@id":"https:\/\/www.ccaniene.com\/it_it\/aquaniene-svelato-il-murale-dimensione-divina\/#breadcrumb","itemListElement":[{"@type":"ListItem","position":1,"name":"Home","item":"https:\/\/www.ccaniene.com\/it_it\/"},{"@type":"ListItem","position":2,"name":"Aquaniene, svelato il murale \u00abDimensione Divina\u00bb"}]},{"@type":"WebSite","@id":"https:\/\/www.ccaniene.com\/it_it\/#website","url":"https:\/\/www.ccaniene.com\/it_it\/","name":"Circolo Canottieri Aniene","description":"Collare d&#039;Oro e Stella d&#039;Oro al Merito Sportivo","potentialAction":[{"@type":"SearchAction","target":{"@type":"EntryPoint","urlTemplate":"https:\/\/www.ccaniene.com\/it_it\/?s={search_term_string}"},"query-input":{"@type":"PropertyValueSpecification","valueRequired":true,"valueName":"search_term_string"}}],"inLanguage":"en-GB"},{"@type":"Person","@id":"https:\/\/www.ccaniene.com\/it_it\/#\/schema\/person\/6042bd0ba360674279dffd4247d570ed","name":"carlo.san@tin.it","image":{"@type":"ImageObject","inLanguage":"en-GB","@id":"https:\/\/www.ccaniene.com\/it_it\/#\/schema\/person\/image\/","url":"https:\/\/secure.gravatar.com\/avatar\/f993a459d0ffe4d666e4c917fef20ca9?s=96&d=mm&r=g","contentUrl":"https:\/\/secure.gravatar.com\/avatar\/f993a459d0ffe4d666e4c917fef20ca9?s=96&d=mm&r=g","caption":"carlo.san@tin.it"},"url":"https:\/\/www.ccaniene.com\/en\/author\/carlo-santi-2\/"}]}},"_links":{"self":[{"href":"https:\/\/www.ccaniene.com\/en\/wp-json\/wp\/v2\/posts\/21194"}],"collection":[{"href":"https:\/\/www.ccaniene.com\/en\/wp-json\/wp\/v2\/posts"}],"about":[{"href":"https:\/\/www.ccaniene.com\/en\/wp-json\/wp\/v2\/types\/post"}],"author":[{"embeddable":true,"href":"https:\/\/www.ccaniene.com\/en\/wp-json\/wp\/v2\/users\/23521"}],"replies":[{"embeddable":true,"href":"https:\/\/www.ccaniene.com\/en\/wp-json\/wp\/v2\/comments?post=21194"}],"version-history":[{"count":2,"href":"https:\/\/www.ccaniene.com\/en\/wp-json\/wp\/v2\/posts\/21194\/revisions"}],"predecessor-version":[{"id":21215,"href":"https:\/\/www.ccaniene.com\/en\/wp-json\/wp\/v2\/posts\/21194\/revisions\/21215"}],"wp:featuredmedia":[{"embeddable":true,"href":"https:\/\/www.ccaniene.com\/en\/wp-json\/wp\/v2\/media\/21195"}],"wp:attachment":[{"href":"https:\/\/www.ccaniene.com\/en\/wp-json\/wp\/v2\/media?parent=21194"}],"wp:term":[{"taxonomy":"category","embeddable":true,"href":"https:\/\/www.ccaniene.com\/en\/wp-json\/wp\/v2\/categories?post=21194"},{"taxonomy":"post_tag","embeddable":true,"href":"https:\/\/www.ccaniene.com\/en\/wp-json\/wp\/v2\/tags?post=21194"}],"curies":[{"name":"wp","href":"https:\/\/api.w.org\/{rel}","templated":true}]}}