{"id":21188,"date":"2021-06-23T22:58:37","date_gmt":"2021-06-23T20:58:37","guid":{"rendered":"https:\/\/www.ccaniene.com\/?p=21188"},"modified":"2021-06-23T22:58:39","modified_gmt":"2021-06-23T20:58:39","slug":"ustica-uningiustizia-civile-serata-allaniene-per-capire-la-verita","status":"publish","type":"post","link":"https:\/\/www.ccaniene.com\/en\/ustica-uningiustizia-civile-serata-allaniene-per-capire-la-verita\/","title":{"rendered":"\u00abUstica, un&#8217;ingiustizia civile\u00bb: serata all&#8217;Aniene per capire la verit\u00e0"},"content":{"rendered":"<p>Un libro per capire, scoprire tassello dopo tassello la verit\u00e0, toccare con mano una vicenda dai mille (e pi\u00f9) lati oscuri. Parliamo del DC-9 della compagnia Itavia partito da Bologna-Borgo Panigale e diretto a Palermo-Punta Raisi e caduto in mare la sera del 27 giugno 1980. Nella strage morirono tutti gli 81 occupanti dell\u2019aeromobile tra passeggeri ed equipaggio.<\/p>\n\n\n\n<p>\u00abUstica, un\u2019ingiustizia civile\u00bb \u00e8 il libro scritto dal generale Leonardo Tricarico e da Gregory Alegi, libro che smonta le accuse del missile che fece cadere il DC-9 sostenendo, con prove e ampi resoconti, la tesi della bomba. Lupo Rattazzi, intervenuto alla presentazione del libro, esperto e molto altro di aerei, ha spiegato: \u00abHo chiesto a chi c\u2019era come fosse allora, nel 1980, l\u2019aeroporto di Bologna. Mi hanno detto che era un porto di mare e mettere una bomba era facilissimo\u00bb.<\/p>\n\n\n\n<p>Giovanni Malag\u00f2 ha introdotto la serata all\u2019Aniene, finalmente del Salone del Circolo, felice per questa presentazione che ha destato interesse e attenzione per ciascun intervento.<\/p>\n\n\n\n<figure class=\"wp-block-image size-large\"><img fetchpriority=\"high\" decoding=\"async\" width=\"1920\" height=\"1016\" src=\"http:\/\/www.ccaniene.com\/wp-content\/uploads\/2021\/06\/ustica1-1920x1016.jpg\" alt=\"\" class=\"wp-image-21191\" srcset=\"https:\/\/www.ccaniene.com\/wp-content\/uploads\/2021\/06\/ustica1-1920x1016.jpg 1920w, https:\/\/www.ccaniene.com\/wp-content\/uploads\/2021\/06\/ustica1-800x423.jpg 800w, https:\/\/www.ccaniene.com\/wp-content\/uploads\/2021\/06\/ustica1-768x406.jpg 768w, https:\/\/www.ccaniene.com\/wp-content\/uploads\/2021\/06\/ustica1-1536x813.jpg 1536w, https:\/\/www.ccaniene.com\/wp-content\/uploads\/2021\/06\/ustica1-2048x1084.jpg 2048w\" sizes=\"(max-width: 1920px) 100vw, 1920px\" \/><\/figure>\n\n\n\n<p>Speciale quello di Gianni Letta che ha ricordato la carriera del generale Tricarico e si \u00e8 soffermato sugli errori commessi in questi lunghi anni alla ricerca della verit\u00e0. Letta ha concluso affermando che da sempre anche le bugie, ripetute, diventano verit\u00e0. \u00c8 il caso del DC-9.<\/p>\n\n\n\n<p>A moderate quella che potremmo definire una bella tavola rotonda \u00e8 stato il vice direttore di La Repubblica, Gianluca De Feo, che gi\u00e0 nella sua introduzione ha fatto uno spaccato della vicenda e della politica di quegli anni.<\/p>\n\n\n\n<p>Gregory Alegi, autore con Tricarico del volume, \u00e8 entrato nei dettagli portando prove tecniche per dimostrare che quella notte non fu un missile a colpire il DC-9 ma una bomba. Ha mostrato, Alegi, qualche immagine per far vedere come la toilette dell\u2019aereo sia stata distrutta dall\u2019ordigno e non da un missile e lo stesso con i tubi. L\u2019aereo, in seguito all\u2019esplosione, \u00e8 rimasto senza energia elettrica in 240 millesimi di secondo per precipitare nel punto pi\u00f9 profondo di tutto il Mediterraneo.<\/p>\n\n\n\n<p>Il libro narra la vicenda per la quale le sentenze civili condannano lo Stato italiano a pagare 300 milioni di euro di risarcimenti per l\u2019abbattimento del DC-9. I tribunali sostengono che ci sia stata una battaglia aerea nei cieli di Ustica. Dopo quarantuno anni dalla tragedia, questo libro spiega tale incredibile contraddizione e racconta l\u2019intricata vicenda giudiziaria dall\u2019interno delle istituzioni e delle aule di tribunale.<\/p>","protected":false},"excerpt":{"rendered":"<p>Un libro per capire, scoprire tassello dopo tassello la verit\u00e0, toccare con mano una vicenda dai mille (e pi\u00f9) lati oscuri. Parliamo del DC-9 della compagnia Itavia partito da Bologna-Borgo Panigale e diretto a Palermo-Punta Raisi e caduto in mare la sera del 27 giugno 1980. Nella strage morirono tutti gli 81 occupanti dell\u2019aeromobile tra [&hellip;]<\/p>","protected":false},"author":23521,"featured_media":21189,"comment_status":"closed","ping_status":"closed","sticky":false,"template":"","format":"standard","meta":{"pmpro_default_level":0,"footnotes":"","_links_to":"","_links_to_target":""},"categories":[1],"tags":[],"class_list":["post-21188","post","type-post","status-publish","format-standard","has-post-thumbnail","hentry","category-news","pmpro-has-access"],"featured_image_urls":{"medium":"https:\/\/www.ccaniene.com\/wp-content\/uploads\/2021\/06\/ustica3-800x401.jpg","large":"https:\/\/www.ccaniene.com\/wp-content\/uploads\/2021\/06\/ustica3-1920x963.jpg","thumbnail":"https:\/\/www.ccaniene.com\/wp-content\/uploads\/2021\/06\/ustica3-400x400.jpg","medium_large":"https:\/\/www.ccaniene.com\/wp-content\/uploads\/2021\/06\/ustica3-768x385.jpg","1536x1536":"https:\/\/www.ccaniene.com\/wp-content\/uploads\/2021\/06\/ustica3-1536x771.jpg","2048x2048":"https:\/\/www.ccaniene.com\/wp-content\/uploads\/2021\/06\/ustica3-2048x1027.jpg","slider":"https:\/\/www.ccaniene.com\/wp-content\/uploads\/2021\/06\/ustica3-1920x1080.jpg"},"appp_media":null,"yoast_head":"<!-- This site is optimized with the Yoast SEO plugin v23.6 - https:\/\/yoast.com\/wordpress\/plugins\/seo\/ -->\n<title>\u00abUstica, un&#039;ingiustizia civile\u00bb: serata all&#039;Aniene per capire la verit\u00e0 - Circolo Canottieri Aniene<\/title>\n<meta name=\"robots\" content=\"index, follow, max-snippet:-1, max-image-preview:large, max-video-preview:-1\" \/>\n<link rel=\"canonical\" href=\"https:\/\/www.ccaniene.com\/en\/ustica-uningiustizia-civile-serata-allaniene-per-capire-la-verita\/\" \/>\n<meta property=\"og:locale\" content=\"en_GB\" \/>\n<meta property=\"og:type\" content=\"article\" \/>\n<meta property=\"og:title\" content=\"\u00abUstica, un&#039;ingiustizia civile\u00bb: serata all&#039;Aniene per capire la verit\u00e0 - Circolo Canottieri Aniene\" \/>\n<meta property=\"og:description\" content=\"Un libro per capire, scoprire tassello dopo tassello la verit\u00e0, toccare con mano una vicenda dai mille (e pi\u00f9) lati oscuri. Parliamo del DC-9 della compagnia Itavia partito da Bologna-Borgo Panigale e diretto a Palermo-Punta Raisi e caduto in mare la sera del 27 giugno 1980. Nella strage morirono tutti gli 81 occupanti dell\u2019aeromobile tra [&hellip;]\" \/>\n<meta property=\"og:url\" content=\"https:\/\/www.ccaniene.com\/en\/ustica-uningiustizia-civile-serata-allaniene-per-capire-la-verita\/\" \/>\n<meta property=\"og:site_name\" content=\"Circolo Canottieri Aniene\" \/>\n<meta property=\"article:published_time\" content=\"2021-06-23T20:58:37+00:00\" \/>\n<meta property=\"article:modified_time\" content=\"2021-06-23T20:58:39+00:00\" \/>\n<meta property=\"og:image\" content=\"https:\/\/www.ccaniene.com\/wp-content\/uploads\/2021\/06\/ustica3-scaled.jpg\" \/>\n\t<meta property=\"og:image:width\" content=\"2560\" \/>\n\t<meta property=\"og:image:height\" content=\"1284\" \/>\n\t<meta property=\"og:image:type\" content=\"image\/jpeg\" \/>\n<meta name=\"author\" content=\"carlo.san@tin.it\" \/>\n<meta name=\"twitter:card\" content=\"summary_large_image\" \/>\n<meta name=\"twitter:label1\" content=\"Written by\" \/>\n\t<meta name=\"twitter:data1\" content=\"carlo.san@tin.it\" \/>\n\t<meta name=\"twitter:label2\" content=\"Estimated reading time\" \/>\n\t<meta name=\"twitter:data2\" content=\"2 minutes\" \/>\n<script type=\"application\/ld+json\" class=\"yoast-schema-graph\">{\"@context\":\"https:\/\/schema.org\",\"@graph\":[{\"@type\":\"WebPage\",\"@id\":\"https:\/\/www.ccaniene.com\/it_it\/ustica-uningiustizia-civile-serata-allaniene-per-capire-la-verita\/\",\"url\":\"https:\/\/www.ccaniene.com\/it_it\/ustica-uningiustizia-civile-serata-allaniene-per-capire-la-verita\/\",\"name\":\"\u00abUstica, un'ingiustizia civile\u00bb: serata all'Aniene per capire la verit\u00e0 - Circolo Canottieri Aniene\",\"isPartOf\":{\"@id\":\"https:\/\/www.ccaniene.com\/it_it\/#website\"},\"primaryImageOfPage\":{\"@id\":\"https:\/\/www.ccaniene.com\/it_it\/ustica-uningiustizia-civile-serata-allaniene-per-capire-la-verita\/#primaryimage\"},\"image\":{\"@id\":\"https:\/\/www.ccaniene.com\/it_it\/ustica-uningiustizia-civile-serata-allaniene-per-capire-la-verita\/#primaryimage\"},\"thumbnailUrl\":\"https:\/\/www.ccaniene.com\/wp-content\/uploads\/2021\/06\/ustica3-scaled.jpg\",\"datePublished\":\"2021-06-23T20:58:37+00:00\",\"dateModified\":\"2021-06-23T20:58:39+00:00\",\"author\":{\"@id\":\"https:\/\/www.ccaniene.com\/it_it\/#\/schema\/person\/6042bd0ba360674279dffd4247d570ed\"},\"breadcrumb\":{\"@id\":\"https:\/\/www.ccaniene.com\/it_it\/ustica-uningiustizia-civile-serata-allaniene-per-capire-la-verita\/#breadcrumb\"},\"inLanguage\":\"en-GB\",\"potentialAction\":[{\"@type\":\"ReadAction\",\"target\":[\"https:\/\/www.ccaniene.com\/it_it\/ustica-uningiustizia-civile-serata-allaniene-per-capire-la-verita\/\"]}]},{\"@type\":\"ImageObject\",\"inLanguage\":\"en-GB\",\"@id\":\"https:\/\/www.ccaniene.com\/it_it\/ustica-uningiustizia-civile-serata-allaniene-per-capire-la-verita\/#primaryimage\",\"url\":\"https:\/\/www.ccaniene.com\/wp-content\/uploads\/2021\/06\/ustica3-scaled.jpg\",\"contentUrl\":\"https:\/\/www.ccaniene.com\/wp-content\/uploads\/2021\/06\/ustica3-scaled.jpg\",\"width\":2560,\"height\":1284},{\"@type\":\"BreadcrumbList\",\"@id\":\"https:\/\/www.ccaniene.com\/it_it\/ustica-uningiustizia-civile-serata-allaniene-per-capire-la-verita\/#breadcrumb\",\"itemListElement\":[{\"@type\":\"ListItem\",\"position\":1,\"name\":\"Home\",\"item\":\"https:\/\/www.ccaniene.com\/it_it\/\"},{\"@type\":\"ListItem\",\"position\":2,\"name\":\"\u00abUstica, un&#8217;ingiustizia civile\u00bb: serata all&#8217;Aniene per capire la verit\u00e0\"}]},{\"@type\":\"WebSite\",\"@id\":\"https:\/\/www.ccaniene.com\/it_it\/#website\",\"url\":\"https:\/\/www.ccaniene.com\/it_it\/\",\"name\":\"Circolo Canottieri Aniene\",\"description\":\"Collare d&#039;Oro e Stella d&#039;Oro al Merito Sportivo\",\"potentialAction\":[{\"@type\":\"SearchAction\",\"target\":{\"@type\":\"EntryPoint\",\"urlTemplate\":\"https:\/\/www.ccaniene.com\/it_it\/?s={search_term_string}\"},\"query-input\":{\"@type\":\"PropertyValueSpecification\",\"valueRequired\":true,\"valueName\":\"search_term_string\"}}],\"inLanguage\":\"en-GB\"},{\"@type\":\"Person\",\"@id\":\"https:\/\/www.ccaniene.com\/it_it\/#\/schema\/person\/6042bd0ba360674279dffd4247d570ed\",\"name\":\"carlo.san@tin.it\",\"image\":{\"@type\":\"ImageObject\",\"inLanguage\":\"en-GB\",\"@id\":\"https:\/\/www.ccaniene.com\/it_it\/#\/schema\/person\/image\/\",\"url\":\"https:\/\/secure.gravatar.com\/avatar\/f993a459d0ffe4d666e4c917fef20ca9?s=96&d=mm&r=g\",\"contentUrl\":\"https:\/\/secure.gravatar.com\/avatar\/f993a459d0ffe4d666e4c917fef20ca9?s=96&d=mm&r=g\",\"caption\":\"carlo.san@tin.it\"},\"url\":\"https:\/\/www.ccaniene.com\/en\/author\/carlo-santi-2\/\"}]}<\/script>\n<!-- \/ Yoast SEO plugin. -->","yoast_head_json":{"title":"\u00abUstica, un'ingiustizia civile\u00bb: serata all'Aniene per capire la verit\u00e0 - Circolo Canottieri Aniene","robots":{"index":"index","follow":"follow","max-snippet":"max-snippet:-1","max-image-preview":"max-image-preview:large","max-video-preview":"max-video-preview:-1"},"canonical":"https:\/\/www.ccaniene.com\/en\/ustica-uningiustizia-civile-serata-allaniene-per-capire-la-verita\/","og_locale":"en_GB","og_type":"article","og_title":"\u00abUstica, un'ingiustizia civile\u00bb: serata all'Aniene per capire la verit\u00e0 - Circolo Canottieri Aniene","og_description":"Un libro per capire, scoprire tassello dopo tassello la verit\u00e0, toccare con mano una vicenda dai mille (e pi\u00f9) lati oscuri. Parliamo del DC-9 della compagnia Itavia partito da Bologna-Borgo Panigale e diretto a Palermo-Punta Raisi e caduto in mare la sera del 27 giugno 1980. Nella strage morirono tutti gli 81 occupanti dell\u2019aeromobile tra [&hellip;]","og_url":"https:\/\/www.ccaniene.com\/en\/ustica-uningiustizia-civile-serata-allaniene-per-capire-la-verita\/","og_site_name":"Circolo Canottieri Aniene","article_published_time":"2021-06-23T20:58:37+00:00","article_modified_time":"2021-06-23T20:58:39+00:00","og_image":[{"width":2560,"height":1284,"url":"https:\/\/www.ccaniene.com\/wp-content\/uploads\/2021\/06\/ustica3-scaled.jpg","type":"image\/jpeg"}],"author":"carlo.san@tin.it","twitter_card":"summary_large_image","twitter_misc":{"Written by":"carlo.san@tin.it","Estimated reading time":"2 minutes"},"schema":{"@context":"https:\/\/schema.org","@graph":[{"@type":"WebPage","@id":"https:\/\/www.ccaniene.com\/it_it\/ustica-uningiustizia-civile-serata-allaniene-per-capire-la-verita\/","url":"https:\/\/www.ccaniene.com\/it_it\/ustica-uningiustizia-civile-serata-allaniene-per-capire-la-verita\/","name":"\u00abUstica, un'ingiustizia civile\u00bb: serata all'Aniene per capire la verit\u00e0 - Circolo Canottieri Aniene","isPartOf":{"@id":"https:\/\/www.ccaniene.com\/it_it\/#website"},"primaryImageOfPage":{"@id":"https:\/\/www.ccaniene.com\/it_it\/ustica-uningiustizia-civile-serata-allaniene-per-capire-la-verita\/#primaryimage"},"image":{"@id":"https:\/\/www.ccaniene.com\/it_it\/ustica-uningiustizia-civile-serata-allaniene-per-capire-la-verita\/#primaryimage"},"thumbnailUrl":"https:\/\/www.ccaniene.com\/wp-content\/uploads\/2021\/06\/ustica3-scaled.jpg","datePublished":"2021-06-23T20:58:37+00:00","dateModified":"2021-06-23T20:58:39+00:00","author":{"@id":"https:\/\/www.ccaniene.com\/it_it\/#\/schema\/person\/6042bd0ba360674279dffd4247d570ed"},"breadcrumb":{"@id":"https:\/\/www.ccaniene.com\/it_it\/ustica-uningiustizia-civile-serata-allaniene-per-capire-la-verita\/#breadcrumb"},"inLanguage":"en-GB","potentialAction":[{"@type":"ReadAction","target":["https:\/\/www.ccaniene.com\/it_it\/ustica-uningiustizia-civile-serata-allaniene-per-capire-la-verita\/"]}]},{"@type":"ImageObject","inLanguage":"en-GB","@id":"https:\/\/www.ccaniene.com\/it_it\/ustica-uningiustizia-civile-serata-allaniene-per-capire-la-verita\/#primaryimage","url":"https:\/\/www.ccaniene.com\/wp-content\/uploads\/2021\/06\/ustica3-scaled.jpg","contentUrl":"https:\/\/www.ccaniene.com\/wp-content\/uploads\/2021\/06\/ustica3-scaled.jpg","width":2560,"height":1284},{"@type":"BreadcrumbList","@id":"https:\/\/www.ccaniene.com\/it_it\/ustica-uningiustizia-civile-serata-allaniene-per-capire-la-verita\/#breadcrumb","itemListElement":[{"@type":"ListItem","position":1,"name":"Home","item":"https:\/\/www.ccaniene.com\/it_it\/"},{"@type":"ListItem","position":2,"name":"\u00abUstica, un&#8217;ingiustizia civile\u00bb: serata all&#8217;Aniene per capire la verit\u00e0"}]},{"@type":"WebSite","@id":"https:\/\/www.ccaniene.com\/it_it\/#website","url":"https:\/\/www.ccaniene.com\/it_it\/","name":"Circolo Canottieri Aniene","description":"Collare d&#039;Oro e Stella d&#039;Oro al Merito Sportivo","potentialAction":[{"@type":"SearchAction","target":{"@type":"EntryPoint","urlTemplate":"https:\/\/www.ccaniene.com\/it_it\/?s={search_term_string}"},"query-input":{"@type":"PropertyValueSpecification","valueRequired":true,"valueName":"search_term_string"}}],"inLanguage":"en-GB"},{"@type":"Person","@id":"https:\/\/www.ccaniene.com\/it_it\/#\/schema\/person\/6042bd0ba360674279dffd4247d570ed","name":"carlo.san@tin.it","image":{"@type":"ImageObject","inLanguage":"en-GB","@id":"https:\/\/www.ccaniene.com\/it_it\/#\/schema\/person\/image\/","url":"https:\/\/secure.gravatar.com\/avatar\/f993a459d0ffe4d666e4c917fef20ca9?s=96&d=mm&r=g","contentUrl":"https:\/\/secure.gravatar.com\/avatar\/f993a459d0ffe4d666e4c917fef20ca9?s=96&d=mm&r=g","caption":"carlo.san@tin.it"},"url":"https:\/\/www.ccaniene.com\/en\/author\/carlo-santi-2\/"}]}},"_links":{"self":[{"href":"https:\/\/www.ccaniene.com\/en\/wp-json\/wp\/v2\/posts\/21188"}],"collection":[{"href":"https:\/\/www.ccaniene.com\/en\/wp-json\/wp\/v2\/posts"}],"about":[{"href":"https:\/\/www.ccaniene.com\/en\/wp-json\/wp\/v2\/types\/post"}],"author":[{"embeddable":true,"href":"https:\/\/www.ccaniene.com\/en\/wp-json\/wp\/v2\/users\/23521"}],"replies":[{"embeddable":true,"href":"https:\/\/www.ccaniene.com\/en\/wp-json\/wp\/v2\/comments?post=21188"}],"version-history":[{"count":1,"href":"https:\/\/www.ccaniene.com\/en\/wp-json\/wp\/v2\/posts\/21188\/revisions"}],"predecessor-version":[{"id":21193,"href":"https:\/\/www.ccaniene.com\/en\/wp-json\/wp\/v2\/posts\/21188\/revisions\/21193"}],"wp:featuredmedia":[{"embeddable":true,"href":"https:\/\/www.ccaniene.com\/en\/wp-json\/wp\/v2\/media\/21189"}],"wp:attachment":[{"href":"https:\/\/www.ccaniene.com\/en\/wp-json\/wp\/v2\/media?parent=21188"}],"wp:term":[{"taxonomy":"category","embeddable":true,"href":"https:\/\/www.ccaniene.com\/en\/wp-json\/wp\/v2\/categories?post=21188"},{"taxonomy":"post_tag","embeddable":true,"href":"https:\/\/www.ccaniene.com\/en\/wp-json\/wp\/v2\/tags?post=21188"}],"curies":[{"name":"wp","href":"https:\/\/api.w.org\/{rel}","templated":true}]}}