{"id":21078,"date":"2021-06-12T18:37:20","date_gmt":"2021-06-12T16:37:20","guid":{"rendered":"https:\/\/www.ccaniene.com\/?p=21078"},"modified":"2021-06-12T19:20:46","modified_gmt":"2021-06-12T17:20:46","slug":"luca-mazzone-il-ciclista-paralimpico-dellaniene-leader-ai-mondiali-di-cascais","status":"publish","type":"post","link":"https:\/\/www.ccaniene.com\/en\/luca-mazzone-il-ciclista-paralimpico-dellaniene-leader-ai-mondiali-di-cascais\/","title":{"rendered":"Luca Mazzone, il ciclista paralimpico dell&#8217;Aniene leader ai Mondiali di Cascais"},"content":{"rendered":"<p>Luca Mazzone, atleta paralimpico del CC Aniene, protagonista ai campionati Mondiali di ciclismo a Cascais, in Portogallo, dove la nazionale azzurra \u00e8 squadra leader. Successo per Luca con il Team Relay insieme a Paolo Cecchetto e Diego Colombari, terzetto inedito sul palcoscenico iridato e dimostratosi una scelta pi\u00f9 che azzeccata da parte del citt\u00ec Mario Valentini che ha conquistato la medaglia d\u2019oro numero 100 Argento per la Spagna, terzo gradino del podio occupato dalla Germania.<\/p>\n\n\n\n<p>Oro anche nella cronometro (classe H2) per Luca con la handbike.<\/p>\n\n\n\n<figure class=\"wp-block-image size-large\"><img fetchpriority=\"high\" decoding=\"async\" width=\"960\" height=\"720\" src=\"http:\/\/www.ccaniene.com\/wp-content\/uploads\/2021\/06\/mazzone1.jpg\" alt=\"\" class=\"wp-image-21081\" srcset=\"https:\/\/www.ccaniene.com\/wp-content\/uploads\/2021\/06\/mazzone1.jpg 960w, https:\/\/www.ccaniene.com\/wp-content\/uploads\/2021\/06\/mazzone1-800x600.jpg 800w, https:\/\/www.ccaniene.com\/wp-content\/uploads\/2021\/06\/mazzone1-768x576.jpg 768w\" sizes=\"(max-width: 960px) 100vw, 960px\" \/><\/figure>\n\n\n\n<p>\u00abNon immaginavo un risultato cos\u00ec potente, di forza. Due anni fa ho vinto di poco pi\u00f9 di un secondo &#8211; ha raccontato Mazzone &#8211; Oggi mi aspettavo di vincere ma non con cos\u00ec tanto margine. In prospettiva delle Olimpiadi mi carica tantissimo\u00bb.<\/p>\n\n\n\n<p>La vittoria Luca l\u2019ha dedicata a sua moglie e suo figlio: \u00abSembra scontato, ma sono loro che subiscono i miei sacrifici. Fin da bambino sognavo di fare questa vita, ed \u00e8 anche grazie a loro che sono arrivato fino a qui\u00bb.<\/p>\n\n\n\n<figure class=\"wp-block-gallery columns-3 is-cropped wp-block-gallery-1 is-layout-flex wp-block-gallery-is-layout-flex\"><ul class=\"blocks-gallery-grid\"><li class=\"blocks-gallery-item\"><figure><img decoding=\"async\" width=\"1080\" height=\"810\" src=\"http:\/\/www.ccaniene.com\/wp-content\/uploads\/2021\/06\/mazzone2.jpg\" alt=\"\" data-id=\"21083\" data-full-url=\"http:\/\/www.ccaniene.com\/wp-content\/uploads\/2021\/06\/mazzone2.jpg\" data-link=\"https:\/\/www.ccaniene.com\/?attachment_id=21083\" class=\"wp-image-21083\" srcset=\"https:\/\/www.ccaniene.com\/wp-content\/uploads\/2021\/06\/mazzone2.jpg 1080w, https:\/\/www.ccaniene.com\/wp-content\/uploads\/2021\/06\/mazzone2-800x600.jpg 800w, https:\/\/www.ccaniene.com\/wp-content\/uploads\/2021\/06\/mazzone2-768x576.jpg 768w\" sizes=\"(max-width: 1080px) 100vw, 1080px\" \/><\/figure><\/li><li class=\"blocks-gallery-item\"><figure><img decoding=\"async\" width=\"1080\" height=\"1452\" src=\"http:\/\/www.ccaniene.com\/wp-content\/uploads\/2021\/06\/mazzone3.jpeg\" alt=\"\" data-id=\"21085\" data-full-url=\"http:\/\/www.ccaniene.com\/wp-content\/uploads\/2021\/06\/mazzone3.jpeg\" data-link=\"https:\/\/www.ccaniene.com\/?attachment_id=21085\" class=\"wp-image-21085\" srcset=\"https:\/\/www.ccaniene.com\/wp-content\/uploads\/2021\/06\/mazzone3.jpeg 1080w, https:\/\/www.ccaniene.com\/wp-content\/uploads\/2021\/06\/mazzone3-595x800.jpeg 595w, https:\/\/www.ccaniene.com\/wp-content\/uploads\/2021\/06\/mazzone3-768x1033.jpeg 768w\" sizes=\"(max-width: 1080px) 100vw, 1080px\" \/><\/figure><\/li><li class=\"blocks-gallery-item\"><figure><img loading=\"lazy\" decoding=\"async\" width=\"1079\" height=\"720\" src=\"http:\/\/www.ccaniene.com\/wp-content\/uploads\/2021\/06\/mazzone4.jpg\" alt=\"\" data-id=\"21087\" data-full-url=\"http:\/\/www.ccaniene.com\/wp-content\/uploads\/2021\/06\/mazzone4.jpg\" data-link=\"https:\/\/www.ccaniene.com\/?attachment_id=21087\" class=\"wp-image-21087\" srcset=\"https:\/\/www.ccaniene.com\/wp-content\/uploads\/2021\/06\/mazzone4.jpg 1079w, https:\/\/www.ccaniene.com\/wp-content\/uploads\/2021\/06\/mazzone4-800x534.jpg 800w, https:\/\/www.ccaniene.com\/wp-content\/uploads\/2021\/06\/mazzone4-768x512.jpg 768w\" sizes=\"(max-width: 1079px) 100vw, 1079px\" \/><\/figure><\/li><\/ul><\/figure>\n\n\n\n<p><\/p>","protected":false},"excerpt":{"rendered":"<p>Luca Mazzone, atleta paralimpico del CC Aniene, protagonista ai campionati Mondiali di ciclismo a Cascais, in Portogallo, dove la nazionale azzurra \u00e8 squadra leader. Successo per Luca con il Team Relay insieme a Paolo Cecchetto e Diego Colombari, terzetto inedito sul palcoscenico iridato e dimostratosi una scelta pi\u00f9 che azzeccata da parte del citt\u00ec Mario [&hellip;]<\/p>","protected":false},"author":23521,"featured_media":21079,"comment_status":"closed","ping_status":"closed","sticky":false,"template":"","format":"standard","meta":{"pmpro_default_level":0,"footnotes":"","_links_to":"","_links_to_target":""},"categories":[1,46],"tags":[],"class_list":["post-21078","post","type-post","status-publish","format-standard","has-post-thumbnail","hentry","category-news","category-sport-paralimpici","pmpro-has-access"],"featured_image_urls":{"medium":"https:\/\/www.ccaniene.com\/wp-content\/uploads\/2021\/06\/mazzone-800x533.jpg","thumbnail":"https:\/\/www.ccaniene.com\/wp-content\/uploads\/2021\/06\/mazzone-400x400.jpg","medium_large":"https:\/\/www.ccaniene.com\/wp-content\/uploads\/2021\/06\/mazzone-768x512.jpg"},"appp_media":null,"yoast_head":"<!-- This site is optimized with the Yoast SEO plugin v23.6 - https:\/\/yoast.com\/wordpress\/plugins\/seo\/ -->\n<title>Luca Mazzone, il ciclista paralimpico dell&#039;Aniene leader ai Mondiali di Cascais - Circolo Canottieri Aniene<\/title>\n<meta name=\"robots\" content=\"index, follow, max-snippet:-1, max-image-preview:large, max-video-preview:-1\" \/>\n<link rel=\"canonical\" href=\"https:\/\/www.ccaniene.com\/en\/luca-mazzone-il-ciclista-paralimpico-dellaniene-leader-ai-mondiali-di-cascais\/\" \/>\n<meta property=\"og:locale\" content=\"en_GB\" \/>\n<meta property=\"og:type\" content=\"article\" \/>\n<meta property=\"og:title\" content=\"Luca Mazzone, il ciclista paralimpico dell&#039;Aniene leader ai Mondiali di Cascais - Circolo Canottieri Aniene\" \/>\n<meta property=\"og:description\" content=\"Luca Mazzone, atleta paralimpico del CC Aniene, protagonista ai campionati Mondiali di ciclismo a Cascais, in Portogallo, dove la nazionale azzurra \u00e8 squadra leader. Successo per Luca con il Team Relay insieme a Paolo Cecchetto e Diego Colombari, terzetto inedito sul palcoscenico iridato e dimostratosi una scelta pi\u00f9 che azzeccata da parte del citt\u00ec Mario [&hellip;]\" \/>\n<meta property=\"og:url\" content=\"https:\/\/www.ccaniene.com\/en\/luca-mazzone-il-ciclista-paralimpico-dellaniene-leader-ai-mondiali-di-cascais\/\" \/>\n<meta property=\"og:site_name\" content=\"Circolo Canottieri Aniene\" \/>\n<meta property=\"article:published_time\" content=\"2021-06-12T16:37:20+00:00\" \/>\n<meta property=\"article:modified_time\" content=\"2021-06-12T17:20:46+00:00\" \/>\n<meta property=\"og:image\" content=\"https:\/\/www.ccaniene.com\/wp-content\/uploads\/2021\/06\/mazzone.jpg\" \/>\n\t<meta property=\"og:image:width\" content=\"1080\" \/>\n\t<meta property=\"og:image:height\" content=\"720\" \/>\n\t<meta property=\"og:image:type\" content=\"image\/jpeg\" \/>\n<meta name=\"author\" content=\"carlo.san@tin.it\" \/>\n<meta name=\"twitter:card\" content=\"summary_large_image\" \/>\n<meta name=\"twitter:label1\" content=\"Written by\" \/>\n\t<meta name=\"twitter:data1\" content=\"carlo.san@tin.it\" \/>\n\t<meta name=\"twitter:label2\" content=\"Estimated reading time\" \/>\n\t<meta name=\"twitter:data2\" content=\"2 minutes\" \/>\n<script type=\"application\/ld+json\" class=\"yoast-schema-graph\">{\"@context\":\"https:\/\/schema.org\",\"@graph\":[{\"@type\":\"WebPage\",\"@id\":\"https:\/\/www.ccaniene.com\/it_it\/luca-mazzone-il-ciclista-paralimpico-dellaniene-leader-ai-mondiali-di-cascais\/\",\"url\":\"https:\/\/www.ccaniene.com\/it_it\/luca-mazzone-il-ciclista-paralimpico-dellaniene-leader-ai-mondiali-di-cascais\/\",\"name\":\"Luca Mazzone, il ciclista paralimpico dell'Aniene leader ai Mondiali di Cascais - Circolo Canottieri Aniene\",\"isPartOf\":{\"@id\":\"https:\/\/www.ccaniene.com\/it_it\/#website\"},\"primaryImageOfPage\":{\"@id\":\"https:\/\/www.ccaniene.com\/it_it\/luca-mazzone-il-ciclista-paralimpico-dellaniene-leader-ai-mondiali-di-cascais\/#primaryimage\"},\"image\":{\"@id\":\"https:\/\/www.ccaniene.com\/it_it\/luca-mazzone-il-ciclista-paralimpico-dellaniene-leader-ai-mondiali-di-cascais\/#primaryimage\"},\"thumbnailUrl\":\"https:\/\/www.ccaniene.com\/wp-content\/uploads\/2021\/06\/mazzone.jpg\",\"datePublished\":\"2021-06-12T16:37:20+00:00\",\"dateModified\":\"2021-06-12T17:20:46+00:00\",\"author\":{\"@id\":\"https:\/\/www.ccaniene.com\/it_it\/#\/schema\/person\/6042bd0ba360674279dffd4247d570ed\"},\"breadcrumb\":{\"@id\":\"https:\/\/www.ccaniene.com\/it_it\/luca-mazzone-il-ciclista-paralimpico-dellaniene-leader-ai-mondiali-di-cascais\/#breadcrumb\"},\"inLanguage\":\"en-GB\",\"potentialAction\":[{\"@type\":\"ReadAction\",\"target\":[\"https:\/\/www.ccaniene.com\/it_it\/luca-mazzone-il-ciclista-paralimpico-dellaniene-leader-ai-mondiali-di-cascais\/\"]}]},{\"@type\":\"ImageObject\",\"inLanguage\":\"en-GB\",\"@id\":\"https:\/\/www.ccaniene.com\/it_it\/luca-mazzone-il-ciclista-paralimpico-dellaniene-leader-ai-mondiali-di-cascais\/#primaryimage\",\"url\":\"https:\/\/www.ccaniene.com\/wp-content\/uploads\/2021\/06\/mazzone.jpg\",\"contentUrl\":\"https:\/\/www.ccaniene.com\/wp-content\/uploads\/2021\/06\/mazzone.jpg\",\"width\":1080,\"height\":720},{\"@type\":\"BreadcrumbList\",\"@id\":\"https:\/\/www.ccaniene.com\/it_it\/luca-mazzone-il-ciclista-paralimpico-dellaniene-leader-ai-mondiali-di-cascais\/#breadcrumb\",\"itemListElement\":[{\"@type\":\"ListItem\",\"position\":1,\"name\":\"Home\",\"item\":\"https:\/\/www.ccaniene.com\/it_it\/\"},{\"@type\":\"ListItem\",\"position\":2,\"name\":\"Luca Mazzone, il ciclista paralimpico dell&#8217;Aniene leader ai Mondiali di Cascais\"}]},{\"@type\":\"WebSite\",\"@id\":\"https:\/\/www.ccaniene.com\/it_it\/#website\",\"url\":\"https:\/\/www.ccaniene.com\/it_it\/\",\"name\":\"Circolo Canottieri Aniene\",\"description\":\"Collare d&#039;Oro e Stella d&#039;Oro al Merito Sportivo\",\"potentialAction\":[{\"@type\":\"SearchAction\",\"target\":{\"@type\":\"EntryPoint\",\"urlTemplate\":\"https:\/\/www.ccaniene.com\/it_it\/?s={search_term_string}\"},\"query-input\":{\"@type\":\"PropertyValueSpecification\",\"valueRequired\":true,\"valueName\":\"search_term_string\"}}],\"inLanguage\":\"en-GB\"},{\"@type\":\"Person\",\"@id\":\"https:\/\/www.ccaniene.com\/it_it\/#\/schema\/person\/6042bd0ba360674279dffd4247d570ed\",\"name\":\"carlo.san@tin.it\",\"image\":{\"@type\":\"ImageObject\",\"inLanguage\":\"en-GB\",\"@id\":\"https:\/\/www.ccaniene.com\/it_it\/#\/schema\/person\/image\/\",\"url\":\"https:\/\/secure.gravatar.com\/avatar\/f993a459d0ffe4d666e4c917fef20ca9?s=96&d=mm&r=g\",\"contentUrl\":\"https:\/\/secure.gravatar.com\/avatar\/f993a459d0ffe4d666e4c917fef20ca9?s=96&d=mm&r=g\",\"caption\":\"carlo.san@tin.it\"},\"url\":\"https:\/\/www.ccaniene.com\/en\/author\/carlo-santi-2\/\"}]}<\/script>\n<!-- \/ Yoast SEO plugin. -->","yoast_head_json":{"title":"Luca Mazzone, il ciclista paralimpico dell'Aniene leader ai Mondiali di Cascais - Circolo Canottieri Aniene","robots":{"index":"index","follow":"follow","max-snippet":"max-snippet:-1","max-image-preview":"max-image-preview:large","max-video-preview":"max-video-preview:-1"},"canonical":"https:\/\/www.ccaniene.com\/en\/luca-mazzone-il-ciclista-paralimpico-dellaniene-leader-ai-mondiali-di-cascais\/","og_locale":"en_GB","og_type":"article","og_title":"Luca Mazzone, il ciclista paralimpico dell'Aniene leader ai Mondiali di Cascais - Circolo Canottieri Aniene","og_description":"Luca Mazzone, atleta paralimpico del CC Aniene, protagonista ai campionati Mondiali di ciclismo a Cascais, in Portogallo, dove la nazionale azzurra \u00e8 squadra leader. Successo per Luca con il Team Relay insieme a Paolo Cecchetto e Diego Colombari, terzetto inedito sul palcoscenico iridato e dimostratosi una scelta pi\u00f9 che azzeccata da parte del citt\u00ec Mario [&hellip;]","og_url":"https:\/\/www.ccaniene.com\/en\/luca-mazzone-il-ciclista-paralimpico-dellaniene-leader-ai-mondiali-di-cascais\/","og_site_name":"Circolo Canottieri Aniene","article_published_time":"2021-06-12T16:37:20+00:00","article_modified_time":"2021-06-12T17:20:46+00:00","og_image":[{"width":1080,"height":720,"url":"https:\/\/www.ccaniene.com\/wp-content\/uploads\/2021\/06\/mazzone.jpg","type":"image\/jpeg"}],"author":"carlo.san@tin.it","twitter_card":"summary_large_image","twitter_misc":{"Written by":"carlo.san@tin.it","Estimated reading time":"2 minutes"},"schema":{"@context":"https:\/\/schema.org","@graph":[{"@type":"WebPage","@id":"https:\/\/www.ccaniene.com\/it_it\/luca-mazzone-il-ciclista-paralimpico-dellaniene-leader-ai-mondiali-di-cascais\/","url":"https:\/\/www.ccaniene.com\/it_it\/luca-mazzone-il-ciclista-paralimpico-dellaniene-leader-ai-mondiali-di-cascais\/","name":"Luca Mazzone, il ciclista paralimpico dell'Aniene leader ai Mondiali di Cascais - Circolo Canottieri Aniene","isPartOf":{"@id":"https:\/\/www.ccaniene.com\/it_it\/#website"},"primaryImageOfPage":{"@id":"https:\/\/www.ccaniene.com\/it_it\/luca-mazzone-il-ciclista-paralimpico-dellaniene-leader-ai-mondiali-di-cascais\/#primaryimage"},"image":{"@id":"https:\/\/www.ccaniene.com\/it_it\/luca-mazzone-il-ciclista-paralimpico-dellaniene-leader-ai-mondiali-di-cascais\/#primaryimage"},"thumbnailUrl":"https:\/\/www.ccaniene.com\/wp-content\/uploads\/2021\/06\/mazzone.jpg","datePublished":"2021-06-12T16:37:20+00:00","dateModified":"2021-06-12T17:20:46+00:00","author":{"@id":"https:\/\/www.ccaniene.com\/it_it\/#\/schema\/person\/6042bd0ba360674279dffd4247d570ed"},"breadcrumb":{"@id":"https:\/\/www.ccaniene.com\/it_it\/luca-mazzone-il-ciclista-paralimpico-dellaniene-leader-ai-mondiali-di-cascais\/#breadcrumb"},"inLanguage":"en-GB","potentialAction":[{"@type":"ReadAction","target":["https:\/\/www.ccaniene.com\/it_it\/luca-mazzone-il-ciclista-paralimpico-dellaniene-leader-ai-mondiali-di-cascais\/"]}]},{"@type":"ImageObject","inLanguage":"en-GB","@id":"https:\/\/www.ccaniene.com\/it_it\/luca-mazzone-il-ciclista-paralimpico-dellaniene-leader-ai-mondiali-di-cascais\/#primaryimage","url":"https:\/\/www.ccaniene.com\/wp-content\/uploads\/2021\/06\/mazzone.jpg","contentUrl":"https:\/\/www.ccaniene.com\/wp-content\/uploads\/2021\/06\/mazzone.jpg","width":1080,"height":720},{"@type":"BreadcrumbList","@id":"https:\/\/www.ccaniene.com\/it_it\/luca-mazzone-il-ciclista-paralimpico-dellaniene-leader-ai-mondiali-di-cascais\/#breadcrumb","itemListElement":[{"@type":"ListItem","position":1,"name":"Home","item":"https:\/\/www.ccaniene.com\/it_it\/"},{"@type":"ListItem","position":2,"name":"Luca Mazzone, il ciclista paralimpico dell&#8217;Aniene leader ai Mondiali di Cascais"}]},{"@type":"WebSite","@id":"https:\/\/www.ccaniene.com\/it_it\/#website","url":"https:\/\/www.ccaniene.com\/it_it\/","name":"Circolo Canottieri Aniene","description":"Collare d&#039;Oro e Stella d&#039;Oro al Merito Sportivo","potentialAction":[{"@type":"SearchAction","target":{"@type":"EntryPoint","urlTemplate":"https:\/\/www.ccaniene.com\/it_it\/?s={search_term_string}"},"query-input":{"@type":"PropertyValueSpecification","valueRequired":true,"valueName":"search_term_string"}}],"inLanguage":"en-GB"},{"@type":"Person","@id":"https:\/\/www.ccaniene.com\/it_it\/#\/schema\/person\/6042bd0ba360674279dffd4247d570ed","name":"carlo.san@tin.it","image":{"@type":"ImageObject","inLanguage":"en-GB","@id":"https:\/\/www.ccaniene.com\/it_it\/#\/schema\/person\/image\/","url":"https:\/\/secure.gravatar.com\/avatar\/f993a459d0ffe4d666e4c917fef20ca9?s=96&d=mm&r=g","contentUrl":"https:\/\/secure.gravatar.com\/avatar\/f993a459d0ffe4d666e4c917fef20ca9?s=96&d=mm&r=g","caption":"carlo.san@tin.it"},"url":"https:\/\/www.ccaniene.com\/en\/author\/carlo-santi-2\/"}]}},"_links":{"self":[{"href":"https:\/\/www.ccaniene.com\/en\/wp-json\/wp\/v2\/posts\/21078"}],"collection":[{"href":"https:\/\/www.ccaniene.com\/en\/wp-json\/wp\/v2\/posts"}],"about":[{"href":"https:\/\/www.ccaniene.com\/en\/wp-json\/wp\/v2\/types\/post"}],"author":[{"embeddable":true,"href":"https:\/\/www.ccaniene.com\/en\/wp-json\/wp\/v2\/users\/23521"}],"replies":[{"embeddable":true,"href":"https:\/\/www.ccaniene.com\/en\/wp-json\/wp\/v2\/comments?post=21078"}],"version-history":[{"count":2,"href":"https:\/\/www.ccaniene.com\/en\/wp-json\/wp\/v2\/posts\/21078\/revisions"}],"predecessor-version":[{"id":21090,"href":"https:\/\/www.ccaniene.com\/en\/wp-json\/wp\/v2\/posts\/21078\/revisions\/21090"}],"wp:featuredmedia":[{"embeddable":true,"href":"https:\/\/www.ccaniene.com\/en\/wp-json\/wp\/v2\/media\/21079"}],"wp:attachment":[{"href":"https:\/\/www.ccaniene.com\/en\/wp-json\/wp\/v2\/media?parent=21078"}],"wp:term":[{"taxonomy":"category","embeddable":true,"href":"https:\/\/www.ccaniene.com\/en\/wp-json\/wp\/v2\/categories?post=21078"},{"taxonomy":"post_tag","embeddable":true,"href":"https:\/\/www.ccaniene.com\/en\/wp-json\/wp\/v2\/tags?post=21078"}],"curies":[{"name":"wp","href":"https:\/\/api.w.org\/{rel}","templated":true}]}}