{"id":20974,"date":"2021-06-01T09:38:50","date_gmt":"2021-06-01T07:38:50","guid":{"rendered":"https:\/\/www.ccaniene.com\/?p=20974"},"modified":"2021-06-01T09:44:17","modified_gmt":"2021-06-01T07:44:17","slug":"velista-dellanno-caterina-banti-e-ruggero-tifa-centrano-il-tris","status":"publish","type":"post","link":"https:\/\/www.ccaniene.com\/en\/velista-dellanno-caterina-banti-e-ruggero-tifa-centrano-il-tris\/","title":{"rendered":"Velista dell&#8217;Anno: Caterina Banti e Ruggero Tita centrano il tris"},"content":{"rendered":"<p>Un tris eccezionale. Caterina Banti e Ruggero Tita hanno vinto per la terza volta il premio Velista dell\u2019Anno Fiv giunto alla 27esima edizione e ideato da Alberto Acciari. I riconoscimenti sono stati consegnati a Roma alla presenza del presidente del Coni, Giovanni Malag\u00f2, Francesco Ettorre, presidente della Federazione Italiana Vela, Carlo Mornati, segretario generale del Coni, Vito Cozzoli, presidente di Sport Salute, Fabio Planamente, presidente del settore vela di Confindustria Nautica.<\/p>\n\n\n\n<p>Ancora una volta la campionessa del Circolo Canottieri Aniene insieme al timoniere Ruggero Tita, la coppia volante del Nacra 17, ha centrato il titolo per loro il terzo consecutivo a cinquanta giorni dalla partenza per le Olimpiadi di Tokyo.<\/p>\n\n\n\n<p>Questa le motivazione che ha portato Ruggero Tita a Caterina Banti ad essere di nuovo Velista dell\u2019Anno 2021: \u00abUn esempio di esperienza nonostante la giovent\u00f9, una continuit\u00e0 che fa classe, vittorie continue e costanti in un panorama sempre pi\u00f9 agguerrito. Solo chi \u00e8 gi\u00e0 salito sul palco del Velista dell\u2019Anno Fiv conosce l\u2019impegno e la dedizione necessari per conquistare questo premio\u00bb.<\/p>\n\n\n\n<p>La serata della 27esima edizione del Velista dell\u2019Anno FIV &#8211; ideata da Alberto Acciari &#8211; si \u00e8 conclusa con successo. \u00c8 sempre un bel momento quello che celebra i migliori risultati e le pi\u00f9 esaltanti imprese sportive degli atleti ed \u00e8 diventato un punto di riferimento nel panorama degli eventi dedicato a questo sport.<\/p>\n\n\n\n<p>\u00abQuello che abbiamo costruito \u00e8 una preparazione molto forte e saremo in grado di esprimerla al meglio\u00bb, ha detto Ruggero Tita timoniere del Nacra 17 insieme a Caterina Banti, felicissima per il successo.<\/p>\n\n\n\n<p>La 27esima edizione del Velista dell\u2019Anno Fiv ha registrato un numero record di presenze online con 18.000 voti e una regolare presenza in persona nella bella sede di Villa Miani a Roma.<\/p>\n\n\n\n<p>Il premio di armatore\/timoniere Mercedes Benz Vans \u00e8 andato a Filippo Pacinotti. Come barca dell\u2019anno-Trofeo Confindustria nautica Italia Yachts \u00e8 stata scelta Italia Yachts 11.98.<\/p>\n\n\n\n<p>Tanti i campioni della vela intervenuti alla serata: fra questi Max Sirena, skipper di Luna Rossa, al quale \u00e8 stato consegnato un premio speciale per la vittoria nella Prada Cup, ad Auckland (Nuova Zelanda). Presenti anche i nove velisti che rappresenteranno le sei squadre olimpiche a Tokyo. Non sono mancati i saluti di Giovanni Soldini, che sta per rientrare dopo avere stabilito il nuovo record della Manica.<\/p>","protected":false},"excerpt":{"rendered":"<p>Un tris eccezionale. Caterina Banti e Ruggero Tita hanno vinto per la terza volta il premio Velista dell\u2019Anno Fiv giunto alla 27esima edizione e ideato da Alberto Acciari. I riconoscimenti sono stati consegnati a Roma alla presenza del presidente del Coni, Giovanni Malag\u00f2, Francesco Ettorre, presidente della Federazione Italiana Vela, Carlo Mornati, segretario generale del [&hellip;]<\/p>","protected":false},"author":23521,"featured_media":20975,"comment_status":"closed","ping_status":"closed","sticky":false,"template":"","format":"standard","meta":{"pmpro_default_level":0,"footnotes":"","_links_to":"","_links_to_target":""},"categories":[1,26],"tags":[],"class_list":["post-20974","post","type-post","status-publish","format-standard","has-post-thumbnail","hentry","category-news","category-vela","pmpro-has-access"],"featured_image_urls":{"medium":"https:\/\/www.ccaniene.com\/wp-content\/uploads\/2021\/06\/banti-800x534.jpg","thumbnail":"https:\/\/www.ccaniene.com\/wp-content\/uploads\/2021\/06\/banti-400x400.jpg","medium_large":"https:\/\/www.ccaniene.com\/wp-content\/uploads\/2021\/06\/banti-768x512.jpg"},"appp_media":null,"yoast_head":"<!-- This site is optimized with the Yoast SEO plugin v23.6 - https:\/\/yoast.com\/wordpress\/plugins\/seo\/ -->\n<title>Velista dell&#039;Anno: Caterina Banti e Ruggero Tita centrano il tris - Circolo Canottieri Aniene<\/title>\n<meta name=\"robots\" content=\"index, follow, max-snippet:-1, max-image-preview:large, max-video-preview:-1\" \/>\n<link rel=\"canonical\" href=\"https:\/\/www.ccaniene.com\/en\/velista-dellanno-caterina-banti-e-ruggero-tifa-centrano-il-tris\/\" \/>\n<meta property=\"og:locale\" content=\"en_GB\" \/>\n<meta property=\"og:type\" content=\"article\" \/>\n<meta property=\"og:title\" content=\"Velista dell&#039;Anno: Caterina Banti e Ruggero Tita centrano il tris - Circolo Canottieri Aniene\" \/>\n<meta property=\"og:description\" content=\"Un tris eccezionale. Caterina Banti e Ruggero Tita hanno vinto per la terza volta il premio Velista dell\u2019Anno Fiv giunto alla 27esima edizione e ideato da Alberto Acciari. I riconoscimenti sono stati consegnati a Roma alla presenza del presidente del Coni, Giovanni Malag\u00f2, Francesco Ettorre, presidente della Federazione Italiana Vela, Carlo Mornati, segretario generale del [&hellip;]\" \/>\n<meta property=\"og:url\" content=\"https:\/\/www.ccaniene.com\/en\/velista-dellanno-caterina-banti-e-ruggero-tifa-centrano-il-tris\/\" \/>\n<meta property=\"og:site_name\" content=\"Circolo Canottieri Aniene\" \/>\n<meta property=\"article:published_time\" content=\"2021-06-01T07:38:50+00:00\" \/>\n<meta property=\"article:modified_time\" content=\"2021-06-01T07:44:17+00:00\" \/>\n<meta property=\"og:image\" content=\"https:\/\/www.ccaniene.com\/wp-content\/uploads\/2021\/06\/banti.jpg\" \/>\n\t<meta property=\"og:image:width\" content=\"1024\" \/>\n\t<meta property=\"og:image:height\" content=\"683\" \/>\n\t<meta property=\"og:image:type\" content=\"image\/jpeg\" \/>\n<meta name=\"author\" content=\"carlo.san@tin.it\" \/>\n<meta name=\"twitter:card\" content=\"summary_large_image\" \/>\n<meta name=\"twitter:label1\" content=\"Written by\" \/>\n\t<meta name=\"twitter:data1\" content=\"carlo.san@tin.it\" \/>\n\t<meta name=\"twitter:label2\" content=\"Estimated reading time\" \/>\n\t<meta name=\"twitter:data2\" content=\"2 minutes\" \/>\n<script type=\"application\/ld+json\" class=\"yoast-schema-graph\">{\"@context\":\"https:\/\/schema.org\",\"@graph\":[{\"@type\":\"WebPage\",\"@id\":\"https:\/\/www.ccaniene.com\/it_it\/velista-dellanno-caterina-banti-e-ruggero-tifa-centrano-il-tris\/\",\"url\":\"https:\/\/www.ccaniene.com\/it_it\/velista-dellanno-caterina-banti-e-ruggero-tifa-centrano-il-tris\/\",\"name\":\"Velista dell'Anno: Caterina Banti e Ruggero Tita centrano il tris - Circolo Canottieri Aniene\",\"isPartOf\":{\"@id\":\"https:\/\/www.ccaniene.com\/it_it\/#website\"},\"primaryImageOfPage\":{\"@id\":\"https:\/\/www.ccaniene.com\/it_it\/velista-dellanno-caterina-banti-e-ruggero-tifa-centrano-il-tris\/#primaryimage\"},\"image\":{\"@id\":\"https:\/\/www.ccaniene.com\/it_it\/velista-dellanno-caterina-banti-e-ruggero-tifa-centrano-il-tris\/#primaryimage\"},\"thumbnailUrl\":\"https:\/\/www.ccaniene.com\/wp-content\/uploads\/2021\/06\/banti.jpg\",\"datePublished\":\"2021-06-01T07:38:50+00:00\",\"dateModified\":\"2021-06-01T07:44:17+00:00\",\"author\":{\"@id\":\"https:\/\/www.ccaniene.com\/it_it\/#\/schema\/person\/6042bd0ba360674279dffd4247d570ed\"},\"breadcrumb\":{\"@id\":\"https:\/\/www.ccaniene.com\/it_it\/velista-dellanno-caterina-banti-e-ruggero-tifa-centrano-il-tris\/#breadcrumb\"},\"inLanguage\":\"en-GB\",\"potentialAction\":[{\"@type\":\"ReadAction\",\"target\":[\"https:\/\/www.ccaniene.com\/it_it\/velista-dellanno-caterina-banti-e-ruggero-tifa-centrano-il-tris\/\"]}]},{\"@type\":\"ImageObject\",\"inLanguage\":\"en-GB\",\"@id\":\"https:\/\/www.ccaniene.com\/it_it\/velista-dellanno-caterina-banti-e-ruggero-tifa-centrano-il-tris\/#primaryimage\",\"url\":\"https:\/\/www.ccaniene.com\/wp-content\/uploads\/2021\/06\/banti.jpg\",\"contentUrl\":\"https:\/\/www.ccaniene.com\/wp-content\/uploads\/2021\/06\/banti.jpg\",\"width\":1024,\"height\":683},{\"@type\":\"BreadcrumbList\",\"@id\":\"https:\/\/www.ccaniene.com\/it_it\/velista-dellanno-caterina-banti-e-ruggero-tifa-centrano-il-tris\/#breadcrumb\",\"itemListElement\":[{\"@type\":\"ListItem\",\"position\":1,\"name\":\"Home\",\"item\":\"https:\/\/www.ccaniene.com\/it_it\/\"},{\"@type\":\"ListItem\",\"position\":2,\"name\":\"Velista dell&#8217;Anno: Caterina Banti e Ruggero Tita centrano il tris\"}]},{\"@type\":\"WebSite\",\"@id\":\"https:\/\/www.ccaniene.com\/it_it\/#website\",\"url\":\"https:\/\/www.ccaniene.com\/it_it\/\",\"name\":\"Circolo Canottieri Aniene\",\"description\":\"Collare d&#039;Oro e Stella d&#039;Oro al Merito Sportivo\",\"potentialAction\":[{\"@type\":\"SearchAction\",\"target\":{\"@type\":\"EntryPoint\",\"urlTemplate\":\"https:\/\/www.ccaniene.com\/it_it\/?s={search_term_string}\"},\"query-input\":{\"@type\":\"PropertyValueSpecification\",\"valueRequired\":true,\"valueName\":\"search_term_string\"}}],\"inLanguage\":\"en-GB\"},{\"@type\":\"Person\",\"@id\":\"https:\/\/www.ccaniene.com\/it_it\/#\/schema\/person\/6042bd0ba360674279dffd4247d570ed\",\"name\":\"carlo.san@tin.it\",\"image\":{\"@type\":\"ImageObject\",\"inLanguage\":\"en-GB\",\"@id\":\"https:\/\/www.ccaniene.com\/it_it\/#\/schema\/person\/image\/\",\"url\":\"https:\/\/secure.gravatar.com\/avatar\/f993a459d0ffe4d666e4c917fef20ca9?s=96&d=mm&r=g\",\"contentUrl\":\"https:\/\/secure.gravatar.com\/avatar\/f993a459d0ffe4d666e4c917fef20ca9?s=96&d=mm&r=g\",\"caption\":\"carlo.san@tin.it\"},\"url\":\"https:\/\/www.ccaniene.com\/en\/author\/carlo-santi-2\/\"}]}<\/script>\n<!-- \/ Yoast SEO plugin. -->","yoast_head_json":{"title":"Velista dell'Anno: Caterina Banti e Ruggero Tita centrano il tris - Circolo Canottieri Aniene","robots":{"index":"index","follow":"follow","max-snippet":"max-snippet:-1","max-image-preview":"max-image-preview:large","max-video-preview":"max-video-preview:-1"},"canonical":"https:\/\/www.ccaniene.com\/en\/velista-dellanno-caterina-banti-e-ruggero-tifa-centrano-il-tris\/","og_locale":"en_GB","og_type":"article","og_title":"Velista dell'Anno: Caterina Banti e Ruggero Tita centrano il tris - Circolo Canottieri Aniene","og_description":"Un tris eccezionale. Caterina Banti e Ruggero Tita hanno vinto per la terza volta il premio Velista dell\u2019Anno Fiv giunto alla 27esima edizione e ideato da Alberto Acciari. I riconoscimenti sono stati consegnati a Roma alla presenza del presidente del Coni, Giovanni Malag\u00f2, Francesco Ettorre, presidente della Federazione Italiana Vela, Carlo Mornati, segretario generale del [&hellip;]","og_url":"https:\/\/www.ccaniene.com\/en\/velista-dellanno-caterina-banti-e-ruggero-tifa-centrano-il-tris\/","og_site_name":"Circolo Canottieri Aniene","article_published_time":"2021-06-01T07:38:50+00:00","article_modified_time":"2021-06-01T07:44:17+00:00","og_image":[{"width":1024,"height":683,"url":"https:\/\/www.ccaniene.com\/wp-content\/uploads\/2021\/06\/banti.jpg","type":"image\/jpeg"}],"author":"carlo.san@tin.it","twitter_card":"summary_large_image","twitter_misc":{"Written by":"carlo.san@tin.it","Estimated reading time":"2 minutes"},"schema":{"@context":"https:\/\/schema.org","@graph":[{"@type":"WebPage","@id":"https:\/\/www.ccaniene.com\/it_it\/velista-dellanno-caterina-banti-e-ruggero-tifa-centrano-il-tris\/","url":"https:\/\/www.ccaniene.com\/it_it\/velista-dellanno-caterina-banti-e-ruggero-tifa-centrano-il-tris\/","name":"Velista dell'Anno: Caterina Banti e Ruggero Tita centrano il tris - Circolo Canottieri Aniene","isPartOf":{"@id":"https:\/\/www.ccaniene.com\/it_it\/#website"},"primaryImageOfPage":{"@id":"https:\/\/www.ccaniene.com\/it_it\/velista-dellanno-caterina-banti-e-ruggero-tifa-centrano-il-tris\/#primaryimage"},"image":{"@id":"https:\/\/www.ccaniene.com\/it_it\/velista-dellanno-caterina-banti-e-ruggero-tifa-centrano-il-tris\/#primaryimage"},"thumbnailUrl":"https:\/\/www.ccaniene.com\/wp-content\/uploads\/2021\/06\/banti.jpg","datePublished":"2021-06-01T07:38:50+00:00","dateModified":"2021-06-01T07:44:17+00:00","author":{"@id":"https:\/\/www.ccaniene.com\/it_it\/#\/schema\/person\/6042bd0ba360674279dffd4247d570ed"},"breadcrumb":{"@id":"https:\/\/www.ccaniene.com\/it_it\/velista-dellanno-caterina-banti-e-ruggero-tifa-centrano-il-tris\/#breadcrumb"},"inLanguage":"en-GB","potentialAction":[{"@type":"ReadAction","target":["https:\/\/www.ccaniene.com\/it_it\/velista-dellanno-caterina-banti-e-ruggero-tifa-centrano-il-tris\/"]}]},{"@type":"ImageObject","inLanguage":"en-GB","@id":"https:\/\/www.ccaniene.com\/it_it\/velista-dellanno-caterina-banti-e-ruggero-tifa-centrano-il-tris\/#primaryimage","url":"https:\/\/www.ccaniene.com\/wp-content\/uploads\/2021\/06\/banti.jpg","contentUrl":"https:\/\/www.ccaniene.com\/wp-content\/uploads\/2021\/06\/banti.jpg","width":1024,"height":683},{"@type":"BreadcrumbList","@id":"https:\/\/www.ccaniene.com\/it_it\/velista-dellanno-caterina-banti-e-ruggero-tifa-centrano-il-tris\/#breadcrumb","itemListElement":[{"@type":"ListItem","position":1,"name":"Home","item":"https:\/\/www.ccaniene.com\/it_it\/"},{"@type":"ListItem","position":2,"name":"Velista dell&#8217;Anno: Caterina Banti e Ruggero Tita centrano il tris"}]},{"@type":"WebSite","@id":"https:\/\/www.ccaniene.com\/it_it\/#website","url":"https:\/\/www.ccaniene.com\/it_it\/","name":"Circolo Canottieri Aniene","description":"Collare d&#039;Oro e Stella d&#039;Oro al Merito Sportivo","potentialAction":[{"@type":"SearchAction","target":{"@type":"EntryPoint","urlTemplate":"https:\/\/www.ccaniene.com\/it_it\/?s={search_term_string}"},"query-input":{"@type":"PropertyValueSpecification","valueRequired":true,"valueName":"search_term_string"}}],"inLanguage":"en-GB"},{"@type":"Person","@id":"https:\/\/www.ccaniene.com\/it_it\/#\/schema\/person\/6042bd0ba360674279dffd4247d570ed","name":"carlo.san@tin.it","image":{"@type":"ImageObject","inLanguage":"en-GB","@id":"https:\/\/www.ccaniene.com\/it_it\/#\/schema\/person\/image\/","url":"https:\/\/secure.gravatar.com\/avatar\/f993a459d0ffe4d666e4c917fef20ca9?s=96&d=mm&r=g","contentUrl":"https:\/\/secure.gravatar.com\/avatar\/f993a459d0ffe4d666e4c917fef20ca9?s=96&d=mm&r=g","caption":"carlo.san@tin.it"},"url":"https:\/\/www.ccaniene.com\/en\/author\/carlo-santi-2\/"}]}},"_links":{"self":[{"href":"https:\/\/www.ccaniene.com\/en\/wp-json\/wp\/v2\/posts\/20974"}],"collection":[{"href":"https:\/\/www.ccaniene.com\/en\/wp-json\/wp\/v2\/posts"}],"about":[{"href":"https:\/\/www.ccaniene.com\/en\/wp-json\/wp\/v2\/types\/post"}],"author":[{"embeddable":true,"href":"https:\/\/www.ccaniene.com\/en\/wp-json\/wp\/v2\/users\/23521"}],"replies":[{"embeddable":true,"href":"https:\/\/www.ccaniene.com\/en\/wp-json\/wp\/v2\/comments?post=20974"}],"version-history":[{"count":2,"href":"https:\/\/www.ccaniene.com\/en\/wp-json\/wp\/v2\/posts\/20974\/revisions"}],"predecessor-version":[{"id":20978,"href":"https:\/\/www.ccaniene.com\/en\/wp-json\/wp\/v2\/posts\/20974\/revisions\/20978"}],"wp:featuredmedia":[{"embeddable":true,"href":"https:\/\/www.ccaniene.com\/en\/wp-json\/wp\/v2\/media\/20975"}],"wp:attachment":[{"href":"https:\/\/www.ccaniene.com\/en\/wp-json\/wp\/v2\/media?parent=20974"}],"wp:term":[{"taxonomy":"category","embeddable":true,"href":"https:\/\/www.ccaniene.com\/en\/wp-json\/wp\/v2\/categories?post=20974"},{"taxonomy":"post_tag","embeddable":true,"href":"https:\/\/www.ccaniene.com\/en\/wp-json\/wp\/v2\/tags?post=20974"}],"curies":[{"name":"wp","href":"https:\/\/api.w.org\/{rel}","templated":true}]}}