{"id":20772,"date":"2021-05-22T12:47:39","date_gmt":"2021-05-22T10:47:39","guid":{"rendered":"https:\/\/www.ccaniene.com\/?p=20772"},"modified":"2021-05-22T21:09:18","modified_gmt":"2021-05-22T19:09:18","slug":"europei-benedetta-pilato-sigla-il-record-italiano-dei-50-rana-in-batteria-mondiale-sfiorato","status":"publish","type":"post","link":"https:\/\/www.ccaniene.com\/en\/europei-benedetta-pilato-sigla-il-record-italiano-dei-50-rana-in-batteria-mondiale-sfiorato\/","title":{"rendered":"Europei, Benedetta Pilato sigla il record mondiale dei 50 rana in semifinale. Martinenghi e la 4x100sl mixed di bronzo"},"content":{"rendered":"<p>Il record mondiale di Benedetta, le medaglie di bronzo di Nicol\u00f2 e della 4x100sl mixed con Federica e Silvia aspettando la finale dei 200 dorso di Margherita Panziera. Ecco in sintesi la penultima giornata degli Europei di nuoto in casa Aniene.<\/p>\n\n\n\n<p>Benedetta Pilato fenomenale. La giovane atleta del CC Aniene ha migliorato il record mondiale dei 50 rana in semifinale dei campionati Europei di Budapest con 29\u201d30. Un primato fantastico per la ragazza tarantina che in mattinata aveva realizzato il primato italiano con 29\u201d50 nonch\u00e9 quello mondiale ed europeo juniores &#8211; a un decimo dal record del mondo assoluto di Lilly King, 29\u201d40 proprio alla Duna Arena durante i Mondiali del 2017. Che avesse le ore contante sembrava s contato ieri mattina: difatti, il pomeriggio lo ha letteralmente abbattuto.<\/p>\n\n\n\n<p>La 16enne di Taranto e argento iridato a Gwangju in batteria aveva migliorato il 29\u201d61 siglato agli Assoluti di Riccione lo scorso 18 dicembre e si era portata a due centesimi dal record europeo (29\u201d48) della lituana Ruta Meilutyte.<\/p>\n\n\n\n<p>\u00abProbabilmente ho gestito male le emozioni generali nei 100 &#8211; spiega la giovane azzurra allenata da Vito D&#8217;Onghia dopo la batteria &#8211; Oggi \u00e8 andato tutto benissimo ed \u00e8 venuto un grandissimo tempo. Non vedevo l&#8217;ora di gareggiare e non sapevo neanche cosa aspettarmi perch\u00e9 ho avuto dei problemi al ginocchio. Se passo cos\u00ec forte per i 100 probabilmente non riesco a fare neanche la virata\u00bb. <\/p>\n\n\n\n<p>Dopo la semifinale, galvanizzata per la prestazione, Benny si \u00e8 lasciata a dare: \u00abPensavo di fare meno di questa mattina ma non cos\u00ec tanto. Non so onestamente cosa dire. Sentivo tantissimo il tifo degli altri. Quando ho visto il tempo non pensavo che fosse cosi basso &#8211; ha affermato &#8211; Ancora devo realizzare di aver fatto il record del mondo, pensavo al record europeo. In questi giorni ho avuto anche dei problemi ad un ginocchio. Quando Lilly King ha nuotato il record del mondo ero ancora esordiente\u00bb.<\/p>\n\n\n\n<p><\/p>\n\n\n\n<p>Nicol\u00f2 Martinenghi nella stessa gara ha conquistato la medaglia di bronzo toccando in 26\u201d68. Titolo al britannico Adam Peaty in 26\u201d21 e argento al bielorusso Ilya Shymanovich con 26\u201d55.<\/p>\n\n\n\n<p>Per Niccol\u00f2 una bella soddisfazione dopo il quinto posto nei 100. \u00abSono contento, nonostante non abbia nuotato benissimo. Per me \u00e8 molto importante che sia arrivato il primo podio individuale &#8211; sottolinea il primatista italiano (26\u201d39) &#8211; Ci ho creduto fino alla fine. Questo bronzo significa che sono arrivato qua non per fare una presenza superflua\u00bb.<\/p>\n\n\n\n<p>Un altro bronzo \u00e8 arrivato con la staffetta 4x100sl mixed nella quale le rappresentanti femminili sono due ragazze del Circolo, Federica Pellegrini e Silvia Di Pietro. Miressi e Ceccon hanno lanciato la gara tenendo l\u2019Italia al comando; la Divina (53\u201d58 la sua frazione) non si \u00e8 lasciata sorpassare prima di cedere il testimone a Silvia Di Pietro (53\u201d84) che ha pagato la fatica e Gran Bretagna (oro con 3\u201922\u201d07) e Olanda (3\u201922\u201d26) la superassero. L\u2019Italia, terzo con 3\u201922\u201d64, ha comunque realizzato il primato nazionale.<\/p>\n\n\n\n<p>\u00abCi siamo divertite molto anche noi donne &#8211; ha detto la Pellegrini &#8211; Sapevamo che il punto forte erano i maschi. Abbiamo cercato di tenere il pi\u00f9 possibile ma comunque \u00e8 una bella medaglia di una staffetta veloce\u00bb.<\/p>\n\n\n\n<p>Dopo l\u2019argento di ieri sera con gara ripetuta, Margherita Panziera si vuol confermare regina d&#8217;Europa dei 200 dorso e si \u00e8 qualificata per la finale dei 200 dorso con il miglior tempo, unica a scendere sotto i 2\u201908\u201d con 2\u201907\u201d61. La 25enne di Montebelluna e primatista italiana (2\u201905\u201d56), preparata da Gianluca Belfiore in batteria aveva nuotato in 2\u201908\u201d52. \u00abPensavo di fare meno fatica, per\u00f2 prima della finale di domani ci sono ventiquattro ore in cui possono cambiare un po&#8217; di cose &#8211; racconta Margherita &#8211; e domani spero di nuotare pi\u00f9 veloce\u00bb.<\/p>\n\n\n\n<p>E\u2019 uscito dalla finale dei 100 farfalla (11esimo tempo, 51\u201d84) Piero Codia che \u00e8 il campione uscente. In batteria sfortunato Matteo Rivolta che \u00e8 stato terzo degli italiani &#8211; dopo Codia e Burdisso &#8211; e quindi eliminato. Nel primo turno Codia ha toccato in 51\u201d82, Burdisso 51\u201d83 e Rivolta 51\u201d84: un centesimo in pi\u00f9 che lo ha messo fuori.<\/p>\n\n\n\n<p><em>Foto di Andrea Staccioli \/ Inside &#8211; DBM<\/em><\/p>\n\n\n\n<p> <\/p>\n\n\n\n<figure class=\"wp-block-gallery columns-3 is-cropped wp-block-gallery-1 is-layout-flex wp-block-gallery-is-layout-flex\"><ul class=\"blocks-gallery-grid\"><li class=\"blocks-gallery-item\"><figure><img fetchpriority=\"high\" decoding=\"async\" width=\"889\" height=\"500\" src=\"http:\/\/www.ccaniene.com\/wp-content\/uploads\/2021\/05\/5094C227-B58F-4456-9E5E-4A429564E30A.jpeg\" alt=\"\" data-id=\"20803\" data-full-url=\"http:\/\/www.ccaniene.com\/wp-content\/uploads\/2021\/05\/5094C227-B58F-4456-9E5E-4A429564E30A.jpeg\" data-link=\"https:\/\/www.ccaniene.com\/europei-benedetta-pilato-sigla-il-record-italiano-dei-50-rana-in-batteria-mondiale-sfiorato\/5094c227-b58f-4456-9e5e-4a429564e30a\/\" class=\"wp-image-20803\" srcset=\"https:\/\/www.ccaniene.com\/wp-content\/uploads\/2021\/05\/5094C227-B58F-4456-9E5E-4A429564E30A.jpeg 889w, https:\/\/www.ccaniene.com\/wp-content\/uploads\/2021\/05\/5094C227-B58F-4456-9E5E-4A429564E30A-800x450.jpeg 800w, https:\/\/www.ccaniene.com\/wp-content\/uploads\/2021\/05\/5094C227-B58F-4456-9E5E-4A429564E30A-768x432.jpeg 768w\" sizes=\"(max-width: 889px) 100vw, 889px\" \/><\/figure><\/li><li class=\"blocks-gallery-item\"><figure><img decoding=\"async\" width=\"889\" height=\"500\" src=\"http:\/\/www.ccaniene.com\/wp-content\/uploads\/2021\/05\/09AD696C-E318-4D05-BB46-1730A80A5CDC.jpeg\" alt=\"\" data-id=\"20805\" data-full-url=\"http:\/\/www.ccaniene.com\/wp-content\/uploads\/2021\/05\/09AD696C-E318-4D05-BB46-1730A80A5CDC.jpeg\" data-link=\"https:\/\/www.ccaniene.com\/europei-benedetta-pilato-sigla-il-record-italiano-dei-50-rana-in-batteria-mondiale-sfiorato\/09ad696c-e318-4d05-bb46-1730a80a5cdc\/\" class=\"wp-image-20805\" srcset=\"https:\/\/www.ccaniene.com\/wp-content\/uploads\/2021\/05\/09AD696C-E318-4D05-BB46-1730A80A5CDC.jpeg 889w, https:\/\/www.ccaniene.com\/wp-content\/uploads\/2021\/05\/09AD696C-E318-4D05-BB46-1730A80A5CDC-800x450.jpeg 800w, https:\/\/www.ccaniene.com\/wp-content\/uploads\/2021\/05\/09AD696C-E318-4D05-BB46-1730A80A5CDC-768x432.jpeg 768w\" sizes=\"(max-width: 889px) 100vw, 889px\" \/><\/figure><\/li><li class=\"blocks-gallery-item\"><figure><img decoding=\"async\" width=\"889\" height=\"500\" src=\"http:\/\/www.ccaniene.com\/wp-content\/uploads\/2021\/05\/E9981A93-F491-4BBC-ADF8-7AC426DA339A.jpeg\" alt=\"\" data-id=\"20807\" data-full-url=\"http:\/\/www.ccaniene.com\/wp-content\/uploads\/2021\/05\/E9981A93-F491-4BBC-ADF8-7AC426DA339A.jpeg\" data-link=\"https:\/\/www.ccaniene.com\/europei-benedetta-pilato-sigla-il-record-italiano-dei-50-rana-in-batteria-mondiale-sfiorato\/e9981a93-f491-4bbc-adf8-7ac426da339a\/\" class=\"wp-image-20807\" srcset=\"https:\/\/www.ccaniene.com\/wp-content\/uploads\/2021\/05\/E9981A93-F491-4BBC-ADF8-7AC426DA339A.jpeg 889w, https:\/\/www.ccaniene.com\/wp-content\/uploads\/2021\/05\/E9981A93-F491-4BBC-ADF8-7AC426DA339A-800x450.jpeg 800w, https:\/\/www.ccaniene.com\/wp-content\/uploads\/2021\/05\/E9981A93-F491-4BBC-ADF8-7AC426DA339A-768x432.jpeg 768w\" sizes=\"(max-width: 889px) 100vw, 889px\" \/><\/figure><\/li><\/ul><\/figure>\n\n\n\n<p><\/p>","protected":false},"excerpt":{"rendered":"<p>Il record mondiale di Benedetta, le medaglie di bronzo di Nicol\u00f2 e della 4x100sl mixed con Federica e Silvia aspettando la finale dei 200 dorso di Margherita Panziera. Ecco in sintesi la penultima giornata degli Europei di nuoto in casa Aniene. Benedetta Pilato fenomenale. La giovane atleta del CC Aniene ha migliorato il record mondiale [&hellip;]<\/p>","protected":false},"author":23521,"featured_media":20801,"comment_status":"closed","ping_status":"closed","sticky":false,"template":"","format":"standard","meta":{"pmpro_default_level":0,"footnotes":"","_links_to":"","_links_to_target":""},"categories":[1,11],"tags":[],"class_list":["post-20772","post","type-post","status-publish","format-standard","has-post-thumbnail","hentry","category-news","category-nuoto","pmpro-has-access"],"featured_image_urls":{"medium":"https:\/\/www.ccaniene.com\/wp-content\/uploads\/2021\/05\/B4FB630A-18F9-4AF3-A3E1-6B6349347B40-800x450.jpeg","thumbnail":"https:\/\/www.ccaniene.com\/wp-content\/uploads\/2021\/05\/B4FB630A-18F9-4AF3-A3E1-6B6349347B40-400x400.jpeg","medium_large":"https:\/\/www.ccaniene.com\/wp-content\/uploads\/2021\/05\/B4FB630A-18F9-4AF3-A3E1-6B6349347B40-768x432.jpeg"},"appp_media":null,"yoast_head":"<!-- This site is optimized with the Yoast SEO plugin v23.6 - https:\/\/yoast.com\/wordpress\/plugins\/seo\/ -->\n<title>Europei, Benedetta Pilato sigla il record mondiale dei 50 rana in semifinale. Martinenghi e la 4x100sl mixed di bronzo - Circolo Canottieri Aniene<\/title>\n<meta name=\"robots\" content=\"index, follow, max-snippet:-1, max-image-preview:large, max-video-preview:-1\" \/>\n<link rel=\"canonical\" href=\"https:\/\/www.ccaniene.com\/en\/europei-benedetta-pilato-sigla-il-record-italiano-dei-50-rana-in-batteria-mondiale-sfiorato\/\" \/>\n<meta property=\"og:locale\" content=\"en_GB\" \/>\n<meta property=\"og:type\" content=\"article\" \/>\n<meta property=\"og:title\" content=\"Europei, Benedetta Pilato sigla il record mondiale dei 50 rana in semifinale. Martinenghi e la 4x100sl mixed di bronzo - Circolo Canottieri Aniene\" \/>\n<meta property=\"og:description\" content=\"Il record mondiale di Benedetta, le medaglie di bronzo di Nicol\u00f2 e della 4x100sl mixed con Federica e Silvia aspettando la finale dei 200 dorso di Margherita Panziera. Ecco in sintesi la penultima giornata degli Europei di nuoto in casa Aniene. Benedetta Pilato fenomenale. La giovane atleta del CC Aniene ha migliorato il record mondiale [&hellip;]\" \/>\n<meta property=\"og:url\" content=\"https:\/\/www.ccaniene.com\/en\/europei-benedetta-pilato-sigla-il-record-italiano-dei-50-rana-in-batteria-mondiale-sfiorato\/\" \/>\n<meta property=\"og:site_name\" content=\"Circolo Canottieri Aniene\" \/>\n<meta property=\"article:published_time\" content=\"2021-05-22T10:47:39+00:00\" \/>\n<meta property=\"article:modified_time\" content=\"2021-05-22T19:09:18+00:00\" \/>\n<meta property=\"og:image\" content=\"https:\/\/www.ccaniene.com\/wp-content\/uploads\/2021\/05\/B4FB630A-18F9-4AF3-A3E1-6B6349347B40.jpeg\" \/>\n\t<meta property=\"og:image:width\" content=\"889\" \/>\n\t<meta property=\"og:image:height\" content=\"500\" \/>\n\t<meta property=\"og:image:type\" content=\"image\/jpeg\" \/>\n<meta name=\"author\" content=\"carlo.san@tin.it\" \/>\n<meta name=\"twitter:card\" content=\"summary_large_image\" \/>\n<meta name=\"twitter:label1\" content=\"Written by\" \/>\n\t<meta name=\"twitter:data1\" content=\"carlo.san@tin.it\" \/>\n\t<meta name=\"twitter:label2\" content=\"Estimated reading time\" \/>\n\t<meta name=\"twitter:data2\" content=\"4 minutes\" \/>\n<script type=\"application\/ld+json\" class=\"yoast-schema-graph\">{\"@context\":\"https:\/\/schema.org\",\"@graph\":[{\"@type\":\"WebPage\",\"@id\":\"https:\/\/www.ccaniene.com\/it_it\/europei-benedetta-pilato-sigla-il-record-italiano-dei-50-rana-in-batteria-mondiale-sfiorato\/\",\"url\":\"https:\/\/www.ccaniene.com\/it_it\/europei-benedetta-pilato-sigla-il-record-italiano-dei-50-rana-in-batteria-mondiale-sfiorato\/\",\"name\":\"Europei, Benedetta Pilato sigla il record mondiale dei 50 rana in semifinale. Martinenghi e la 4x100sl mixed di bronzo - Circolo Canottieri Aniene\",\"isPartOf\":{\"@id\":\"https:\/\/www.ccaniene.com\/it_it\/#website\"},\"primaryImageOfPage\":{\"@id\":\"https:\/\/www.ccaniene.com\/it_it\/europei-benedetta-pilato-sigla-il-record-italiano-dei-50-rana-in-batteria-mondiale-sfiorato\/#primaryimage\"},\"image\":{\"@id\":\"https:\/\/www.ccaniene.com\/it_it\/europei-benedetta-pilato-sigla-il-record-italiano-dei-50-rana-in-batteria-mondiale-sfiorato\/#primaryimage\"},\"thumbnailUrl\":\"https:\/\/www.ccaniene.com\/wp-content\/uploads\/2021\/05\/B4FB630A-18F9-4AF3-A3E1-6B6349347B40.jpeg\",\"datePublished\":\"2021-05-22T10:47:39+00:00\",\"dateModified\":\"2021-05-22T19:09:18+00:00\",\"author\":{\"@id\":\"https:\/\/www.ccaniene.com\/it_it\/#\/schema\/person\/6042bd0ba360674279dffd4247d570ed\"},\"breadcrumb\":{\"@id\":\"https:\/\/www.ccaniene.com\/it_it\/europei-benedetta-pilato-sigla-il-record-italiano-dei-50-rana-in-batteria-mondiale-sfiorato\/#breadcrumb\"},\"inLanguage\":\"en-GB\",\"potentialAction\":[{\"@type\":\"ReadAction\",\"target\":[\"https:\/\/www.ccaniene.com\/it_it\/europei-benedetta-pilato-sigla-il-record-italiano-dei-50-rana-in-batteria-mondiale-sfiorato\/\"]}]},{\"@type\":\"ImageObject\",\"inLanguage\":\"en-GB\",\"@id\":\"https:\/\/www.ccaniene.com\/it_it\/europei-benedetta-pilato-sigla-il-record-italiano-dei-50-rana-in-batteria-mondiale-sfiorato\/#primaryimage\",\"url\":\"https:\/\/www.ccaniene.com\/wp-content\/uploads\/2021\/05\/B4FB630A-18F9-4AF3-A3E1-6B6349347B40.jpeg\",\"contentUrl\":\"https:\/\/www.ccaniene.com\/wp-content\/uploads\/2021\/05\/B4FB630A-18F9-4AF3-A3E1-6B6349347B40.jpeg\",\"width\":889,\"height\":500},{\"@type\":\"BreadcrumbList\",\"@id\":\"https:\/\/www.ccaniene.com\/it_it\/europei-benedetta-pilato-sigla-il-record-italiano-dei-50-rana-in-batteria-mondiale-sfiorato\/#breadcrumb\",\"itemListElement\":[{\"@type\":\"ListItem\",\"position\":1,\"name\":\"Home\",\"item\":\"https:\/\/www.ccaniene.com\/it_it\/\"},{\"@type\":\"ListItem\",\"position\":2,\"name\":\"Europei, Benedetta Pilato sigla il record mondiale dei 50 rana in semifinale. Martinenghi e la 4x100sl mixed di bronzo\"}]},{\"@type\":\"WebSite\",\"@id\":\"https:\/\/www.ccaniene.com\/it_it\/#website\",\"url\":\"https:\/\/www.ccaniene.com\/it_it\/\",\"name\":\"Circolo Canottieri Aniene\",\"description\":\"Collare d&#039;Oro e Stella d&#039;Oro al Merito Sportivo\",\"potentialAction\":[{\"@type\":\"SearchAction\",\"target\":{\"@type\":\"EntryPoint\",\"urlTemplate\":\"https:\/\/www.ccaniene.com\/it_it\/?s={search_term_string}\"},\"query-input\":{\"@type\":\"PropertyValueSpecification\",\"valueRequired\":true,\"valueName\":\"search_term_string\"}}],\"inLanguage\":\"en-GB\"},{\"@type\":\"Person\",\"@id\":\"https:\/\/www.ccaniene.com\/it_it\/#\/schema\/person\/6042bd0ba360674279dffd4247d570ed\",\"name\":\"carlo.san@tin.it\",\"image\":{\"@type\":\"ImageObject\",\"inLanguage\":\"en-GB\",\"@id\":\"https:\/\/www.ccaniene.com\/it_it\/#\/schema\/person\/image\/\",\"url\":\"https:\/\/secure.gravatar.com\/avatar\/f993a459d0ffe4d666e4c917fef20ca9?s=96&d=mm&r=g\",\"contentUrl\":\"https:\/\/secure.gravatar.com\/avatar\/f993a459d0ffe4d666e4c917fef20ca9?s=96&d=mm&r=g\",\"caption\":\"carlo.san@tin.it\"},\"url\":\"https:\/\/www.ccaniene.com\/en\/author\/carlo-santi-2\/\"}]}<\/script>\n<!-- \/ Yoast SEO plugin. -->","yoast_head_json":{"title":"Europei, Benedetta Pilato sigla il record mondiale dei 50 rana in semifinale. Martinenghi e la 4x100sl mixed di bronzo - Circolo Canottieri Aniene","robots":{"index":"index","follow":"follow","max-snippet":"max-snippet:-1","max-image-preview":"max-image-preview:large","max-video-preview":"max-video-preview:-1"},"canonical":"https:\/\/www.ccaniene.com\/en\/europei-benedetta-pilato-sigla-il-record-italiano-dei-50-rana-in-batteria-mondiale-sfiorato\/","og_locale":"en_GB","og_type":"article","og_title":"Europei, Benedetta Pilato sigla il record mondiale dei 50 rana in semifinale. Martinenghi e la 4x100sl mixed di bronzo - Circolo Canottieri Aniene","og_description":"Il record mondiale di Benedetta, le medaglie di bronzo di Nicol\u00f2 e della 4x100sl mixed con Federica e Silvia aspettando la finale dei 200 dorso di Margherita Panziera. Ecco in sintesi la penultima giornata degli Europei di nuoto in casa Aniene. Benedetta Pilato fenomenale. La giovane atleta del CC Aniene ha migliorato il record mondiale [&hellip;]","og_url":"https:\/\/www.ccaniene.com\/en\/europei-benedetta-pilato-sigla-il-record-italiano-dei-50-rana-in-batteria-mondiale-sfiorato\/","og_site_name":"Circolo Canottieri Aniene","article_published_time":"2021-05-22T10:47:39+00:00","article_modified_time":"2021-05-22T19:09:18+00:00","og_image":[{"width":889,"height":500,"url":"https:\/\/www.ccaniene.com\/wp-content\/uploads\/2021\/05\/B4FB630A-18F9-4AF3-A3E1-6B6349347B40.jpeg","type":"image\/jpeg"}],"author":"carlo.san@tin.it","twitter_card":"summary_large_image","twitter_misc":{"Written by":"carlo.san@tin.it","Estimated reading time":"4 minutes"},"schema":{"@context":"https:\/\/schema.org","@graph":[{"@type":"WebPage","@id":"https:\/\/www.ccaniene.com\/it_it\/europei-benedetta-pilato-sigla-il-record-italiano-dei-50-rana-in-batteria-mondiale-sfiorato\/","url":"https:\/\/www.ccaniene.com\/it_it\/europei-benedetta-pilato-sigla-il-record-italiano-dei-50-rana-in-batteria-mondiale-sfiorato\/","name":"Europei, Benedetta Pilato sigla il record mondiale dei 50 rana in semifinale. Martinenghi e la 4x100sl mixed di bronzo - Circolo Canottieri Aniene","isPartOf":{"@id":"https:\/\/www.ccaniene.com\/it_it\/#website"},"primaryImageOfPage":{"@id":"https:\/\/www.ccaniene.com\/it_it\/europei-benedetta-pilato-sigla-il-record-italiano-dei-50-rana-in-batteria-mondiale-sfiorato\/#primaryimage"},"image":{"@id":"https:\/\/www.ccaniene.com\/it_it\/europei-benedetta-pilato-sigla-il-record-italiano-dei-50-rana-in-batteria-mondiale-sfiorato\/#primaryimage"},"thumbnailUrl":"https:\/\/www.ccaniene.com\/wp-content\/uploads\/2021\/05\/B4FB630A-18F9-4AF3-A3E1-6B6349347B40.jpeg","datePublished":"2021-05-22T10:47:39+00:00","dateModified":"2021-05-22T19:09:18+00:00","author":{"@id":"https:\/\/www.ccaniene.com\/it_it\/#\/schema\/person\/6042bd0ba360674279dffd4247d570ed"},"breadcrumb":{"@id":"https:\/\/www.ccaniene.com\/it_it\/europei-benedetta-pilato-sigla-il-record-italiano-dei-50-rana-in-batteria-mondiale-sfiorato\/#breadcrumb"},"inLanguage":"en-GB","potentialAction":[{"@type":"ReadAction","target":["https:\/\/www.ccaniene.com\/it_it\/europei-benedetta-pilato-sigla-il-record-italiano-dei-50-rana-in-batteria-mondiale-sfiorato\/"]}]},{"@type":"ImageObject","inLanguage":"en-GB","@id":"https:\/\/www.ccaniene.com\/it_it\/europei-benedetta-pilato-sigla-il-record-italiano-dei-50-rana-in-batteria-mondiale-sfiorato\/#primaryimage","url":"https:\/\/www.ccaniene.com\/wp-content\/uploads\/2021\/05\/B4FB630A-18F9-4AF3-A3E1-6B6349347B40.jpeg","contentUrl":"https:\/\/www.ccaniene.com\/wp-content\/uploads\/2021\/05\/B4FB630A-18F9-4AF3-A3E1-6B6349347B40.jpeg","width":889,"height":500},{"@type":"BreadcrumbList","@id":"https:\/\/www.ccaniene.com\/it_it\/europei-benedetta-pilato-sigla-il-record-italiano-dei-50-rana-in-batteria-mondiale-sfiorato\/#breadcrumb","itemListElement":[{"@type":"ListItem","position":1,"name":"Home","item":"https:\/\/www.ccaniene.com\/it_it\/"},{"@type":"ListItem","position":2,"name":"Europei, Benedetta Pilato sigla il record mondiale dei 50 rana in semifinale. Martinenghi e la 4x100sl mixed di bronzo"}]},{"@type":"WebSite","@id":"https:\/\/www.ccaniene.com\/it_it\/#website","url":"https:\/\/www.ccaniene.com\/it_it\/","name":"Circolo Canottieri Aniene","description":"Collare d&#039;Oro e Stella d&#039;Oro al Merito Sportivo","potentialAction":[{"@type":"SearchAction","target":{"@type":"EntryPoint","urlTemplate":"https:\/\/www.ccaniene.com\/it_it\/?s={search_term_string}"},"query-input":{"@type":"PropertyValueSpecification","valueRequired":true,"valueName":"search_term_string"}}],"inLanguage":"en-GB"},{"@type":"Person","@id":"https:\/\/www.ccaniene.com\/it_it\/#\/schema\/person\/6042bd0ba360674279dffd4247d570ed","name":"carlo.san@tin.it","image":{"@type":"ImageObject","inLanguage":"en-GB","@id":"https:\/\/www.ccaniene.com\/it_it\/#\/schema\/person\/image\/","url":"https:\/\/secure.gravatar.com\/avatar\/f993a459d0ffe4d666e4c917fef20ca9?s=96&d=mm&r=g","contentUrl":"https:\/\/secure.gravatar.com\/avatar\/f993a459d0ffe4d666e4c917fef20ca9?s=96&d=mm&r=g","caption":"carlo.san@tin.it"},"url":"https:\/\/www.ccaniene.com\/en\/author\/carlo-santi-2\/"}]}},"_links":{"self":[{"href":"https:\/\/www.ccaniene.com\/en\/wp-json\/wp\/v2\/posts\/20772"}],"collection":[{"href":"https:\/\/www.ccaniene.com\/en\/wp-json\/wp\/v2\/posts"}],"about":[{"href":"https:\/\/www.ccaniene.com\/en\/wp-json\/wp\/v2\/types\/post"}],"author":[{"embeddable":true,"href":"https:\/\/www.ccaniene.com\/en\/wp-json\/wp\/v2\/users\/23521"}],"replies":[{"embeddable":true,"href":"https:\/\/www.ccaniene.com\/en\/wp-json\/wp\/v2\/comments?post=20772"}],"version-history":[{"count":8,"href":"https:\/\/www.ccaniene.com\/en\/wp-json\/wp\/v2\/posts\/20772\/revisions"}],"predecessor-version":[{"id":20810,"href":"https:\/\/www.ccaniene.com\/en\/wp-json\/wp\/v2\/posts\/20772\/revisions\/20810"}],"wp:featuredmedia":[{"embeddable":true,"href":"https:\/\/www.ccaniene.com\/en\/wp-json\/wp\/v2\/media\/20801"}],"wp:attachment":[{"href":"https:\/\/www.ccaniene.com\/en\/wp-json\/wp\/v2\/media?parent=20772"}],"wp:term":[{"taxonomy":"category","embeddable":true,"href":"https:\/\/www.ccaniene.com\/en\/wp-json\/wp\/v2\/categories?post=20772"},{"taxonomy":"post_tag","embeddable":true,"href":"https:\/\/www.ccaniene.com\/en\/wp-json\/wp\/v2\/tags?post=20772"}],"curies":[{"name":"wp","href":"https:\/\/api.w.org\/{rel}","templated":true}]}}