{"id":20431,"date":"2021-05-08T23:02:47","date_gmt":"2021-05-08T21:02:47","guid":{"rendered":"https:\/\/www.ccaniene.com\/?p=20431"},"modified":"2021-05-08T23:25:32","modified_gmt":"2021-05-08T21:25:32","slug":"immenso-berrettini-a-madrid-batte-ruud-e-centra-la-finale-contro-zverev","status":"publish","type":"post","link":"https:\/\/www.ccaniene.com\/en\/immenso-berrettini-a-madrid-batte-ruud-e-centra-la-finale-contro-zverev\/","title":{"rendered":"Immenso Berrettini: a Madrid batte Ruud e centra la finale contro Zverev"},"content":{"rendered":"<p>Il capolavoro di Matteo. Berrettini \u00e8 in finale a Madri. Il tennista del CC Aniene ha battuto il norvegese Casper Ruud che lo aveva superato due volte su due sulla terra rossa, ha dominato il match e ha vinto in due set, 6-4 6-4, guadagnandosi la prima finale in un Masters 1000. Domani, domenica 9 maggio, trova un Sascha Zverev in grande fiducia che ha eliminato prima Nadal e poi Thiem per la partita valida per il titolo.<\/p>\n\n\n\n<p>Ruud, che ha servito per primo, ha tenuto il servizio con quattro punti consecutivi. Nel primo game al servizio di Berrettini si \u00e8 andati ai vantaggi, Ruud ha concesso pochissimo e ha punito ogni errore sia pur piccolo del romano che quando non ha trovato profondit\u00e0 \u00e8 stato punito.<\/p>\n\n\n\n<p>Berrettini ha sofferto ma ha reagito alla grande. Nel quarto game Matteo \u00e8 salito di condizione, perfetto al servizio, non ha lasciato campo al norvegese e ha mostrato i denti chiudendo il game a zero. \u00c8 andato a servire sul 5-4, non ha tremato e ha chiuso 6-4 con game a zero in 40 minuti.<\/p>\n\n\n\n<p>Il secondo set si \u00e8 aperto con Ruud sotto 0-30 ma capace di rimontare e tenere la battuta. Da parte sua, Berrettini ha continuato a picchiare con servizio e dritto, chiudendo il secondo game in 1 minuto e 27 secondi. Ruud per\u00f2 non si \u00e8 spaventato. Nel quinto game il numero 1 italiano da 40-0 ha rimontato 40-30 ma non ha completato l\u2019arrembaggio.<\/p>\n\n\n\n<p>Sul 3-3, Berrettini con due palle break \u00e8 salito 4-3 con il servizio. Da l\u00ec, Ruud non si \u00e8 pi\u00f9 ripreso. Ha salvato un match point sul 5-3, ma Berrettini aveva voglia di chiudere: 6-4 6-4. Domani giocher\u00e0 per essere il secondo italiano dopo Fognini a conquistare un Masters 1000.<\/p>\n\n\n\n<p>Un grande risultato per Matteo ma anche per il suo coach Vincenzo Santopadre.<\/p>\n\n\n\n<p>La finale si giocher\u00e0 domani 9 maggio alke 18.30.<\/p>\n\n\n\n<figure class=\"wp-block-image size-large\"><img fetchpriority=\"high\" decoding=\"async\" width=\"960\" height=\"630\" src=\"http:\/\/www.ccaniene.com\/wp-content\/uploads\/2021\/05\/74E1EB44-2B57-48B6-B695-D1404E6612E1.jpeg\" alt=\"\" class=\"wp-image-20437\" srcset=\"https:\/\/www.ccaniene.com\/wp-content\/uploads\/2021\/05\/74E1EB44-2B57-48B6-B695-D1404E6612E1.jpeg 960w, https:\/\/www.ccaniene.com\/wp-content\/uploads\/2021\/05\/74E1EB44-2B57-48B6-B695-D1404E6612E1-800x525.jpeg 800w, https:\/\/www.ccaniene.com\/wp-content\/uploads\/2021\/05\/74E1EB44-2B57-48B6-B695-D1404E6612E1-768x504.jpeg 768w\" sizes=\"(max-width: 960px) 100vw, 960px\" \/><\/figure>\n\n\n\n<figure class=\"wp-block-image size-large\"><img decoding=\"async\" width=\"960\" height=\"720\" src=\"http:\/\/www.ccaniene.com\/wp-content\/uploads\/2021\/05\/050504C0-D7AF-44F6-AE1D-70BAE5924F44.jpeg\" alt=\"\" class=\"wp-image-20441\" srcset=\"https:\/\/www.ccaniene.com\/wp-content\/uploads\/2021\/05\/050504C0-D7AF-44F6-AE1D-70BAE5924F44.jpeg 960w, https:\/\/www.ccaniene.com\/wp-content\/uploads\/2021\/05\/050504C0-D7AF-44F6-AE1D-70BAE5924F44-800x600.jpeg 800w, https:\/\/www.ccaniene.com\/wp-content\/uploads\/2021\/05\/050504C0-D7AF-44F6-AE1D-70BAE5924F44-768x576.jpeg 768w\" sizes=\"(max-width: 960px) 100vw, 960px\" \/><\/figure>","protected":false},"excerpt":{"rendered":"<p>Il capolavoro di Matteo. Berrettini \u00e8 in finale a Madri. Il tennista del CC Aniene ha battuto il norvegese Casper Ruud che lo aveva superato due volte su due sulla terra rossa, ha dominato il match e ha vinto in due set, 6-4 6-4, guadagnandosi la prima finale in un Masters 1000. Domani, domenica 9 [&hellip;]<\/p>","protected":false},"author":23521,"featured_media":20434,"comment_status":"closed","ping_status":"closed","sticky":false,"template":"","format":"standard","meta":{"pmpro_default_level":0,"footnotes":"","_links_to":"","_links_to_target":""},"categories":[1,10],"tags":[],"class_list":["post-20431","post","type-post","status-publish","format-standard","has-post-thumbnail","hentry","category-news","category-tennis","pmpro-has-access"],"featured_image_urls":{"thumbnail":"https:\/\/www.ccaniene.com\/wp-content\/uploads\/2021\/05\/berr-400x400.jpg"},"appp_media":null,"yoast_head":"<!-- This site is optimized with the Yoast SEO plugin v23.6 - https:\/\/yoast.com\/wordpress\/plugins\/seo\/ -->\n<title>Immenso Berrettini: a Madrid batte Ruud e centra la finale contro Zverev - Circolo Canottieri Aniene<\/title>\n<meta name=\"robots\" content=\"index, follow, max-snippet:-1, max-image-preview:large, max-video-preview:-1\" \/>\n<link rel=\"canonical\" href=\"https:\/\/www.ccaniene.com\/en\/immenso-berrettini-a-madrid-batte-ruud-e-centra-la-finale-contro-zverev\/\" \/>\n<meta property=\"og:locale\" content=\"en_GB\" \/>\n<meta property=\"og:type\" content=\"article\" \/>\n<meta property=\"og:title\" content=\"Immenso Berrettini: a Madrid batte Ruud e centra la finale contro Zverev - Circolo Canottieri Aniene\" \/>\n<meta property=\"og:description\" content=\"Il capolavoro di Matteo. Berrettini \u00e8 in finale a Madri. Il tennista del CC Aniene ha battuto il norvegese Casper Ruud che lo aveva superato due volte su due sulla terra rossa, ha dominato il match e ha vinto in due set, 6-4 6-4, guadagnandosi la prima finale in un Masters 1000. Domani, domenica 9 [&hellip;]\" \/>\n<meta property=\"og:url\" content=\"https:\/\/www.ccaniene.com\/en\/immenso-berrettini-a-madrid-batte-ruud-e-centra-la-finale-contro-zverev\/\" \/>\n<meta property=\"og:site_name\" content=\"Circolo Canottieri Aniene\" \/>\n<meta property=\"article:published_time\" content=\"2021-05-08T21:02:47+00:00\" \/>\n<meta property=\"article:modified_time\" content=\"2021-05-08T21:25:32+00:00\" \/>\n<meta property=\"og:image\" content=\"https:\/\/www.ccaniene.com\/wp-content\/uploads\/2021\/05\/berr.jpg\" \/>\n\t<meta property=\"og:image:width\" content=\"712\" \/>\n\t<meta property=\"og:image:height\" content=\"403\" \/>\n\t<meta property=\"og:image:type\" content=\"image\/jpeg\" \/>\n<meta name=\"author\" content=\"carlo.san@tin.it\" \/>\n<meta name=\"twitter:card\" content=\"summary_large_image\" \/>\n<meta name=\"twitter:label1\" content=\"Written by\" \/>\n\t<meta name=\"twitter:data1\" content=\"carlo.san@tin.it\" \/>\n\t<meta name=\"twitter:label2\" content=\"Estimated reading time\" \/>\n\t<meta name=\"twitter:data2\" content=\"2 minutes\" \/>\n<script type=\"application\/ld+json\" class=\"yoast-schema-graph\">{\"@context\":\"https:\/\/schema.org\",\"@graph\":[{\"@type\":\"WebPage\",\"@id\":\"https:\/\/www.ccaniene.com\/it_it\/immenso-berrettini-a-madrid-batte-ruud-e-centra-la-finale-contro-zverev\/\",\"url\":\"https:\/\/www.ccaniene.com\/it_it\/immenso-berrettini-a-madrid-batte-ruud-e-centra-la-finale-contro-zverev\/\",\"name\":\"Immenso Berrettini: a Madrid batte Ruud e centra la finale contro Zverev - Circolo Canottieri Aniene\",\"isPartOf\":{\"@id\":\"https:\/\/www.ccaniene.com\/it_it\/#website\"},\"primaryImageOfPage\":{\"@id\":\"https:\/\/www.ccaniene.com\/it_it\/immenso-berrettini-a-madrid-batte-ruud-e-centra-la-finale-contro-zverev\/#primaryimage\"},\"image\":{\"@id\":\"https:\/\/www.ccaniene.com\/it_it\/immenso-berrettini-a-madrid-batte-ruud-e-centra-la-finale-contro-zverev\/#primaryimage\"},\"thumbnailUrl\":\"https:\/\/www.ccaniene.com\/wp-content\/uploads\/2021\/05\/berr.jpg\",\"datePublished\":\"2021-05-08T21:02:47+00:00\",\"dateModified\":\"2021-05-08T21:25:32+00:00\",\"author\":{\"@id\":\"https:\/\/www.ccaniene.com\/it_it\/#\/schema\/person\/6042bd0ba360674279dffd4247d570ed\"},\"breadcrumb\":{\"@id\":\"https:\/\/www.ccaniene.com\/it_it\/immenso-berrettini-a-madrid-batte-ruud-e-centra-la-finale-contro-zverev\/#breadcrumb\"},\"inLanguage\":\"en-GB\",\"potentialAction\":[{\"@type\":\"ReadAction\",\"target\":[\"https:\/\/www.ccaniene.com\/it_it\/immenso-berrettini-a-madrid-batte-ruud-e-centra-la-finale-contro-zverev\/\"]}]},{\"@type\":\"ImageObject\",\"inLanguage\":\"en-GB\",\"@id\":\"https:\/\/www.ccaniene.com\/it_it\/immenso-berrettini-a-madrid-batte-ruud-e-centra-la-finale-contro-zverev\/#primaryimage\",\"url\":\"https:\/\/www.ccaniene.com\/wp-content\/uploads\/2021\/05\/berr.jpg\",\"contentUrl\":\"https:\/\/www.ccaniene.com\/wp-content\/uploads\/2021\/05\/berr.jpg\",\"width\":712,\"height\":403},{\"@type\":\"BreadcrumbList\",\"@id\":\"https:\/\/www.ccaniene.com\/it_it\/immenso-berrettini-a-madrid-batte-ruud-e-centra-la-finale-contro-zverev\/#breadcrumb\",\"itemListElement\":[{\"@type\":\"ListItem\",\"position\":1,\"name\":\"Home\",\"item\":\"https:\/\/www.ccaniene.com\/it_it\/\"},{\"@type\":\"ListItem\",\"position\":2,\"name\":\"Immenso Berrettini: a Madrid batte Ruud e centra la finale contro Zverev\"}]},{\"@type\":\"WebSite\",\"@id\":\"https:\/\/www.ccaniene.com\/it_it\/#website\",\"url\":\"https:\/\/www.ccaniene.com\/it_it\/\",\"name\":\"Circolo Canottieri Aniene\",\"description\":\"Collare d&#039;Oro e Stella d&#039;Oro al Merito Sportivo\",\"potentialAction\":[{\"@type\":\"SearchAction\",\"target\":{\"@type\":\"EntryPoint\",\"urlTemplate\":\"https:\/\/www.ccaniene.com\/it_it\/?s={search_term_string}\"},\"query-input\":{\"@type\":\"PropertyValueSpecification\",\"valueRequired\":true,\"valueName\":\"search_term_string\"}}],\"inLanguage\":\"en-GB\"},{\"@type\":\"Person\",\"@id\":\"https:\/\/www.ccaniene.com\/it_it\/#\/schema\/person\/6042bd0ba360674279dffd4247d570ed\",\"name\":\"carlo.san@tin.it\",\"image\":{\"@type\":\"ImageObject\",\"inLanguage\":\"en-GB\",\"@id\":\"https:\/\/www.ccaniene.com\/it_it\/#\/schema\/person\/image\/\",\"url\":\"https:\/\/secure.gravatar.com\/avatar\/f993a459d0ffe4d666e4c917fef20ca9?s=96&d=mm&r=g\",\"contentUrl\":\"https:\/\/secure.gravatar.com\/avatar\/f993a459d0ffe4d666e4c917fef20ca9?s=96&d=mm&r=g\",\"caption\":\"carlo.san@tin.it\"},\"url\":\"https:\/\/www.ccaniene.com\/en\/author\/carlo-santi-2\/\"}]}<\/script>\n<!-- \/ Yoast SEO plugin. -->","yoast_head_json":{"title":"Immenso Berrettini: a Madrid batte Ruud e centra la finale contro Zverev - Circolo Canottieri Aniene","robots":{"index":"index","follow":"follow","max-snippet":"max-snippet:-1","max-image-preview":"max-image-preview:large","max-video-preview":"max-video-preview:-1"},"canonical":"https:\/\/www.ccaniene.com\/en\/immenso-berrettini-a-madrid-batte-ruud-e-centra-la-finale-contro-zverev\/","og_locale":"en_GB","og_type":"article","og_title":"Immenso Berrettini: a Madrid batte Ruud e centra la finale contro Zverev - Circolo Canottieri Aniene","og_description":"Il capolavoro di Matteo. Berrettini \u00e8 in finale a Madri. Il tennista del CC Aniene ha battuto il norvegese Casper Ruud che lo aveva superato due volte su due sulla terra rossa, ha dominato il match e ha vinto in due set, 6-4 6-4, guadagnandosi la prima finale in un Masters 1000. Domani, domenica 9 [&hellip;]","og_url":"https:\/\/www.ccaniene.com\/en\/immenso-berrettini-a-madrid-batte-ruud-e-centra-la-finale-contro-zverev\/","og_site_name":"Circolo Canottieri Aniene","article_published_time":"2021-05-08T21:02:47+00:00","article_modified_time":"2021-05-08T21:25:32+00:00","og_image":[{"width":712,"height":403,"url":"https:\/\/www.ccaniene.com\/wp-content\/uploads\/2021\/05\/berr.jpg","type":"image\/jpeg"}],"author":"carlo.san@tin.it","twitter_card":"summary_large_image","twitter_misc":{"Written by":"carlo.san@tin.it","Estimated reading time":"2 minutes"},"schema":{"@context":"https:\/\/schema.org","@graph":[{"@type":"WebPage","@id":"https:\/\/www.ccaniene.com\/it_it\/immenso-berrettini-a-madrid-batte-ruud-e-centra-la-finale-contro-zverev\/","url":"https:\/\/www.ccaniene.com\/it_it\/immenso-berrettini-a-madrid-batte-ruud-e-centra-la-finale-contro-zverev\/","name":"Immenso Berrettini: a Madrid batte Ruud e centra la finale contro Zverev - Circolo Canottieri Aniene","isPartOf":{"@id":"https:\/\/www.ccaniene.com\/it_it\/#website"},"primaryImageOfPage":{"@id":"https:\/\/www.ccaniene.com\/it_it\/immenso-berrettini-a-madrid-batte-ruud-e-centra-la-finale-contro-zverev\/#primaryimage"},"image":{"@id":"https:\/\/www.ccaniene.com\/it_it\/immenso-berrettini-a-madrid-batte-ruud-e-centra-la-finale-contro-zverev\/#primaryimage"},"thumbnailUrl":"https:\/\/www.ccaniene.com\/wp-content\/uploads\/2021\/05\/berr.jpg","datePublished":"2021-05-08T21:02:47+00:00","dateModified":"2021-05-08T21:25:32+00:00","author":{"@id":"https:\/\/www.ccaniene.com\/it_it\/#\/schema\/person\/6042bd0ba360674279dffd4247d570ed"},"breadcrumb":{"@id":"https:\/\/www.ccaniene.com\/it_it\/immenso-berrettini-a-madrid-batte-ruud-e-centra-la-finale-contro-zverev\/#breadcrumb"},"inLanguage":"en-GB","potentialAction":[{"@type":"ReadAction","target":["https:\/\/www.ccaniene.com\/it_it\/immenso-berrettini-a-madrid-batte-ruud-e-centra-la-finale-contro-zverev\/"]}]},{"@type":"ImageObject","inLanguage":"en-GB","@id":"https:\/\/www.ccaniene.com\/it_it\/immenso-berrettini-a-madrid-batte-ruud-e-centra-la-finale-contro-zverev\/#primaryimage","url":"https:\/\/www.ccaniene.com\/wp-content\/uploads\/2021\/05\/berr.jpg","contentUrl":"https:\/\/www.ccaniene.com\/wp-content\/uploads\/2021\/05\/berr.jpg","width":712,"height":403},{"@type":"BreadcrumbList","@id":"https:\/\/www.ccaniene.com\/it_it\/immenso-berrettini-a-madrid-batte-ruud-e-centra-la-finale-contro-zverev\/#breadcrumb","itemListElement":[{"@type":"ListItem","position":1,"name":"Home","item":"https:\/\/www.ccaniene.com\/it_it\/"},{"@type":"ListItem","position":2,"name":"Immenso Berrettini: a Madrid batte Ruud e centra la finale contro Zverev"}]},{"@type":"WebSite","@id":"https:\/\/www.ccaniene.com\/it_it\/#website","url":"https:\/\/www.ccaniene.com\/it_it\/","name":"Circolo Canottieri Aniene","description":"Collare d&#039;Oro e Stella d&#039;Oro al Merito Sportivo","potentialAction":[{"@type":"SearchAction","target":{"@type":"EntryPoint","urlTemplate":"https:\/\/www.ccaniene.com\/it_it\/?s={search_term_string}"},"query-input":{"@type":"PropertyValueSpecification","valueRequired":true,"valueName":"search_term_string"}}],"inLanguage":"en-GB"},{"@type":"Person","@id":"https:\/\/www.ccaniene.com\/it_it\/#\/schema\/person\/6042bd0ba360674279dffd4247d570ed","name":"carlo.san@tin.it","image":{"@type":"ImageObject","inLanguage":"en-GB","@id":"https:\/\/www.ccaniene.com\/it_it\/#\/schema\/person\/image\/","url":"https:\/\/secure.gravatar.com\/avatar\/f993a459d0ffe4d666e4c917fef20ca9?s=96&d=mm&r=g","contentUrl":"https:\/\/secure.gravatar.com\/avatar\/f993a459d0ffe4d666e4c917fef20ca9?s=96&d=mm&r=g","caption":"carlo.san@tin.it"},"url":"https:\/\/www.ccaniene.com\/en\/author\/carlo-santi-2\/"}]}},"_links":{"self":[{"href":"https:\/\/www.ccaniene.com\/en\/wp-json\/wp\/v2\/posts\/20431"}],"collection":[{"href":"https:\/\/www.ccaniene.com\/en\/wp-json\/wp\/v2\/posts"}],"about":[{"href":"https:\/\/www.ccaniene.com\/en\/wp-json\/wp\/v2\/types\/post"}],"author":[{"embeddable":true,"href":"https:\/\/www.ccaniene.com\/en\/wp-json\/wp\/v2\/users\/23521"}],"replies":[{"embeddable":true,"href":"https:\/\/www.ccaniene.com\/en\/wp-json\/wp\/v2\/comments?post=20431"}],"version-history":[{"count":5,"href":"https:\/\/www.ccaniene.com\/en\/wp-json\/wp\/v2\/posts\/20431\/revisions"}],"predecessor-version":[{"id":20446,"href":"https:\/\/www.ccaniene.com\/en\/wp-json\/wp\/v2\/posts\/20431\/revisions\/20446"}],"wp:featuredmedia":[{"embeddable":true,"href":"https:\/\/www.ccaniene.com\/en\/wp-json\/wp\/v2\/media\/20434"}],"wp:attachment":[{"href":"https:\/\/www.ccaniene.com\/en\/wp-json\/wp\/v2\/media?parent=20431"}],"wp:term":[{"taxonomy":"category","embeddable":true,"href":"https:\/\/www.ccaniene.com\/en\/wp-json\/wp\/v2\/categories?post=20431"},{"taxonomy":"post_tag","embeddable":true,"href":"https:\/\/www.ccaniene.com\/en\/wp-json\/wp\/v2\/tags?post=20431"}],"curies":[{"name":"wp","href":"https:\/\/api.w.org\/{rel}","templated":true}]}}