{"id":20419,"date":"2021-05-07T22:58:38","date_gmt":"2021-05-07T20:58:38","guid":{"rendered":"https:\/\/www.ccaniene.com\/?p=20419"},"modified":"2021-05-07T23:17:24","modified_gmt":"2021-05-07T21:17:24","slug":"berrettini-a-madrid-vola-in-semifinale-garin-battuto-in-rimonta","status":"publish","type":"post","link":"https:\/\/www.ccaniene.com\/en\/berrettini-a-madrid-vola-in-semifinale-garin-battuto-in-rimonta\/","title":{"rendered":"Berrettini a Madrid vola in semifinale: Garin battuto in rimonta"},"content":{"rendered":"<p>Matteo Berrettini \u00e8 in semifinale. A Madrid il tennista del CC Aniene ha battuto il cileno Cristian Garin (numero 25 al mondo) 5-7 6-3 6-0 nei quarti di finale con una super prestazione in rimonta.<\/p>\n\n\n\n<p>Matteo grazie a questo risultato sale al nono posto in classifica ATP. In semifinale se la vedr\u00e0 con il norvegese Casper Ruud, attuale numero 22 al mondo.<\/p>\n\n\n\n<p>Per Berrettini questa \u00e8 la seconda semifinale di un Master 1000 dopo quella di Shanghai.<\/p>\n\n\n\n<p>Partita in rimonta, da gladiatore per Matteo. Garin si \u00e8 preso subito un break nel primo game. La reazione di Berrettini \u00e8 stata immediata. Matteo ha servito bene, cinque ace in due turni di servizio, il cileno si \u00e8 fermato per chiedere il collirio mentre il nostro numero 1 italiano ha continuato a bombardare al servizio con Garin che ha sofferto i cambi di ritmo di Matteo e in risposta ha fatto fatica. Sul 5-5 Berrettini al servizio ha aperto con un doppio fallo che fa venire i brividi, ma Garin ha sbagliato. Berrettini per\u00f2 non \u00e8 stato preciso e non si \u00e8 lasciato sfuggire l\u2019occasione e si \u00e8 preso il primo set 7-5.<\/p>\n\n\n\n<p>Nel secondo set Berrettini si \u00e8 trovato subito sotto di un 15 e sembrava un po\u2019 sottotono ma \u00e8 riuscito a tenere il servizio. Nel sesto gioco Matteo ha avuto tre chance per il 3-3, ne ha sprecate due ma ha chiuso con un vincente di dritto sulla riga. Berrettini \u00e8 andato a servire sul 5-3 e poi si \u00e8 portato a casa il secondo set 6-3.<\/p>\n\n\n\n<p>Nel secondo set Berrettini si \u00e8 trovato subito sotto di un 15 e sembrava un po\u2019 sottotono ma \u00e8 riuscito a tenere il servizio. Nel sesto gioco Matteo ha avuto tre chance per il 3-3, ne ha sprecate due ma ha chiuso con un vincente di dritto sulla riga. Berrettini \u00e8 andato a servire sul 5-3 e poi si \u00e8 portato a casa il secondo set 6-3.<\/p>\n\n\n\n<p>Senza storia il terzo set. Berrettini \u00e8 partito con grande fiducia e con tre punti consecutivi ha avuto subito l\u2019occasione di andare in fuga. Allungo vincente di Matteo, 2-0 poi 3-0 con un doppio break e infine 4-0. Crollo di Garin che ha perso il servizio di nuovo. Berrettini \u00e8 andato a servire per il match sul 5-0 e ha chiuso rapidamente la pratica.<\/p>","protected":false},"excerpt":{"rendered":"<p>Matteo Berrettini \u00e8 in semifinale. A Madrid il tennista del CC Aniene ha battuto il cileno Cristian Garin (numero 25 al mondo) 5-7 6-3 6-0 nei quarti di finale con una super prestazione in rimonta. Matteo grazie a questo risultato sale al nono posto in classifica ATP. In semifinale se la vedr\u00e0 con il norvegese [&hellip;]<\/p>","protected":false},"author":23521,"featured_media":20420,"comment_status":"closed","ping_status":"closed","sticky":false,"template":"","format":"standard","meta":{"pmpro_default_level":0,"footnotes":"","_links_to":"","_links_to_target":""},"categories":[1,10],"tags":[],"class_list":["post-20419","post","type-post","status-publish","format-standard","has-post-thumbnail","hentry","category-news","category-tennis","pmpro-has-access"],"featured_image_urls":{"thumbnail":"https:\/\/www.ccaniene.com\/wp-content\/uploads\/2021\/05\/matteo1-400x400.jpg"},"appp_media":null,"yoast_head":"<!-- This site is optimized with the Yoast SEO plugin v23.6 - https:\/\/yoast.com\/wordpress\/plugins\/seo\/ -->\n<title>Berrettini a Madrid vola in semifinale: Garin battuto in rimonta - Circolo Canottieri Aniene<\/title>\n<meta name=\"robots\" content=\"index, follow, max-snippet:-1, max-image-preview:large, max-video-preview:-1\" \/>\n<link rel=\"canonical\" href=\"http:\/\/www.ccaniene.com\/en\/berrettini-a-madrid-vola-in-semifinale-garin-battuto-in-rimonta\/\" \/>\n<meta property=\"og:locale\" content=\"en_GB\" \/>\n<meta property=\"og:type\" content=\"article\" \/>\n<meta property=\"og:title\" content=\"Berrettini a Madrid vola in semifinale: Garin battuto in rimonta - Circolo Canottieri Aniene\" \/>\n<meta property=\"og:description\" content=\"Matteo Berrettini \u00e8 in semifinale. A Madrid il tennista del CC Aniene ha battuto il cileno Cristian Garin (numero 25 al mondo) 5-7 6-3 6-0 nei quarti di finale con una super prestazione in rimonta. Matteo grazie a questo risultato sale al nono posto in classifica ATP. In semifinale se la vedr\u00e0 con il norvegese [&hellip;]\" \/>\n<meta property=\"og:url\" content=\"http:\/\/www.ccaniene.com\/en\/berrettini-a-madrid-vola-in-semifinale-garin-battuto-in-rimonta\/\" \/>\n<meta property=\"og:site_name\" content=\"Circolo Canottieri Aniene\" \/>\n<meta property=\"article:published_time\" content=\"2021-05-07T20:58:38+00:00\" \/>\n<meta property=\"article:modified_time\" content=\"2021-05-07T21:17:24+00:00\" \/>\n<meta property=\"og:image\" content=\"http:\/\/www.ccaniene.com\/wp-content\/uploads\/2021\/05\/matteo1.jpg\" \/>\n\t<meta property=\"og:image:width\" content=\"735\" \/>\n\t<meta property=\"og:image:height\" content=\"416\" \/>\n\t<meta property=\"og:image:type\" content=\"image\/jpeg\" \/>\n<meta name=\"author\" content=\"carlo.san@tin.it\" \/>\n<meta name=\"twitter:card\" content=\"summary_large_image\" \/>\n<meta name=\"twitter:label1\" content=\"Written by\" \/>\n\t<meta name=\"twitter:data1\" content=\"carlo.san@tin.it\" \/>\n\t<meta name=\"twitter:label2\" content=\"Estimated reading time\" \/>\n\t<meta name=\"twitter:data2\" content=\"2 minutes\" \/>\n<script type=\"application\/ld+json\" class=\"yoast-schema-graph\">{\"@context\":\"https:\/\/schema.org\",\"@graph\":[{\"@type\":\"WebPage\",\"@id\":\"http:\/\/www.ccaniene.com\/it_it\/berrettini-a-madrid-vola-in-semifinale-garin-battuto-in-rimonta\/\",\"url\":\"http:\/\/www.ccaniene.com\/it_it\/berrettini-a-madrid-vola-in-semifinale-garin-battuto-in-rimonta\/\",\"name\":\"Berrettini a Madrid vola in semifinale: Garin battuto in rimonta - Circolo Canottieri Aniene\",\"isPartOf\":{\"@id\":\"https:\/\/www.ccaniene.com\/it_it\/#website\"},\"primaryImageOfPage\":{\"@id\":\"http:\/\/www.ccaniene.com\/it_it\/berrettini-a-madrid-vola-in-semifinale-garin-battuto-in-rimonta\/#primaryimage\"},\"image\":{\"@id\":\"http:\/\/www.ccaniene.com\/it_it\/berrettini-a-madrid-vola-in-semifinale-garin-battuto-in-rimonta\/#primaryimage\"},\"thumbnailUrl\":\"https:\/\/www.ccaniene.com\/wp-content\/uploads\/2021\/05\/matteo1.jpg\",\"datePublished\":\"2021-05-07T20:58:38+00:00\",\"dateModified\":\"2021-05-07T21:17:24+00:00\",\"author\":{\"@id\":\"https:\/\/www.ccaniene.com\/it_it\/#\/schema\/person\/6042bd0ba360674279dffd4247d570ed\"},\"breadcrumb\":{\"@id\":\"http:\/\/www.ccaniene.com\/it_it\/berrettini-a-madrid-vola-in-semifinale-garin-battuto-in-rimonta\/#breadcrumb\"},\"inLanguage\":\"en-GB\",\"potentialAction\":[{\"@type\":\"ReadAction\",\"target\":[\"http:\/\/www.ccaniene.com\/it_it\/berrettini-a-madrid-vola-in-semifinale-garin-battuto-in-rimonta\/\"]}]},{\"@type\":\"ImageObject\",\"inLanguage\":\"en-GB\",\"@id\":\"http:\/\/www.ccaniene.com\/it_it\/berrettini-a-madrid-vola-in-semifinale-garin-battuto-in-rimonta\/#primaryimage\",\"url\":\"https:\/\/www.ccaniene.com\/wp-content\/uploads\/2021\/05\/matteo1.jpg\",\"contentUrl\":\"https:\/\/www.ccaniene.com\/wp-content\/uploads\/2021\/05\/matteo1.jpg\",\"width\":735,\"height\":416},{\"@type\":\"BreadcrumbList\",\"@id\":\"http:\/\/www.ccaniene.com\/it_it\/berrettini-a-madrid-vola-in-semifinale-garin-battuto-in-rimonta\/#breadcrumb\",\"itemListElement\":[{\"@type\":\"ListItem\",\"position\":1,\"name\":\"Home\",\"item\":\"https:\/\/www.ccaniene.com\/it_it\/\"},{\"@type\":\"ListItem\",\"position\":2,\"name\":\"Berrettini a Madrid vola in semifinale: Garin battuto in rimonta\"}]},{\"@type\":\"WebSite\",\"@id\":\"https:\/\/www.ccaniene.com\/it_it\/#website\",\"url\":\"https:\/\/www.ccaniene.com\/it_it\/\",\"name\":\"Circolo Canottieri Aniene\",\"description\":\"Collare d&#039;Oro e Stella d&#039;Oro al Merito Sportivo\",\"potentialAction\":[{\"@type\":\"SearchAction\",\"target\":{\"@type\":\"EntryPoint\",\"urlTemplate\":\"https:\/\/www.ccaniene.com\/it_it\/?s={search_term_string}\"},\"query-input\":{\"@type\":\"PropertyValueSpecification\",\"valueRequired\":true,\"valueName\":\"search_term_string\"}}],\"inLanguage\":\"en-GB\"},{\"@type\":\"Person\",\"@id\":\"https:\/\/www.ccaniene.com\/it_it\/#\/schema\/person\/6042bd0ba360674279dffd4247d570ed\",\"name\":\"carlo.san@tin.it\",\"image\":{\"@type\":\"ImageObject\",\"inLanguage\":\"en-GB\",\"@id\":\"https:\/\/www.ccaniene.com\/it_it\/#\/schema\/person\/image\/\",\"url\":\"https:\/\/secure.gravatar.com\/avatar\/f993a459d0ffe4d666e4c917fef20ca9?s=96&d=mm&r=g\",\"contentUrl\":\"https:\/\/secure.gravatar.com\/avatar\/f993a459d0ffe4d666e4c917fef20ca9?s=96&d=mm&r=g\",\"caption\":\"carlo.san@tin.it\"},\"url\":\"https:\/\/www.ccaniene.com\/en\/author\/carlo-santi-2\/\"}]}<\/script>\n<!-- \/ Yoast SEO plugin. -->","yoast_head_json":{"title":"Berrettini a Madrid vola in semifinale: Garin battuto in rimonta - Circolo Canottieri Aniene","robots":{"index":"index","follow":"follow","max-snippet":"max-snippet:-1","max-image-preview":"max-image-preview:large","max-video-preview":"max-video-preview:-1"},"canonical":"http:\/\/www.ccaniene.com\/en\/berrettini-a-madrid-vola-in-semifinale-garin-battuto-in-rimonta\/","og_locale":"en_GB","og_type":"article","og_title":"Berrettini a Madrid vola in semifinale: Garin battuto in rimonta - Circolo Canottieri Aniene","og_description":"Matteo Berrettini \u00e8 in semifinale. A Madrid il tennista del CC Aniene ha battuto il cileno Cristian Garin (numero 25 al mondo) 5-7 6-3 6-0 nei quarti di finale con una super prestazione in rimonta. Matteo grazie a questo risultato sale al nono posto in classifica ATP. In semifinale se la vedr\u00e0 con il norvegese [&hellip;]","og_url":"http:\/\/www.ccaniene.com\/en\/berrettini-a-madrid-vola-in-semifinale-garin-battuto-in-rimonta\/","og_site_name":"Circolo Canottieri Aniene","article_published_time":"2021-05-07T20:58:38+00:00","article_modified_time":"2021-05-07T21:17:24+00:00","og_image":[{"width":735,"height":416,"url":"http:\/\/www.ccaniene.com\/wp-content\/uploads\/2021\/05\/matteo1.jpg","type":"image\/jpeg"}],"author":"carlo.san@tin.it","twitter_card":"summary_large_image","twitter_misc":{"Written by":"carlo.san@tin.it","Estimated reading time":"2 minutes"},"schema":{"@context":"https:\/\/schema.org","@graph":[{"@type":"WebPage","@id":"http:\/\/www.ccaniene.com\/it_it\/berrettini-a-madrid-vola-in-semifinale-garin-battuto-in-rimonta\/","url":"http:\/\/www.ccaniene.com\/it_it\/berrettini-a-madrid-vola-in-semifinale-garin-battuto-in-rimonta\/","name":"Berrettini a Madrid vola in semifinale: Garin battuto in rimonta - Circolo Canottieri Aniene","isPartOf":{"@id":"https:\/\/www.ccaniene.com\/it_it\/#website"},"primaryImageOfPage":{"@id":"http:\/\/www.ccaniene.com\/it_it\/berrettini-a-madrid-vola-in-semifinale-garin-battuto-in-rimonta\/#primaryimage"},"image":{"@id":"http:\/\/www.ccaniene.com\/it_it\/berrettini-a-madrid-vola-in-semifinale-garin-battuto-in-rimonta\/#primaryimage"},"thumbnailUrl":"https:\/\/www.ccaniene.com\/wp-content\/uploads\/2021\/05\/matteo1.jpg","datePublished":"2021-05-07T20:58:38+00:00","dateModified":"2021-05-07T21:17:24+00:00","author":{"@id":"https:\/\/www.ccaniene.com\/it_it\/#\/schema\/person\/6042bd0ba360674279dffd4247d570ed"},"breadcrumb":{"@id":"http:\/\/www.ccaniene.com\/it_it\/berrettini-a-madrid-vola-in-semifinale-garin-battuto-in-rimonta\/#breadcrumb"},"inLanguage":"en-GB","potentialAction":[{"@type":"ReadAction","target":["http:\/\/www.ccaniene.com\/it_it\/berrettini-a-madrid-vola-in-semifinale-garin-battuto-in-rimonta\/"]}]},{"@type":"ImageObject","inLanguage":"en-GB","@id":"http:\/\/www.ccaniene.com\/it_it\/berrettini-a-madrid-vola-in-semifinale-garin-battuto-in-rimonta\/#primaryimage","url":"https:\/\/www.ccaniene.com\/wp-content\/uploads\/2021\/05\/matteo1.jpg","contentUrl":"https:\/\/www.ccaniene.com\/wp-content\/uploads\/2021\/05\/matteo1.jpg","width":735,"height":416},{"@type":"BreadcrumbList","@id":"http:\/\/www.ccaniene.com\/it_it\/berrettini-a-madrid-vola-in-semifinale-garin-battuto-in-rimonta\/#breadcrumb","itemListElement":[{"@type":"ListItem","position":1,"name":"Home","item":"https:\/\/www.ccaniene.com\/it_it\/"},{"@type":"ListItem","position":2,"name":"Berrettini a Madrid vola in semifinale: Garin battuto in rimonta"}]},{"@type":"WebSite","@id":"https:\/\/www.ccaniene.com\/it_it\/#website","url":"https:\/\/www.ccaniene.com\/it_it\/","name":"Circolo Canottieri Aniene","description":"Collare d&#039;Oro e Stella d&#039;Oro al Merito Sportivo","potentialAction":[{"@type":"SearchAction","target":{"@type":"EntryPoint","urlTemplate":"https:\/\/www.ccaniene.com\/it_it\/?s={search_term_string}"},"query-input":{"@type":"PropertyValueSpecification","valueRequired":true,"valueName":"search_term_string"}}],"inLanguage":"en-GB"},{"@type":"Person","@id":"https:\/\/www.ccaniene.com\/it_it\/#\/schema\/person\/6042bd0ba360674279dffd4247d570ed","name":"carlo.san@tin.it","image":{"@type":"ImageObject","inLanguage":"en-GB","@id":"https:\/\/www.ccaniene.com\/it_it\/#\/schema\/person\/image\/","url":"https:\/\/secure.gravatar.com\/avatar\/f993a459d0ffe4d666e4c917fef20ca9?s=96&d=mm&r=g","contentUrl":"https:\/\/secure.gravatar.com\/avatar\/f993a459d0ffe4d666e4c917fef20ca9?s=96&d=mm&r=g","caption":"carlo.san@tin.it"},"url":"https:\/\/www.ccaniene.com\/en\/author\/carlo-santi-2\/"}]}},"_links":{"self":[{"href":"https:\/\/www.ccaniene.com\/en\/wp-json\/wp\/v2\/posts\/20419"}],"collection":[{"href":"https:\/\/www.ccaniene.com\/en\/wp-json\/wp\/v2\/posts"}],"about":[{"href":"https:\/\/www.ccaniene.com\/en\/wp-json\/wp\/v2\/types\/post"}],"author":[{"embeddable":true,"href":"https:\/\/www.ccaniene.com\/en\/wp-json\/wp\/v2\/users\/23521"}],"replies":[{"embeddable":true,"href":"https:\/\/www.ccaniene.com\/en\/wp-json\/wp\/v2\/comments?post=20419"}],"version-history":[{"count":4,"href":"https:\/\/www.ccaniene.com\/en\/wp-json\/wp\/v2\/posts\/20419\/revisions"}],"predecessor-version":[{"id":20426,"href":"https:\/\/www.ccaniene.com\/en\/wp-json\/wp\/v2\/posts\/20419\/revisions\/20426"}],"wp:featuredmedia":[{"embeddable":true,"href":"https:\/\/www.ccaniene.com\/en\/wp-json\/wp\/v2\/media\/20420"}],"wp:attachment":[{"href":"https:\/\/www.ccaniene.com\/en\/wp-json\/wp\/v2\/media?parent=20419"}],"wp:term":[{"taxonomy":"category","embeddable":true,"href":"https:\/\/www.ccaniene.com\/en\/wp-json\/wp\/v2\/categories?post=20419"},{"taxonomy":"post_tag","embeddable":true,"href":"https:\/\/www.ccaniene.com\/en\/wp-json\/wp\/v2\/tags?post=20419"}],"curies":[{"name":"wp","href":"https:\/\/api.w.org\/{rel}","templated":true}]}}