{"id":19832,"date":"2021-02-08T10:09:40","date_gmt":"2021-02-08T09:09:40","guid":{"rendered":"https:\/\/www.ccaniene.com\/?p=19832"},"modified":"2021-02-08T10:09:40","modified_gmt":"2021-02-08T09:09:40","slug":"nuoto-paralimpico-nel-segno-di-gouda","status":"publish","type":"post","link":"https:\/\/www.ccaniene.com\/en\/nuoto-paralimpico-nel-segno-di-gouda\/","title":{"rendered":"Nuoto paralimpico nel segno di Gouda"},"content":{"rendered":"<p>Quello che possiamo definire lo \u201cstrano\u201d anno olimpico dispari, questo 2021, s\u2019\u00e8 iniziato nel migliore dei modi. Il week-end bolognese di qualificazioni regionali del nuoto paralimpico \u00e8 nel segno di Karim Gouda: per lui segnali positivi per la road map to Tokyo con due splendidi record italiani, nei 50 e nei 100 dorso.<\/p>\n<p>Le avvisaglie per le prestazioni del nostro atleta paralimpico erano partite sabato pomeriggio. Gouda nei 50 dorso ha abbassato il record italiano assoluto di 2\u201d4 rispetto a quanto aveva realizzato lui stesso in ottobre. Adesso il primato \u00e8 35\u201d44 e questo crono lo pone in vetta al ranking mondiale dell\u2019anno anche se, inutile negarlo, siamo solo all\u2019inizio.<\/p>\n<p>Per\u00f2, la gara che conta, quella che pu\u00f2 portarlo ai Giochi Paralimpici di Tokyo, si \u00e8 svolta domenica mattina. Parliamo dei 100 dorso, e l\u2019obiettivo \u00e8 stato centrato in pieno, 1\u201918\u201d16, record assoluto, primo tempo mondiale dell\u2019anno (settimo se riferito al ranking 2020), un progresso di quasi 2 secondi rispetto al Sette Colli dello scorso agosto.<\/p>\n<p>Gara nervosa, i 100 dorso, condizionata dalla voglia adolescenziale di centrare il tempo a tutti i costi. Un pericoloso sbandamento agli 80 metri che ha rischiato di vanificare il tutto, ma alla fine \u00e8 arrivato un risultato di quasi un secondo in meno rispetto al minimo richiesto per Tokyo. I posti disponibili per gli uomini della nazionale italiana che \u00e8 la pi\u00f9 forte al mondo sono sedici, ma da oggi la candidatura di Karim \u00e8 ufficiale e si affianca a quella dei pi\u00f9 titolati colleghi maschi in forza all\u2019Aniene &#8211; Ciulli, Menciotti e Bassani &#8211; che vorranno senz\u2019altro non lasciare sola Alessia Scortechini nell\u2019avventura a cinque cerchi nella terra del Sol Levante.<\/p>\n<p>Siccome l\u2019appetito vien mangiando e Karim \u00e8 affamato, solo 10 minuti dopo il 100 dorso, il nostro atletasi \u00e8 migliorato di oltre 3 secondi nei 100 farfalla e con 1\u201920\u201d40 ha stabilito un altro minimo valido per Tokyo. Se consideriamo, a corollario, il risultato di 3\u201900\u201d66 nei 200 misti, molto vicino al minimo B per Tokyo (gara disputata sabato sera), personal best di oltre 9 secondi, abbiamo un quadro del valore di Gouda.<\/p>\n<p>&nbsp;<\/p>","protected":false},"excerpt":{"rendered":"<p>Quello che possiamo definire lo \u201cstrano\u201d anno olimpico dispari, questo 2021, s\u2019\u00e8 iniziato nel migliore dei modi. Il week-end bolognese di qualificazioni regionali del nuoto paralimpico \u00e8 nel segno di Karim Gouda: per lui segnali positivi per la road map to Tokyo con due splendidi record italiani, nei 50 e nei 100 dorso. Le avvisaglie [&hellip;]<\/p>","protected":false},"author":23521,"featured_media":19834,"comment_status":"closed","ping_status":"closed","sticky":false,"template":"","format":"standard","meta":{"pmpro_default_level":0,"footnotes":"","_links_to":"","_links_to_target":""},"categories":[1,46],"tags":[],"class_list":["post-19832","post","type-post","status-publish","format-standard","has-post-thumbnail","hentry","category-news","category-sport-paralimpici","pmpro-has-access"],"featured_image_urls":{"thumbnail":"https:\/\/www.ccaniene.com\/wp-content\/uploads\/2021\/02\/gouda-400x300.jpg"},"appp_media":null,"yoast_head":"<!-- This site is optimized with the Yoast SEO plugin v23.6 - https:\/\/yoast.com\/wordpress\/plugins\/seo\/ -->\n<title>Nuoto paralimpico nel segno di Gouda - Circolo Canottieri Aniene<\/title>\n<meta name=\"robots\" content=\"index, follow, max-snippet:-1, max-image-preview:large, max-video-preview:-1\" \/>\n<link rel=\"canonical\" href=\"https:\/\/www.ccaniene.com\/en\/nuoto-paralimpico-nel-segno-di-gouda\/\" \/>\n<meta property=\"og:locale\" content=\"en_GB\" \/>\n<meta property=\"og:type\" content=\"article\" \/>\n<meta property=\"og:title\" content=\"Nuoto paralimpico nel segno di Gouda - Circolo Canottieri Aniene\" \/>\n<meta property=\"og:description\" content=\"Quello che possiamo definire lo \u201cstrano\u201d anno olimpico dispari, questo 2021, s\u2019\u00e8 iniziato nel migliore dei modi. Il week-end bolognese di qualificazioni regionali del nuoto paralimpico \u00e8 nel segno di Karim Gouda: per lui segnali positivi per la road map to Tokyo con due splendidi record italiani, nei 50 e nei 100 dorso. Le avvisaglie [&hellip;]\" \/>\n<meta property=\"og:url\" content=\"https:\/\/www.ccaniene.com\/en\/nuoto-paralimpico-nel-segno-di-gouda\/\" \/>\n<meta property=\"og:site_name\" content=\"Circolo Canottieri Aniene\" \/>\n<meta property=\"article:published_time\" content=\"2021-02-08T09:09:40+00:00\" \/>\n<meta property=\"og:image\" content=\"https:\/\/www.ccaniene.com\/wp-content\/uploads\/2021\/02\/gouda.jpg\" \/>\n\t<meta property=\"og:image:width\" content=\"512\" \/>\n\t<meta property=\"og:image:height\" content=\"300\" \/>\n\t<meta property=\"og:image:type\" content=\"image\/jpeg\" \/>\n<meta name=\"author\" content=\"carlo.san@tin.it\" \/>\n<meta name=\"twitter:card\" content=\"summary_large_image\" \/>\n<meta name=\"twitter:label1\" content=\"Written by\" \/>\n\t<meta name=\"twitter:data1\" content=\"carlo.san@tin.it\" \/>\n\t<meta name=\"twitter:label2\" content=\"Estimated reading time\" \/>\n\t<meta name=\"twitter:data2\" content=\"2 minutes\" \/>\n<script type=\"application\/ld+json\" class=\"yoast-schema-graph\">{\"@context\":\"https:\/\/schema.org\",\"@graph\":[{\"@type\":\"WebPage\",\"@id\":\"https:\/\/www.ccaniene.com\/en\/nuoto-paralimpico-nel-segno-di-gouda\/\",\"url\":\"https:\/\/www.ccaniene.com\/en\/nuoto-paralimpico-nel-segno-di-gouda\/\",\"name\":\"Nuoto paralimpico nel segno di Gouda - Circolo Canottieri Aniene\",\"isPartOf\":{\"@id\":\"https:\/\/www.ccaniene.com\/it_it\/#website\"},\"primaryImageOfPage\":{\"@id\":\"https:\/\/www.ccaniene.com\/en\/nuoto-paralimpico-nel-segno-di-gouda\/#primaryimage\"},\"image\":{\"@id\":\"https:\/\/www.ccaniene.com\/en\/nuoto-paralimpico-nel-segno-di-gouda\/#primaryimage\"},\"thumbnailUrl\":\"https:\/\/www.ccaniene.com\/wp-content\/uploads\/2021\/02\/gouda.jpg\",\"datePublished\":\"2021-02-08T09:09:40+00:00\",\"dateModified\":\"2021-02-08T09:09:40+00:00\",\"author\":{\"@id\":\"https:\/\/www.ccaniene.com\/it_it\/#\/schema\/person\/6042bd0ba360674279dffd4247d570ed\"},\"breadcrumb\":{\"@id\":\"https:\/\/www.ccaniene.com\/en\/nuoto-paralimpico-nel-segno-di-gouda\/#breadcrumb\"},\"inLanguage\":\"en-GB\",\"potentialAction\":[{\"@type\":\"ReadAction\",\"target\":[\"https:\/\/www.ccaniene.com\/en\/nuoto-paralimpico-nel-segno-di-gouda\/\"]}]},{\"@type\":\"ImageObject\",\"inLanguage\":\"en-GB\",\"@id\":\"https:\/\/www.ccaniene.com\/en\/nuoto-paralimpico-nel-segno-di-gouda\/#primaryimage\",\"url\":\"https:\/\/www.ccaniene.com\/wp-content\/uploads\/2021\/02\/gouda.jpg\",\"contentUrl\":\"https:\/\/www.ccaniene.com\/wp-content\/uploads\/2021\/02\/gouda.jpg\",\"width\":512,\"height\":300},{\"@type\":\"BreadcrumbList\",\"@id\":\"https:\/\/www.ccaniene.com\/en\/nuoto-paralimpico-nel-segno-di-gouda\/#breadcrumb\",\"itemListElement\":[{\"@type\":\"ListItem\",\"position\":1,\"name\":\"Home\",\"item\":\"https:\/\/www.ccaniene.com\/it_it\/\"},{\"@type\":\"ListItem\",\"position\":2,\"name\":\"Nuoto paralimpico nel segno di Gouda\"}]},{\"@type\":\"WebSite\",\"@id\":\"https:\/\/www.ccaniene.com\/it_it\/#website\",\"url\":\"https:\/\/www.ccaniene.com\/it_it\/\",\"name\":\"Circolo Canottieri Aniene\",\"description\":\"Collare d&#039;Oro e Stella d&#039;Oro al Merito Sportivo\",\"potentialAction\":[{\"@type\":\"SearchAction\",\"target\":{\"@type\":\"EntryPoint\",\"urlTemplate\":\"https:\/\/www.ccaniene.com\/it_it\/?s={search_term_string}\"},\"query-input\":{\"@type\":\"PropertyValueSpecification\",\"valueRequired\":true,\"valueName\":\"search_term_string\"}}],\"inLanguage\":\"en-GB\"},{\"@type\":\"Person\",\"@id\":\"https:\/\/www.ccaniene.com\/it_it\/#\/schema\/person\/6042bd0ba360674279dffd4247d570ed\",\"name\":\"carlo.san@tin.it\",\"image\":{\"@type\":\"ImageObject\",\"inLanguage\":\"en-GB\",\"@id\":\"https:\/\/www.ccaniene.com\/it_it\/#\/schema\/person\/image\/\",\"url\":\"https:\/\/secure.gravatar.com\/avatar\/f993a459d0ffe4d666e4c917fef20ca9?s=96&d=mm&r=g\",\"contentUrl\":\"https:\/\/secure.gravatar.com\/avatar\/f993a459d0ffe4d666e4c917fef20ca9?s=96&d=mm&r=g\",\"caption\":\"carlo.san@tin.it\"},\"url\":\"https:\/\/www.ccaniene.com\/en\/author\/carlo-santi-2\/\"}]}<\/script>\n<!-- \/ Yoast SEO plugin. -->","yoast_head_json":{"title":"Nuoto paralimpico nel segno di Gouda - Circolo Canottieri Aniene","robots":{"index":"index","follow":"follow","max-snippet":"max-snippet:-1","max-image-preview":"max-image-preview:large","max-video-preview":"max-video-preview:-1"},"canonical":"https:\/\/www.ccaniene.com\/en\/nuoto-paralimpico-nel-segno-di-gouda\/","og_locale":"en_GB","og_type":"article","og_title":"Nuoto paralimpico nel segno di Gouda - Circolo Canottieri Aniene","og_description":"Quello che possiamo definire lo \u201cstrano\u201d anno olimpico dispari, questo 2021, s\u2019\u00e8 iniziato nel migliore dei modi. Il week-end bolognese di qualificazioni regionali del nuoto paralimpico \u00e8 nel segno di Karim Gouda: per lui segnali positivi per la road map to Tokyo con due splendidi record italiani, nei 50 e nei 100 dorso. Le avvisaglie [&hellip;]","og_url":"https:\/\/www.ccaniene.com\/en\/nuoto-paralimpico-nel-segno-di-gouda\/","og_site_name":"Circolo Canottieri Aniene","article_published_time":"2021-02-08T09:09:40+00:00","og_image":[{"width":512,"height":300,"url":"https:\/\/www.ccaniene.com\/wp-content\/uploads\/2021\/02\/gouda.jpg","type":"image\/jpeg"}],"author":"carlo.san@tin.it","twitter_card":"summary_large_image","twitter_misc":{"Written by":"carlo.san@tin.it","Estimated reading time":"2 minutes"},"schema":{"@context":"https:\/\/schema.org","@graph":[{"@type":"WebPage","@id":"https:\/\/www.ccaniene.com\/en\/nuoto-paralimpico-nel-segno-di-gouda\/","url":"https:\/\/www.ccaniene.com\/en\/nuoto-paralimpico-nel-segno-di-gouda\/","name":"Nuoto paralimpico nel segno di Gouda - Circolo Canottieri Aniene","isPartOf":{"@id":"https:\/\/www.ccaniene.com\/it_it\/#website"},"primaryImageOfPage":{"@id":"https:\/\/www.ccaniene.com\/en\/nuoto-paralimpico-nel-segno-di-gouda\/#primaryimage"},"image":{"@id":"https:\/\/www.ccaniene.com\/en\/nuoto-paralimpico-nel-segno-di-gouda\/#primaryimage"},"thumbnailUrl":"https:\/\/www.ccaniene.com\/wp-content\/uploads\/2021\/02\/gouda.jpg","datePublished":"2021-02-08T09:09:40+00:00","dateModified":"2021-02-08T09:09:40+00:00","author":{"@id":"https:\/\/www.ccaniene.com\/it_it\/#\/schema\/person\/6042bd0ba360674279dffd4247d570ed"},"breadcrumb":{"@id":"https:\/\/www.ccaniene.com\/en\/nuoto-paralimpico-nel-segno-di-gouda\/#breadcrumb"},"inLanguage":"en-GB","potentialAction":[{"@type":"ReadAction","target":["https:\/\/www.ccaniene.com\/en\/nuoto-paralimpico-nel-segno-di-gouda\/"]}]},{"@type":"ImageObject","inLanguage":"en-GB","@id":"https:\/\/www.ccaniene.com\/en\/nuoto-paralimpico-nel-segno-di-gouda\/#primaryimage","url":"https:\/\/www.ccaniene.com\/wp-content\/uploads\/2021\/02\/gouda.jpg","contentUrl":"https:\/\/www.ccaniene.com\/wp-content\/uploads\/2021\/02\/gouda.jpg","width":512,"height":300},{"@type":"BreadcrumbList","@id":"https:\/\/www.ccaniene.com\/en\/nuoto-paralimpico-nel-segno-di-gouda\/#breadcrumb","itemListElement":[{"@type":"ListItem","position":1,"name":"Home","item":"https:\/\/www.ccaniene.com\/it_it\/"},{"@type":"ListItem","position":2,"name":"Nuoto paralimpico nel segno di Gouda"}]},{"@type":"WebSite","@id":"https:\/\/www.ccaniene.com\/it_it\/#website","url":"https:\/\/www.ccaniene.com\/it_it\/","name":"Circolo Canottieri Aniene","description":"Collare d&#039;Oro e Stella d&#039;Oro al Merito Sportivo","potentialAction":[{"@type":"SearchAction","target":{"@type":"EntryPoint","urlTemplate":"https:\/\/www.ccaniene.com\/it_it\/?s={search_term_string}"},"query-input":{"@type":"PropertyValueSpecification","valueRequired":true,"valueName":"search_term_string"}}],"inLanguage":"en-GB"},{"@type":"Person","@id":"https:\/\/www.ccaniene.com\/it_it\/#\/schema\/person\/6042bd0ba360674279dffd4247d570ed","name":"carlo.san@tin.it","image":{"@type":"ImageObject","inLanguage":"en-GB","@id":"https:\/\/www.ccaniene.com\/it_it\/#\/schema\/person\/image\/","url":"https:\/\/secure.gravatar.com\/avatar\/f993a459d0ffe4d666e4c917fef20ca9?s=96&d=mm&r=g","contentUrl":"https:\/\/secure.gravatar.com\/avatar\/f993a459d0ffe4d666e4c917fef20ca9?s=96&d=mm&r=g","caption":"carlo.san@tin.it"},"url":"https:\/\/www.ccaniene.com\/en\/author\/carlo-santi-2\/"}]}},"_links":{"self":[{"href":"https:\/\/www.ccaniene.com\/en\/wp-json\/wp\/v2\/posts\/19832"}],"collection":[{"href":"https:\/\/www.ccaniene.com\/en\/wp-json\/wp\/v2\/posts"}],"about":[{"href":"https:\/\/www.ccaniene.com\/en\/wp-json\/wp\/v2\/types\/post"}],"author":[{"embeddable":true,"href":"https:\/\/www.ccaniene.com\/en\/wp-json\/wp\/v2\/users\/23521"}],"replies":[{"embeddable":true,"href":"https:\/\/www.ccaniene.com\/en\/wp-json\/wp\/v2\/comments?post=19832"}],"version-history":[{"count":1,"href":"https:\/\/www.ccaniene.com\/en\/wp-json\/wp\/v2\/posts\/19832\/revisions"}],"predecessor-version":[{"id":19833,"href":"https:\/\/www.ccaniene.com\/en\/wp-json\/wp\/v2\/posts\/19832\/revisions\/19833"}],"wp:featuredmedia":[{"embeddable":true,"href":"https:\/\/www.ccaniene.com\/en\/wp-json\/wp\/v2\/media\/19834"}],"wp:attachment":[{"href":"https:\/\/www.ccaniene.com\/en\/wp-json\/wp\/v2\/media?parent=19832"}],"wp:term":[{"taxonomy":"category","embeddable":true,"href":"https:\/\/www.ccaniene.com\/en\/wp-json\/wp\/v2\/categories?post=19832"},{"taxonomy":"post_tag","embeddable":true,"href":"https:\/\/www.ccaniene.com\/en\/wp-json\/wp\/v2\/tags?post=19832"}],"curies":[{"name":"wp","href":"https:\/\/api.w.org\/{rel}","templated":true}]}}