{"id":19827,"date":"2021-02-06T23:17:37","date_gmt":"2021-02-06T22:17:37","guid":{"rendered":"https:\/\/www.ccaniene.com\/?p=19827"},"modified":"2021-02-06T23:17:37","modified_gmt":"2021-02-06T22:17:37","slug":"snowboard-mirko-felicettiterzo-in-coppa-del-mondo","status":"publish","type":"post","link":"https:\/\/www.ccaniene.com\/en\/snowboard-mirko-felicettiterzo-in-coppa-del-mondo\/","title":{"rendered":"Snowboard, Mirko Felicetti<br>terzo in Coppa del Mondo"},"content":{"rendered":"<p>Terzo posto per Mirko Felicetti in Coppa del Mondo di snowboard nel PGS di Bannoye, in Russia. Primi due posti per i russi Dmitry Loginov e Igor Sluev, mentre nella finalina il 28enne atleta del Circolo Canottieri Aniene ha battuto il suo compagno di squadra Edwin Coratti, ottenendo il suo ottavo podio in carriera.<\/p>\n<p>Mirko \u00e8 stato abile ad agguantare la semifinale, nella quale \u00e8 stato sconfitto dal padrone di casa Dmitry Loginov, poi vincitore della gara. Nella Small Final, valida per il piazzamento sul podio, Felicetti si \u00e8 imposto per 25 centesimi nella lotta tutta italiana con Edwin Coratti, terzo settimana scorsa a Mosca.<\/p>\n<p>Trionfo per il campione del mondo in carica Loginov che ha dominato la sfida con il compagno di squadra Igor Sluev. Per Sluev la soddisfazione di rimontare in classifica di Coppa: ora \u00e8 solamente un punto a dividerlo dalla vetta, che resta in mano al nostro Aaron March che per\u00f2 in questa occasione \u00e8 stato deludente e neanche qualificato agli ottavi.<\/p>\n<p>&nbsp;<\/p>","protected":false},"excerpt":{"rendered":"<p>Terzo posto per Mirko Felicetti in Coppa del Mondo di snowboard nel PGS di Bannoye, in Russia. Primi due posti per i russi Dmitry Loginov e Igor Sluev, mentre nella finalina il 28enne atleta del Circolo Canottieri Aniene ha battuto il suo compagno di squadra Edwin Coratti, ottenendo il suo ottavo podio in carriera. Mirko [&hellip;]<\/p>","protected":false},"author":23521,"featured_media":19829,"comment_status":"closed","ping_status":"closed","sticky":false,"template":"","format":"standard","meta":{"pmpro_default_level":0,"footnotes":"","_links_to":"","_links_to_target":""},"categories":[13,1],"tags":[],"class_list":["post-19827","post","type-post","status-publish","format-standard","has-post-thumbnail","hentry","category-altri-sport","category-news","pmpro-has-access"],"featured_image_urls":{"medium":"https:\/\/www.ccaniene.com\/wp-content\/uploads\/2021\/02\/felicetti-800x533.jpg","thumbnail":"https:\/\/www.ccaniene.com\/wp-content\/uploads\/2021\/02\/felicetti-400x400.jpg","medium_large":"https:\/\/www.ccaniene.com\/wp-content\/uploads\/2021\/02\/felicetti-768x511.jpg"},"appp_media":null,"yoast_head":"<!-- This site is optimized with the Yoast SEO plugin v23.6 - https:\/\/yoast.com\/wordpress\/plugins\/seo\/ -->\n<title>Snowboard, Mirko Felicettiterzo in Coppa del Mondo - Circolo Canottieri Aniene<\/title>\n<meta name=\"robots\" content=\"index, follow, max-snippet:-1, max-image-preview:large, max-video-preview:-1\" \/>\n<link rel=\"canonical\" href=\"https:\/\/www.ccaniene.com\/en\/snowboard-mirko-felicettiterzo-in-coppa-del-mondo\/\" \/>\n<meta property=\"og:locale\" content=\"en_GB\" \/>\n<meta property=\"og:type\" content=\"article\" \/>\n<meta property=\"og:title\" content=\"Snowboard, Mirko Felicettiterzo in Coppa del Mondo - Circolo Canottieri Aniene\" \/>\n<meta property=\"og:description\" content=\"Terzo posto per Mirko Felicetti in Coppa del Mondo di snowboard nel PGS di Bannoye, in Russia. Primi due posti per i russi Dmitry Loginov e Igor Sluev, mentre nella finalina il 28enne atleta del Circolo Canottieri Aniene ha battuto il suo compagno di squadra Edwin Coratti, ottenendo il suo ottavo podio in carriera. Mirko [&hellip;]\" \/>\n<meta property=\"og:url\" content=\"https:\/\/www.ccaniene.com\/en\/snowboard-mirko-felicettiterzo-in-coppa-del-mondo\/\" \/>\n<meta property=\"og:site_name\" content=\"Circolo Canottieri Aniene\" \/>\n<meta property=\"article:published_time\" content=\"2021-02-06T22:17:37+00:00\" \/>\n<meta property=\"og:image\" content=\"https:\/\/www.ccaniene.com\/wp-content\/uploads\/2021\/02\/felicetti.jpg\" \/>\n\t<meta property=\"og:image:width\" content=\"1280\" \/>\n\t<meta property=\"og:image:height\" content=\"852\" \/>\n\t<meta property=\"og:image:type\" content=\"image\/jpeg\" \/>\n<meta name=\"author\" content=\"carlo.san@tin.it\" \/>\n<meta name=\"twitter:card\" content=\"summary_large_image\" \/>\n<meta name=\"twitter:label1\" content=\"Written by\" \/>\n\t<meta name=\"twitter:data1\" content=\"carlo.san@tin.it\" \/>\n\t<meta name=\"twitter:label2\" content=\"Estimated reading time\" \/>\n\t<meta name=\"twitter:data2\" content=\"1 minute\" \/>\n<script type=\"application\/ld+json\" class=\"yoast-schema-graph\">{\"@context\":\"https:\/\/schema.org\",\"@graph\":[{\"@type\":\"WebPage\",\"@id\":\"https:\/\/www.ccaniene.com\/en\/snowboard-mirko-felicettiterzo-in-coppa-del-mondo\/\",\"url\":\"https:\/\/www.ccaniene.com\/en\/snowboard-mirko-felicettiterzo-in-coppa-del-mondo\/\",\"name\":\"Snowboard, Mirko Felicetti terzo in Coppa del Mondo - Circolo Canottieri Aniene\",\"isPartOf\":{\"@id\":\"https:\/\/www.ccaniene.com\/it_it\/#website\"},\"primaryImageOfPage\":{\"@id\":\"https:\/\/www.ccaniene.com\/en\/snowboard-mirko-felicettiterzo-in-coppa-del-mondo\/#primaryimage\"},\"image\":{\"@id\":\"https:\/\/www.ccaniene.com\/en\/snowboard-mirko-felicettiterzo-in-coppa-del-mondo\/#primaryimage\"},\"thumbnailUrl\":\"https:\/\/www.ccaniene.com\/wp-content\/uploads\/2021\/02\/felicetti.jpg\",\"datePublished\":\"2021-02-06T22:17:37+00:00\",\"dateModified\":\"2021-02-06T22:17:37+00:00\",\"author\":{\"@id\":\"https:\/\/www.ccaniene.com\/it_it\/#\/schema\/person\/6042bd0ba360674279dffd4247d570ed\"},\"breadcrumb\":{\"@id\":\"https:\/\/www.ccaniene.com\/en\/snowboard-mirko-felicettiterzo-in-coppa-del-mondo\/#breadcrumb\"},\"inLanguage\":\"en-GB\",\"potentialAction\":[{\"@type\":\"ReadAction\",\"target\":[\"https:\/\/www.ccaniene.com\/en\/snowboard-mirko-felicettiterzo-in-coppa-del-mondo\/\"]}]},{\"@type\":\"ImageObject\",\"inLanguage\":\"en-GB\",\"@id\":\"https:\/\/www.ccaniene.com\/en\/snowboard-mirko-felicettiterzo-in-coppa-del-mondo\/#primaryimage\",\"url\":\"https:\/\/www.ccaniene.com\/wp-content\/uploads\/2021\/02\/felicetti.jpg\",\"contentUrl\":\"https:\/\/www.ccaniene.com\/wp-content\/uploads\/2021\/02\/felicetti.jpg\",\"width\":1280,\"height\":852},{\"@type\":\"BreadcrumbList\",\"@id\":\"https:\/\/www.ccaniene.com\/en\/snowboard-mirko-felicettiterzo-in-coppa-del-mondo\/#breadcrumb\",\"itemListElement\":[{\"@type\":\"ListItem\",\"position\":1,\"name\":\"Home\",\"item\":\"https:\/\/www.ccaniene.com\/it_it\/\"},{\"@type\":\"ListItem\",\"position\":2,\"name\":\"Snowboard, Mirko Felicettiterzo in Coppa del Mondo\"}]},{\"@type\":\"WebSite\",\"@id\":\"https:\/\/www.ccaniene.com\/it_it\/#website\",\"url\":\"https:\/\/www.ccaniene.com\/it_it\/\",\"name\":\"Circolo Canottieri Aniene\",\"description\":\"Collare d&#039;Oro e Stella d&#039;Oro al Merito Sportivo\",\"potentialAction\":[{\"@type\":\"SearchAction\",\"target\":{\"@type\":\"EntryPoint\",\"urlTemplate\":\"https:\/\/www.ccaniene.com\/it_it\/?s={search_term_string}\"},\"query-input\":{\"@type\":\"PropertyValueSpecification\",\"valueRequired\":true,\"valueName\":\"search_term_string\"}}],\"inLanguage\":\"en-GB\"},{\"@type\":\"Person\",\"@id\":\"https:\/\/www.ccaniene.com\/it_it\/#\/schema\/person\/6042bd0ba360674279dffd4247d570ed\",\"name\":\"carlo.san@tin.it\",\"image\":{\"@type\":\"ImageObject\",\"inLanguage\":\"en-GB\",\"@id\":\"https:\/\/www.ccaniene.com\/it_it\/#\/schema\/person\/image\/\",\"url\":\"https:\/\/secure.gravatar.com\/avatar\/f993a459d0ffe4d666e4c917fef20ca9?s=96&d=mm&r=g\",\"contentUrl\":\"https:\/\/secure.gravatar.com\/avatar\/f993a459d0ffe4d666e4c917fef20ca9?s=96&d=mm&r=g\",\"caption\":\"carlo.san@tin.it\"},\"url\":\"https:\/\/www.ccaniene.com\/en\/author\/carlo-santi-2\/\"}]}<\/script>\n<!-- \/ Yoast SEO plugin. -->","yoast_head_json":{"title":"Snowboard, Mirko Felicettiterzo in Coppa del Mondo - Circolo Canottieri Aniene","robots":{"index":"index","follow":"follow","max-snippet":"max-snippet:-1","max-image-preview":"max-image-preview:large","max-video-preview":"max-video-preview:-1"},"canonical":"https:\/\/www.ccaniene.com\/en\/snowboard-mirko-felicettiterzo-in-coppa-del-mondo\/","og_locale":"en_GB","og_type":"article","og_title":"Snowboard, Mirko Felicettiterzo in Coppa del Mondo - Circolo Canottieri Aniene","og_description":"Terzo posto per Mirko Felicetti in Coppa del Mondo di snowboard nel PGS di Bannoye, in Russia. Primi due posti per i russi Dmitry Loginov e Igor Sluev, mentre nella finalina il 28enne atleta del Circolo Canottieri Aniene ha battuto il suo compagno di squadra Edwin Coratti, ottenendo il suo ottavo podio in carriera. Mirko [&hellip;]","og_url":"https:\/\/www.ccaniene.com\/en\/snowboard-mirko-felicettiterzo-in-coppa-del-mondo\/","og_site_name":"Circolo Canottieri Aniene","article_published_time":"2021-02-06T22:17:37+00:00","og_image":[{"width":1280,"height":852,"url":"https:\/\/www.ccaniene.com\/wp-content\/uploads\/2021\/02\/felicetti.jpg","type":"image\/jpeg"}],"author":"carlo.san@tin.it","twitter_card":"summary_large_image","twitter_misc":{"Written by":"carlo.san@tin.it","Estimated reading time":"1 minute"},"schema":{"@context":"https:\/\/schema.org","@graph":[{"@type":"WebPage","@id":"https:\/\/www.ccaniene.com\/en\/snowboard-mirko-felicettiterzo-in-coppa-del-mondo\/","url":"https:\/\/www.ccaniene.com\/en\/snowboard-mirko-felicettiterzo-in-coppa-del-mondo\/","name":"Snowboard, Mirko Felicetti terzo in Coppa del Mondo - Circolo Canottieri Aniene","isPartOf":{"@id":"https:\/\/www.ccaniene.com\/it_it\/#website"},"primaryImageOfPage":{"@id":"https:\/\/www.ccaniene.com\/en\/snowboard-mirko-felicettiterzo-in-coppa-del-mondo\/#primaryimage"},"image":{"@id":"https:\/\/www.ccaniene.com\/en\/snowboard-mirko-felicettiterzo-in-coppa-del-mondo\/#primaryimage"},"thumbnailUrl":"https:\/\/www.ccaniene.com\/wp-content\/uploads\/2021\/02\/felicetti.jpg","datePublished":"2021-02-06T22:17:37+00:00","dateModified":"2021-02-06T22:17:37+00:00","author":{"@id":"https:\/\/www.ccaniene.com\/it_it\/#\/schema\/person\/6042bd0ba360674279dffd4247d570ed"},"breadcrumb":{"@id":"https:\/\/www.ccaniene.com\/en\/snowboard-mirko-felicettiterzo-in-coppa-del-mondo\/#breadcrumb"},"inLanguage":"en-GB","potentialAction":[{"@type":"ReadAction","target":["https:\/\/www.ccaniene.com\/en\/snowboard-mirko-felicettiterzo-in-coppa-del-mondo\/"]}]},{"@type":"ImageObject","inLanguage":"en-GB","@id":"https:\/\/www.ccaniene.com\/en\/snowboard-mirko-felicettiterzo-in-coppa-del-mondo\/#primaryimage","url":"https:\/\/www.ccaniene.com\/wp-content\/uploads\/2021\/02\/felicetti.jpg","contentUrl":"https:\/\/www.ccaniene.com\/wp-content\/uploads\/2021\/02\/felicetti.jpg","width":1280,"height":852},{"@type":"BreadcrumbList","@id":"https:\/\/www.ccaniene.com\/en\/snowboard-mirko-felicettiterzo-in-coppa-del-mondo\/#breadcrumb","itemListElement":[{"@type":"ListItem","position":1,"name":"Home","item":"https:\/\/www.ccaniene.com\/it_it\/"},{"@type":"ListItem","position":2,"name":"Snowboard, Mirko Felicettiterzo in Coppa del Mondo"}]},{"@type":"WebSite","@id":"https:\/\/www.ccaniene.com\/it_it\/#website","url":"https:\/\/www.ccaniene.com\/it_it\/","name":"Circolo Canottieri Aniene","description":"Collare d&#039;Oro e Stella d&#039;Oro al Merito Sportivo","potentialAction":[{"@type":"SearchAction","target":{"@type":"EntryPoint","urlTemplate":"https:\/\/www.ccaniene.com\/it_it\/?s={search_term_string}"},"query-input":{"@type":"PropertyValueSpecification","valueRequired":true,"valueName":"search_term_string"}}],"inLanguage":"en-GB"},{"@type":"Person","@id":"https:\/\/www.ccaniene.com\/it_it\/#\/schema\/person\/6042bd0ba360674279dffd4247d570ed","name":"carlo.san@tin.it","image":{"@type":"ImageObject","inLanguage":"en-GB","@id":"https:\/\/www.ccaniene.com\/it_it\/#\/schema\/person\/image\/","url":"https:\/\/secure.gravatar.com\/avatar\/f993a459d0ffe4d666e4c917fef20ca9?s=96&d=mm&r=g","contentUrl":"https:\/\/secure.gravatar.com\/avatar\/f993a459d0ffe4d666e4c917fef20ca9?s=96&d=mm&r=g","caption":"carlo.san@tin.it"},"url":"https:\/\/www.ccaniene.com\/en\/author\/carlo-santi-2\/"}]}},"_links":{"self":[{"href":"https:\/\/www.ccaniene.com\/en\/wp-json\/wp\/v2\/posts\/19827"}],"collection":[{"href":"https:\/\/www.ccaniene.com\/en\/wp-json\/wp\/v2\/posts"}],"about":[{"href":"https:\/\/www.ccaniene.com\/en\/wp-json\/wp\/v2\/types\/post"}],"author":[{"embeddable":true,"href":"https:\/\/www.ccaniene.com\/en\/wp-json\/wp\/v2\/users\/23521"}],"replies":[{"embeddable":true,"href":"https:\/\/www.ccaniene.com\/en\/wp-json\/wp\/v2\/comments?post=19827"}],"version-history":[{"count":1,"href":"https:\/\/www.ccaniene.com\/en\/wp-json\/wp\/v2\/posts\/19827\/revisions"}],"predecessor-version":[{"id":19828,"href":"https:\/\/www.ccaniene.com\/en\/wp-json\/wp\/v2\/posts\/19827\/revisions\/19828"}],"wp:featuredmedia":[{"embeddable":true,"href":"https:\/\/www.ccaniene.com\/en\/wp-json\/wp\/v2\/media\/19829"}],"wp:attachment":[{"href":"https:\/\/www.ccaniene.com\/en\/wp-json\/wp\/v2\/media?parent=19827"}],"wp:term":[{"taxonomy":"category","embeddable":true,"href":"https:\/\/www.ccaniene.com\/en\/wp-json\/wp\/v2\/categories?post=19827"},{"taxonomy":"post_tag","embeddable":true,"href":"https:\/\/www.ccaniene.com\/en\/wp-json\/wp\/v2\/tags?post=19827"}],"curies":[{"name":"wp","href":"https:\/\/api.w.org\/{rel}","templated":true}]}}