{"id":19809,"date":"2021-02-02T16:40:14","date_gmt":"2021-02-02T15:40:14","guid":{"rendered":"https:\/\/www.ccaniene.com\/?p=19809"},"modified":"2021-02-03T12:52:42","modified_gmt":"2021-02-03T11:52:42","slug":"super-berrettini-strapazza-thiem","status":"publish","type":"post","link":"https:\/\/www.ccaniene.com\/en\/super-berrettini-strapazza-thiem\/","title":{"rendered":"Super Berrettini strapazza Thiem<br\u2265Battuta anche la Francia"},"content":{"rendered":"<p>A Melbourne, impresa di Matteo Berrettini. Il nostro giocatore ha strapazzato il numero 3 del mondo Dominic Thiem in appena un\u2019ora e 19 minuti, nel secondo match dell\u2019Italia in Atp Cup contro l\u2019Austria. Un Berrettini spietato si \u00e8 liberato con un eloquente 6-2 6-4 di The Dominator che \u00e8 stato sorpreso dalla vivacit\u00e0 di Matteo, impressionate nel non lasciare nessuno scampo &#8211; sul cemento di Melbourne Park &#8211; al campione in carica degli Us Open. Berrettini, numero 10 al mondo, ha molta voglia di dimostrare che i successi del 2019\u00a0(semifinali a New York, qualificazioni per le Atp Finals) non sono stati un caso.<\/p>\n<p>Matteo ha pareggiato il vantaggio che l\u2019Austria aveva ottenuto nel primo incontro &#8211; sconfitta per 6-3 6-2 di Fabio Fognini, anche lui giocatore del nostro Circolo, in difficolt\u00e0 contro Novak.<\/p>\n<p>Berrettini per scelta del capitano Vincenzo Santopadre (e suo allenatore) \u00e8 sceso in campo anche nel doppio, e accanto a Fognini, ha portato il punto decisivo superando Thiem e Novak per 6-1 6-4.<\/p>\n<p>\u00abDopo il 2020 che per vari motivi non \u00e8 andato come avrei voluto, ho voglia di risentirmi bene e di mettere in campo tutte le energie che ho\u00bb, ha affermato Berrettini che ha cos\u00ec raccolto il terzo successo in cinque sfide con Thiem.<\/p>\n<p><strong>Anche la Francia va ko<\/strong><\/p>\n<p>Berrettini e Fognini, la coppia va. Matteo, stavolta con l\u2019aiuto di Fabio anche in singolare e non solo in doppio come era capitato nella prima giornata, ha trascinato l\u2019Italia in semifinale di Fed Cup. Contro l\u2019Austria di Thiem era stato necessario ricorrere al doppio per ottenere il punto decisivo, stavolta contro la Francia sono bastati i due singolari vinti da entrambi i giocatoti del CC Aniene.<\/p>\n<p>Fabio Fognini nel primo match giocato nella John Cain Arena di Melbourne ha superato per 6-1 7-6 Benoit Paire. \u00c8 stato un match a senso unico nel primo set ma molto combattuto e teso nel secondo, quando Paire \u00e8 arrivato sul 5-3 con il servizio a disposizione per pareggiare il conto e rimandare tutto al terzo. Il francese per\u00f2 si \u00e8 fatto scappare l\u2019occasione, Fognini ha alzato il livello e anche nel tie-break ha imposto il suo ritmo, finendo per vincerlo 7-2 dopo poco pi\u00f9 di un\u2019ora e un quarto di gara.<\/p>\n<p>Dopo il successo di Fognini, \u00e8 toccato a Berrettini. Partita divertente ma solo a tratti veramente equilibrato ha avuto la meglio per 6-4 6-2 su Gael Monfils. Lo stesso giocatore che Matteo, un anno e mezzo fa, aveva battuto a New York per approdare in semifinale agli Australian Open. Subito sotto 3-1 in partita, Matteo ha cominciato con il suo tennis e con il solito diritto, frequenti discese a rete e passanti inappellabili ha finito per smantellare il francese.<\/p>\n<p>Santopadre, il capitano, a risultato acquisito ha schierato per il doppio il torinese Andrea Vavassori, al debutto in nazionale, con Bolelli contro il duo francese Mahut-Roger Vasselin. Gli azzurri hanno perso 6-3 6-4.<\/p>\n<p>&nbsp;<\/p>\n<p>&nbsp;<\/p>\n<p>Nella foto, Berrettini e Fognini nel doppio<\/p>\n<p>&nbsp;<\/p>","protected":false},"excerpt":{"rendered":"<p>A Melbourne, impresa di Matteo Berrettini. Il nostro giocatore ha strapazzato il numero 3 del mondo Dominic Thiem in appena un\u2019ora e 19 minuti, nel secondo match dell\u2019Italia in Atp Cup contro l\u2019Austria. Un Berrettini spietato si \u00e8 liberato con un eloquente 6-2 6-4 di The Dominator che \u00e8 stato sorpreso dalla vivacit\u00e0 di Matteo, [&hellip;]<\/p>","protected":false},"author":23521,"featured_media":19811,"comment_status":"closed","ping_status":"closed","sticky":false,"template":"","format":"standard","meta":{"pmpro_default_level":0,"footnotes":"","_links_to":"","_links_to_target":""},"categories":[1,10],"tags":[],"class_list":["post-19809","post","type-post","status-publish","format-standard","has-post-thumbnail","hentry","category-news","category-tennis","pmpro-has-access"],"featured_image_urls":{"thumbnail":"https:\/\/www.ccaniene.com\/wp-content\/uploads\/2021\/02\/berrettini-e-fognini-400x400.jpg"},"appp_media":null,"yoast_head":"<!-- This site is optimized with the Yoast SEO plugin v23.6 - https:\/\/yoast.com\/wordpress\/plugins\/seo\/ -->\n<title>Super Berrettini strapazza Thiem<\/title>\n<meta name=\"robots\" content=\"index, follow, max-snippet:-1, max-image-preview:large, max-video-preview:-1\" \/>\n<link rel=\"canonical\" href=\"https:\/\/www.ccaniene.com\/en\/super-berrettini-strapazza-thiem\/\" \/>\n<meta property=\"og:locale\" content=\"en_GB\" \/>\n<meta property=\"og:type\" content=\"article\" \/>\n<meta property=\"og:title\" content=\"Super Berrettini strapazza Thiem\" \/>\n<meta property=\"og:description\" content=\"A Melbourne, impresa di Matteo Berrettini. Il nostro giocatore ha strapazzato il numero 3 del mondo Dominic Thiem in appena un\u2019ora e 19 minuti, nel secondo match dell\u2019Italia in Atp Cup contro l\u2019Austria. Un Berrettini spietato si \u00e8 liberato con un eloquente 6-2 6-4 di The Dominator che \u00e8 stato sorpreso dalla vivacit\u00e0 di Matteo, [&hellip;]\" \/>\n<meta property=\"og:url\" content=\"https:\/\/www.ccaniene.com\/en\/super-berrettini-strapazza-thiem\/\" \/>\n<meta property=\"og:site_name\" content=\"Circolo Canottieri Aniene\" \/>\n<meta property=\"article:published_time\" content=\"2021-02-02T15:40:14+00:00\" \/>\n<meta property=\"article:modified_time\" content=\"2021-02-03T11:52:42+00:00\" \/>\n<meta property=\"og:image\" content=\"https:\/\/www.ccaniene.com\/wp-content\/uploads\/2021\/02\/berrettini-e-fognini.jpg\" \/>\n\t<meta property=\"og:image:width\" content=\"735\" \/>\n\t<meta property=\"og:image:height\" content=\"416\" \/>\n\t<meta property=\"og:image:type\" content=\"image\/jpeg\" \/>\n<meta name=\"author\" content=\"carlo.san@tin.it\" \/>\n<meta name=\"twitter:card\" content=\"summary_large_image\" \/>\n<meta name=\"twitter:label1\" content=\"Written by\" \/>\n\t<meta name=\"twitter:data1\" content=\"carlo.san@tin.it\" \/>\n\t<meta name=\"twitter:label2\" content=\"Estimated reading time\" \/>\n\t<meta name=\"twitter:data2\" content=\"2 minutes\" \/>\n<script type=\"application\/ld+json\" class=\"yoast-schema-graph\">{\"@context\":\"https:\/\/schema.org\",\"@graph\":[{\"@type\":\"WebPage\",\"@id\":\"https:\/\/www.ccaniene.com\/it_it\/super-berrettini-strapazza-thiem\/\",\"url\":\"https:\/\/www.ccaniene.com\/it_it\/super-berrettini-strapazza-thiem\/\",\"name\":\"Super Berrettini strapazza Thiem\",\"isPartOf\":{\"@id\":\"https:\/\/www.ccaniene.com\/it_it\/#website\"},\"primaryImageOfPage\":{\"@id\":\"https:\/\/www.ccaniene.com\/it_it\/super-berrettini-strapazza-thiem\/#primaryimage\"},\"image\":{\"@id\":\"https:\/\/www.ccaniene.com\/it_it\/super-berrettini-strapazza-thiem\/#primaryimage\"},\"thumbnailUrl\":\"https:\/\/www.ccaniene.com\/wp-content\/uploads\/2021\/02\/berrettini-e-fognini.jpg\",\"datePublished\":\"2021-02-02T15:40:14+00:00\",\"dateModified\":\"2021-02-03T11:52:42+00:00\",\"author\":{\"@id\":\"https:\/\/www.ccaniene.com\/it_it\/#\/schema\/person\/6042bd0ba360674279dffd4247d570ed\"},\"breadcrumb\":{\"@id\":\"https:\/\/www.ccaniene.com\/it_it\/super-berrettini-strapazza-thiem\/#breadcrumb\"},\"inLanguage\":\"en-GB\",\"potentialAction\":[{\"@type\":\"ReadAction\",\"target\":[\"https:\/\/www.ccaniene.com\/it_it\/super-berrettini-strapazza-thiem\/\"]}]},{\"@type\":\"ImageObject\",\"inLanguage\":\"en-GB\",\"@id\":\"https:\/\/www.ccaniene.com\/it_it\/super-berrettini-strapazza-thiem\/#primaryimage\",\"url\":\"https:\/\/www.ccaniene.com\/wp-content\/uploads\/2021\/02\/berrettini-e-fognini.jpg\",\"contentUrl\":\"https:\/\/www.ccaniene.com\/wp-content\/uploads\/2021\/02\/berrettini-e-fognini.jpg\",\"width\":735,\"height\":416},{\"@type\":\"BreadcrumbList\",\"@id\":\"https:\/\/www.ccaniene.com\/it_it\/super-berrettini-strapazza-thiem\/#breadcrumb\",\"itemListElement\":[{\"@type\":\"ListItem\",\"position\":1,\"name\":\"Home\",\"item\":\"https:\/\/www.ccaniene.com\/it_it\/\"},{\"@type\":\"ListItem\",\"position\":2,\"name\":\"Super Berrettini strapazza Thiem\"}]},{\"@type\":\"WebSite\",\"@id\":\"https:\/\/www.ccaniene.com\/it_it\/#website\",\"url\":\"https:\/\/www.ccaniene.com\/it_it\/\",\"name\":\"Circolo Canottieri Aniene\",\"description\":\"Collare d&#039;Oro e Stella d&#039;Oro al Merito Sportivo\",\"potentialAction\":[{\"@type\":\"SearchAction\",\"target\":{\"@type\":\"EntryPoint\",\"urlTemplate\":\"https:\/\/www.ccaniene.com\/it_it\/?s={search_term_string}\"},\"query-input\":{\"@type\":\"PropertyValueSpecification\",\"valueRequired\":true,\"valueName\":\"search_term_string\"}}],\"inLanguage\":\"en-GB\"},{\"@type\":\"Person\",\"@id\":\"https:\/\/www.ccaniene.com\/it_it\/#\/schema\/person\/6042bd0ba360674279dffd4247d570ed\",\"name\":\"carlo.san@tin.it\",\"image\":{\"@type\":\"ImageObject\",\"inLanguage\":\"en-GB\",\"@id\":\"https:\/\/www.ccaniene.com\/it_it\/#\/schema\/person\/image\/\",\"url\":\"https:\/\/secure.gravatar.com\/avatar\/f993a459d0ffe4d666e4c917fef20ca9?s=96&d=mm&r=g\",\"contentUrl\":\"https:\/\/secure.gravatar.com\/avatar\/f993a459d0ffe4d666e4c917fef20ca9?s=96&d=mm&r=g\",\"caption\":\"carlo.san@tin.it\"},\"url\":\"https:\/\/www.ccaniene.com\/en\/author\/carlo-santi-2\/\"}]}<\/script>\n<!-- \/ Yoast SEO plugin. -->","yoast_head_json":{"title":"Super Berrettini strapazza Thiem","robots":{"index":"index","follow":"follow","max-snippet":"max-snippet:-1","max-image-preview":"max-image-preview:large","max-video-preview":"max-video-preview:-1"},"canonical":"https:\/\/www.ccaniene.com\/en\/super-berrettini-strapazza-thiem\/","og_locale":"en_GB","og_type":"article","og_title":"Super Berrettini strapazza Thiem","og_description":"A Melbourne, impresa di Matteo Berrettini. Il nostro giocatore ha strapazzato il numero 3 del mondo Dominic Thiem in appena un\u2019ora e 19 minuti, nel secondo match dell\u2019Italia in Atp Cup contro l\u2019Austria. Un Berrettini spietato si \u00e8 liberato con un eloquente 6-2 6-4 di The Dominator che \u00e8 stato sorpreso dalla vivacit\u00e0 di Matteo, [&hellip;]","og_url":"https:\/\/www.ccaniene.com\/en\/super-berrettini-strapazza-thiem\/","og_site_name":"Circolo Canottieri Aniene","article_published_time":"2021-02-02T15:40:14+00:00","article_modified_time":"2021-02-03T11:52:42+00:00","og_image":[{"width":735,"height":416,"url":"https:\/\/www.ccaniene.com\/wp-content\/uploads\/2021\/02\/berrettini-e-fognini.jpg","type":"image\/jpeg"}],"author":"carlo.san@tin.it","twitter_card":"summary_large_image","twitter_misc":{"Written by":"carlo.san@tin.it","Estimated reading time":"2 minutes"},"schema":{"@context":"https:\/\/schema.org","@graph":[{"@type":"WebPage","@id":"https:\/\/www.ccaniene.com\/it_it\/super-berrettini-strapazza-thiem\/","url":"https:\/\/www.ccaniene.com\/it_it\/super-berrettini-strapazza-thiem\/","name":"Super Berrettini strapazza Thiem","isPartOf":{"@id":"https:\/\/www.ccaniene.com\/it_it\/#website"},"primaryImageOfPage":{"@id":"https:\/\/www.ccaniene.com\/it_it\/super-berrettini-strapazza-thiem\/#primaryimage"},"image":{"@id":"https:\/\/www.ccaniene.com\/it_it\/super-berrettini-strapazza-thiem\/#primaryimage"},"thumbnailUrl":"https:\/\/www.ccaniene.com\/wp-content\/uploads\/2021\/02\/berrettini-e-fognini.jpg","datePublished":"2021-02-02T15:40:14+00:00","dateModified":"2021-02-03T11:52:42+00:00","author":{"@id":"https:\/\/www.ccaniene.com\/it_it\/#\/schema\/person\/6042bd0ba360674279dffd4247d570ed"},"breadcrumb":{"@id":"https:\/\/www.ccaniene.com\/it_it\/super-berrettini-strapazza-thiem\/#breadcrumb"},"inLanguage":"en-GB","potentialAction":[{"@type":"ReadAction","target":["https:\/\/www.ccaniene.com\/it_it\/super-berrettini-strapazza-thiem\/"]}]},{"@type":"ImageObject","inLanguage":"en-GB","@id":"https:\/\/www.ccaniene.com\/it_it\/super-berrettini-strapazza-thiem\/#primaryimage","url":"https:\/\/www.ccaniene.com\/wp-content\/uploads\/2021\/02\/berrettini-e-fognini.jpg","contentUrl":"https:\/\/www.ccaniene.com\/wp-content\/uploads\/2021\/02\/berrettini-e-fognini.jpg","width":735,"height":416},{"@type":"BreadcrumbList","@id":"https:\/\/www.ccaniene.com\/it_it\/super-berrettini-strapazza-thiem\/#breadcrumb","itemListElement":[{"@type":"ListItem","position":1,"name":"Home","item":"https:\/\/www.ccaniene.com\/it_it\/"},{"@type":"ListItem","position":2,"name":"Super Berrettini strapazza Thiem"}]},{"@type":"WebSite","@id":"https:\/\/www.ccaniene.com\/it_it\/#website","url":"https:\/\/www.ccaniene.com\/it_it\/","name":"Circolo Canottieri Aniene","description":"Collare d&#039;Oro e Stella d&#039;Oro al Merito Sportivo","potentialAction":[{"@type":"SearchAction","target":{"@type":"EntryPoint","urlTemplate":"https:\/\/www.ccaniene.com\/it_it\/?s={search_term_string}"},"query-input":{"@type":"PropertyValueSpecification","valueRequired":true,"valueName":"search_term_string"}}],"inLanguage":"en-GB"},{"@type":"Person","@id":"https:\/\/www.ccaniene.com\/it_it\/#\/schema\/person\/6042bd0ba360674279dffd4247d570ed","name":"carlo.san@tin.it","image":{"@type":"ImageObject","inLanguage":"en-GB","@id":"https:\/\/www.ccaniene.com\/it_it\/#\/schema\/person\/image\/","url":"https:\/\/secure.gravatar.com\/avatar\/f993a459d0ffe4d666e4c917fef20ca9?s=96&d=mm&r=g","contentUrl":"https:\/\/secure.gravatar.com\/avatar\/f993a459d0ffe4d666e4c917fef20ca9?s=96&d=mm&r=g","caption":"carlo.san@tin.it"},"url":"https:\/\/www.ccaniene.com\/en\/author\/carlo-santi-2\/"}]}},"_links":{"self":[{"href":"https:\/\/www.ccaniene.com\/en\/wp-json\/wp\/v2\/posts\/19809"}],"collection":[{"href":"https:\/\/www.ccaniene.com\/en\/wp-json\/wp\/v2\/posts"}],"about":[{"href":"https:\/\/www.ccaniene.com\/en\/wp-json\/wp\/v2\/types\/post"}],"author":[{"embeddable":true,"href":"https:\/\/www.ccaniene.com\/en\/wp-json\/wp\/v2\/users\/23521"}],"replies":[{"embeddable":true,"href":"https:\/\/www.ccaniene.com\/en\/wp-json\/wp\/v2\/comments?post=19809"}],"version-history":[{"count":3,"href":"https:\/\/www.ccaniene.com\/en\/wp-json\/wp\/v2\/posts\/19809\/revisions"}],"predecessor-version":[{"id":19814,"href":"https:\/\/www.ccaniene.com\/en\/wp-json\/wp\/v2\/posts\/19809\/revisions\/19814"}],"wp:featuredmedia":[{"embeddable":true,"href":"https:\/\/www.ccaniene.com\/en\/wp-json\/wp\/v2\/media\/19811"}],"wp:attachment":[{"href":"https:\/\/www.ccaniene.com\/en\/wp-json\/wp\/v2\/media?parent=19809"}],"wp:term":[{"taxonomy":"category","embeddable":true,"href":"https:\/\/www.ccaniene.com\/en\/wp-json\/wp\/v2\/categories?post=19809"},{"taxonomy":"post_tag","embeddable":true,"href":"https:\/\/www.ccaniene.com\/en\/wp-json\/wp\/v2\/tags?post=19809"}],"curies":[{"name":"wp","href":"https:\/\/api.w.org\/{rel}","templated":true}]}}