{"id":19684,"date":"2020-12-19T15:18:09","date_gmt":"2020-12-19T14:18:09","guid":{"rendered":"https:\/\/www.ccaniene.com\/?p=19684"},"modified":"2020-12-19T18:44:38","modified_gmt":"2020-12-19T17:44:38","slug":"brindisi-in-casa-aniene","status":"publish","type":"post","link":"https:\/\/www.ccaniene.com\/en\/brindisi-in-casa-aniene\/","title":{"rendered":"Brindisi in casa Aniene"},"content":{"rendered":"<p>Tradizionale brindisi di fine anno con il personale del Circolo Canottieri Aniene. Non poteva mancare questo appuntamento che fa parte, da anni, del Circolo con un grande senso di appartenenza.<\/p>\n<p>Stavolta, con le restrizioni dovute al Covid-19, l&#8217;incontro con il prezioso personale dell&#8217;Aniene si \u00e8 svolto all&#8217;aperto, sul campi di calcetto. Il presidente Massimo Fabbricini ha ricordato a tutti l&#8217;impegno e la dedizione del personale. Non \u00e8 mancato il saluto del presidente onorario del CC Aniene, Giovanni Malag\u00f2, che ha testimoniato il lavoro e l&#8217;attaccamento di ciascun dipendente in quella che \u00e8 una grande e bella famiglia, cos\u00ec come quello del vice presidente Francesco Rocco, sempre attento al personale del Circolo con \u00a0grande professionalit\u00e0 ed affetto.<\/p>\n<p>Brindisi augurale, alla fine, sperando in un futuro pi\u00f9 roseo, lontano dalla pandemia.<\/p>\n<p>&nbsp;<\/p>","protected":false},"excerpt":{"rendered":"<p>Tradizionale brindisi di fine anno con il personale del Circolo Canottieri Aniene. Non poteva mancare questo appuntamento che fa parte, da anni, del Circolo con un grande senso di appartenenza. Stavolta, con le restrizioni dovute al Covid-19, l&#8217;incontro con il prezioso personale dell&#8217;Aniene si \u00e8 svolto all&#8217;aperto, sul campi di calcetto. Il presidente Massimo Fabbricini [&hellip;]<\/p>","protected":false},"author":23521,"featured_media":19693,"comment_status":"closed","ping_status":"closed","sticky":false,"template":"","format":"standard","meta":{"pmpro_default_level":0,"footnotes":"","_links_to":"","_links_to_target":""},"categories":[1],"tags":[],"class_list":["post-19684","post","type-post","status-publish","format-standard","has-post-thumbnail","hentry","category-news","pmpro-has-access"],"featured_image_urls":{"medium":"https:\/\/www.ccaniene.com\/wp-content\/uploads\/2020\/12\/brindisi32020-800x533.jpg","thumbnail":"https:\/\/www.ccaniene.com\/wp-content\/uploads\/2020\/12\/brindisi32020-400x400.jpg","medium_large":"https:\/\/www.ccaniene.com\/wp-content\/uploads\/2020\/12\/brindisi32020-768x512.jpg","1536x1536":"https:\/\/www.ccaniene.com\/wp-content\/uploads\/2020\/12\/brindisi32020-1536x1024.jpg","slider":"https:\/\/www.ccaniene.com\/wp-content\/uploads\/2020\/12\/brindisi32020-1845x1080.jpg"},"appp_media":null,"yoast_head":"<!-- This site is optimized with the Yoast SEO plugin v23.6 - https:\/\/yoast.com\/wordpress\/plugins\/seo\/ -->\n<title>Brindisi in casa Aniene - Circolo Canottieri Aniene<\/title>\n<meta name=\"robots\" content=\"index, follow, max-snippet:-1, max-image-preview:large, max-video-preview:-1\" \/>\n<link rel=\"canonical\" href=\"https:\/\/www.ccaniene.com\/en\/brindisi-in-casa-aniene\/\" \/>\n<meta property=\"og:locale\" content=\"en_GB\" \/>\n<meta property=\"og:type\" content=\"article\" \/>\n<meta property=\"og:title\" content=\"Brindisi in casa Aniene - Circolo Canottieri Aniene\" \/>\n<meta property=\"og:description\" content=\"Tradizionale brindisi di fine anno con il personale del Circolo Canottieri Aniene. Non poteva mancare questo appuntamento che fa parte, da anni, del Circolo con un grande senso di appartenenza. Stavolta, con le restrizioni dovute al Covid-19, l&#8217;incontro con il prezioso personale dell&#8217;Aniene si \u00e8 svolto all&#8217;aperto, sul campi di calcetto. Il presidente Massimo Fabbricini [&hellip;]\" \/>\n<meta property=\"og:url\" content=\"https:\/\/www.ccaniene.com\/en\/brindisi-in-casa-aniene\/\" \/>\n<meta property=\"og:site_name\" content=\"Circolo Canottieri Aniene\" \/>\n<meta property=\"article:published_time\" content=\"2020-12-19T14:18:09+00:00\" \/>\n<meta property=\"article:modified_time\" content=\"2020-12-19T17:44:38+00:00\" \/>\n<meta property=\"og:image\" content=\"https:\/\/www.ccaniene.com\/wp-content\/uploads\/2020\/12\/brindisi32020.jpg\" \/>\n\t<meta property=\"og:image:width\" content=\"1845\" \/>\n\t<meta property=\"og:image:height\" content=\"1230\" \/>\n\t<meta property=\"og:image:type\" content=\"image\/jpeg\" \/>\n<meta name=\"author\" content=\"carlo.san@tin.it\" \/>\n<meta name=\"twitter:card\" content=\"summary_large_image\" \/>\n<meta name=\"twitter:label1\" content=\"Written by\" \/>\n\t<meta name=\"twitter:data1\" content=\"carlo.san@tin.it\" \/>\n\t<meta name=\"twitter:label2\" content=\"Estimated reading time\" \/>\n\t<meta name=\"twitter:data2\" content=\"1 minute\" \/>\n<script type=\"application\/ld+json\" class=\"yoast-schema-graph\">{\"@context\":\"https:\/\/schema.org\",\"@graph\":[{\"@type\":\"WebPage\",\"@id\":\"https:\/\/www.ccaniene.com\/it_it\/brindisi-in-casa-aniene\/\",\"url\":\"https:\/\/www.ccaniene.com\/it_it\/brindisi-in-casa-aniene\/\",\"name\":\"Brindisi in casa Aniene - Circolo Canottieri Aniene\",\"isPartOf\":{\"@id\":\"https:\/\/www.ccaniene.com\/it_it\/#website\"},\"primaryImageOfPage\":{\"@id\":\"https:\/\/www.ccaniene.com\/it_it\/brindisi-in-casa-aniene\/#primaryimage\"},\"image\":{\"@id\":\"https:\/\/www.ccaniene.com\/it_it\/brindisi-in-casa-aniene\/#primaryimage\"},\"thumbnailUrl\":\"https:\/\/www.ccaniene.com\/wp-content\/uploads\/2020\/12\/brindisi32020.jpg\",\"datePublished\":\"2020-12-19T14:18:09+00:00\",\"dateModified\":\"2020-12-19T17:44:38+00:00\",\"author\":{\"@id\":\"https:\/\/www.ccaniene.com\/it_it\/#\/schema\/person\/6042bd0ba360674279dffd4247d570ed\"},\"breadcrumb\":{\"@id\":\"https:\/\/www.ccaniene.com\/it_it\/brindisi-in-casa-aniene\/#breadcrumb\"},\"inLanguage\":\"en-GB\",\"potentialAction\":[{\"@type\":\"ReadAction\",\"target\":[\"https:\/\/www.ccaniene.com\/it_it\/brindisi-in-casa-aniene\/\"]}]},{\"@type\":\"ImageObject\",\"inLanguage\":\"en-GB\",\"@id\":\"https:\/\/www.ccaniene.com\/it_it\/brindisi-in-casa-aniene\/#primaryimage\",\"url\":\"https:\/\/www.ccaniene.com\/wp-content\/uploads\/2020\/12\/brindisi32020.jpg\",\"contentUrl\":\"https:\/\/www.ccaniene.com\/wp-content\/uploads\/2020\/12\/brindisi32020.jpg\",\"width\":1845,\"height\":1230},{\"@type\":\"BreadcrumbList\",\"@id\":\"https:\/\/www.ccaniene.com\/it_it\/brindisi-in-casa-aniene\/#breadcrumb\",\"itemListElement\":[{\"@type\":\"ListItem\",\"position\":1,\"name\":\"Home\",\"item\":\"https:\/\/www.ccaniene.com\/it_it\/\"},{\"@type\":\"ListItem\",\"position\":2,\"name\":\"Brindisi in casa Aniene\"}]},{\"@type\":\"WebSite\",\"@id\":\"https:\/\/www.ccaniene.com\/it_it\/#website\",\"url\":\"https:\/\/www.ccaniene.com\/it_it\/\",\"name\":\"Circolo Canottieri Aniene\",\"description\":\"Collare d&#039;Oro e Stella d&#039;Oro al Merito Sportivo\",\"potentialAction\":[{\"@type\":\"SearchAction\",\"target\":{\"@type\":\"EntryPoint\",\"urlTemplate\":\"https:\/\/www.ccaniene.com\/it_it\/?s={search_term_string}\"},\"query-input\":{\"@type\":\"PropertyValueSpecification\",\"valueRequired\":true,\"valueName\":\"search_term_string\"}}],\"inLanguage\":\"en-GB\"},{\"@type\":\"Person\",\"@id\":\"https:\/\/www.ccaniene.com\/it_it\/#\/schema\/person\/6042bd0ba360674279dffd4247d570ed\",\"name\":\"carlo.san@tin.it\",\"image\":{\"@type\":\"ImageObject\",\"inLanguage\":\"en-GB\",\"@id\":\"https:\/\/www.ccaniene.com\/it_it\/#\/schema\/person\/image\/\",\"url\":\"https:\/\/secure.gravatar.com\/avatar\/f993a459d0ffe4d666e4c917fef20ca9?s=96&d=mm&r=g\",\"contentUrl\":\"https:\/\/secure.gravatar.com\/avatar\/f993a459d0ffe4d666e4c917fef20ca9?s=96&d=mm&r=g\",\"caption\":\"carlo.san@tin.it\"},\"url\":\"https:\/\/www.ccaniene.com\/en\/author\/carlo-santi-2\/\"}]}<\/script>\n<!-- \/ Yoast SEO plugin. -->","yoast_head_json":{"title":"Brindisi in casa Aniene - Circolo Canottieri Aniene","robots":{"index":"index","follow":"follow","max-snippet":"max-snippet:-1","max-image-preview":"max-image-preview:large","max-video-preview":"max-video-preview:-1"},"canonical":"https:\/\/www.ccaniene.com\/en\/brindisi-in-casa-aniene\/","og_locale":"en_GB","og_type":"article","og_title":"Brindisi in casa Aniene - Circolo Canottieri Aniene","og_description":"Tradizionale brindisi di fine anno con il personale del Circolo Canottieri Aniene. Non poteva mancare questo appuntamento che fa parte, da anni, del Circolo con un grande senso di appartenenza. Stavolta, con le restrizioni dovute al Covid-19, l&#8217;incontro con il prezioso personale dell&#8217;Aniene si \u00e8 svolto all&#8217;aperto, sul campi di calcetto. Il presidente Massimo Fabbricini [&hellip;]","og_url":"https:\/\/www.ccaniene.com\/en\/brindisi-in-casa-aniene\/","og_site_name":"Circolo Canottieri Aniene","article_published_time":"2020-12-19T14:18:09+00:00","article_modified_time":"2020-12-19T17:44:38+00:00","og_image":[{"width":1845,"height":1230,"url":"https:\/\/www.ccaniene.com\/wp-content\/uploads\/2020\/12\/brindisi32020.jpg","type":"image\/jpeg"}],"author":"carlo.san@tin.it","twitter_card":"summary_large_image","twitter_misc":{"Written by":"carlo.san@tin.it","Estimated reading time":"1 minute"},"schema":{"@context":"https:\/\/schema.org","@graph":[{"@type":"WebPage","@id":"https:\/\/www.ccaniene.com\/it_it\/brindisi-in-casa-aniene\/","url":"https:\/\/www.ccaniene.com\/it_it\/brindisi-in-casa-aniene\/","name":"Brindisi in casa Aniene - Circolo Canottieri Aniene","isPartOf":{"@id":"https:\/\/www.ccaniene.com\/it_it\/#website"},"primaryImageOfPage":{"@id":"https:\/\/www.ccaniene.com\/it_it\/brindisi-in-casa-aniene\/#primaryimage"},"image":{"@id":"https:\/\/www.ccaniene.com\/it_it\/brindisi-in-casa-aniene\/#primaryimage"},"thumbnailUrl":"https:\/\/www.ccaniene.com\/wp-content\/uploads\/2020\/12\/brindisi32020.jpg","datePublished":"2020-12-19T14:18:09+00:00","dateModified":"2020-12-19T17:44:38+00:00","author":{"@id":"https:\/\/www.ccaniene.com\/it_it\/#\/schema\/person\/6042bd0ba360674279dffd4247d570ed"},"breadcrumb":{"@id":"https:\/\/www.ccaniene.com\/it_it\/brindisi-in-casa-aniene\/#breadcrumb"},"inLanguage":"en-GB","potentialAction":[{"@type":"ReadAction","target":["https:\/\/www.ccaniene.com\/it_it\/brindisi-in-casa-aniene\/"]}]},{"@type":"ImageObject","inLanguage":"en-GB","@id":"https:\/\/www.ccaniene.com\/it_it\/brindisi-in-casa-aniene\/#primaryimage","url":"https:\/\/www.ccaniene.com\/wp-content\/uploads\/2020\/12\/brindisi32020.jpg","contentUrl":"https:\/\/www.ccaniene.com\/wp-content\/uploads\/2020\/12\/brindisi32020.jpg","width":1845,"height":1230},{"@type":"BreadcrumbList","@id":"https:\/\/www.ccaniene.com\/it_it\/brindisi-in-casa-aniene\/#breadcrumb","itemListElement":[{"@type":"ListItem","position":1,"name":"Home","item":"https:\/\/www.ccaniene.com\/it_it\/"},{"@type":"ListItem","position":2,"name":"Brindisi in casa Aniene"}]},{"@type":"WebSite","@id":"https:\/\/www.ccaniene.com\/it_it\/#website","url":"https:\/\/www.ccaniene.com\/it_it\/","name":"Circolo Canottieri Aniene","description":"Collare d&#039;Oro e Stella d&#039;Oro al Merito Sportivo","potentialAction":[{"@type":"SearchAction","target":{"@type":"EntryPoint","urlTemplate":"https:\/\/www.ccaniene.com\/it_it\/?s={search_term_string}"},"query-input":{"@type":"PropertyValueSpecification","valueRequired":true,"valueName":"search_term_string"}}],"inLanguage":"en-GB"},{"@type":"Person","@id":"https:\/\/www.ccaniene.com\/it_it\/#\/schema\/person\/6042bd0ba360674279dffd4247d570ed","name":"carlo.san@tin.it","image":{"@type":"ImageObject","inLanguage":"en-GB","@id":"https:\/\/www.ccaniene.com\/it_it\/#\/schema\/person\/image\/","url":"https:\/\/secure.gravatar.com\/avatar\/f993a459d0ffe4d666e4c917fef20ca9?s=96&d=mm&r=g","contentUrl":"https:\/\/secure.gravatar.com\/avatar\/f993a459d0ffe4d666e4c917fef20ca9?s=96&d=mm&r=g","caption":"carlo.san@tin.it"},"url":"https:\/\/www.ccaniene.com\/en\/author\/carlo-santi-2\/"}]}},"_links":{"self":[{"href":"https:\/\/www.ccaniene.com\/en\/wp-json\/wp\/v2\/posts\/19684"}],"collection":[{"href":"https:\/\/www.ccaniene.com\/en\/wp-json\/wp\/v2\/posts"}],"about":[{"href":"https:\/\/www.ccaniene.com\/en\/wp-json\/wp\/v2\/types\/post"}],"author":[{"embeddable":true,"href":"https:\/\/www.ccaniene.com\/en\/wp-json\/wp\/v2\/users\/23521"}],"replies":[{"embeddable":true,"href":"https:\/\/www.ccaniene.com\/en\/wp-json\/wp\/v2\/comments?post=19684"}],"version-history":[{"count":3,"href":"https:\/\/www.ccaniene.com\/en\/wp-json\/wp\/v2\/posts\/19684\/revisions"}],"predecessor-version":[{"id":19699,"href":"https:\/\/www.ccaniene.com\/en\/wp-json\/wp\/v2\/posts\/19684\/revisions\/19699"}],"wp:featuredmedia":[{"embeddable":true,"href":"https:\/\/www.ccaniene.com\/en\/wp-json\/wp\/v2\/media\/19693"}],"wp:attachment":[{"href":"https:\/\/www.ccaniene.com\/en\/wp-json\/wp\/v2\/media?parent=19684"}],"wp:term":[{"taxonomy":"category","embeddable":true,"href":"https:\/\/www.ccaniene.com\/en\/wp-json\/wp\/v2\/categories?post=19684"},{"taxonomy":"post_tag","embeddable":true,"href":"https:\/\/www.ccaniene.com\/en\/wp-json\/wp\/v2\/tags?post=19684"}],"curies":[{"name":"wp","href":"https:\/\/api.w.org\/{rel}","templated":true}]}}