{"id":19514,"date":"2020-10-26T11:58:32","date_gmt":"2020-10-26T10:58:32","guid":{"rendered":"https:\/\/www.ccaniene.com\/?p=19514"},"modified":"2020-10-26T11:58:32","modified_gmt":"2020-10-26T10:58:32","slug":"a-firenze-aniene-protagonistaai-campionati-italiani-maratona","status":"publish","type":"post","link":"https:\/\/www.ccaniene.com\/en\/a-firenze-aniene-protagonistaai-campionati-italiani-maratona\/","title":{"rendered":"A Firenze, Aniene protagonista<br>ai campionati italiani maratona"},"content":{"rendered":"<p>Si conclude la stagione sportiva 2020 per la squadra agonistica della Sezione Canoa con un finale ricco di soddisfazioni per i nostri colori.<\/p>\n<p>A Firenze, sulle acque dell\u2019Arno, si \u00e8 svolto il campionato italiano di Maratona. Presenti pi\u00f9 di 40 societ\u00e0 e il Circolo Canottieri Aniene ha schierato 14 atleti.<\/p>\n<p>A far la parte del leone \u00e8 stata ancora una volta la coppia Gabriele Duchini e Alessandro Gemma. I nostri atleti juniores hanno dominato la categoria conquistando rispettivamente oro e bronzo nel K1 mentre non hanno avuto rivali nel K2: hanno vinto con ampio margine il titolo italiano.<\/p>\n<p>Conferma per l\u2019atleta paralimpica Eleonora de Paolis nel KL1 senior femminile. Sempre nella categoria senior, successo nel C1 maschile con Andrea Sgaravatto e nel K2 femminile con Antea Mariani e Camilla Toraldo.<\/p>\n<p>Nelle gare riservate agli Under 23 Matteo Pallante si \u00e8 piazzato secondo nel K1 cos\u00ec come Lonigro-Romano nel K2.<\/p>\n<p>Vittorie per l\u2019ormai rodato K2 juniores femminile formato da Federica Siena e Francesca Blanda\u00a0 e per il K2 ragazze di Myriam Marchetti e Mafalda Pace alla loro prima medaglia tricolore.<\/p>\n<p>L\u2019Aniene ha chiuso al primo posto la classifica generale davanti al Cus Milano e ai padroni di casa della Comunali Firenze.<\/p>\n<p>&nbsp;<\/p>","protected":false},"excerpt":{"rendered":"<p>Si conclude la stagione sportiva 2020 per la squadra agonistica della Sezione Canoa con un finale ricco di soddisfazioni per i nostri colori. A Firenze, sulle acque dell\u2019Arno, si \u00e8 svolto il campionato italiano di Maratona. Presenti pi\u00f9 di 40 societ\u00e0 e il Circolo Canottieri Aniene ha schierato 14 atleti. A far la parte del [&hellip;]<\/p>","protected":false},"author":23521,"featured_media":19516,"comment_status":"closed","ping_status":"closed","sticky":false,"template":"","format":"standard","meta":{"pmpro_default_level":0,"footnotes":"","_links_to":"","_links_to_target":""},"categories":[8,1],"tags":[],"class_list":["post-19514","post","type-post","status-publish","format-standard","has-post-thumbnail","hentry","category-canoa","category-news","pmpro-has-access"],"featured_image_urls":{"medium":"https:\/\/www.ccaniene.com\/wp-content\/uploads\/2020\/10\/canoa2-scaled-800x533.jpg","large":"https:\/\/www.ccaniene.com\/wp-content\/uploads\/2020\/10\/canoa2-scaled-1920x1280.jpg","thumbnail":"https:\/\/www.ccaniene.com\/wp-content\/uploads\/2020\/10\/canoa2-scaled-400x400.jpg","medium_large":"https:\/\/www.ccaniene.com\/wp-content\/uploads\/2020\/10\/canoa2-scaled-768x512.jpg","1536x1536":"https:\/\/www.ccaniene.com\/wp-content\/uploads\/2020\/10\/canoa2-scaled-1536x1024.jpg","2048x2048":"https:\/\/www.ccaniene.com\/wp-content\/uploads\/2020\/10\/canoa2-scaled-2048x1366.jpg","slider":"https:\/\/www.ccaniene.com\/wp-content\/uploads\/2020\/10\/canoa2-scaled-1920x1080.jpg"},"appp_media":null,"yoast_head":"<!-- This site is optimized with the Yoast SEO plugin v23.6 - https:\/\/yoast.com\/wordpress\/plugins\/seo\/ -->\n<title>A Firenze, Aniene protagonistaai campionati italiani maratona - Circolo Canottieri Aniene<\/title>\n<meta name=\"robots\" content=\"index, follow, max-snippet:-1, max-image-preview:large, max-video-preview:-1\" \/>\n<link rel=\"canonical\" href=\"http:\/\/www.ccaniene.com\/en\/a-firenze-aniene-protagonistaai-campionati-italiani-maratona\/\" \/>\n<meta property=\"og:locale\" content=\"en_GB\" \/>\n<meta property=\"og:type\" content=\"article\" \/>\n<meta property=\"og:title\" content=\"A Firenze, Aniene protagonistaai campionati italiani maratona - Circolo Canottieri Aniene\" \/>\n<meta property=\"og:description\" content=\"Si conclude la stagione sportiva 2020 per la squadra agonistica della Sezione Canoa con un finale ricco di soddisfazioni per i nostri colori. A Firenze, sulle acque dell\u2019Arno, si \u00e8 svolto il campionato italiano di Maratona. Presenti pi\u00f9 di 40 societ\u00e0 e il Circolo Canottieri Aniene ha schierato 14 atleti. A far la parte del [&hellip;]\" \/>\n<meta property=\"og:url\" content=\"http:\/\/www.ccaniene.com\/en\/a-firenze-aniene-protagonistaai-campionati-italiani-maratona\/\" \/>\n<meta property=\"og:site_name\" content=\"Circolo Canottieri Aniene\" \/>\n<meta property=\"article:published_time\" content=\"2020-10-26T10:58:32+00:00\" \/>\n<meta property=\"og:image\" content=\"http:\/\/www.ccaniene.com\/wp-content\/uploads\/2020\/10\/canoa2-scaled.jpg\" \/>\n\t<meta property=\"og:image:width\" content=\"2560\" \/>\n\t<meta property=\"og:image:height\" content=\"1707\" \/>\n\t<meta property=\"og:image:type\" content=\"image\/jpeg\" \/>\n<meta name=\"author\" content=\"carlo.san@tin.it\" \/>\n<meta name=\"twitter:card\" content=\"summary_large_image\" \/>\n<meta name=\"twitter:label1\" content=\"Written by\" \/>\n\t<meta name=\"twitter:data1\" content=\"carlo.san@tin.it\" \/>\n\t<meta name=\"twitter:label2\" content=\"Estimated reading time\" \/>\n\t<meta name=\"twitter:data2\" content=\"1 minute\" \/>\n<script type=\"application\/ld+json\" class=\"yoast-schema-graph\">{\"@context\":\"https:\/\/schema.org\",\"@graph\":[{\"@type\":\"WebPage\",\"@id\":\"http:\/\/www.ccaniene.com\/en\/a-firenze-aniene-protagonistaai-campionati-italiani-maratona\/\",\"url\":\"http:\/\/www.ccaniene.com\/en\/a-firenze-aniene-protagonistaai-campionati-italiani-maratona\/\",\"name\":\"A Firenze, Aniene protagonista ai campionati italiani maratona - Circolo Canottieri Aniene\",\"isPartOf\":{\"@id\":\"http:\/\/www.ccaniene.com\/it_it\/#website\"},\"primaryImageOfPage\":{\"@id\":\"http:\/\/www.ccaniene.com\/en\/a-firenze-aniene-protagonistaai-campionati-italiani-maratona\/#primaryimage\"},\"image\":{\"@id\":\"http:\/\/www.ccaniene.com\/en\/a-firenze-aniene-protagonistaai-campionati-italiani-maratona\/#primaryimage\"},\"thumbnailUrl\":\"https:\/\/www.ccaniene.com\/wp-content\/uploads\/2020\/10\/canoa2-scaled.jpg\",\"datePublished\":\"2020-10-26T10:58:32+00:00\",\"dateModified\":\"2020-10-26T10:58:32+00:00\",\"author\":{\"@id\":\"http:\/\/www.ccaniene.com\/it_it\/#\/schema\/person\/6042bd0ba360674279dffd4247d570ed\"},\"breadcrumb\":{\"@id\":\"http:\/\/www.ccaniene.com\/en\/a-firenze-aniene-protagonistaai-campionati-italiani-maratona\/#breadcrumb\"},\"inLanguage\":\"en-GB\",\"potentialAction\":[{\"@type\":\"ReadAction\",\"target\":[\"http:\/\/www.ccaniene.com\/en\/a-firenze-aniene-protagonistaai-campionati-italiani-maratona\/\"]}]},{\"@type\":\"ImageObject\",\"inLanguage\":\"en-GB\",\"@id\":\"http:\/\/www.ccaniene.com\/en\/a-firenze-aniene-protagonistaai-campionati-italiani-maratona\/#primaryimage\",\"url\":\"https:\/\/www.ccaniene.com\/wp-content\/uploads\/2020\/10\/canoa2-scaled.jpg\",\"contentUrl\":\"https:\/\/www.ccaniene.com\/wp-content\/uploads\/2020\/10\/canoa2-scaled.jpg\",\"width\":2560,\"height\":1707},{\"@type\":\"BreadcrumbList\",\"@id\":\"http:\/\/www.ccaniene.com\/en\/a-firenze-aniene-protagonistaai-campionati-italiani-maratona\/#breadcrumb\",\"itemListElement\":[{\"@type\":\"ListItem\",\"position\":1,\"name\":\"Home\",\"item\":\"http:\/\/www.ccaniene.com\/it_it\/\"},{\"@type\":\"ListItem\",\"position\":2,\"name\":\"A Firenze, Aniene protagonistaai campionati italiani maratona\"}]},{\"@type\":\"WebSite\",\"@id\":\"http:\/\/www.ccaniene.com\/it_it\/#website\",\"url\":\"http:\/\/www.ccaniene.com\/it_it\/\",\"name\":\"Circolo Canottieri Aniene\",\"description\":\"Collare d&#039;Oro e Stella d&#039;Oro al Merito Sportivo\",\"potentialAction\":[{\"@type\":\"SearchAction\",\"target\":{\"@type\":\"EntryPoint\",\"urlTemplate\":\"http:\/\/www.ccaniene.com\/it_it\/?s={search_term_string}\"},\"query-input\":{\"@type\":\"PropertyValueSpecification\",\"valueRequired\":true,\"valueName\":\"search_term_string\"}}],\"inLanguage\":\"en-GB\"},{\"@type\":\"Person\",\"@id\":\"http:\/\/www.ccaniene.com\/it_it\/#\/schema\/person\/6042bd0ba360674279dffd4247d570ed\",\"name\":\"carlo.san@tin.it\",\"image\":{\"@type\":\"ImageObject\",\"inLanguage\":\"en-GB\",\"@id\":\"http:\/\/www.ccaniene.com\/it_it\/#\/schema\/person\/image\/\",\"url\":\"https:\/\/secure.gravatar.com\/avatar\/f993a459d0ffe4d666e4c917fef20ca9?s=96&d=mm&r=g\",\"contentUrl\":\"https:\/\/secure.gravatar.com\/avatar\/f993a459d0ffe4d666e4c917fef20ca9?s=96&d=mm&r=g\",\"caption\":\"carlo.san@tin.it\"},\"url\":\"https:\/\/www.ccaniene.com\/en\/author\/carlo-santi-2\/\"}]}<\/script>\n<!-- \/ Yoast SEO plugin. -->","yoast_head_json":{"title":"A Firenze, Aniene protagonistaai campionati italiani maratona - Circolo Canottieri Aniene","robots":{"index":"index","follow":"follow","max-snippet":"max-snippet:-1","max-image-preview":"max-image-preview:large","max-video-preview":"max-video-preview:-1"},"canonical":"http:\/\/www.ccaniene.com\/en\/a-firenze-aniene-protagonistaai-campionati-italiani-maratona\/","og_locale":"en_GB","og_type":"article","og_title":"A Firenze, Aniene protagonistaai campionati italiani maratona - Circolo Canottieri Aniene","og_description":"Si conclude la stagione sportiva 2020 per la squadra agonistica della Sezione Canoa con un finale ricco di soddisfazioni per i nostri colori. A Firenze, sulle acque dell\u2019Arno, si \u00e8 svolto il campionato italiano di Maratona. Presenti pi\u00f9 di 40 societ\u00e0 e il Circolo Canottieri Aniene ha schierato 14 atleti. A far la parte del [&hellip;]","og_url":"http:\/\/www.ccaniene.com\/en\/a-firenze-aniene-protagonistaai-campionati-italiani-maratona\/","og_site_name":"Circolo Canottieri Aniene","article_published_time":"2020-10-26T10:58:32+00:00","og_image":[{"width":2560,"height":1707,"url":"http:\/\/www.ccaniene.com\/wp-content\/uploads\/2020\/10\/canoa2-scaled.jpg","type":"image\/jpeg"}],"author":"carlo.san@tin.it","twitter_card":"summary_large_image","twitter_misc":{"Written by":"carlo.san@tin.it","Estimated reading time":"1 minute"},"schema":{"@context":"https:\/\/schema.org","@graph":[{"@type":"WebPage","@id":"http:\/\/www.ccaniene.com\/en\/a-firenze-aniene-protagonistaai-campionati-italiani-maratona\/","url":"http:\/\/www.ccaniene.com\/en\/a-firenze-aniene-protagonistaai-campionati-italiani-maratona\/","name":"A Firenze, Aniene protagonista ai campionati italiani maratona - Circolo Canottieri Aniene","isPartOf":{"@id":"http:\/\/www.ccaniene.com\/it_it\/#website"},"primaryImageOfPage":{"@id":"http:\/\/www.ccaniene.com\/en\/a-firenze-aniene-protagonistaai-campionati-italiani-maratona\/#primaryimage"},"image":{"@id":"http:\/\/www.ccaniene.com\/en\/a-firenze-aniene-protagonistaai-campionati-italiani-maratona\/#primaryimage"},"thumbnailUrl":"https:\/\/www.ccaniene.com\/wp-content\/uploads\/2020\/10\/canoa2-scaled.jpg","datePublished":"2020-10-26T10:58:32+00:00","dateModified":"2020-10-26T10:58:32+00:00","author":{"@id":"http:\/\/www.ccaniene.com\/it_it\/#\/schema\/person\/6042bd0ba360674279dffd4247d570ed"},"breadcrumb":{"@id":"http:\/\/www.ccaniene.com\/en\/a-firenze-aniene-protagonistaai-campionati-italiani-maratona\/#breadcrumb"},"inLanguage":"en-GB","potentialAction":[{"@type":"ReadAction","target":["http:\/\/www.ccaniene.com\/en\/a-firenze-aniene-protagonistaai-campionati-italiani-maratona\/"]}]},{"@type":"ImageObject","inLanguage":"en-GB","@id":"http:\/\/www.ccaniene.com\/en\/a-firenze-aniene-protagonistaai-campionati-italiani-maratona\/#primaryimage","url":"https:\/\/www.ccaniene.com\/wp-content\/uploads\/2020\/10\/canoa2-scaled.jpg","contentUrl":"https:\/\/www.ccaniene.com\/wp-content\/uploads\/2020\/10\/canoa2-scaled.jpg","width":2560,"height":1707},{"@type":"BreadcrumbList","@id":"http:\/\/www.ccaniene.com\/en\/a-firenze-aniene-protagonistaai-campionati-italiani-maratona\/#breadcrumb","itemListElement":[{"@type":"ListItem","position":1,"name":"Home","item":"http:\/\/www.ccaniene.com\/it_it\/"},{"@type":"ListItem","position":2,"name":"A Firenze, Aniene protagonistaai campionati italiani maratona"}]},{"@type":"WebSite","@id":"http:\/\/www.ccaniene.com\/it_it\/#website","url":"http:\/\/www.ccaniene.com\/it_it\/","name":"Circolo Canottieri Aniene","description":"Collare d&#039;Oro e Stella d&#039;Oro al Merito Sportivo","potentialAction":[{"@type":"SearchAction","target":{"@type":"EntryPoint","urlTemplate":"http:\/\/www.ccaniene.com\/it_it\/?s={search_term_string}"},"query-input":{"@type":"PropertyValueSpecification","valueRequired":true,"valueName":"search_term_string"}}],"inLanguage":"en-GB"},{"@type":"Person","@id":"http:\/\/www.ccaniene.com\/it_it\/#\/schema\/person\/6042bd0ba360674279dffd4247d570ed","name":"carlo.san@tin.it","image":{"@type":"ImageObject","inLanguage":"en-GB","@id":"http:\/\/www.ccaniene.com\/it_it\/#\/schema\/person\/image\/","url":"https:\/\/secure.gravatar.com\/avatar\/f993a459d0ffe4d666e4c917fef20ca9?s=96&d=mm&r=g","contentUrl":"https:\/\/secure.gravatar.com\/avatar\/f993a459d0ffe4d666e4c917fef20ca9?s=96&d=mm&r=g","caption":"carlo.san@tin.it"},"url":"https:\/\/www.ccaniene.com\/en\/author\/carlo-santi-2\/"}]}},"_links":{"self":[{"href":"https:\/\/www.ccaniene.com\/en\/wp-json\/wp\/v2\/posts\/19514"}],"collection":[{"href":"https:\/\/www.ccaniene.com\/en\/wp-json\/wp\/v2\/posts"}],"about":[{"href":"https:\/\/www.ccaniene.com\/en\/wp-json\/wp\/v2\/types\/post"}],"author":[{"embeddable":true,"href":"https:\/\/www.ccaniene.com\/en\/wp-json\/wp\/v2\/users\/23521"}],"replies":[{"embeddable":true,"href":"https:\/\/www.ccaniene.com\/en\/wp-json\/wp\/v2\/comments?post=19514"}],"version-history":[{"count":1,"href":"https:\/\/www.ccaniene.com\/en\/wp-json\/wp\/v2\/posts\/19514\/revisions"}],"predecessor-version":[{"id":19515,"href":"https:\/\/www.ccaniene.com\/en\/wp-json\/wp\/v2\/posts\/19514\/revisions\/19515"}],"wp:featuredmedia":[{"embeddable":true,"href":"https:\/\/www.ccaniene.com\/en\/wp-json\/wp\/v2\/media\/19516"}],"wp:attachment":[{"href":"https:\/\/www.ccaniene.com\/en\/wp-json\/wp\/v2\/media?parent=19514"}],"wp:term":[{"taxonomy":"category","embeddable":true,"href":"https:\/\/www.ccaniene.com\/en\/wp-json\/wp\/v2\/categories?post=19514"},{"taxonomy":"post_tag","embeddable":true,"href":"https:\/\/www.ccaniene.com\/en\/wp-json\/wp\/v2\/tags?post=19514"}],"curies":[{"name":"wp","href":"https:\/\/api.w.org\/{rel}","templated":true}]}}