{"id":18084,"date":"2019-11-15T16:19:50","date_gmt":"2019-11-15T15:19:50","guid":{"rendered":"https:\/\/www.ccaniene.com\/?p=18084"},"modified":"2019-11-15T16:35:06","modified_gmt":"2019-11-15T15:35:06","slug":"nuoto-i-nostri-atleti-ricevuti-al-quirinale-da-mattarella","status":"publish","type":"post","link":"https:\/\/www.ccaniene.com\/en\/nuoto-i-nostri-atleti-ricevuti-al-quirinale-da-mattarella\/","title":{"rendered":"Nuoto, i nostri atleti ricevuti al Quirinale da Mattarella"},"content":{"rendered":"<p>Dopo tante bracciate, dopo mille partenze e mille virate \u00e8 arrivato il giorno del riconoscimento degli sforzi fatti. Alessia, Marika, Karim, Riccardo e Simone sono stati ricevuti nella splendida cornice del Quirinale dal Presidente della Repubblica Sergio Mattarella, assieme a tutta la Nazionale italiana, che ha toccato il vertice nel medagliere dell&#8217;ultima rassegna iridata di Londra con un cospicuo bottino di 50 medaglie, al quale i nostri hanno contribuito con l&#8217;argento di Alessia e i due bronzi di Riccardo e Simone.<\/p>\n<p><a href=\"http:\/\/www.ccaniene.com\/wp-content\/uploads\/2019\/11\/PHOTO-2019-11-14-18-51-41-2-1.jpg\"><img fetchpriority=\"high\" decoding=\"async\" class=\"wp-image-18087 size-medium alignleft\" src=\"http:\/\/www.ccaniene.com\/wp-content\/uploads\/2019\/11\/PHOTO-2019-11-14-18-51-41-2-1-345x460.jpg\" alt=\"\" width=\"345\" height=\"460\" \/><\/a><\/p>\n<p>Ad essi vanno aggiunti i promettenti bronzi di Marika e Karim agli Eurojunior di Helsinki. I nostri ragazzi, ancorch\u00e9 visibilmente emozionati, si sono ben comportati al cospetto di tante autorit\u00e0 e si sono anche goduti il momento affinando le capacit\u00e0 di autocontrollo che dovranno sfoggiare negli appuntamenti clou del 2020: Europei a Funchal in maggio e Paralimpiade a Tokyo in settembre.<\/p>\n<p>Intanto il tempo stringe per gli ultimi due impegni di stagione: Assoluti in vasca corta a Portici a fine mese e meeting internazionale di Brescia il 15 dicembre. La scalata al ranking continua&#8230; road to Tokyo!<\/p>\n<p><a href=\"http:\/\/www.ccaniene.com\/wp-content\/uploads\/2019\/11\/PHOTO-2019-11-14-18-51-41.jpg\"><img decoding=\"async\" class=\"alignnone size-medium wp-image-18089\" src=\"http:\/\/www.ccaniene.com\/wp-content\/uploads\/2019\/11\/PHOTO-2019-11-14-18-51-41-460x447.jpg\" alt=\"\" width=\"460\" height=\"447\" \/><\/a><\/p>","protected":false},"excerpt":{"rendered":"<p>Dopo tante bracciate, dopo mille partenze e mille virate \u00e8 arrivato il giorno del riconoscimento degli sforzi fatti. Alessia, Marika, Karim, Riccardo e Simone sono stati ricevuti nella splendida cornice del Quirinale dal Presidente della Repubblica Sergio Mattarella, assieme a tutta la Nazionale italiana, che ha toccato il vertice nel medagliere dell&#8217;ultima rassegna iridata di [&hellip;]<\/p>","protected":false},"author":23521,"featured_media":18085,"comment_status":"closed","ping_status":"closed","sticky":false,"template":"","format":"standard","meta":{"pmpro_default_level":0,"footnotes":"","_links_to":"","_links_to_target":""},"categories":[1,46],"tags":[],"class_list":["post-18084","post","type-post","status-publish","format-standard","has-post-thumbnail","hentry","category-news","category-sport-paralimpici","pmpro-has-access"],"featured_image_urls":{"medium":"https:\/\/www.ccaniene.com\/wp-content\/uploads\/2019\/11\/PHOTO-2019-11-14-18-51-41-2-800x534.jpg","thumbnail":"https:\/\/www.ccaniene.com\/wp-content\/uploads\/2019\/11\/PHOTO-2019-11-14-18-51-41-2-400x400.jpg","medium_large":"https:\/\/www.ccaniene.com\/wp-content\/uploads\/2019\/11\/PHOTO-2019-11-14-18-51-41-2-768x512.jpg","1536x1536":"https:\/\/www.ccaniene.com\/wp-content\/uploads\/2019\/11\/PHOTO-2019-11-14-18-51-41-2-1536x1024.jpg"},"appp_media":null,"yoast_head":"<!-- This site is optimized with the Yoast SEO plugin v23.6 - https:\/\/yoast.com\/wordpress\/plugins\/seo\/ -->\n<title>Nuoto, i nostri atleti ricevuti al Quirinale da Mattarella - Circolo Canottieri Aniene<\/title>\n<meta name=\"robots\" content=\"index, follow, max-snippet:-1, max-image-preview:large, max-video-preview:-1\" \/>\n<link rel=\"canonical\" href=\"https:\/\/www.ccaniene.com\/en\/nuoto-i-nostri-atleti-ricevuti-al-quirinale-da-mattarella\/\" \/>\n<meta property=\"og:locale\" content=\"en_GB\" \/>\n<meta property=\"og:type\" content=\"article\" \/>\n<meta property=\"og:title\" content=\"Nuoto, i nostri atleti ricevuti al Quirinale da Mattarella - Circolo Canottieri Aniene\" \/>\n<meta property=\"og:description\" content=\"Dopo tante bracciate, dopo mille partenze e mille virate \u00e8 arrivato il giorno del riconoscimento degli sforzi fatti. Alessia, Marika, Karim, Riccardo e Simone sono stati ricevuti nella splendida cornice del Quirinale dal Presidente della Repubblica Sergio Mattarella, assieme a tutta la Nazionale italiana, che ha toccato il vertice nel medagliere dell&#8217;ultima rassegna iridata di [&hellip;]\" \/>\n<meta property=\"og:url\" content=\"https:\/\/www.ccaniene.com\/en\/nuoto-i-nostri-atleti-ricevuti-al-quirinale-da-mattarella\/\" \/>\n<meta property=\"og:site_name\" content=\"Circolo Canottieri Aniene\" \/>\n<meta property=\"article:published_time\" content=\"2019-11-15T15:19:50+00:00\" \/>\n<meta property=\"article:modified_time\" content=\"2019-11-15T15:35:06+00:00\" \/>\n<meta property=\"og:image\" content=\"https:\/\/www.ccaniene.com\/wp-content\/uploads\/2019\/11\/PHOTO-2019-11-14-18-51-41-2.jpg\" \/>\n\t<meta property=\"og:image:width\" content=\"1600\" \/>\n\t<meta property=\"og:image:height\" content=\"1067\" \/>\n\t<meta property=\"og:image:type\" content=\"image\/jpeg\" \/>\n<meta name=\"author\" content=\"carlo.san@tin.it\" \/>\n<meta name=\"twitter:card\" content=\"summary_large_image\" \/>\n<meta name=\"twitter:label1\" content=\"Written by\" \/>\n\t<meta name=\"twitter:data1\" content=\"carlo.san@tin.it\" \/>\n\t<meta name=\"twitter:label2\" content=\"Estimated reading time\" \/>\n\t<meta name=\"twitter:data2\" content=\"1 minute\" \/>\n<script type=\"application\/ld+json\" class=\"yoast-schema-graph\">{\"@context\":\"https:\/\/schema.org\",\"@graph\":[{\"@type\":\"WebPage\",\"@id\":\"https:\/\/www.ccaniene.com\/it_it\/nuoto-i-nostri-atleti-ricevuti-al-quirinale-da-mattarella\/\",\"url\":\"https:\/\/www.ccaniene.com\/it_it\/nuoto-i-nostri-atleti-ricevuti-al-quirinale-da-mattarella\/\",\"name\":\"Nuoto, i nostri atleti ricevuti al Quirinale da Mattarella - Circolo Canottieri Aniene\",\"isPartOf\":{\"@id\":\"http:\/\/www.ccaniene.com\/it_it\/#website\"},\"primaryImageOfPage\":{\"@id\":\"https:\/\/www.ccaniene.com\/it_it\/nuoto-i-nostri-atleti-ricevuti-al-quirinale-da-mattarella\/#primaryimage\"},\"image\":{\"@id\":\"https:\/\/www.ccaniene.com\/it_it\/nuoto-i-nostri-atleti-ricevuti-al-quirinale-da-mattarella\/#primaryimage\"},\"thumbnailUrl\":\"https:\/\/www.ccaniene.com\/wp-content\/uploads\/2019\/11\/PHOTO-2019-11-14-18-51-41-2.jpg\",\"datePublished\":\"2019-11-15T15:19:50+00:00\",\"dateModified\":\"2019-11-15T15:35:06+00:00\",\"author\":{\"@id\":\"http:\/\/www.ccaniene.com\/it_it\/#\/schema\/person\/6042bd0ba360674279dffd4247d570ed\"},\"breadcrumb\":{\"@id\":\"https:\/\/www.ccaniene.com\/it_it\/nuoto-i-nostri-atleti-ricevuti-al-quirinale-da-mattarella\/#breadcrumb\"},\"inLanguage\":\"en-GB\",\"potentialAction\":[{\"@type\":\"ReadAction\",\"target\":[\"https:\/\/www.ccaniene.com\/it_it\/nuoto-i-nostri-atleti-ricevuti-al-quirinale-da-mattarella\/\"]}]},{\"@type\":\"ImageObject\",\"inLanguage\":\"en-GB\",\"@id\":\"https:\/\/www.ccaniene.com\/it_it\/nuoto-i-nostri-atleti-ricevuti-al-quirinale-da-mattarella\/#primaryimage\",\"url\":\"https:\/\/www.ccaniene.com\/wp-content\/uploads\/2019\/11\/PHOTO-2019-11-14-18-51-41-2.jpg\",\"contentUrl\":\"https:\/\/www.ccaniene.com\/wp-content\/uploads\/2019\/11\/PHOTO-2019-11-14-18-51-41-2.jpg\",\"width\":1600,\"height\":1067},{\"@type\":\"BreadcrumbList\",\"@id\":\"https:\/\/www.ccaniene.com\/it_it\/nuoto-i-nostri-atleti-ricevuti-al-quirinale-da-mattarella\/#breadcrumb\",\"itemListElement\":[{\"@type\":\"ListItem\",\"position\":1,\"name\":\"Home\",\"item\":\"http:\/\/www.ccaniene.com\/it_it\/\"},{\"@type\":\"ListItem\",\"position\":2,\"name\":\"Nuoto, i nostri atleti ricevuti al Quirinale da Mattarella\"}]},{\"@type\":\"WebSite\",\"@id\":\"http:\/\/www.ccaniene.com\/it_it\/#website\",\"url\":\"http:\/\/www.ccaniene.com\/it_it\/\",\"name\":\"Circolo Canottieri Aniene\",\"description\":\"Collare d&#039;Oro e Stella d&#039;Oro al Merito Sportivo\",\"potentialAction\":[{\"@type\":\"SearchAction\",\"target\":{\"@type\":\"EntryPoint\",\"urlTemplate\":\"http:\/\/www.ccaniene.com\/it_it\/?s={search_term_string}\"},\"query-input\":{\"@type\":\"PropertyValueSpecification\",\"valueRequired\":true,\"valueName\":\"search_term_string\"}}],\"inLanguage\":\"en-GB\"},{\"@type\":\"Person\",\"@id\":\"http:\/\/www.ccaniene.com\/it_it\/#\/schema\/person\/6042bd0ba360674279dffd4247d570ed\",\"name\":\"carlo.san@tin.it\",\"image\":{\"@type\":\"ImageObject\",\"inLanguage\":\"en-GB\",\"@id\":\"http:\/\/www.ccaniene.com\/it_it\/#\/schema\/person\/image\/\",\"url\":\"https:\/\/secure.gravatar.com\/avatar\/f993a459d0ffe4d666e4c917fef20ca9?s=96&d=mm&r=g\",\"contentUrl\":\"https:\/\/secure.gravatar.com\/avatar\/f993a459d0ffe4d666e4c917fef20ca9?s=96&d=mm&r=g\",\"caption\":\"carlo.san@tin.it\"},\"url\":\"https:\/\/www.ccaniene.com\/en\/author\/carlo-santi-2\/\"}]}<\/script>\n<!-- \/ Yoast SEO plugin. -->","yoast_head_json":{"title":"Nuoto, i nostri atleti ricevuti al Quirinale da Mattarella - Circolo Canottieri Aniene","robots":{"index":"index","follow":"follow","max-snippet":"max-snippet:-1","max-image-preview":"max-image-preview:large","max-video-preview":"max-video-preview:-1"},"canonical":"https:\/\/www.ccaniene.com\/en\/nuoto-i-nostri-atleti-ricevuti-al-quirinale-da-mattarella\/","og_locale":"en_GB","og_type":"article","og_title":"Nuoto, i nostri atleti ricevuti al Quirinale da Mattarella - Circolo Canottieri Aniene","og_description":"Dopo tante bracciate, dopo mille partenze e mille virate \u00e8 arrivato il giorno del riconoscimento degli sforzi fatti. Alessia, Marika, Karim, Riccardo e Simone sono stati ricevuti nella splendida cornice del Quirinale dal Presidente della Repubblica Sergio Mattarella, assieme a tutta la Nazionale italiana, che ha toccato il vertice nel medagliere dell&#8217;ultima rassegna iridata di [&hellip;]","og_url":"https:\/\/www.ccaniene.com\/en\/nuoto-i-nostri-atleti-ricevuti-al-quirinale-da-mattarella\/","og_site_name":"Circolo Canottieri Aniene","article_published_time":"2019-11-15T15:19:50+00:00","article_modified_time":"2019-11-15T15:35:06+00:00","og_image":[{"width":1600,"height":1067,"url":"https:\/\/www.ccaniene.com\/wp-content\/uploads\/2019\/11\/PHOTO-2019-11-14-18-51-41-2.jpg","type":"image\/jpeg"}],"author":"carlo.san@tin.it","twitter_card":"summary_large_image","twitter_misc":{"Written by":"carlo.san@tin.it","Estimated reading time":"1 minute"},"schema":{"@context":"https:\/\/schema.org","@graph":[{"@type":"WebPage","@id":"https:\/\/www.ccaniene.com\/it_it\/nuoto-i-nostri-atleti-ricevuti-al-quirinale-da-mattarella\/","url":"https:\/\/www.ccaniene.com\/it_it\/nuoto-i-nostri-atleti-ricevuti-al-quirinale-da-mattarella\/","name":"Nuoto, i nostri atleti ricevuti al Quirinale da Mattarella - Circolo Canottieri Aniene","isPartOf":{"@id":"http:\/\/www.ccaniene.com\/it_it\/#website"},"primaryImageOfPage":{"@id":"https:\/\/www.ccaniene.com\/it_it\/nuoto-i-nostri-atleti-ricevuti-al-quirinale-da-mattarella\/#primaryimage"},"image":{"@id":"https:\/\/www.ccaniene.com\/it_it\/nuoto-i-nostri-atleti-ricevuti-al-quirinale-da-mattarella\/#primaryimage"},"thumbnailUrl":"https:\/\/www.ccaniene.com\/wp-content\/uploads\/2019\/11\/PHOTO-2019-11-14-18-51-41-2.jpg","datePublished":"2019-11-15T15:19:50+00:00","dateModified":"2019-11-15T15:35:06+00:00","author":{"@id":"http:\/\/www.ccaniene.com\/it_it\/#\/schema\/person\/6042bd0ba360674279dffd4247d570ed"},"breadcrumb":{"@id":"https:\/\/www.ccaniene.com\/it_it\/nuoto-i-nostri-atleti-ricevuti-al-quirinale-da-mattarella\/#breadcrumb"},"inLanguage":"en-GB","potentialAction":[{"@type":"ReadAction","target":["https:\/\/www.ccaniene.com\/it_it\/nuoto-i-nostri-atleti-ricevuti-al-quirinale-da-mattarella\/"]}]},{"@type":"ImageObject","inLanguage":"en-GB","@id":"https:\/\/www.ccaniene.com\/it_it\/nuoto-i-nostri-atleti-ricevuti-al-quirinale-da-mattarella\/#primaryimage","url":"https:\/\/www.ccaniene.com\/wp-content\/uploads\/2019\/11\/PHOTO-2019-11-14-18-51-41-2.jpg","contentUrl":"https:\/\/www.ccaniene.com\/wp-content\/uploads\/2019\/11\/PHOTO-2019-11-14-18-51-41-2.jpg","width":1600,"height":1067},{"@type":"BreadcrumbList","@id":"https:\/\/www.ccaniene.com\/it_it\/nuoto-i-nostri-atleti-ricevuti-al-quirinale-da-mattarella\/#breadcrumb","itemListElement":[{"@type":"ListItem","position":1,"name":"Home","item":"http:\/\/www.ccaniene.com\/it_it\/"},{"@type":"ListItem","position":2,"name":"Nuoto, i nostri atleti ricevuti al Quirinale da Mattarella"}]},{"@type":"WebSite","@id":"http:\/\/www.ccaniene.com\/it_it\/#website","url":"http:\/\/www.ccaniene.com\/it_it\/","name":"Circolo Canottieri Aniene","description":"Collare d&#039;Oro e Stella d&#039;Oro al Merito Sportivo","potentialAction":[{"@type":"SearchAction","target":{"@type":"EntryPoint","urlTemplate":"http:\/\/www.ccaniene.com\/it_it\/?s={search_term_string}"},"query-input":{"@type":"PropertyValueSpecification","valueRequired":true,"valueName":"search_term_string"}}],"inLanguage":"en-GB"},{"@type":"Person","@id":"http:\/\/www.ccaniene.com\/it_it\/#\/schema\/person\/6042bd0ba360674279dffd4247d570ed","name":"carlo.san@tin.it","image":{"@type":"ImageObject","inLanguage":"en-GB","@id":"http:\/\/www.ccaniene.com\/it_it\/#\/schema\/person\/image\/","url":"https:\/\/secure.gravatar.com\/avatar\/f993a459d0ffe4d666e4c917fef20ca9?s=96&d=mm&r=g","contentUrl":"https:\/\/secure.gravatar.com\/avatar\/f993a459d0ffe4d666e4c917fef20ca9?s=96&d=mm&r=g","caption":"carlo.san@tin.it"},"url":"https:\/\/www.ccaniene.com\/en\/author\/carlo-santi-2\/"}]}},"_links":{"self":[{"href":"https:\/\/www.ccaniene.com\/en\/wp-json\/wp\/v2\/posts\/18084"}],"collection":[{"href":"https:\/\/www.ccaniene.com\/en\/wp-json\/wp\/v2\/posts"}],"about":[{"href":"https:\/\/www.ccaniene.com\/en\/wp-json\/wp\/v2\/types\/post"}],"author":[{"embeddable":true,"href":"https:\/\/www.ccaniene.com\/en\/wp-json\/wp\/v2\/users\/23521"}],"replies":[{"embeddable":true,"href":"https:\/\/www.ccaniene.com\/en\/wp-json\/wp\/v2\/comments?post=18084"}],"version-history":[{"count":2,"href":"https:\/\/www.ccaniene.com\/en\/wp-json\/wp\/v2\/posts\/18084\/revisions"}],"predecessor-version":[{"id":18096,"href":"https:\/\/www.ccaniene.com\/en\/wp-json\/wp\/v2\/posts\/18084\/revisions\/18096"}],"wp:featuredmedia":[{"embeddable":true,"href":"https:\/\/www.ccaniene.com\/en\/wp-json\/wp\/v2\/media\/18085"}],"wp:attachment":[{"href":"https:\/\/www.ccaniene.com\/en\/wp-json\/wp\/v2\/media?parent=18084"}],"wp:term":[{"taxonomy":"category","embeddable":true,"href":"https:\/\/www.ccaniene.com\/en\/wp-json\/wp\/v2\/categories?post=18084"},{"taxonomy":"post_tag","embeddable":true,"href":"https:\/\/www.ccaniene.com\/en\/wp-json\/wp\/v2\/tags?post=18084"}],"curies":[{"name":"wp","href":"https:\/\/api.w.org\/{rel}","templated":true}]}}