{"id":16258,"date":"2019-02-27T16:37:20","date_gmt":"2019-02-27T15:37:20","guid":{"rendered":"https:\/\/www.ccaniene.com\/?p=16258"},"modified":"2019-02-27T16:37:20","modified_gmt":"2019-02-27T15:37:20","slug":"il-padel-e-sempre-in-prima-filadi-bella-pronti-per-il-vertice","status":"publish","type":"post","link":"https:\/\/www.ccaniene.com\/en\/il-padel-e-sempre-in-prima-filadi-bella-pronti-per-il-vertice\/","title":{"rendered":"Il padel \u00e8 sempre in prima fila<br>Di Bella: \u00abPronti per il vertice\u00bb"},"content":{"rendered":"<p>Il padel si presenta al via della stagione con quattro squadre. Il desiderio del Circolo Canottieri Aniene \u00e8 quello di essere ancora protagonista. Alessandro Di Bella, dirigente della sezione, traccia gli obiettivi del 2019, guarda al futuro e presenta le novit\u00e0 del team.<\/p>\n<p><strong>La nuova stagione \u00e8 alle porte. Che novit\u00e0 ci sono nel team 2019 del padel dell\u2019Aniene?<\/strong><br \/>\n\u00abFinalmente si comincia. Siamo impegnati su tutta la linea. Quattro squadre agonistiche, dalla A alla D, i tornei dei Circoli storici, le attivit\u00e0 sociali e tanti progetti nuovi a cui tengo molto. Parlo della Scuola Padel, il Padel in carrozzina, i progetti agonistici di livello nazionale. Insomma, non c\u2019\u00e8 un attimo di respiro\u00bb.<br \/>\n<strong>Qual \u00e8 lo spirito della squadra che nelle ultime stagioni ha vinto tutto?<\/strong><br \/>\n\u00abLa serie A \u00e8 campione in carica. Quattro titoli consecutivi sono un\u2019enormit\u00e0, un qualcosa che probabilmente non si ripeter\u00e0 pi\u00f9: resteremo nella storia. Con il capitano Giovanni Ticca abbiamo scelto di proseguire sulla linea della continuit\u00e0. Personalmente la pi\u00f9 grande soddisfazione \u00e8 stata quella di trasmettere l\u2019attaccamento al Circolo ai nostri atleti e quindi, squadra che vince&#8230; si cambia poco\u00bb.<\/p>\n<p><strong>Quali sono i cambiamenti, le novit\u00e0 di questa stagione?<\/strong><br \/>\n\u00abOltre ai nostri atleti di lungo corso giocher\u00e0 con noi Marta Marrero, una delle giocatrici pi\u00f9 forti del mondo e soprattutto una persona che ha capito perfettamente lo spirito del nostro Circolo\u00bb.<\/p>\n<div id=\"attachment_16263\" style=\"width: 470px\" class=\"wp-caption aligncenter\"><img fetchpriority=\"high\" decoding=\"async\" aria-describedby=\"caption-attachment-16263\" class=\"wp-image-16263 size-medium\" src=\"http:\/\/www.ccaniene.com\/wp-content\/uploads\/2019\/02\/IMG_1870-460x260.jpg\" alt=\"\" width=\"460\" height=\"260\" \/><p id=\"caption-attachment-16263\" class=\"wp-caption-text\">Marta Marrero, numero 3 al mondo<\/p><\/div>\n<p><strong>Ci puoi fare un\u2019analisi tecnica dei migliori giocatori del Circolo?<\/strong><br \/>\n\u00abLe analisi tecniche le lascio al nostro Dt Agnini o a capitan Ticca. Io posso solo dire che sono molto attaccato a tutti i ragazzi. Nicoletti, Lij\u00f2, Restivo, Di Nenno, Campagnolo, Bergamini, Saba&#8230; ma anche il gruppo degli italiani con Saverio Palmieri e Lele Fanti, le donne con in testa la nostra socia Carolina Orsi. E tanti che non ho nominato ma che sanno quanto il Circolo punti su di loro\u00bb.<br \/>\n<strong>Quali sono gli obiettivi del team in questo 2019?<\/strong><br \/>\n\u00abGli obiettivi sono i soliti. Ossia arrivare il pi\u00f9 avanti possibile ragionando partita dopo partita. E soprattutto dando tutto sul campo\u00bb.<br \/>\n<strong>Dopo l\u2019esperienza in Spagna con lo stage a Barcellona, sono in programma altri raduni per la squadra?<\/strong><br \/>\n\u00abL\u2019esperienza di collaborazione con Marcela Ferrari proseguir\u00e0 sicuramente. Stiamo cercando di investire sui nostri giovani campioni \u201cfatti in casa\u201d e uno degli obiettivi futuri \u00e8, nel 2021, quando inizieranno i campionati a squadre solo femminili, di avere una squadra interamente cresciuta qui dentro. Siamo sulla buona strada\u00bb.<br \/>\n<strong>Le vittorie sono un traino per le scuole giovanili del padel?<\/strong><br \/>\n\u00abAssolutamente s\u00ec. Grazie ad Agnini e a Rinaldo Rossi stiamo portando avanti una scuola Padel che \u00e8 un unicum sul territorio e i nostri ragazzi potranno ammirare da vicino campioni internazionali di tale livello. Sar\u00e0 un lavoro stimolante\u00bb.<\/p>\n<div id=\"attachment_16261\" style=\"width: 355px\" class=\"wp-caption aligncenter\"><img decoding=\"async\" aria-describedby=\"caption-attachment-16261\" class=\"wp-image-16261 size-medium\" src=\"http:\/\/www.ccaniene.com\/wp-content\/uploads\/2019\/02\/IMG_1869-345x460.jpg\" alt=\"\" width=\"345\" height=\"460\" \/><p id=\"caption-attachment-16261\" class=\"wp-caption-text\">Capitan Ticca, il Dg Di Bella e Lucas Bergamini<\/p><\/div>\n<p>Sentito Di Bella, il dirigente che ha analizzato i progetti, parola al Capitano della squadra, Giovanni Ticca, un esperto dell\u2019Aniene &#8211; \u00e8 qui da oltre 35 anni. Ticca guarda avanti, sa che ripetersi \u00e8 sempre pi\u00f9 complicato, con una concorrenza che cerca di avvicinarsi sempre di pi\u00f9.<\/p>\n<p><strong>Capitano, quest\u2019anno il Padel dell\u2019Aniene cerca il quinto sigillo.<\/strong><br \/>\n\u00abAbbiamo vinto negli ultimi quattro anni: ce la metteremo tutta per continuare questa bella tradizione. Sappiamo che il livello sale sempre di pi\u00f9, ma la nostra squadra si \u00e8 attrezzata: \u00e8 una serie A vera e propria. Se altri hanno in argentini e spagnoli, che sono il top nel padel, i loro punti di forza, noi abbiamo nella squadra il nostro miglior giocatore\u00bb.<br \/>\n<strong>L\u2019obiettivo dell\u2019Aniene \u00e8&#8230;<\/strong><br \/>\n\u00abVincere. Come sempre\u00bb.<br \/>\n<strong>Parliamo di avversari. Chi \u00e8 quello da temere maggiormente?<\/strong><br \/>\n\u00abIl Seven One Eschilo, che lo scorso anno \u00e8 andato, contro di noi, a un passo dalla vittoria. Hanno allestito una buona formazione, ma non dobbiamo sottovalutare neppure l\u2019Area che ha tesserato il fortissimo argentino Miguel Lamperti, uno dei primi 10 al mondo\u00bb.<\/p>","protected":false},"excerpt":{"rendered":"<p>Il padel si presenta al via della stagione con quattro squadre. Il desiderio del Circolo Canottieri Aniene \u00e8 quello di essere ancora protagonista. Alessandro Di Bella, dirigente della sezione, traccia gli obiettivi del 2019, guarda al futuro e presenta le novit\u00e0 del team. La nuova stagione \u00e8 alle porte. Che novit\u00e0 ci sono nel team [&hellip;]<\/p>","protected":false},"author":23521,"featured_media":16259,"comment_status":"closed","ping_status":"closed","sticky":false,"template":"","format":"standard","meta":{"pmpro_default_level":0,"footnotes":"","_links_to":"","_links_to_target":""},"categories":[1,47],"tags":[],"class_list":["post-16258","post","type-post","status-publish","format-standard","has-post-thumbnail","hentry","category-news","category-paddle","pmpro-has-access"],"featured_image_urls":{"medium":"https:\/\/www.ccaniene.com\/wp-content\/uploads\/2019\/02\/IMG_1868-800x450.jpg","thumbnail":"https:\/\/www.ccaniene.com\/wp-content\/uploads\/2019\/02\/IMG_1868-400x400.jpg","medium_large":"https:\/\/www.ccaniene.com\/wp-content\/uploads\/2019\/02\/IMG_1868-768x432.jpg","1536x1536":"https:\/\/www.ccaniene.com\/wp-content\/uploads\/2019\/02\/IMG_1868-1536x864.jpg"},"appp_media":null,"yoast_head":"<!-- This site is optimized with the Yoast SEO plugin v23.6 - https:\/\/yoast.com\/wordpress\/plugins\/seo\/ -->\n<title>Il padel \u00e8 sempre in prima filaDi Bella: \u00abPronti per il vertice\u00bb - Circolo Canottieri Aniene<\/title>\n<meta name=\"robots\" content=\"index, follow, max-snippet:-1, max-image-preview:large, max-video-preview:-1\" \/>\n<link rel=\"canonical\" href=\"https:\/\/www.ccaniene.com\/en\/il-padel-e-sempre-in-prima-filadi-bella-pronti-per-il-vertice\/\" \/>\n<meta property=\"og:locale\" content=\"en_GB\" \/>\n<meta property=\"og:type\" content=\"article\" \/>\n<meta property=\"og:title\" content=\"Il padel \u00e8 sempre in prima filaDi Bella: \u00abPronti per il vertice\u00bb - Circolo Canottieri Aniene\" \/>\n<meta property=\"og:description\" content=\"Il padel si presenta al via della stagione con quattro squadre. Il desiderio del Circolo Canottieri Aniene \u00e8 quello di essere ancora protagonista. Alessandro Di Bella, dirigente della sezione, traccia gli obiettivi del 2019, guarda al futuro e presenta le novit\u00e0 del team. La nuova stagione \u00e8 alle porte. Che novit\u00e0 ci sono nel team [&hellip;]\" \/>\n<meta property=\"og:url\" content=\"https:\/\/www.ccaniene.com\/en\/il-padel-e-sempre-in-prima-filadi-bella-pronti-per-il-vertice\/\" \/>\n<meta property=\"og:site_name\" content=\"Circolo Canottieri Aniene\" \/>\n<meta property=\"article:published_time\" content=\"2019-02-27T15:37:20+00:00\" \/>\n<meta property=\"og:image\" content=\"https:\/\/www.ccaniene.com\/wp-content\/uploads\/2019\/02\/IMG_1868.jpg\" \/>\n\t<meta property=\"og:image:width\" content=\"1599\" \/>\n\t<meta property=\"og:image:height\" content=\"899\" \/>\n\t<meta property=\"og:image:type\" content=\"image\/jpeg\" \/>\n<meta name=\"author\" content=\"carlo.san@tin.it\" \/>\n<meta name=\"twitter:card\" content=\"summary_large_image\" \/>\n<meta name=\"twitter:label1\" content=\"Written by\" \/>\n\t<meta name=\"twitter:data1\" content=\"carlo.san@tin.it\" \/>\n\t<meta name=\"twitter:label2\" content=\"Estimated reading time\" \/>\n\t<meta name=\"twitter:data2\" content=\"3 minutes\" \/>\n<script type=\"application\/ld+json\" class=\"yoast-schema-graph\">{\"@context\":\"https:\/\/schema.org\",\"@graph\":[{\"@type\":\"WebPage\",\"@id\":\"https:\/\/www.ccaniene.com\/it_it\/il-padel-e-sempre-in-prima-filadi-bella-pronti-per-il-vertice\/\",\"url\":\"https:\/\/www.ccaniene.com\/it_it\/il-padel-e-sempre-in-prima-filadi-bella-pronti-per-il-vertice\/\",\"name\":\"Il padel \u00e8 sempre in prima fila Di Bella: \u00abPronti per il vertice\u00bb - Circolo Canottieri Aniene\",\"isPartOf\":{\"@id\":\"https:\/\/www.ccaniene.com\/it_it\/#website\"},\"primaryImageOfPage\":{\"@id\":\"https:\/\/www.ccaniene.com\/it_it\/il-padel-e-sempre-in-prima-filadi-bella-pronti-per-il-vertice\/#primaryimage\"},\"image\":{\"@id\":\"https:\/\/www.ccaniene.com\/it_it\/il-padel-e-sempre-in-prima-filadi-bella-pronti-per-il-vertice\/#primaryimage\"},\"thumbnailUrl\":\"https:\/\/www.ccaniene.com\/wp-content\/uploads\/2019\/02\/IMG_1868.jpg\",\"datePublished\":\"2019-02-27T15:37:20+00:00\",\"dateModified\":\"2019-02-27T15:37:20+00:00\",\"author\":{\"@id\":\"https:\/\/www.ccaniene.com\/it_it\/#\/schema\/person\/6042bd0ba360674279dffd4247d570ed\"},\"breadcrumb\":{\"@id\":\"https:\/\/www.ccaniene.com\/it_it\/il-padel-e-sempre-in-prima-filadi-bella-pronti-per-il-vertice\/#breadcrumb\"},\"inLanguage\":\"en-GB\",\"potentialAction\":[{\"@type\":\"ReadAction\",\"target\":[\"https:\/\/www.ccaniene.com\/it_it\/il-padel-e-sempre-in-prima-filadi-bella-pronti-per-il-vertice\/\"]}]},{\"@type\":\"ImageObject\",\"inLanguage\":\"en-GB\",\"@id\":\"https:\/\/www.ccaniene.com\/it_it\/il-padel-e-sempre-in-prima-filadi-bella-pronti-per-il-vertice\/#primaryimage\",\"url\":\"https:\/\/www.ccaniene.com\/wp-content\/uploads\/2019\/02\/IMG_1868.jpg\",\"contentUrl\":\"https:\/\/www.ccaniene.com\/wp-content\/uploads\/2019\/02\/IMG_1868.jpg\",\"width\":1599,\"height\":899},{\"@type\":\"BreadcrumbList\",\"@id\":\"https:\/\/www.ccaniene.com\/it_it\/il-padel-e-sempre-in-prima-filadi-bella-pronti-per-il-vertice\/#breadcrumb\",\"itemListElement\":[{\"@type\":\"ListItem\",\"position\":1,\"name\":\"Home\",\"item\":\"https:\/\/www.ccaniene.com\/it_it\/\"},{\"@type\":\"ListItem\",\"position\":2,\"name\":\"Il padel \u00e8 sempre in prima filaDi Bella: \u00abPronti per il vertice\u00bb\"}]},{\"@type\":\"WebSite\",\"@id\":\"https:\/\/www.ccaniene.com\/it_it\/#website\",\"url\":\"https:\/\/www.ccaniene.com\/it_it\/\",\"name\":\"Circolo Canottieri Aniene\",\"description\":\"Collare d&#039;Oro e Stella d&#039;Oro al Merito Sportivo\",\"potentialAction\":[{\"@type\":\"SearchAction\",\"target\":{\"@type\":\"EntryPoint\",\"urlTemplate\":\"https:\/\/www.ccaniene.com\/it_it\/?s={search_term_string}\"},\"query-input\":{\"@type\":\"PropertyValueSpecification\",\"valueRequired\":true,\"valueName\":\"search_term_string\"}}],\"inLanguage\":\"en-GB\"},{\"@type\":\"Person\",\"@id\":\"https:\/\/www.ccaniene.com\/it_it\/#\/schema\/person\/6042bd0ba360674279dffd4247d570ed\",\"name\":\"carlo.san@tin.it\",\"image\":{\"@type\":\"ImageObject\",\"inLanguage\":\"en-GB\",\"@id\":\"https:\/\/www.ccaniene.com\/it_it\/#\/schema\/person\/image\/\",\"url\":\"https:\/\/secure.gravatar.com\/avatar\/f993a459d0ffe4d666e4c917fef20ca9?s=96&d=mm&r=g\",\"contentUrl\":\"https:\/\/secure.gravatar.com\/avatar\/f993a459d0ffe4d666e4c917fef20ca9?s=96&d=mm&r=g\",\"caption\":\"carlo.san@tin.it\"},\"url\":\"https:\/\/www.ccaniene.com\/en\/author\/carlo-santi-2\/\"}]}<\/script>\n<!-- \/ Yoast SEO plugin. -->","yoast_head_json":{"title":"Il padel \u00e8 sempre in prima filaDi Bella: \u00abPronti per il vertice\u00bb - Circolo Canottieri Aniene","robots":{"index":"index","follow":"follow","max-snippet":"max-snippet:-1","max-image-preview":"max-image-preview:large","max-video-preview":"max-video-preview:-1"},"canonical":"https:\/\/www.ccaniene.com\/en\/il-padel-e-sempre-in-prima-filadi-bella-pronti-per-il-vertice\/","og_locale":"en_GB","og_type":"article","og_title":"Il padel \u00e8 sempre in prima filaDi Bella: \u00abPronti per il vertice\u00bb - Circolo Canottieri Aniene","og_description":"Il padel si presenta al via della stagione con quattro squadre. Il desiderio del Circolo Canottieri Aniene \u00e8 quello di essere ancora protagonista. Alessandro Di Bella, dirigente della sezione, traccia gli obiettivi del 2019, guarda al futuro e presenta le novit\u00e0 del team. La nuova stagione \u00e8 alle porte. Che novit\u00e0 ci sono nel team [&hellip;]","og_url":"https:\/\/www.ccaniene.com\/en\/il-padel-e-sempre-in-prima-filadi-bella-pronti-per-il-vertice\/","og_site_name":"Circolo Canottieri Aniene","article_published_time":"2019-02-27T15:37:20+00:00","og_image":[{"width":1599,"height":899,"url":"https:\/\/www.ccaniene.com\/wp-content\/uploads\/2019\/02\/IMG_1868.jpg","type":"image\/jpeg"}],"author":"carlo.san@tin.it","twitter_card":"summary_large_image","twitter_misc":{"Written by":"carlo.san@tin.it","Estimated reading time":"3 minutes"},"schema":{"@context":"https:\/\/schema.org","@graph":[{"@type":"WebPage","@id":"https:\/\/www.ccaniene.com\/it_it\/il-padel-e-sempre-in-prima-filadi-bella-pronti-per-il-vertice\/","url":"https:\/\/www.ccaniene.com\/it_it\/il-padel-e-sempre-in-prima-filadi-bella-pronti-per-il-vertice\/","name":"Il padel \u00e8 sempre in prima fila Di Bella: \u00abPronti per il vertice\u00bb - Circolo Canottieri Aniene","isPartOf":{"@id":"https:\/\/www.ccaniene.com\/it_it\/#website"},"primaryImageOfPage":{"@id":"https:\/\/www.ccaniene.com\/it_it\/il-padel-e-sempre-in-prima-filadi-bella-pronti-per-il-vertice\/#primaryimage"},"image":{"@id":"https:\/\/www.ccaniene.com\/it_it\/il-padel-e-sempre-in-prima-filadi-bella-pronti-per-il-vertice\/#primaryimage"},"thumbnailUrl":"https:\/\/www.ccaniene.com\/wp-content\/uploads\/2019\/02\/IMG_1868.jpg","datePublished":"2019-02-27T15:37:20+00:00","dateModified":"2019-02-27T15:37:20+00:00","author":{"@id":"https:\/\/www.ccaniene.com\/it_it\/#\/schema\/person\/6042bd0ba360674279dffd4247d570ed"},"breadcrumb":{"@id":"https:\/\/www.ccaniene.com\/it_it\/il-padel-e-sempre-in-prima-filadi-bella-pronti-per-il-vertice\/#breadcrumb"},"inLanguage":"en-GB","potentialAction":[{"@type":"ReadAction","target":["https:\/\/www.ccaniene.com\/it_it\/il-padel-e-sempre-in-prima-filadi-bella-pronti-per-il-vertice\/"]}]},{"@type":"ImageObject","inLanguage":"en-GB","@id":"https:\/\/www.ccaniene.com\/it_it\/il-padel-e-sempre-in-prima-filadi-bella-pronti-per-il-vertice\/#primaryimage","url":"https:\/\/www.ccaniene.com\/wp-content\/uploads\/2019\/02\/IMG_1868.jpg","contentUrl":"https:\/\/www.ccaniene.com\/wp-content\/uploads\/2019\/02\/IMG_1868.jpg","width":1599,"height":899},{"@type":"BreadcrumbList","@id":"https:\/\/www.ccaniene.com\/it_it\/il-padel-e-sempre-in-prima-filadi-bella-pronti-per-il-vertice\/#breadcrumb","itemListElement":[{"@type":"ListItem","position":1,"name":"Home","item":"https:\/\/www.ccaniene.com\/it_it\/"},{"@type":"ListItem","position":2,"name":"Il padel \u00e8 sempre in prima filaDi Bella: \u00abPronti per il vertice\u00bb"}]},{"@type":"WebSite","@id":"https:\/\/www.ccaniene.com\/it_it\/#website","url":"https:\/\/www.ccaniene.com\/it_it\/","name":"Circolo Canottieri Aniene","description":"Collare d&#039;Oro e Stella d&#039;Oro al Merito Sportivo","potentialAction":[{"@type":"SearchAction","target":{"@type":"EntryPoint","urlTemplate":"https:\/\/www.ccaniene.com\/it_it\/?s={search_term_string}"},"query-input":{"@type":"PropertyValueSpecification","valueRequired":true,"valueName":"search_term_string"}}],"inLanguage":"en-GB"},{"@type":"Person","@id":"https:\/\/www.ccaniene.com\/it_it\/#\/schema\/person\/6042bd0ba360674279dffd4247d570ed","name":"carlo.san@tin.it","image":{"@type":"ImageObject","inLanguage":"en-GB","@id":"https:\/\/www.ccaniene.com\/it_it\/#\/schema\/person\/image\/","url":"https:\/\/secure.gravatar.com\/avatar\/f993a459d0ffe4d666e4c917fef20ca9?s=96&d=mm&r=g","contentUrl":"https:\/\/secure.gravatar.com\/avatar\/f993a459d0ffe4d666e4c917fef20ca9?s=96&d=mm&r=g","caption":"carlo.san@tin.it"},"url":"https:\/\/www.ccaniene.com\/en\/author\/carlo-santi-2\/"}]}},"_links":{"self":[{"href":"https:\/\/www.ccaniene.com\/en\/wp-json\/wp\/v2\/posts\/16258"}],"collection":[{"href":"https:\/\/www.ccaniene.com\/en\/wp-json\/wp\/v2\/posts"}],"about":[{"href":"https:\/\/www.ccaniene.com\/en\/wp-json\/wp\/v2\/types\/post"}],"author":[{"embeddable":true,"href":"https:\/\/www.ccaniene.com\/en\/wp-json\/wp\/v2\/users\/23521"}],"replies":[{"embeddable":true,"href":"https:\/\/www.ccaniene.com\/en\/wp-json\/wp\/v2\/comments?post=16258"}],"version-history":[{"count":1,"href":"https:\/\/www.ccaniene.com\/en\/wp-json\/wp\/v2\/posts\/16258\/revisions"}],"predecessor-version":[{"id":16265,"href":"https:\/\/www.ccaniene.com\/en\/wp-json\/wp\/v2\/posts\/16258\/revisions\/16265"}],"wp:featuredmedia":[{"embeddable":true,"href":"https:\/\/www.ccaniene.com\/en\/wp-json\/wp\/v2\/media\/16259"}],"wp:attachment":[{"href":"https:\/\/www.ccaniene.com\/en\/wp-json\/wp\/v2\/media?parent=16258"}],"wp:term":[{"taxonomy":"category","embeddable":true,"href":"https:\/\/www.ccaniene.com\/en\/wp-json\/wp\/v2\/categories?post=16258"},{"taxonomy":"post_tag","embeddable":true,"href":"https:\/\/www.ccaniene.com\/en\/wp-json\/wp\/v2\/tags?post=16258"}],"curies":[{"name":"wp","href":"https:\/\/api.w.org\/{rel}","templated":true}]}}