{"id":16204,"date":"2019-02-15T22:00:16","date_gmt":"2019-02-15T21:00:16","guid":{"rendered":"https:\/\/www.ccaniene.com\/?p=16204"},"modified":"2019-02-22T15:53:04","modified_gmt":"2019-02-22T14:53:04","slug":"marani-e-la-storia-di-arpad-weisz-presentato-al-circolo-dallo-scudetto-ad-auschwitz","status":"publish","type":"post","link":"https:\/\/www.ccaniene.com\/en\/marani-e-la-storia-di-arpad-weisz-presentato-al-circolo-dallo-scudetto-ad-auschwitz\/","title":{"rendered":"Marani e la storia di Arpad Weisz, presentato al Circolo \u201cDallo scudetto ad Auschwitz\u201d"},"content":{"rendered":"<p>Un libro per non dimenticare, una storia da far conoscere, rimasta per tanto tempo sconosciuta o quasi. Parliamo della vicenda sportiva e umana di Arpad Weisz, allenatore ungherese di origine ebraica che ha fatto grande il nostro calcio negli anni Trenta, quelli dei due titoli mondiali e dell\u2019oro olimpico a Berlino 1936 prima di essere deportato e morire ad Auschwitz nel 1944, vittima dell\u2019Olocausto.<\/p>\n<p><a href=\"http:\/\/www.ccaniene.com\/wp-content\/uploads\/2019\/02\/DSC_2526_01.jpg\"><img fetchpriority=\"high\" decoding=\"async\" class=\"aligncenter wp-image-16207 size-large\" src=\"http:\/\/www.ccaniene.com\/wp-content\/uploads\/2019\/02\/DSC_2526_01-980x653.jpg\" alt=\"\" width=\"980\" height=\"653\" \/><\/a><\/p>\n<p>Storia sconosciuta fino a quando Matteo Marani, giornalista bolognese vice direttore di Sky, ha deciso di portarla alla luce. Il suo \u00e8 stato un lavoro importante, meticoloso, durato tre anni. Tutto \u00e8 nato dalla visione di una fotografia dello stesso protagonista, Weisz appunto, come l\u2019autore ha raccontato durante la bella presentazione nel Salone del nostro Circolo, alla presenza di un\u2019importante platea.\u00a0Marani ha indagato, ha cercato, scrutato, ritrovato protagonisti della storia tanti dei quali raccolto in un fazzoletto di terra proprio nella sua Bologna<\/p>\n<p><a href=\"http:\/\/www.ccaniene.com\/wp-content\/uploads\/2019\/02\/DSC_2714_01-1.jpg\"><img decoding=\"async\" class=\"aligncenter wp-image-16209 size-large\" src=\"http:\/\/www.ccaniene.com\/wp-content\/uploads\/2019\/02\/DSC_2714_01-1-980x654.jpg\" alt=\"\" width=\"980\" height=\"654\" \/><\/a><\/p>\n<p>Serata ricca di emozioni, guidata con grande cura da Simona Branchetti, con la presenza di Ruth Dureghello, la presidente della comunit\u00e0 ebraica di Roma che ha ricordato molte vicende di quegli anni, e di Giovanni Malag\u00f2 che ha parlato di Weisz e dello sport di allora. Il\u00a0presidente\u00a0dell\u2019Aniene, Massimo Fabbricini, elogiando il lavoro di Matteo Marani ha\u00a0ricordato anche il volume \u201cNon tuto \u00e8 stato vano\u201d di Claudio Colombo che\u00a0ha narrato la storia di un altro calciatore e poi allenatore ungherese,\u00a0G\u00e9za Kert\u00e9sz, noto in Italia per aver guidato tra il 1925 e il 1943 tante squadre, tra cui Roma e Lazio. Tornato in Patria, Kert\u00e9sz\u00a0ha protetto dalla persecuzione gli ebrei, e per questo \u00e8 stato torturato e fucilato ed \u00e8 stato inserito dal governo di Israele nel Libro dei Giusti (i non ebrei che hanno difeso gli ebrei rischiando la vita), come Mario Martella, che annovera tanti figli e nipoti tra i nostri soci.<\/p>\n<p><a href=\"http:\/\/www.ccaniene.com\/wp-content\/uploads\/2019\/02\/DSC_2436_01-1.jpg\"><img decoding=\"async\" class=\"aligncenter wp-image-16211 size-large\" src=\"http:\/\/www.ccaniene.com\/wp-content\/uploads\/2019\/02\/DSC_2436_01-1-980x653.jpg\" alt=\"\" width=\"980\" height=\"653\" \/><\/a><\/p>","protected":false},"excerpt":{"rendered":"<p>Un libro per non dimenticare, una storia da far conoscere, rimasta per tanto tempo sconosciuta o quasi. Parliamo della vicenda sportiva e umana di Arpad Weisz, allenatore ungherese di origine ebraica che ha fatto grande il nostro calcio negli anni Trenta, quelli dei due titoli mondiali e dell\u2019oro olimpico a Berlino 1936 prima di essere [&hellip;]<\/p>","protected":false},"author":23521,"featured_media":16205,"comment_status":"closed","ping_status":"closed","sticky":false,"template":"","format":"standard","meta":{"pmpro_default_level":0,"footnotes":"","_links_to":"","_links_to_target":""},"categories":[1],"tags":[],"class_list":["post-16204","post","type-post","status-publish","format-standard","has-post-thumbnail","hentry","category-news","pmpro-has-access"],"featured_image_urls":{"medium":"https:\/\/www.ccaniene.com\/wp-content\/uploads\/2019\/02\/DSC_2521_02-1-800x533.jpg","thumbnail":"https:\/\/www.ccaniene.com\/wp-content\/uploads\/2019\/02\/DSC_2521_02-1-400x400.jpg","medium_large":"https:\/\/www.ccaniene.com\/wp-content\/uploads\/2019\/02\/DSC_2521_02-1-768x512.jpg"},"appp_media":null,"yoast_head":"<!-- This site is optimized with the Yoast SEO plugin v23.6 - https:\/\/yoast.com\/wordpress\/plugins\/seo\/ -->\n<title>Marani e la storia di Arpad Weisz, presentato al Circolo \u201cDallo scudetto ad Auschwitz\u201d - Circolo Canottieri Aniene<\/title>\n<meta name=\"robots\" content=\"index, follow, max-snippet:-1, max-image-preview:large, max-video-preview:-1\" \/>\n<link rel=\"canonical\" href=\"https:\/\/www.ccaniene.com\/en\/marani-e-la-storia-di-arpad-weisz-presentato-al-circolo-dallo-scudetto-ad-auschwitz\/\" \/>\n<meta property=\"og:locale\" content=\"en_GB\" \/>\n<meta property=\"og:type\" content=\"article\" \/>\n<meta property=\"og:title\" content=\"Marani e la storia di Arpad Weisz, presentato al Circolo \u201cDallo scudetto ad Auschwitz\u201d - Circolo Canottieri Aniene\" \/>\n<meta property=\"og:description\" content=\"Un libro per non dimenticare, una storia da far conoscere, rimasta per tanto tempo sconosciuta o quasi. Parliamo della vicenda sportiva e umana di Arpad Weisz, allenatore ungherese di origine ebraica che ha fatto grande il nostro calcio negli anni Trenta, quelli dei due titoli mondiali e dell\u2019oro olimpico a Berlino 1936 prima di essere [&hellip;]\" \/>\n<meta property=\"og:url\" content=\"https:\/\/www.ccaniene.com\/en\/marani-e-la-storia-di-arpad-weisz-presentato-al-circolo-dallo-scudetto-ad-auschwitz\/\" \/>\n<meta property=\"og:site_name\" content=\"Circolo Canottieri Aniene\" \/>\n<meta property=\"article:published_time\" content=\"2019-02-15T21:00:16+00:00\" \/>\n<meta property=\"article:modified_time\" content=\"2019-02-22T14:53:04+00:00\" \/>\n<meta property=\"og:image\" content=\"https:\/\/www.ccaniene.com\/wp-content\/uploads\/2019\/02\/DSC_2521_02-1.jpg\" \/>\n\t<meta property=\"og:image:width\" content=\"1049\" \/>\n\t<meta property=\"og:image:height\" content=\"699\" \/>\n\t<meta property=\"og:image:type\" content=\"image\/jpeg\" \/>\n<meta name=\"author\" content=\"carlo.san@tin.it\" \/>\n<meta name=\"twitter:card\" content=\"summary_large_image\" \/>\n<meta name=\"twitter:label1\" content=\"Written by\" \/>\n\t<meta name=\"twitter:data1\" content=\"carlo.san@tin.it\" \/>\n\t<meta name=\"twitter:label2\" content=\"Estimated reading time\" \/>\n\t<meta name=\"twitter:data2\" content=\"2 minutes\" \/>\n<script type=\"application\/ld+json\" class=\"yoast-schema-graph\">{\"@context\":\"https:\/\/schema.org\",\"@graph\":[{\"@type\":\"WebPage\",\"@id\":\"https:\/\/www.ccaniene.com\/it_it\/marani-e-la-storia-di-arpad-weisz-presentato-al-circolo-dallo-scudetto-ad-auschwitz\/\",\"url\":\"https:\/\/www.ccaniene.com\/it_it\/marani-e-la-storia-di-arpad-weisz-presentato-al-circolo-dallo-scudetto-ad-auschwitz\/\",\"name\":\"Marani e la storia di Arpad Weisz, presentato al Circolo \u201cDallo scudetto ad Auschwitz\u201d - Circolo Canottieri Aniene\",\"isPartOf\":{\"@id\":\"https:\/\/www.ccaniene.com\/it_it\/#website\"},\"primaryImageOfPage\":{\"@id\":\"https:\/\/www.ccaniene.com\/it_it\/marani-e-la-storia-di-arpad-weisz-presentato-al-circolo-dallo-scudetto-ad-auschwitz\/#primaryimage\"},\"image\":{\"@id\":\"https:\/\/www.ccaniene.com\/it_it\/marani-e-la-storia-di-arpad-weisz-presentato-al-circolo-dallo-scudetto-ad-auschwitz\/#primaryimage\"},\"thumbnailUrl\":\"https:\/\/www.ccaniene.com\/wp-content\/uploads\/2019\/02\/DSC_2521_02-1.jpg\",\"datePublished\":\"2019-02-15T21:00:16+00:00\",\"dateModified\":\"2019-02-22T14:53:04+00:00\",\"author\":{\"@id\":\"https:\/\/www.ccaniene.com\/it_it\/#\/schema\/person\/6042bd0ba360674279dffd4247d570ed\"},\"breadcrumb\":{\"@id\":\"https:\/\/www.ccaniene.com\/it_it\/marani-e-la-storia-di-arpad-weisz-presentato-al-circolo-dallo-scudetto-ad-auschwitz\/#breadcrumb\"},\"inLanguage\":\"en-GB\",\"potentialAction\":[{\"@type\":\"ReadAction\",\"target\":[\"https:\/\/www.ccaniene.com\/it_it\/marani-e-la-storia-di-arpad-weisz-presentato-al-circolo-dallo-scudetto-ad-auschwitz\/\"]}]},{\"@type\":\"ImageObject\",\"inLanguage\":\"en-GB\",\"@id\":\"https:\/\/www.ccaniene.com\/it_it\/marani-e-la-storia-di-arpad-weisz-presentato-al-circolo-dallo-scudetto-ad-auschwitz\/#primaryimage\",\"url\":\"https:\/\/www.ccaniene.com\/wp-content\/uploads\/2019\/02\/DSC_2521_02-1.jpg\",\"contentUrl\":\"https:\/\/www.ccaniene.com\/wp-content\/uploads\/2019\/02\/DSC_2521_02-1.jpg\",\"width\":1049,\"height\":699},{\"@type\":\"BreadcrumbList\",\"@id\":\"https:\/\/www.ccaniene.com\/it_it\/marani-e-la-storia-di-arpad-weisz-presentato-al-circolo-dallo-scudetto-ad-auschwitz\/#breadcrumb\",\"itemListElement\":[{\"@type\":\"ListItem\",\"position\":1,\"name\":\"Home\",\"item\":\"https:\/\/www.ccaniene.com\/it_it\/\"},{\"@type\":\"ListItem\",\"position\":2,\"name\":\"Marani e la storia di Arpad Weisz, presentato al Circolo \u201cDallo scudetto ad Auschwitz\u201d\"}]},{\"@type\":\"WebSite\",\"@id\":\"https:\/\/www.ccaniene.com\/it_it\/#website\",\"url\":\"https:\/\/www.ccaniene.com\/it_it\/\",\"name\":\"Circolo Canottieri Aniene\",\"description\":\"Collare d&#039;Oro e Stella d&#039;Oro al Merito Sportivo\",\"potentialAction\":[{\"@type\":\"SearchAction\",\"target\":{\"@type\":\"EntryPoint\",\"urlTemplate\":\"https:\/\/www.ccaniene.com\/it_it\/?s={search_term_string}\"},\"query-input\":{\"@type\":\"PropertyValueSpecification\",\"valueRequired\":true,\"valueName\":\"search_term_string\"}}],\"inLanguage\":\"en-GB\"},{\"@type\":\"Person\",\"@id\":\"https:\/\/www.ccaniene.com\/it_it\/#\/schema\/person\/6042bd0ba360674279dffd4247d570ed\",\"name\":\"carlo.san@tin.it\",\"image\":{\"@type\":\"ImageObject\",\"inLanguage\":\"en-GB\",\"@id\":\"https:\/\/www.ccaniene.com\/it_it\/#\/schema\/person\/image\/\",\"url\":\"https:\/\/secure.gravatar.com\/avatar\/f993a459d0ffe4d666e4c917fef20ca9?s=96&d=mm&r=g\",\"contentUrl\":\"https:\/\/secure.gravatar.com\/avatar\/f993a459d0ffe4d666e4c917fef20ca9?s=96&d=mm&r=g\",\"caption\":\"carlo.san@tin.it\"},\"url\":\"https:\/\/www.ccaniene.com\/en\/author\/carlo-santi-2\/\"}]}<\/script>\n<!-- \/ Yoast SEO plugin. -->","yoast_head_json":{"title":"Marani e la storia di Arpad Weisz, presentato al Circolo \u201cDallo scudetto ad Auschwitz\u201d - Circolo Canottieri Aniene","robots":{"index":"index","follow":"follow","max-snippet":"max-snippet:-1","max-image-preview":"max-image-preview:large","max-video-preview":"max-video-preview:-1"},"canonical":"https:\/\/www.ccaniene.com\/en\/marani-e-la-storia-di-arpad-weisz-presentato-al-circolo-dallo-scudetto-ad-auschwitz\/","og_locale":"en_GB","og_type":"article","og_title":"Marani e la storia di Arpad Weisz, presentato al Circolo \u201cDallo scudetto ad Auschwitz\u201d - Circolo Canottieri Aniene","og_description":"Un libro per non dimenticare, una storia da far conoscere, rimasta per tanto tempo sconosciuta o quasi. Parliamo della vicenda sportiva e umana di Arpad Weisz, allenatore ungherese di origine ebraica che ha fatto grande il nostro calcio negli anni Trenta, quelli dei due titoli mondiali e dell\u2019oro olimpico a Berlino 1936 prima di essere [&hellip;]","og_url":"https:\/\/www.ccaniene.com\/en\/marani-e-la-storia-di-arpad-weisz-presentato-al-circolo-dallo-scudetto-ad-auschwitz\/","og_site_name":"Circolo Canottieri Aniene","article_published_time":"2019-02-15T21:00:16+00:00","article_modified_time":"2019-02-22T14:53:04+00:00","og_image":[{"width":1049,"height":699,"url":"https:\/\/www.ccaniene.com\/wp-content\/uploads\/2019\/02\/DSC_2521_02-1.jpg","type":"image\/jpeg"}],"author":"carlo.san@tin.it","twitter_card":"summary_large_image","twitter_misc":{"Written by":"carlo.san@tin.it","Estimated reading time":"2 minutes"},"schema":{"@context":"https:\/\/schema.org","@graph":[{"@type":"WebPage","@id":"https:\/\/www.ccaniene.com\/it_it\/marani-e-la-storia-di-arpad-weisz-presentato-al-circolo-dallo-scudetto-ad-auschwitz\/","url":"https:\/\/www.ccaniene.com\/it_it\/marani-e-la-storia-di-arpad-weisz-presentato-al-circolo-dallo-scudetto-ad-auschwitz\/","name":"Marani e la storia di Arpad Weisz, presentato al Circolo \u201cDallo scudetto ad Auschwitz\u201d - Circolo Canottieri Aniene","isPartOf":{"@id":"https:\/\/www.ccaniene.com\/it_it\/#website"},"primaryImageOfPage":{"@id":"https:\/\/www.ccaniene.com\/it_it\/marani-e-la-storia-di-arpad-weisz-presentato-al-circolo-dallo-scudetto-ad-auschwitz\/#primaryimage"},"image":{"@id":"https:\/\/www.ccaniene.com\/it_it\/marani-e-la-storia-di-arpad-weisz-presentato-al-circolo-dallo-scudetto-ad-auschwitz\/#primaryimage"},"thumbnailUrl":"https:\/\/www.ccaniene.com\/wp-content\/uploads\/2019\/02\/DSC_2521_02-1.jpg","datePublished":"2019-02-15T21:00:16+00:00","dateModified":"2019-02-22T14:53:04+00:00","author":{"@id":"https:\/\/www.ccaniene.com\/it_it\/#\/schema\/person\/6042bd0ba360674279dffd4247d570ed"},"breadcrumb":{"@id":"https:\/\/www.ccaniene.com\/it_it\/marani-e-la-storia-di-arpad-weisz-presentato-al-circolo-dallo-scudetto-ad-auschwitz\/#breadcrumb"},"inLanguage":"en-GB","potentialAction":[{"@type":"ReadAction","target":["https:\/\/www.ccaniene.com\/it_it\/marani-e-la-storia-di-arpad-weisz-presentato-al-circolo-dallo-scudetto-ad-auschwitz\/"]}]},{"@type":"ImageObject","inLanguage":"en-GB","@id":"https:\/\/www.ccaniene.com\/it_it\/marani-e-la-storia-di-arpad-weisz-presentato-al-circolo-dallo-scudetto-ad-auschwitz\/#primaryimage","url":"https:\/\/www.ccaniene.com\/wp-content\/uploads\/2019\/02\/DSC_2521_02-1.jpg","contentUrl":"https:\/\/www.ccaniene.com\/wp-content\/uploads\/2019\/02\/DSC_2521_02-1.jpg","width":1049,"height":699},{"@type":"BreadcrumbList","@id":"https:\/\/www.ccaniene.com\/it_it\/marani-e-la-storia-di-arpad-weisz-presentato-al-circolo-dallo-scudetto-ad-auschwitz\/#breadcrumb","itemListElement":[{"@type":"ListItem","position":1,"name":"Home","item":"https:\/\/www.ccaniene.com\/it_it\/"},{"@type":"ListItem","position":2,"name":"Marani e la storia di Arpad Weisz, presentato al Circolo \u201cDallo scudetto ad Auschwitz\u201d"}]},{"@type":"WebSite","@id":"https:\/\/www.ccaniene.com\/it_it\/#website","url":"https:\/\/www.ccaniene.com\/it_it\/","name":"Circolo Canottieri Aniene","description":"Collare d&#039;Oro e Stella d&#039;Oro al Merito Sportivo","potentialAction":[{"@type":"SearchAction","target":{"@type":"EntryPoint","urlTemplate":"https:\/\/www.ccaniene.com\/it_it\/?s={search_term_string}"},"query-input":{"@type":"PropertyValueSpecification","valueRequired":true,"valueName":"search_term_string"}}],"inLanguage":"en-GB"},{"@type":"Person","@id":"https:\/\/www.ccaniene.com\/it_it\/#\/schema\/person\/6042bd0ba360674279dffd4247d570ed","name":"carlo.san@tin.it","image":{"@type":"ImageObject","inLanguage":"en-GB","@id":"https:\/\/www.ccaniene.com\/it_it\/#\/schema\/person\/image\/","url":"https:\/\/secure.gravatar.com\/avatar\/f993a459d0ffe4d666e4c917fef20ca9?s=96&d=mm&r=g","contentUrl":"https:\/\/secure.gravatar.com\/avatar\/f993a459d0ffe4d666e4c917fef20ca9?s=96&d=mm&r=g","caption":"carlo.san@tin.it"},"url":"https:\/\/www.ccaniene.com\/en\/author\/carlo-santi-2\/"}]}},"_links":{"self":[{"href":"https:\/\/www.ccaniene.com\/en\/wp-json\/wp\/v2\/posts\/16204"}],"collection":[{"href":"https:\/\/www.ccaniene.com\/en\/wp-json\/wp\/v2\/posts"}],"about":[{"href":"https:\/\/www.ccaniene.com\/en\/wp-json\/wp\/v2\/types\/post"}],"author":[{"embeddable":true,"href":"https:\/\/www.ccaniene.com\/en\/wp-json\/wp\/v2\/users\/23521"}],"replies":[{"embeddable":true,"href":"https:\/\/www.ccaniene.com\/en\/wp-json\/wp\/v2\/comments?post=16204"}],"version-history":[{"count":1,"href":"https:\/\/www.ccaniene.com\/en\/wp-json\/wp\/v2\/posts\/16204\/revisions"}],"predecessor-version":[{"id":16213,"href":"https:\/\/www.ccaniene.com\/en\/wp-json\/wp\/v2\/posts\/16204\/revisions\/16213"}],"wp:featuredmedia":[{"embeddable":true,"href":"https:\/\/www.ccaniene.com\/en\/wp-json\/wp\/v2\/media\/16205"}],"wp:attachment":[{"href":"https:\/\/www.ccaniene.com\/en\/wp-json\/wp\/v2\/media?parent=16204"}],"wp:term":[{"taxonomy":"category","embeddable":true,"href":"https:\/\/www.ccaniene.com\/en\/wp-json\/wp\/v2\/categories?post=16204"},{"taxonomy":"post_tag","embeddable":true,"href":"https:\/\/www.ccaniene.com\/en\/wp-json\/wp\/v2\/tags?post=16204"}],"curies":[{"name":"wp","href":"https:\/\/api.w.org\/{rel}","templated":true}]}}