{"id":15604,"date":"2018-09-21T16:20:19","date_gmt":"2018-09-21T14:20:19","guid":{"rendered":"https:\/\/www.ccaniene.com\/?p=15604"},"modified":"2018-09-21T21:34:50","modified_gmt":"2018-09-21T19:34:50","slug":"circoliamo-dal-20-settembre-al-via-la-settima-edizione","status":"publish","type":"post","link":"https:\/\/www.ccaniene.com\/en\/circoliamo-dal-20-settembre-al-via-la-settima-edizione\/","title":{"rendered":"Circoliamo, dal 20 settembre al via la settima edizione"},"content":{"rendered":"<p>Circoliamo \u00e8 pronta per l\u2019edizione numero sette. Dal 22 settembre al 6 ottobre i Circoli sportivi storici romani danno vita a quella che \u00e8 una vera Olimpiade dello sport cittadino. L\u2019edizione 2018, che si svolge come sempre a distanza di tre anni dalla precedente, in questa edizione vede competere i sodalizi romani, il cui presidente \u00e8 Maurizio Romeo, in 18 discipline: rispetto all\u2019ultima edizione di Circoliamo, new entry sono la vela e il tiro alla fine. Questi gli sport del programma: pallavolo, corsa campestre, carte (bridge, burraco, gin rummy), calcio a 5, calcio a 8, vela, tiro alla fune, tennistavolo, golf, tennis, biliardo, canottaggio, basket, nuoto, paddle, manifestazione diversamente abili (rowing), calcio a 5 bambini (dimostrativo), special olympics.<br \/>\nI Circoli partecipanti sono: CC Aniene, CC Lazio, CC Roma, CC Tirrena Todaro, CT Eur, Eur Sporting, Roma Polo Club, RCC Tevere Remo, TC Parioli, CM Corte dei Conti.<br \/>\nQuest\u2019anno il Club dei Circoli Sportivi Storici ha istituito per Circoliamo un premio speciale dedicato alla memoria di Claudio Honorati, ex socio del nostro Circolo. Honorati ha sempre rafforzato e alimentato il senso di famiglia tra tutti i Circoli Sportivi Storici. Per il 2018 \u00e8 stato deciso di assegnare il Premio Claudio Honorati al Centro Nazionale contro il Bullismo \u201cBulli Stop\u201d.<br \/>\nLa giornata finale, una autentica festa di chiusura di Circoliamo, si terr\u00e0 il 6 ottobre. La \u201cFesta dello Sport e dei Giovani\u201d sar\u00e0 ospitata al Roma Polo Club delle ore 10 quando ci sar\u00e0 l\u2019apertura del Circoliamo Village e poi prender\u00e0 il via la corsa campestre, ossia lo staffettone dei Circoli romani. A seguire ci saranno le gare del Pony Club con la Kids Area per i pi\u00f9 piccoli, la gara di tiro alla fine che in passato ha fatto parte del programma dei Giochi olimpici dal 1900 al 1920, mentre alle ore 14 sono previste le premiazioni seguite da una grande festa conclusiva.<br \/>\nLa prima edizione di Circoliamo si \u00e8 svolta nel maggio del 2000 e ha visto il successo dell\u2019Aniene. Il nostro Circolo si \u00e8 imposto in tutte le successive edizioni (2002, 2004, 2007, 2010, 2015) con un primo posto alla pari con il TC Parioli nel 2007.<br \/>\nLa presentazione dell\u2019evento si \u00e8 svolata nel Salone dell\u2019Aniene alla presenza dei presidenti di tutti i Circoli romani e degli sponsor, che si sono definiti tutti amici della manifestazione e dello sport. Si tratta di Acea, Ducati Roma, Istituto Credito Sportivo, Nastro Azzurro, Porche, Sara Assicurazioni e Smi Technologies and Consulting.<br \/>\nIl presidente del Coni, Giovanni Malag\u00f2, ha fatto pervenire il suo saluto a Circoliamo, a cui lui stesso ha partecipato pi\u00f9 volte e che lo vedr\u00e0 competere anche in questa edizione. \u00abCircoliamo per far vincere l\u2019amicizia nel segno dello sport &#8211; ha scritto l\u2019attuale presidente onorario dell\u2019Aniene &#8211; E\u2019 un\u2019iniziativa diventata ormai piacevole tradizione con l\u2019obiettivo di promuovere il volto pi\u00f9 bello del nostro movimento e di esaltare l\u2019importanza dell\u2019aspetto ludico-aggregativo oltre a quello agonistico\u00bb. Malag\u00f2 ha poi ricordato i racconti di Giulio Onesti, canottiere sul Tevere ed ex atleta dell\u2019Aniene oltre ad essere stato il pi\u00f9 illuminato dirigente sportivo italiano.<br \/>\nMassimo Fabbricini, il presidente del nostro Circolo che per la prima volta guida il sodalizio dopo i successi ottenuti sotto la presidenza di Giovanni Malag\u00f2, ha messo a fuoco il significato di Circoliamo che \u00e8 e rimane \u00abun bel gioco, un appuntamento polisportivo di grande significato che anche questa volta l\u2019Aniene vuole conquistare\u00bb.<\/p>\n<p><a href=\"http:\/\/www.ccaniene.com\/wp-content\/uploads\/2018\/09\/Circoliamo2018-Brochure.pdf\">Qui il programma completo.<\/a><\/p>","protected":false},"excerpt":{"rendered":"<p>Circoliamo \u00e8 pronta per l\u2019edizione numero sette. Dal 22 settembre al 6 ottobre i Circoli sportivi storici romani danno vita a quella che \u00e8 una vera Olimpiade dello sport cittadino. L\u2019edizione 2018, che si svolge come sempre a distanza di tre anni dalla precedente, in questa edizione vede competere i sodalizi romani, il cui presidente [&hellip;]<\/p>","protected":false},"author":23521,"featured_media":15605,"comment_status":"closed","ping_status":"closed","sticky":false,"template":"","format":"standard","meta":{"pmpro_default_level":0,"footnotes":"","_links_to":"","_links_to_target":""},"categories":[1,24],"tags":[],"class_list":["post-15604","post","type-post","status-publish","format-standard","has-post-thumbnail","hentry","category-news","category-varie","pmpro-has-access"],"featured_image_urls":{"thumbnail":"https:\/\/www.ccaniene.com\/wp-content\/uploads\/2018\/09\/Screenshot-2018-09-12-16.15.47-400x400.png"},"appp_media":null,"yoast_head":"<!-- This site is optimized with the Yoast SEO plugin v23.6 - https:\/\/yoast.com\/wordpress\/plugins\/seo\/ -->\n<title>Circoliamo, dal 20 settembre al via la settima edizione - Circolo Canottieri Aniene<\/title>\n<meta name=\"robots\" content=\"index, follow, max-snippet:-1, max-image-preview:large, max-video-preview:-1\" \/>\n<link rel=\"canonical\" href=\"https:\/\/www.ccaniene.com\/en\/circoliamo-dal-20-settembre-al-via-la-settima-edizione\/\" \/>\n<meta property=\"og:locale\" content=\"en_GB\" \/>\n<meta property=\"og:type\" content=\"article\" \/>\n<meta property=\"og:title\" content=\"Circoliamo, dal 20 settembre al via la settima edizione - Circolo Canottieri Aniene\" \/>\n<meta property=\"og:description\" content=\"Circoliamo \u00e8 pronta per l\u2019edizione numero sette. Dal 22 settembre al 6 ottobre i Circoli sportivi storici romani danno vita a quella che \u00e8 una vera Olimpiade dello sport cittadino. L\u2019edizione 2018, che si svolge come sempre a distanza di tre anni dalla precedente, in questa edizione vede competere i sodalizi romani, il cui presidente [&hellip;]\" \/>\n<meta property=\"og:url\" content=\"https:\/\/www.ccaniene.com\/en\/circoliamo-dal-20-settembre-al-via-la-settima-edizione\/\" \/>\n<meta property=\"og:site_name\" content=\"Circolo Canottieri Aniene\" \/>\n<meta property=\"article:published_time\" content=\"2018-09-21T14:20:19+00:00\" \/>\n<meta property=\"article:modified_time\" content=\"2018-09-21T19:34:50+00:00\" \/>\n<meta property=\"og:image\" content=\"https:\/\/www.ccaniene.com\/wp-content\/uploads\/2018\/09\/Screenshot-2018-09-12-16.15.47.png\" \/>\n\t<meta property=\"og:image:width\" content=\"756\" \/>\n\t<meta property=\"og:image:height\" content=\"486\" \/>\n\t<meta property=\"og:image:type\" content=\"image\/png\" \/>\n<meta name=\"author\" content=\"carlo.san@tin.it\" \/>\n<meta name=\"twitter:card\" content=\"summary_large_image\" \/>\n<meta name=\"twitter:label1\" content=\"Written by\" \/>\n\t<meta name=\"twitter:data1\" content=\"carlo.san@tin.it\" \/>\n\t<meta name=\"twitter:label2\" content=\"Estimated reading time\" \/>\n\t<meta name=\"twitter:data2\" content=\"3 minutes\" \/>\n<script type=\"application\/ld+json\" class=\"yoast-schema-graph\">{\"@context\":\"https:\/\/schema.org\",\"@graph\":[{\"@type\":\"WebPage\",\"@id\":\"https:\/\/www.ccaniene.com\/en\/circoliamo-dal-20-settembre-al-via-la-settima-edizione\/\",\"url\":\"https:\/\/www.ccaniene.com\/en\/circoliamo-dal-20-settembre-al-via-la-settima-edizione\/\",\"name\":\"Circoliamo, dal 20 settembre al via la settima edizione - Circolo Canottieri Aniene\",\"isPartOf\":{\"@id\":\"https:\/\/www.ccaniene.com\/it_it\/#website\"},\"primaryImageOfPage\":{\"@id\":\"https:\/\/www.ccaniene.com\/en\/circoliamo-dal-20-settembre-al-via-la-settima-edizione\/#primaryimage\"},\"image\":{\"@id\":\"https:\/\/www.ccaniene.com\/en\/circoliamo-dal-20-settembre-al-via-la-settima-edizione\/#primaryimage\"},\"thumbnailUrl\":\"https:\/\/www.ccaniene.com\/wp-content\/uploads\/2018\/09\/Screenshot-2018-09-12-16.15.47.png\",\"datePublished\":\"2018-09-21T14:20:19+00:00\",\"dateModified\":\"2018-09-21T19:34:50+00:00\",\"author\":{\"@id\":\"https:\/\/www.ccaniene.com\/it_it\/#\/schema\/person\/6042bd0ba360674279dffd4247d570ed\"},\"breadcrumb\":{\"@id\":\"https:\/\/www.ccaniene.com\/en\/circoliamo-dal-20-settembre-al-via-la-settima-edizione\/#breadcrumb\"},\"inLanguage\":\"en-GB\",\"potentialAction\":[{\"@type\":\"ReadAction\",\"target\":[\"https:\/\/www.ccaniene.com\/en\/circoliamo-dal-20-settembre-al-via-la-settima-edizione\/\"]}]},{\"@type\":\"ImageObject\",\"inLanguage\":\"en-GB\",\"@id\":\"https:\/\/www.ccaniene.com\/en\/circoliamo-dal-20-settembre-al-via-la-settima-edizione\/#primaryimage\",\"url\":\"https:\/\/www.ccaniene.com\/wp-content\/uploads\/2018\/09\/Screenshot-2018-09-12-16.15.47.png\",\"contentUrl\":\"https:\/\/www.ccaniene.com\/wp-content\/uploads\/2018\/09\/Screenshot-2018-09-12-16.15.47.png\",\"width\":756,\"height\":486},{\"@type\":\"BreadcrumbList\",\"@id\":\"https:\/\/www.ccaniene.com\/en\/circoliamo-dal-20-settembre-al-via-la-settima-edizione\/#breadcrumb\",\"itemListElement\":[{\"@type\":\"ListItem\",\"position\":1,\"name\":\"Home\",\"item\":\"https:\/\/www.ccaniene.com\/it_it\/\"},{\"@type\":\"ListItem\",\"position\":2,\"name\":\"Circoliamo, dal 20 settembre al via la settima edizione\"}]},{\"@type\":\"WebSite\",\"@id\":\"https:\/\/www.ccaniene.com\/it_it\/#website\",\"url\":\"https:\/\/www.ccaniene.com\/it_it\/\",\"name\":\"Circolo Canottieri Aniene\",\"description\":\"Collare d&#039;Oro e Stella d&#039;Oro al Merito Sportivo\",\"potentialAction\":[{\"@type\":\"SearchAction\",\"target\":{\"@type\":\"EntryPoint\",\"urlTemplate\":\"https:\/\/www.ccaniene.com\/it_it\/?s={search_term_string}\"},\"query-input\":{\"@type\":\"PropertyValueSpecification\",\"valueRequired\":true,\"valueName\":\"search_term_string\"}}],\"inLanguage\":\"en-GB\"},{\"@type\":\"Person\",\"@id\":\"https:\/\/www.ccaniene.com\/it_it\/#\/schema\/person\/6042bd0ba360674279dffd4247d570ed\",\"name\":\"carlo.san@tin.it\",\"image\":{\"@type\":\"ImageObject\",\"inLanguage\":\"en-GB\",\"@id\":\"https:\/\/www.ccaniene.com\/it_it\/#\/schema\/person\/image\/\",\"url\":\"https:\/\/secure.gravatar.com\/avatar\/f993a459d0ffe4d666e4c917fef20ca9?s=96&d=mm&r=g\",\"contentUrl\":\"https:\/\/secure.gravatar.com\/avatar\/f993a459d0ffe4d666e4c917fef20ca9?s=96&d=mm&r=g\",\"caption\":\"carlo.san@tin.it\"},\"url\":\"https:\/\/www.ccaniene.com\/en\/author\/carlo-santi-2\/\"}]}<\/script>\n<!-- \/ Yoast SEO plugin. -->","yoast_head_json":{"title":"Circoliamo, dal 20 settembre al via la settima edizione - Circolo Canottieri Aniene","robots":{"index":"index","follow":"follow","max-snippet":"max-snippet:-1","max-image-preview":"max-image-preview:large","max-video-preview":"max-video-preview:-1"},"canonical":"https:\/\/www.ccaniene.com\/en\/circoliamo-dal-20-settembre-al-via-la-settima-edizione\/","og_locale":"en_GB","og_type":"article","og_title":"Circoliamo, dal 20 settembre al via la settima edizione - Circolo Canottieri Aniene","og_description":"Circoliamo \u00e8 pronta per l\u2019edizione numero sette. Dal 22 settembre al 6 ottobre i Circoli sportivi storici romani danno vita a quella che \u00e8 una vera Olimpiade dello sport cittadino. L\u2019edizione 2018, che si svolge come sempre a distanza di tre anni dalla precedente, in questa edizione vede competere i sodalizi romani, il cui presidente [&hellip;]","og_url":"https:\/\/www.ccaniene.com\/en\/circoliamo-dal-20-settembre-al-via-la-settima-edizione\/","og_site_name":"Circolo Canottieri Aniene","article_published_time":"2018-09-21T14:20:19+00:00","article_modified_time":"2018-09-21T19:34:50+00:00","og_image":[{"width":756,"height":486,"url":"https:\/\/www.ccaniene.com\/wp-content\/uploads\/2018\/09\/Screenshot-2018-09-12-16.15.47.png","type":"image\/png"}],"author":"carlo.san@tin.it","twitter_card":"summary_large_image","twitter_misc":{"Written by":"carlo.san@tin.it","Estimated reading time":"3 minutes"},"schema":{"@context":"https:\/\/schema.org","@graph":[{"@type":"WebPage","@id":"https:\/\/www.ccaniene.com\/en\/circoliamo-dal-20-settembre-al-via-la-settima-edizione\/","url":"https:\/\/www.ccaniene.com\/en\/circoliamo-dal-20-settembre-al-via-la-settima-edizione\/","name":"Circoliamo, dal 20 settembre al via la settima edizione - Circolo Canottieri Aniene","isPartOf":{"@id":"https:\/\/www.ccaniene.com\/it_it\/#website"},"primaryImageOfPage":{"@id":"https:\/\/www.ccaniene.com\/en\/circoliamo-dal-20-settembre-al-via-la-settima-edizione\/#primaryimage"},"image":{"@id":"https:\/\/www.ccaniene.com\/en\/circoliamo-dal-20-settembre-al-via-la-settima-edizione\/#primaryimage"},"thumbnailUrl":"https:\/\/www.ccaniene.com\/wp-content\/uploads\/2018\/09\/Screenshot-2018-09-12-16.15.47.png","datePublished":"2018-09-21T14:20:19+00:00","dateModified":"2018-09-21T19:34:50+00:00","author":{"@id":"https:\/\/www.ccaniene.com\/it_it\/#\/schema\/person\/6042bd0ba360674279dffd4247d570ed"},"breadcrumb":{"@id":"https:\/\/www.ccaniene.com\/en\/circoliamo-dal-20-settembre-al-via-la-settima-edizione\/#breadcrumb"},"inLanguage":"en-GB","potentialAction":[{"@type":"ReadAction","target":["https:\/\/www.ccaniene.com\/en\/circoliamo-dal-20-settembre-al-via-la-settima-edizione\/"]}]},{"@type":"ImageObject","inLanguage":"en-GB","@id":"https:\/\/www.ccaniene.com\/en\/circoliamo-dal-20-settembre-al-via-la-settima-edizione\/#primaryimage","url":"https:\/\/www.ccaniene.com\/wp-content\/uploads\/2018\/09\/Screenshot-2018-09-12-16.15.47.png","contentUrl":"https:\/\/www.ccaniene.com\/wp-content\/uploads\/2018\/09\/Screenshot-2018-09-12-16.15.47.png","width":756,"height":486},{"@type":"BreadcrumbList","@id":"https:\/\/www.ccaniene.com\/en\/circoliamo-dal-20-settembre-al-via-la-settima-edizione\/#breadcrumb","itemListElement":[{"@type":"ListItem","position":1,"name":"Home","item":"https:\/\/www.ccaniene.com\/it_it\/"},{"@type":"ListItem","position":2,"name":"Circoliamo, dal 20 settembre al via la settima edizione"}]},{"@type":"WebSite","@id":"https:\/\/www.ccaniene.com\/it_it\/#website","url":"https:\/\/www.ccaniene.com\/it_it\/","name":"Circolo Canottieri Aniene","description":"Collare d&#039;Oro e Stella d&#039;Oro al Merito Sportivo","potentialAction":[{"@type":"SearchAction","target":{"@type":"EntryPoint","urlTemplate":"https:\/\/www.ccaniene.com\/it_it\/?s={search_term_string}"},"query-input":{"@type":"PropertyValueSpecification","valueRequired":true,"valueName":"search_term_string"}}],"inLanguage":"en-GB"},{"@type":"Person","@id":"https:\/\/www.ccaniene.com\/it_it\/#\/schema\/person\/6042bd0ba360674279dffd4247d570ed","name":"carlo.san@tin.it","image":{"@type":"ImageObject","inLanguage":"en-GB","@id":"https:\/\/www.ccaniene.com\/it_it\/#\/schema\/person\/image\/","url":"https:\/\/secure.gravatar.com\/avatar\/f993a459d0ffe4d666e4c917fef20ca9?s=96&d=mm&r=g","contentUrl":"https:\/\/secure.gravatar.com\/avatar\/f993a459d0ffe4d666e4c917fef20ca9?s=96&d=mm&r=g","caption":"carlo.san@tin.it"},"url":"https:\/\/www.ccaniene.com\/en\/author\/carlo-santi-2\/"}]}},"_links":{"self":[{"href":"https:\/\/www.ccaniene.com\/en\/wp-json\/wp\/v2\/posts\/15604"}],"collection":[{"href":"https:\/\/www.ccaniene.com\/en\/wp-json\/wp\/v2\/posts"}],"about":[{"href":"https:\/\/www.ccaniene.com\/en\/wp-json\/wp\/v2\/types\/post"}],"author":[{"embeddable":true,"href":"https:\/\/www.ccaniene.com\/en\/wp-json\/wp\/v2\/users\/23521"}],"replies":[{"embeddable":true,"href":"https:\/\/www.ccaniene.com\/en\/wp-json\/wp\/v2\/comments?post=15604"}],"version-history":[{"count":2,"href":"https:\/\/www.ccaniene.com\/en\/wp-json\/wp\/v2\/posts\/15604\/revisions"}],"predecessor-version":[{"id":15667,"href":"https:\/\/www.ccaniene.com\/en\/wp-json\/wp\/v2\/posts\/15604\/revisions\/15667"}],"wp:featuredmedia":[{"embeddable":true,"href":"https:\/\/www.ccaniene.com\/en\/wp-json\/wp\/v2\/media\/15605"}],"wp:attachment":[{"href":"https:\/\/www.ccaniene.com\/en\/wp-json\/wp\/v2\/media?parent=15604"}],"wp:term":[{"taxonomy":"category","embeddable":true,"href":"https:\/\/www.ccaniene.com\/en\/wp-json\/wp\/v2\/categories?post=15604"},{"taxonomy":"post_tag","embeddable":true,"href":"https:\/\/www.ccaniene.com\/en\/wp-json\/wp\/v2\/tags?post=15604"}],"curies":[{"name":"wp","href":"https:\/\/api.w.org\/{rel}","templated":true}]}}