{"id":14124,"date":"2017-12-03T19:10:02","date_gmt":"2017-12-03T18:10:02","guid":{"rendered":"https:\/\/www.ccaniene.com\/?p=14124"},"modified":"2017-12-06T13:32:10","modified_gmt":"2017-12-06T12:32:10","slug":"nuoto-mondiali-alessia-scortechini-dargento-nei-50-stile","status":"publish","type":"post","link":"https:\/\/www.ccaniene.com\/en\/nuoto-mondiali-alessia-scortechini-dargento-nei-50-stile\/","title":{"rendered":"Nuoto, Mondiali: Alessia Scortechini d&#8217;argento nei 50 stile"},"content":{"rendered":"<p>Il Mondiale di nuoto paralimpico a Citt\u00e0 del Messico si \u00e8 aperto nel segno di Alessia Scortechini e dell\u2019Aniene. La ventenne romana che gareggia per il nostro Circolo ha debuttato nella manifestazione iridata con uno strepitoso secondo posto nei 50 stile libero nella categoria S10, chiudendo con il tempo di 28\u201d57, a soli 14 centesimi dalla vincitrice, la cinese Yi Chen. Il crono realizzato rappresenta anche il nuovo record italiano assoluto tra i paralimpici.<\/p>\n<p>Alessia, romana di Centocelle, nuotatrice dall\u2019et\u00e0 di 4 anni, paralimpica da questa stagione dopo aver gareggiato con i normodotati, a Citt\u00e0 del Messico \u00e8 solo all\u2019inizio della sua avventura. Nella seconda giornata, infatti, sar\u00e0 in vasca per i 100sl.<\/p>\n<p>Della sua disabilit\u00e0 \u2013 le manca una porzione di mano, della quale non pu\u00f2 muovere le due dita, e ha un avambraccio pi\u00f9 piccolo dell\u2019altro &#8211; Alessia dice: \u00abSono nata cos\u00ec e convivo con la mia disabilit\u00e0 da sempre. E\u2019 anche per questo che non avverto difficolt\u00e0 nel quotidiano, mentre nel nuoto ho diversi svantaggi. Ma in acqua ho sempre cercato di adattarmi\u00bb.<\/p>\n<p>In estate, Alessia Scortechini ha realizzato il record europeo dei 100 farfalla (1\u201907\u201d31) e quello dei 50 farfalla (30\u201d01).<\/p>","protected":false},"excerpt":{"rendered":"<p>Il Mondiale di nuoto paralimpico a Citt\u00e0 del Messico si \u00e8 aperto nel segno di Alessia Scortechini e dell\u2019Aniene. La ventenne romana che gareggia per il nostro Circolo ha debuttato nella manifestazione iridata con uno strepitoso secondo posto nei 50 stile libero nella categoria S10, chiudendo con il tempo di 28\u201d57, a soli 14 centesimi [&hellip;]<\/p>","protected":false},"author":23521,"featured_media":14125,"comment_status":"open","ping_status":"closed","sticky":false,"template":"","format":"standard","meta":{"pmpro_default_level":0,"footnotes":"","_links_to":"","_links_to_target":""},"categories":[1,11,46],"tags":[],"class_list":["post-14124","post","type-post","status-publish","format-standard","has-post-thumbnail","hentry","category-news","category-nuoto","category-sport-paralimpici","pmpro-has-access"],"featured_image_urls":{"woocommerce_thumbnail":"https:\/\/www.ccaniene.com\/wp-content\/uploads\/2017\/12\/alessia-300x300.jpg","woocommerce_gallery_thumbnail":"https:\/\/www.ccaniene.com\/wp-content\/uploads\/2017\/12\/alessia-100x100.jpg","woocommerce_single":"https:\/\/www.ccaniene.com\/wp-content\/uploads\/2017\/12\/alessia-600x450.jpg","medium":"https:\/\/www.ccaniene.com\/wp-content\/uploads\/2017\/12\/alessia-800x600.jpg","thumbnail":"https:\/\/www.ccaniene.com\/wp-content\/uploads\/2017\/12\/alessia-400x400.jpg","medium_large":"https:\/\/www.ccaniene.com\/wp-content\/uploads\/2017\/12\/alessia-768x576.jpg"},"appp_media":null,"yoast_head":"<!-- This site is optimized with the Yoast SEO plugin v23.6 - https:\/\/yoast.com\/wordpress\/plugins\/seo\/ -->\n<title>Nuoto, Mondiali: Alessia Scortechini d&#039;argento nei 50 stile - Circolo Canottieri Aniene<\/title>\n<meta name=\"robots\" content=\"index, follow, max-snippet:-1, max-image-preview:large, max-video-preview:-1\" \/>\n<link rel=\"canonical\" href=\"https:\/\/www.ccaniene.com\/en\/nuoto-mondiali-alessia-scortechini-dargento-nei-50-stile\/\" \/>\n<meta property=\"og:locale\" content=\"en_GB\" \/>\n<meta property=\"og:type\" content=\"article\" \/>\n<meta property=\"og:title\" content=\"Nuoto, Mondiali: Alessia Scortechini d&#039;argento nei 50 stile - Circolo Canottieri Aniene\" \/>\n<meta property=\"og:description\" content=\"Il Mondiale di nuoto paralimpico a Citt\u00e0 del Messico si \u00e8 aperto nel segno di Alessia Scortechini e dell\u2019Aniene. La ventenne romana che gareggia per il nostro Circolo ha debuttato nella manifestazione iridata con uno strepitoso secondo posto nei 50 stile libero nella categoria S10, chiudendo con il tempo di 28\u201d57, a soli 14 centesimi [&hellip;]\" \/>\n<meta property=\"og:url\" content=\"https:\/\/www.ccaniene.com\/en\/nuoto-mondiali-alessia-scortechini-dargento-nei-50-stile\/\" \/>\n<meta property=\"og:site_name\" content=\"Circolo Canottieri Aniene\" \/>\n<meta property=\"article:published_time\" content=\"2017-12-03T18:10:02+00:00\" \/>\n<meta property=\"article:modified_time\" content=\"2017-12-06T12:32:10+00:00\" \/>\n<meta property=\"og:image\" content=\"https:\/\/www.ccaniene.com\/wp-content\/uploads\/2017\/12\/alessia.jpg\" \/>\n\t<meta property=\"og:image:width\" content=\"960\" \/>\n\t<meta property=\"og:image:height\" content=\"720\" \/>\n\t<meta property=\"og:image:type\" content=\"image\/jpeg\" \/>\n<meta name=\"author\" content=\"carlo.san@tin.it\" \/>\n<meta name=\"twitter:card\" content=\"summary_large_image\" \/>\n<meta name=\"twitter:label1\" content=\"Written by\" \/>\n\t<meta name=\"twitter:data1\" content=\"carlo.san@tin.it\" \/>\n\t<meta name=\"twitter:label2\" content=\"Estimated reading time\" \/>\n\t<meta name=\"twitter:data2\" content=\"1 minute\" \/>\n<script type=\"application\/ld+json\" class=\"yoast-schema-graph\">{\"@context\":\"https:\/\/schema.org\",\"@graph\":[{\"@type\":\"WebPage\",\"@id\":\"https:\/\/www.ccaniene.com\/it_it\/nuoto-mondiali-alessia-scortechini-dargento-nei-50-stile\/\",\"url\":\"https:\/\/www.ccaniene.com\/it_it\/nuoto-mondiali-alessia-scortechini-dargento-nei-50-stile\/\",\"name\":\"Nuoto, Mondiali: Alessia Scortechini d'argento nei 50 stile - Circolo Canottieri Aniene\",\"isPartOf\":{\"@id\":\"https:\/\/www.ccaniene.com\/it_it\/#website\"},\"primaryImageOfPage\":{\"@id\":\"https:\/\/www.ccaniene.com\/it_it\/nuoto-mondiali-alessia-scortechini-dargento-nei-50-stile\/#primaryimage\"},\"image\":{\"@id\":\"https:\/\/www.ccaniene.com\/it_it\/nuoto-mondiali-alessia-scortechini-dargento-nei-50-stile\/#primaryimage\"},\"thumbnailUrl\":\"https:\/\/www.ccaniene.com\/wp-content\/uploads\/2017\/12\/alessia.jpg\",\"datePublished\":\"2017-12-03T18:10:02+00:00\",\"dateModified\":\"2017-12-06T12:32:10+00:00\",\"author\":{\"@id\":\"https:\/\/www.ccaniene.com\/it_it\/#\/schema\/person\/6042bd0ba360674279dffd4247d570ed\"},\"breadcrumb\":{\"@id\":\"https:\/\/www.ccaniene.com\/it_it\/nuoto-mondiali-alessia-scortechini-dargento-nei-50-stile\/#breadcrumb\"},\"inLanguage\":\"en-GB\",\"potentialAction\":[{\"@type\":\"ReadAction\",\"target\":[\"https:\/\/www.ccaniene.com\/it_it\/nuoto-mondiali-alessia-scortechini-dargento-nei-50-stile\/\"]}]},{\"@type\":\"ImageObject\",\"inLanguage\":\"en-GB\",\"@id\":\"https:\/\/www.ccaniene.com\/it_it\/nuoto-mondiali-alessia-scortechini-dargento-nei-50-stile\/#primaryimage\",\"url\":\"https:\/\/www.ccaniene.com\/wp-content\/uploads\/2017\/12\/alessia.jpg\",\"contentUrl\":\"https:\/\/www.ccaniene.com\/wp-content\/uploads\/2017\/12\/alessia.jpg\",\"width\":960,\"height\":720},{\"@type\":\"BreadcrumbList\",\"@id\":\"https:\/\/www.ccaniene.com\/it_it\/nuoto-mondiali-alessia-scortechini-dargento-nei-50-stile\/#breadcrumb\",\"itemListElement\":[{\"@type\":\"ListItem\",\"position\":1,\"name\":\"Home\",\"item\":\"https:\/\/www.ccaniene.com\/it_it\/\"},{\"@type\":\"ListItem\",\"position\":2,\"name\":\"Nuoto, Mondiali: Alessia Scortechini d&#8217;argento nei 50 stile\"}]},{\"@type\":\"WebSite\",\"@id\":\"https:\/\/www.ccaniene.com\/it_it\/#website\",\"url\":\"https:\/\/www.ccaniene.com\/it_it\/\",\"name\":\"Circolo Canottieri Aniene\",\"description\":\"Collare d&#039;Oro e Stella d&#039;Oro al Merito Sportivo\",\"potentialAction\":[{\"@type\":\"SearchAction\",\"target\":{\"@type\":\"EntryPoint\",\"urlTemplate\":\"https:\/\/www.ccaniene.com\/it_it\/?s={search_term_string}\"},\"query-input\":{\"@type\":\"PropertyValueSpecification\",\"valueRequired\":true,\"valueName\":\"search_term_string\"}}],\"inLanguage\":\"en-GB\"},{\"@type\":\"Person\",\"@id\":\"https:\/\/www.ccaniene.com\/it_it\/#\/schema\/person\/6042bd0ba360674279dffd4247d570ed\",\"name\":\"carlo.san@tin.it\",\"image\":{\"@type\":\"ImageObject\",\"inLanguage\":\"en-GB\",\"@id\":\"https:\/\/www.ccaniene.com\/it_it\/#\/schema\/person\/image\/\",\"url\":\"https:\/\/secure.gravatar.com\/avatar\/f993a459d0ffe4d666e4c917fef20ca9?s=96&d=mm&r=g\",\"contentUrl\":\"https:\/\/secure.gravatar.com\/avatar\/f993a459d0ffe4d666e4c917fef20ca9?s=96&d=mm&r=g\",\"caption\":\"carlo.san@tin.it\"},\"url\":\"https:\/\/www.ccaniene.com\/en\/author\/carlo-santi-2\/\"}]}<\/script>\n<!-- \/ Yoast SEO plugin. -->","yoast_head_json":{"title":"Nuoto, Mondiali: Alessia Scortechini d'argento nei 50 stile - Circolo Canottieri Aniene","robots":{"index":"index","follow":"follow","max-snippet":"max-snippet:-1","max-image-preview":"max-image-preview:large","max-video-preview":"max-video-preview:-1"},"canonical":"https:\/\/www.ccaniene.com\/en\/nuoto-mondiali-alessia-scortechini-dargento-nei-50-stile\/","og_locale":"en_GB","og_type":"article","og_title":"Nuoto, Mondiali: Alessia Scortechini d'argento nei 50 stile - Circolo Canottieri Aniene","og_description":"Il Mondiale di nuoto paralimpico a Citt\u00e0 del Messico si \u00e8 aperto nel segno di Alessia Scortechini e dell\u2019Aniene. La ventenne romana che gareggia per il nostro Circolo ha debuttato nella manifestazione iridata con uno strepitoso secondo posto nei 50 stile libero nella categoria S10, chiudendo con il tempo di 28\u201d57, a soli 14 centesimi [&hellip;]","og_url":"https:\/\/www.ccaniene.com\/en\/nuoto-mondiali-alessia-scortechini-dargento-nei-50-stile\/","og_site_name":"Circolo Canottieri Aniene","article_published_time":"2017-12-03T18:10:02+00:00","article_modified_time":"2017-12-06T12:32:10+00:00","og_image":[{"width":960,"height":720,"url":"https:\/\/www.ccaniene.com\/wp-content\/uploads\/2017\/12\/alessia.jpg","type":"image\/jpeg"}],"author":"carlo.san@tin.it","twitter_card":"summary_large_image","twitter_misc":{"Written by":"carlo.san@tin.it","Estimated reading time":"1 minute"},"schema":{"@context":"https:\/\/schema.org","@graph":[{"@type":"WebPage","@id":"https:\/\/www.ccaniene.com\/it_it\/nuoto-mondiali-alessia-scortechini-dargento-nei-50-stile\/","url":"https:\/\/www.ccaniene.com\/it_it\/nuoto-mondiali-alessia-scortechini-dargento-nei-50-stile\/","name":"Nuoto, Mondiali: Alessia Scortechini d'argento nei 50 stile - Circolo Canottieri Aniene","isPartOf":{"@id":"https:\/\/www.ccaniene.com\/it_it\/#website"},"primaryImageOfPage":{"@id":"https:\/\/www.ccaniene.com\/it_it\/nuoto-mondiali-alessia-scortechini-dargento-nei-50-stile\/#primaryimage"},"image":{"@id":"https:\/\/www.ccaniene.com\/it_it\/nuoto-mondiali-alessia-scortechini-dargento-nei-50-stile\/#primaryimage"},"thumbnailUrl":"https:\/\/www.ccaniene.com\/wp-content\/uploads\/2017\/12\/alessia.jpg","datePublished":"2017-12-03T18:10:02+00:00","dateModified":"2017-12-06T12:32:10+00:00","author":{"@id":"https:\/\/www.ccaniene.com\/it_it\/#\/schema\/person\/6042bd0ba360674279dffd4247d570ed"},"breadcrumb":{"@id":"https:\/\/www.ccaniene.com\/it_it\/nuoto-mondiali-alessia-scortechini-dargento-nei-50-stile\/#breadcrumb"},"inLanguage":"en-GB","potentialAction":[{"@type":"ReadAction","target":["https:\/\/www.ccaniene.com\/it_it\/nuoto-mondiali-alessia-scortechini-dargento-nei-50-stile\/"]}]},{"@type":"ImageObject","inLanguage":"en-GB","@id":"https:\/\/www.ccaniene.com\/it_it\/nuoto-mondiali-alessia-scortechini-dargento-nei-50-stile\/#primaryimage","url":"https:\/\/www.ccaniene.com\/wp-content\/uploads\/2017\/12\/alessia.jpg","contentUrl":"https:\/\/www.ccaniene.com\/wp-content\/uploads\/2017\/12\/alessia.jpg","width":960,"height":720},{"@type":"BreadcrumbList","@id":"https:\/\/www.ccaniene.com\/it_it\/nuoto-mondiali-alessia-scortechini-dargento-nei-50-stile\/#breadcrumb","itemListElement":[{"@type":"ListItem","position":1,"name":"Home","item":"https:\/\/www.ccaniene.com\/it_it\/"},{"@type":"ListItem","position":2,"name":"Nuoto, Mondiali: Alessia Scortechini d&#8217;argento nei 50 stile"}]},{"@type":"WebSite","@id":"https:\/\/www.ccaniene.com\/it_it\/#website","url":"https:\/\/www.ccaniene.com\/it_it\/","name":"Circolo Canottieri Aniene","description":"Collare d&#039;Oro e Stella d&#039;Oro al Merito Sportivo","potentialAction":[{"@type":"SearchAction","target":{"@type":"EntryPoint","urlTemplate":"https:\/\/www.ccaniene.com\/it_it\/?s={search_term_string}"},"query-input":{"@type":"PropertyValueSpecification","valueRequired":true,"valueName":"search_term_string"}}],"inLanguage":"en-GB"},{"@type":"Person","@id":"https:\/\/www.ccaniene.com\/it_it\/#\/schema\/person\/6042bd0ba360674279dffd4247d570ed","name":"carlo.san@tin.it","image":{"@type":"ImageObject","inLanguage":"en-GB","@id":"https:\/\/www.ccaniene.com\/it_it\/#\/schema\/person\/image\/","url":"https:\/\/secure.gravatar.com\/avatar\/f993a459d0ffe4d666e4c917fef20ca9?s=96&d=mm&r=g","contentUrl":"https:\/\/secure.gravatar.com\/avatar\/f993a459d0ffe4d666e4c917fef20ca9?s=96&d=mm&r=g","caption":"carlo.san@tin.it"},"url":"https:\/\/www.ccaniene.com\/en\/author\/carlo-santi-2\/"}]}},"_links":{"self":[{"href":"https:\/\/www.ccaniene.com\/en\/wp-json\/wp\/v2\/posts\/14124"}],"collection":[{"href":"https:\/\/www.ccaniene.com\/en\/wp-json\/wp\/v2\/posts"}],"about":[{"href":"https:\/\/www.ccaniene.com\/en\/wp-json\/wp\/v2\/types\/post"}],"author":[{"embeddable":true,"href":"https:\/\/www.ccaniene.com\/en\/wp-json\/wp\/v2\/users\/23521"}],"replies":[{"embeddable":true,"href":"https:\/\/www.ccaniene.com\/en\/wp-json\/wp\/v2\/comments?post=14124"}],"version-history":[{"count":6,"href":"https:\/\/www.ccaniene.com\/en\/wp-json\/wp\/v2\/posts\/14124\/revisions"}],"predecessor-version":[{"id":14134,"href":"https:\/\/www.ccaniene.com\/en\/wp-json\/wp\/v2\/posts\/14124\/revisions\/14134"}],"wp:featuredmedia":[{"embeddable":true,"href":"https:\/\/www.ccaniene.com\/en\/wp-json\/wp\/v2\/media\/14125"}],"wp:attachment":[{"href":"https:\/\/www.ccaniene.com\/en\/wp-json\/wp\/v2\/media?parent=14124"}],"wp:term":[{"taxonomy":"category","embeddable":true,"href":"https:\/\/www.ccaniene.com\/en\/wp-json\/wp\/v2\/categories?post=14124"},{"taxonomy":"post_tag","embeddable":true,"href":"https:\/\/www.ccaniene.com\/en\/wp-json\/wp\/v2\/tags?post=14124"}],"curies":[{"name":"wp","href":"https:\/\/api.w.org\/{rel}","templated":true}]}}