{"id":13833,"date":"2017-09-19T20:07:47","date_gmt":"2017-09-19T18:07:47","guid":{"rendered":"https:\/\/www.ccaniene.com\/?p=13833\/"},"modified":"2017-09-19T20:07:47","modified_gmt":"2017-09-19T18:07:47","slug":"bolelli-nel-main-draw-metz-matteo-berrettini-impegnato-izmir","status":"publish","type":"post","link":"https:\/\/www.ccaniene.com\/en\/bolelli-nel-main-draw-metz-matteo-berrettini-impegnato-izmir\/","title":{"rendered":"Bolelli nel main draw di Metz, Matteo Berrettini impegnato a Izmir"},"content":{"rendered":"<p>Dopo aver brillantemente superato lo scoglio delle qualificazioni, Simone Bolelli esordir\u00e0 oggi nel tabellone principale del Mosele Open Torneo ATP 250 in corso sui campi in veloce indoor della citt\u00e0 di Metz in Francia.<br \/>\nIl nostro giocatore affronter\u00e0 al primo turno lo spagnolo Marcel Granollers n. 135 delle classifiche mondiali .<br \/>\nPrimo impegno anche per Matteo Berrettini, quarto favorito del seeding, nel Challenger di Izmir in Turchia, contro il francese Benjamin Bonzi.<\/p>","protected":false},"excerpt":{"rendered":"<p>Dopo aver brillantemente superato lo scoglio delle qualificazioni, Simone Bolelli esordir\u00e0 oggi nel tabellone principale del Mosele Open Torneo ATP 250 in corso sui campi in veloce indoor della citt\u00e0 di Metz in Francia. Il nostro giocatore affronter\u00e0 al primo turno lo spagnolo Marcel Granollers n. 135 delle classifiche mondiali . Primo impegno anche per [&hellip;]<\/p>","protected":false},"author":23521,"featured_media":13516,"comment_status":"open","ping_status":"closed","sticky":false,"template":"","format":"standard","meta":{"pmpro_default_level":0,"footnotes":"","_links_to":"","_links_to_target":""},"categories":[10],"tags":[],"class_list":["post-13833","post","type-post","status-publish","format-standard","has-post-thumbnail","hentry","category-tennis","pmpro-has-access"],"featured_image_urls":{"woocommerce_thumbnail":"https:\/\/www.ccaniene.com\/wp-content\/uploads\/2017\/07\/bolelli-1-300x300.png","woocommerce_gallery_thumbnail":"https:\/\/www.ccaniene.com\/wp-content\/uploads\/2017\/07\/bolelli-1-100x100.png","woocommerce_single":"https:\/\/www.ccaniene.com\/wp-content\/uploads\/2017\/07\/bolelli-1-600x420.png","medium":"https:\/\/www.ccaniene.com\/wp-content\/uploads\/2017\/07\/bolelli-1-800x560.png","thumbnail":"https:\/\/www.ccaniene.com\/wp-content\/uploads\/2017\/07\/bolelli-1-400x400.png","medium_large":"https:\/\/www.ccaniene.com\/wp-content\/uploads\/2017\/07\/bolelli-1-768x538.png"},"appp_media":null,"yoast_head":"<!-- This site is optimized with the Yoast SEO plugin v23.6 - https:\/\/yoast.com\/wordpress\/plugins\/seo\/ -->\n<title>Bolelli nel main draw di Metz, Matteo Berrettini impegnato a Izmir - Circolo Canottieri Aniene<\/title>\n<meta name=\"robots\" content=\"index, follow, max-snippet:-1, max-image-preview:large, max-video-preview:-1\" \/>\n<link rel=\"canonical\" href=\"https:\/\/www.ccaniene.com\/en\/bolelli-nel-main-draw-metz-matteo-berrettini-impegnato-izmir\/\" \/>\n<meta property=\"og:locale\" content=\"en_GB\" \/>\n<meta property=\"og:type\" content=\"article\" \/>\n<meta property=\"og:title\" content=\"Bolelli nel main draw di Metz, Matteo Berrettini impegnato a Izmir - Circolo Canottieri Aniene\" \/>\n<meta property=\"og:description\" content=\"Dopo aver brillantemente superato lo scoglio delle qualificazioni, Simone Bolelli esordir\u00e0 oggi nel tabellone principale del Mosele Open Torneo ATP 250 in corso sui campi in veloce indoor della citt\u00e0 di Metz in Francia. Il nostro giocatore affronter\u00e0 al primo turno lo spagnolo Marcel Granollers n. 135 delle classifiche mondiali . Primo impegno anche per [&hellip;]\" \/>\n<meta property=\"og:url\" content=\"https:\/\/www.ccaniene.com\/en\/bolelli-nel-main-draw-metz-matteo-berrettini-impegnato-izmir\/\" \/>\n<meta property=\"og:site_name\" content=\"Circolo Canottieri Aniene\" \/>\n<meta property=\"article:published_time\" content=\"2017-09-19T18:07:47+00:00\" \/>\n<meta property=\"og:image\" content=\"https:\/\/www.ccaniene.com\/wp-content\/uploads\/2017\/07\/bolelli-1.png\" \/>\n\t<meta property=\"og:image:width\" content=\"813\" \/>\n\t<meta property=\"og:image:height\" content=\"569\" \/>\n\t<meta property=\"og:image:type\" content=\"image\/png\" \/>\n<meta name=\"author\" content=\"carlo.san@tin.it\" \/>\n<meta name=\"twitter:card\" content=\"summary_large_image\" \/>\n<meta name=\"twitter:label1\" content=\"Written by\" \/>\n\t<meta name=\"twitter:data1\" content=\"carlo.san@tin.it\" \/>\n<script type=\"application\/ld+json\" class=\"yoast-schema-graph\">{\"@context\":\"https:\/\/schema.org\",\"@graph\":[{\"@type\":\"WebPage\",\"@id\":\"https:\/\/www.ccaniene.com\/en\/bolelli-nel-main-draw-metz-matteo-berrettini-impegnato-izmir\/\",\"url\":\"https:\/\/www.ccaniene.com\/en\/bolelli-nel-main-draw-metz-matteo-berrettini-impegnato-izmir\/\",\"name\":\"Bolelli nel main draw di Metz, Matteo Berrettini impegnato a Izmir - Circolo Canottieri Aniene\",\"isPartOf\":{\"@id\":\"https:\/\/www.ccaniene.com\/it_it\/#website\"},\"primaryImageOfPage\":{\"@id\":\"https:\/\/www.ccaniene.com\/en\/bolelli-nel-main-draw-metz-matteo-berrettini-impegnato-izmir\/#primaryimage\"},\"image\":{\"@id\":\"https:\/\/www.ccaniene.com\/en\/bolelli-nel-main-draw-metz-matteo-berrettini-impegnato-izmir\/#primaryimage\"},\"thumbnailUrl\":\"https:\/\/www.ccaniene.com\/wp-content\/uploads\/2017\/07\/bolelli-1.png\",\"datePublished\":\"2017-09-19T18:07:47+00:00\",\"dateModified\":\"2017-09-19T18:07:47+00:00\",\"author\":{\"@id\":\"https:\/\/www.ccaniene.com\/it_it\/#\/schema\/person\/6042bd0ba360674279dffd4247d570ed\"},\"breadcrumb\":{\"@id\":\"https:\/\/www.ccaniene.com\/en\/bolelli-nel-main-draw-metz-matteo-berrettini-impegnato-izmir\/#breadcrumb\"},\"inLanguage\":\"en-GB\",\"potentialAction\":[{\"@type\":\"ReadAction\",\"target\":[\"https:\/\/www.ccaniene.com\/en\/bolelli-nel-main-draw-metz-matteo-berrettini-impegnato-izmir\/\"]}]},{\"@type\":\"ImageObject\",\"inLanguage\":\"en-GB\",\"@id\":\"https:\/\/www.ccaniene.com\/en\/bolelli-nel-main-draw-metz-matteo-berrettini-impegnato-izmir\/#primaryimage\",\"url\":\"https:\/\/www.ccaniene.com\/wp-content\/uploads\/2017\/07\/bolelli-1.png\",\"contentUrl\":\"https:\/\/www.ccaniene.com\/wp-content\/uploads\/2017\/07\/bolelli-1.png\",\"width\":813,\"height\":569},{\"@type\":\"BreadcrumbList\",\"@id\":\"https:\/\/www.ccaniene.com\/en\/bolelli-nel-main-draw-metz-matteo-berrettini-impegnato-izmir\/#breadcrumb\",\"itemListElement\":[{\"@type\":\"ListItem\",\"position\":1,\"name\":\"Home\",\"item\":\"https:\/\/www.ccaniene.com\/it_it\/\"},{\"@type\":\"ListItem\",\"position\":2,\"name\":\"Bolelli nel main draw di Metz, Matteo Berrettini impegnato a Izmir\"}]},{\"@type\":\"WebSite\",\"@id\":\"https:\/\/www.ccaniene.com\/it_it\/#website\",\"url\":\"https:\/\/www.ccaniene.com\/it_it\/\",\"name\":\"Circolo Canottieri Aniene\",\"description\":\"Collare d&#039;Oro e Stella d&#039;Oro al Merito Sportivo\",\"potentialAction\":[{\"@type\":\"SearchAction\",\"target\":{\"@type\":\"EntryPoint\",\"urlTemplate\":\"https:\/\/www.ccaniene.com\/it_it\/?s={search_term_string}\"},\"query-input\":{\"@type\":\"PropertyValueSpecification\",\"valueRequired\":true,\"valueName\":\"search_term_string\"}}],\"inLanguage\":\"en-GB\"},{\"@type\":\"Person\",\"@id\":\"https:\/\/www.ccaniene.com\/it_it\/#\/schema\/person\/6042bd0ba360674279dffd4247d570ed\",\"name\":\"carlo.san@tin.it\",\"image\":{\"@type\":\"ImageObject\",\"inLanguage\":\"en-GB\",\"@id\":\"https:\/\/www.ccaniene.com\/it_it\/#\/schema\/person\/image\/\",\"url\":\"https:\/\/secure.gravatar.com\/avatar\/f993a459d0ffe4d666e4c917fef20ca9?s=96&d=mm&r=g\",\"contentUrl\":\"https:\/\/secure.gravatar.com\/avatar\/f993a459d0ffe4d666e4c917fef20ca9?s=96&d=mm&r=g\",\"caption\":\"carlo.san@tin.it\"},\"url\":\"https:\/\/www.ccaniene.com\/en\/author\/carlo-santi-2\/\"}]}<\/script>\n<!-- \/ Yoast SEO plugin. -->","yoast_head_json":{"title":"Bolelli nel main draw di Metz, Matteo Berrettini impegnato a Izmir - Circolo Canottieri Aniene","robots":{"index":"index","follow":"follow","max-snippet":"max-snippet:-1","max-image-preview":"max-image-preview:large","max-video-preview":"max-video-preview:-1"},"canonical":"https:\/\/www.ccaniene.com\/en\/bolelli-nel-main-draw-metz-matteo-berrettini-impegnato-izmir\/","og_locale":"en_GB","og_type":"article","og_title":"Bolelli nel main draw di Metz, Matteo Berrettini impegnato a Izmir - Circolo Canottieri Aniene","og_description":"Dopo aver brillantemente superato lo scoglio delle qualificazioni, Simone Bolelli esordir\u00e0 oggi nel tabellone principale del Mosele Open Torneo ATP 250 in corso sui campi in veloce indoor della citt\u00e0 di Metz in Francia. Il nostro giocatore affronter\u00e0 al primo turno lo spagnolo Marcel Granollers n. 135 delle classifiche mondiali . Primo impegno anche per [&hellip;]","og_url":"https:\/\/www.ccaniene.com\/en\/bolelli-nel-main-draw-metz-matteo-berrettini-impegnato-izmir\/","og_site_name":"Circolo Canottieri Aniene","article_published_time":"2017-09-19T18:07:47+00:00","og_image":[{"width":813,"height":569,"url":"https:\/\/www.ccaniene.com\/wp-content\/uploads\/2017\/07\/bolelli-1.png","type":"image\/png"}],"author":"carlo.san@tin.it","twitter_card":"summary_large_image","twitter_misc":{"Written by":"carlo.san@tin.it"},"schema":{"@context":"https:\/\/schema.org","@graph":[{"@type":"WebPage","@id":"https:\/\/www.ccaniene.com\/en\/bolelli-nel-main-draw-metz-matteo-berrettini-impegnato-izmir\/","url":"https:\/\/www.ccaniene.com\/en\/bolelli-nel-main-draw-metz-matteo-berrettini-impegnato-izmir\/","name":"Bolelli nel main draw di Metz, Matteo Berrettini impegnato a Izmir - Circolo Canottieri Aniene","isPartOf":{"@id":"https:\/\/www.ccaniene.com\/it_it\/#website"},"primaryImageOfPage":{"@id":"https:\/\/www.ccaniene.com\/en\/bolelli-nel-main-draw-metz-matteo-berrettini-impegnato-izmir\/#primaryimage"},"image":{"@id":"https:\/\/www.ccaniene.com\/en\/bolelli-nel-main-draw-metz-matteo-berrettini-impegnato-izmir\/#primaryimage"},"thumbnailUrl":"https:\/\/www.ccaniene.com\/wp-content\/uploads\/2017\/07\/bolelli-1.png","datePublished":"2017-09-19T18:07:47+00:00","dateModified":"2017-09-19T18:07:47+00:00","author":{"@id":"https:\/\/www.ccaniene.com\/it_it\/#\/schema\/person\/6042bd0ba360674279dffd4247d570ed"},"breadcrumb":{"@id":"https:\/\/www.ccaniene.com\/en\/bolelli-nel-main-draw-metz-matteo-berrettini-impegnato-izmir\/#breadcrumb"},"inLanguage":"en-GB","potentialAction":[{"@type":"ReadAction","target":["https:\/\/www.ccaniene.com\/en\/bolelli-nel-main-draw-metz-matteo-berrettini-impegnato-izmir\/"]}]},{"@type":"ImageObject","inLanguage":"en-GB","@id":"https:\/\/www.ccaniene.com\/en\/bolelli-nel-main-draw-metz-matteo-berrettini-impegnato-izmir\/#primaryimage","url":"https:\/\/www.ccaniene.com\/wp-content\/uploads\/2017\/07\/bolelli-1.png","contentUrl":"https:\/\/www.ccaniene.com\/wp-content\/uploads\/2017\/07\/bolelli-1.png","width":813,"height":569},{"@type":"BreadcrumbList","@id":"https:\/\/www.ccaniene.com\/en\/bolelli-nel-main-draw-metz-matteo-berrettini-impegnato-izmir\/#breadcrumb","itemListElement":[{"@type":"ListItem","position":1,"name":"Home","item":"https:\/\/www.ccaniene.com\/it_it\/"},{"@type":"ListItem","position":2,"name":"Bolelli nel main draw di Metz, Matteo Berrettini impegnato a Izmir"}]},{"@type":"WebSite","@id":"https:\/\/www.ccaniene.com\/it_it\/#website","url":"https:\/\/www.ccaniene.com\/it_it\/","name":"Circolo Canottieri Aniene","description":"Collare d&#039;Oro e Stella d&#039;Oro al Merito Sportivo","potentialAction":[{"@type":"SearchAction","target":{"@type":"EntryPoint","urlTemplate":"https:\/\/www.ccaniene.com\/it_it\/?s={search_term_string}"},"query-input":{"@type":"PropertyValueSpecification","valueRequired":true,"valueName":"search_term_string"}}],"inLanguage":"en-GB"},{"@type":"Person","@id":"https:\/\/www.ccaniene.com\/it_it\/#\/schema\/person\/6042bd0ba360674279dffd4247d570ed","name":"carlo.san@tin.it","image":{"@type":"ImageObject","inLanguage":"en-GB","@id":"https:\/\/www.ccaniene.com\/it_it\/#\/schema\/person\/image\/","url":"https:\/\/secure.gravatar.com\/avatar\/f993a459d0ffe4d666e4c917fef20ca9?s=96&d=mm&r=g","contentUrl":"https:\/\/secure.gravatar.com\/avatar\/f993a459d0ffe4d666e4c917fef20ca9?s=96&d=mm&r=g","caption":"carlo.san@tin.it"},"url":"https:\/\/www.ccaniene.com\/en\/author\/carlo-santi-2\/"}]}},"_links":{"self":[{"href":"https:\/\/www.ccaniene.com\/en\/wp-json\/wp\/v2\/posts\/13833"}],"collection":[{"href":"https:\/\/www.ccaniene.com\/en\/wp-json\/wp\/v2\/posts"}],"about":[{"href":"https:\/\/www.ccaniene.com\/en\/wp-json\/wp\/v2\/types\/post"}],"author":[{"embeddable":true,"href":"https:\/\/www.ccaniene.com\/en\/wp-json\/wp\/v2\/users\/23521"}],"replies":[{"embeddable":true,"href":"https:\/\/www.ccaniene.com\/en\/wp-json\/wp\/v2\/comments?post=13833"}],"version-history":[{"count":1,"href":"https:\/\/www.ccaniene.com\/en\/wp-json\/wp\/v2\/posts\/13833\/revisions"}],"predecessor-version":[{"id":13834,"href":"https:\/\/www.ccaniene.com\/en\/wp-json\/wp\/v2\/posts\/13833\/revisions\/13834"}],"wp:featuredmedia":[{"embeddable":true,"href":"https:\/\/www.ccaniene.com\/en\/wp-json\/wp\/v2\/media\/13516"}],"wp:attachment":[{"href":"https:\/\/www.ccaniene.com\/en\/wp-json\/wp\/v2\/media?parent=13833"}],"wp:term":[{"taxonomy":"category","embeddable":true,"href":"https:\/\/www.ccaniene.com\/en\/wp-json\/wp\/v2\/categories?post=13833"},{"taxonomy":"post_tag","embeddable":true,"href":"https:\/\/www.ccaniene.com\/en\/wp-json\/wp\/v2\/tags?post=13833"}],"curies":[{"name":"wp","href":"https:\/\/api.w.org\/{rel}","templated":true}]}}