{"id":13701,"date":"2017-08-14T20:34:47","date_gmt":"2017-08-14T18:34:47","guid":{"rendered":"https:\/\/www.ccaniene.com\/?p=13701\/"},"modified":"2017-08-14T20:34:47","modified_gmt":"2017-08-14T18:34:47","slug":"aniene-finale-nella-sailing-champions-league","status":"publish","type":"post","link":"https:\/\/www.ccaniene.com\/en\/aniene-finale-nella-sailing-champions-league\/","title":{"rendered":"Aniene in finale nella Sailing Champions League"},"content":{"rendered":"<div>Grande soddisfazione per l&#8217;Aniene. Il team capitanato da Rufo Bressani con Matteo Mason, Umberto Molineris e Jacopo Plazzi Marzotto si qualifica per la finale della Sailing Champions League in programma a Porto Cervo dal 22 settembre, dove i migliori Club europei si sfideranno per decretarne il pi\u00f9 forte.<\/div>\n<div><\/div>\n<div><a href=\"http:\/\/www.ccaniene.com\/wp-content\/uploads\/2017\/08\/ajaxmail-8.jpg\"><img fetchpriority=\"high\" decoding=\"async\" class=\"aligncenter wp-image-13703 size-full\" src=\"http:\/\/www.ccaniene.com\/wp-content\/uploads\/2017\/08\/ajaxmail-8.jpg\" alt=\"\" width=\"640\" height=\"426\" srcset=\"https:\/\/www.ccaniene.com\/wp-content\/uploads\/2017\/08\/ajaxmail-8.jpg 640w, https:\/\/www.ccaniene.com\/wp-content\/uploads\/2017\/08\/ajaxmail-8-600x399.jpg 600w\" sizes=\"(max-width: 640px) 100vw, 640px\" \/><\/a><\/div>\n<div>Dopo 16 regate serratissime, disputate nelle acque del Neva prima di sfociare nel golfo di Finlandia, che attraversa la grande citt\u00e0 russa di St. Petersburg, dove si sviluppa una fastidiosa corrente e s&#8217;insidiano parecchi salti di vento, il nostro team si \u00e8 battuto come un leone nonostante un brutto OCS (partenza anticipata) nelle ultime regate della giornata, quando lottavamo per il primo posto.<\/div>\n<div>Sono oltre 200 i club internazionali che hanno partecipato a queste selezioni e l&#8217;Aniene, dopo lo strepitoso risultato del 2014 a Copenaghen, dove si classific\u00f2 secondo, ritenter\u00e0 la conquista del gradino pi\u00f9 alto del podio.<\/div>","protected":false},"excerpt":{"rendered":"<p>Grande soddisfazione per l&#8217;Aniene. Il team capitanato da Rufo Bressani con Matteo Mason, Umberto Molineris e Jacopo Plazzi Marzotto si qualifica per la finale della Sailing Champions League in programma a Porto Cervo dal 22 settembre, dove i migliori Club europei si sfideranno per decretarne il pi\u00f9 forte. Dopo 16 regate serratissime, disputate nelle acque [&hellip;]<\/p>","protected":false},"author":23521,"featured_media":13702,"comment_status":"open","ping_status":"closed","sticky":false,"template":"","format":"standard","meta":{"pmpro_default_level":0,"footnotes":"","_links_to":"","_links_to_target":""},"categories":[1,26],"tags":[],"class_list":["post-13701","post","type-post","status-publish","format-standard","has-post-thumbnail","hentry","category-news","category-vela","pmpro-has-access"],"featured_image_urls":{"woocommerce_thumbnail":"https:\/\/www.ccaniene.com\/wp-content\/uploads\/2017\/08\/ajaxmail-7-300x300.jpg","woocommerce_gallery_thumbnail":"https:\/\/www.ccaniene.com\/wp-content\/uploads\/2017\/08\/ajaxmail-7-100x100.jpg","woocommerce_single":"https:\/\/www.ccaniene.com\/wp-content\/uploads\/2017\/08\/ajaxmail-7-600x450.jpg","medium":"https:\/\/www.ccaniene.com\/wp-content\/uploads\/2017\/08\/ajaxmail-7-800x600.jpg","thumbnail":"https:\/\/www.ccaniene.com\/wp-content\/uploads\/2017\/08\/ajaxmail-7-400x400.jpg","medium_large":"https:\/\/www.ccaniene.com\/wp-content\/uploads\/2017\/08\/ajaxmail-7-768x576.jpg"},"appp_media":null,"yoast_head":"<!-- This site is optimized with the Yoast SEO plugin v23.6 - https:\/\/yoast.com\/wordpress\/plugins\/seo\/ -->\n<title>Aniene in finale nella Sailing Champions League - Circolo Canottieri Aniene<\/title>\n<meta name=\"robots\" content=\"index, follow, max-snippet:-1, max-image-preview:large, max-video-preview:-1\" \/>\n<link rel=\"canonical\" href=\"https:\/\/www.ccaniene.com\/en\/aniene-finale-nella-sailing-champions-league\/\" \/>\n<meta property=\"og:locale\" content=\"en_GB\" \/>\n<meta property=\"og:type\" content=\"article\" \/>\n<meta property=\"og:title\" content=\"Aniene in finale nella Sailing Champions League - Circolo Canottieri Aniene\" \/>\n<meta property=\"og:description\" content=\"Grande soddisfazione per l&#8217;Aniene. Il team capitanato da Rufo Bressani con Matteo Mason, Umberto Molineris e Jacopo Plazzi Marzotto si qualifica per la finale della Sailing Champions League in programma a Porto Cervo dal 22 settembre, dove i migliori Club europei si sfideranno per decretarne il pi\u00f9 forte. Dopo 16 regate serratissime, disputate nelle acque [&hellip;]\" \/>\n<meta property=\"og:url\" content=\"https:\/\/www.ccaniene.com\/en\/aniene-finale-nella-sailing-champions-league\/\" \/>\n<meta property=\"og:site_name\" content=\"Circolo Canottieri Aniene\" \/>\n<meta property=\"article:published_time\" content=\"2017-08-14T18:34:47+00:00\" \/>\n<meta property=\"og:image\" content=\"https:\/\/www.ccaniene.com\/wp-content\/uploads\/2017\/08\/ajaxmail-7.jpg\" \/>\n\t<meta property=\"og:image:width\" content=\"1024\" \/>\n\t<meta property=\"og:image:height\" content=\"768\" \/>\n\t<meta property=\"og:image:type\" content=\"image\/jpeg\" \/>\n<meta name=\"author\" content=\"carlo.san@tin.it\" \/>\n<meta name=\"twitter:card\" content=\"summary_large_image\" \/>\n<meta name=\"twitter:label1\" content=\"Written by\" \/>\n\t<meta name=\"twitter:data1\" content=\"carlo.san@tin.it\" \/>\n\t<meta name=\"twitter:label2\" content=\"Estimated reading time\" \/>\n\t<meta name=\"twitter:data2\" content=\"1 minute\" \/>\n<script type=\"application\/ld+json\" class=\"yoast-schema-graph\">{\"@context\":\"https:\/\/schema.org\",\"@graph\":[{\"@type\":\"WebPage\",\"@id\":\"https:\/\/www.ccaniene.com\/en\/aniene-finale-nella-sailing-champions-league\/\",\"url\":\"https:\/\/www.ccaniene.com\/en\/aniene-finale-nella-sailing-champions-league\/\",\"name\":\"Aniene in finale nella Sailing Champions League - Circolo Canottieri Aniene\",\"isPartOf\":{\"@id\":\"https:\/\/www.ccaniene.com\/it_it\/#website\"},\"primaryImageOfPage\":{\"@id\":\"https:\/\/www.ccaniene.com\/en\/aniene-finale-nella-sailing-champions-league\/#primaryimage\"},\"image\":{\"@id\":\"https:\/\/www.ccaniene.com\/en\/aniene-finale-nella-sailing-champions-league\/#primaryimage\"},\"thumbnailUrl\":\"https:\/\/www.ccaniene.com\/wp-content\/uploads\/2017\/08\/ajaxmail-7.jpg\",\"datePublished\":\"2017-08-14T18:34:47+00:00\",\"dateModified\":\"2017-08-14T18:34:47+00:00\",\"author\":{\"@id\":\"https:\/\/www.ccaniene.com\/it_it\/#\/schema\/person\/6042bd0ba360674279dffd4247d570ed\"},\"breadcrumb\":{\"@id\":\"https:\/\/www.ccaniene.com\/en\/aniene-finale-nella-sailing-champions-league\/#breadcrumb\"},\"inLanguage\":\"en-GB\",\"potentialAction\":[{\"@type\":\"ReadAction\",\"target\":[\"https:\/\/www.ccaniene.com\/en\/aniene-finale-nella-sailing-champions-league\/\"]}]},{\"@type\":\"ImageObject\",\"inLanguage\":\"en-GB\",\"@id\":\"https:\/\/www.ccaniene.com\/en\/aniene-finale-nella-sailing-champions-league\/#primaryimage\",\"url\":\"https:\/\/www.ccaniene.com\/wp-content\/uploads\/2017\/08\/ajaxmail-7.jpg\",\"contentUrl\":\"https:\/\/www.ccaniene.com\/wp-content\/uploads\/2017\/08\/ajaxmail-7.jpg\",\"width\":1024,\"height\":768},{\"@type\":\"BreadcrumbList\",\"@id\":\"https:\/\/www.ccaniene.com\/en\/aniene-finale-nella-sailing-champions-league\/#breadcrumb\",\"itemListElement\":[{\"@type\":\"ListItem\",\"position\":1,\"name\":\"Home\",\"item\":\"https:\/\/www.ccaniene.com\/it_it\/\"},{\"@type\":\"ListItem\",\"position\":2,\"name\":\"Aniene in finale nella Sailing Champions League\"}]},{\"@type\":\"WebSite\",\"@id\":\"https:\/\/www.ccaniene.com\/it_it\/#website\",\"url\":\"https:\/\/www.ccaniene.com\/it_it\/\",\"name\":\"Circolo Canottieri Aniene\",\"description\":\"Collare d&#039;Oro e Stella d&#039;Oro al Merito Sportivo\",\"potentialAction\":[{\"@type\":\"SearchAction\",\"target\":{\"@type\":\"EntryPoint\",\"urlTemplate\":\"https:\/\/www.ccaniene.com\/it_it\/?s={search_term_string}\"},\"query-input\":{\"@type\":\"PropertyValueSpecification\",\"valueRequired\":true,\"valueName\":\"search_term_string\"}}],\"inLanguage\":\"en-GB\"},{\"@type\":\"Person\",\"@id\":\"https:\/\/www.ccaniene.com\/it_it\/#\/schema\/person\/6042bd0ba360674279dffd4247d570ed\",\"name\":\"carlo.san@tin.it\",\"image\":{\"@type\":\"ImageObject\",\"inLanguage\":\"en-GB\",\"@id\":\"https:\/\/www.ccaniene.com\/it_it\/#\/schema\/person\/image\/\",\"url\":\"https:\/\/secure.gravatar.com\/avatar\/f993a459d0ffe4d666e4c917fef20ca9?s=96&d=mm&r=g\",\"contentUrl\":\"https:\/\/secure.gravatar.com\/avatar\/f993a459d0ffe4d666e4c917fef20ca9?s=96&d=mm&r=g\",\"caption\":\"carlo.san@tin.it\"},\"url\":\"https:\/\/www.ccaniene.com\/en\/author\/carlo-santi-2\/\"}]}<\/script>\n<!-- \/ Yoast SEO plugin. -->","yoast_head_json":{"title":"Aniene in finale nella Sailing Champions League - Circolo Canottieri Aniene","robots":{"index":"index","follow":"follow","max-snippet":"max-snippet:-1","max-image-preview":"max-image-preview:large","max-video-preview":"max-video-preview:-1"},"canonical":"https:\/\/www.ccaniene.com\/en\/aniene-finale-nella-sailing-champions-league\/","og_locale":"en_GB","og_type":"article","og_title":"Aniene in finale nella Sailing Champions League - Circolo Canottieri Aniene","og_description":"Grande soddisfazione per l&#8217;Aniene. Il team capitanato da Rufo Bressani con Matteo Mason, Umberto Molineris e Jacopo Plazzi Marzotto si qualifica per la finale della Sailing Champions League in programma a Porto Cervo dal 22 settembre, dove i migliori Club europei si sfideranno per decretarne il pi\u00f9 forte. Dopo 16 regate serratissime, disputate nelle acque [&hellip;]","og_url":"https:\/\/www.ccaniene.com\/en\/aniene-finale-nella-sailing-champions-league\/","og_site_name":"Circolo Canottieri Aniene","article_published_time":"2017-08-14T18:34:47+00:00","og_image":[{"width":1024,"height":768,"url":"https:\/\/www.ccaniene.com\/wp-content\/uploads\/2017\/08\/ajaxmail-7.jpg","type":"image\/jpeg"}],"author":"carlo.san@tin.it","twitter_card":"summary_large_image","twitter_misc":{"Written by":"carlo.san@tin.it","Estimated reading time":"1 minute"},"schema":{"@context":"https:\/\/schema.org","@graph":[{"@type":"WebPage","@id":"https:\/\/www.ccaniene.com\/en\/aniene-finale-nella-sailing-champions-league\/","url":"https:\/\/www.ccaniene.com\/en\/aniene-finale-nella-sailing-champions-league\/","name":"Aniene in finale nella Sailing Champions League - Circolo Canottieri Aniene","isPartOf":{"@id":"https:\/\/www.ccaniene.com\/it_it\/#website"},"primaryImageOfPage":{"@id":"https:\/\/www.ccaniene.com\/en\/aniene-finale-nella-sailing-champions-league\/#primaryimage"},"image":{"@id":"https:\/\/www.ccaniene.com\/en\/aniene-finale-nella-sailing-champions-league\/#primaryimage"},"thumbnailUrl":"https:\/\/www.ccaniene.com\/wp-content\/uploads\/2017\/08\/ajaxmail-7.jpg","datePublished":"2017-08-14T18:34:47+00:00","dateModified":"2017-08-14T18:34:47+00:00","author":{"@id":"https:\/\/www.ccaniene.com\/it_it\/#\/schema\/person\/6042bd0ba360674279dffd4247d570ed"},"breadcrumb":{"@id":"https:\/\/www.ccaniene.com\/en\/aniene-finale-nella-sailing-champions-league\/#breadcrumb"},"inLanguage":"en-GB","potentialAction":[{"@type":"ReadAction","target":["https:\/\/www.ccaniene.com\/en\/aniene-finale-nella-sailing-champions-league\/"]}]},{"@type":"ImageObject","inLanguage":"en-GB","@id":"https:\/\/www.ccaniene.com\/en\/aniene-finale-nella-sailing-champions-league\/#primaryimage","url":"https:\/\/www.ccaniene.com\/wp-content\/uploads\/2017\/08\/ajaxmail-7.jpg","contentUrl":"https:\/\/www.ccaniene.com\/wp-content\/uploads\/2017\/08\/ajaxmail-7.jpg","width":1024,"height":768},{"@type":"BreadcrumbList","@id":"https:\/\/www.ccaniene.com\/en\/aniene-finale-nella-sailing-champions-league\/#breadcrumb","itemListElement":[{"@type":"ListItem","position":1,"name":"Home","item":"https:\/\/www.ccaniene.com\/it_it\/"},{"@type":"ListItem","position":2,"name":"Aniene in finale nella Sailing Champions League"}]},{"@type":"WebSite","@id":"https:\/\/www.ccaniene.com\/it_it\/#website","url":"https:\/\/www.ccaniene.com\/it_it\/","name":"Circolo Canottieri Aniene","description":"Collare d&#039;Oro e Stella d&#039;Oro al Merito Sportivo","potentialAction":[{"@type":"SearchAction","target":{"@type":"EntryPoint","urlTemplate":"https:\/\/www.ccaniene.com\/it_it\/?s={search_term_string}"},"query-input":{"@type":"PropertyValueSpecification","valueRequired":true,"valueName":"search_term_string"}}],"inLanguage":"en-GB"},{"@type":"Person","@id":"https:\/\/www.ccaniene.com\/it_it\/#\/schema\/person\/6042bd0ba360674279dffd4247d570ed","name":"carlo.san@tin.it","image":{"@type":"ImageObject","inLanguage":"en-GB","@id":"https:\/\/www.ccaniene.com\/it_it\/#\/schema\/person\/image\/","url":"https:\/\/secure.gravatar.com\/avatar\/f993a459d0ffe4d666e4c917fef20ca9?s=96&d=mm&r=g","contentUrl":"https:\/\/secure.gravatar.com\/avatar\/f993a459d0ffe4d666e4c917fef20ca9?s=96&d=mm&r=g","caption":"carlo.san@tin.it"},"url":"https:\/\/www.ccaniene.com\/en\/author\/carlo-santi-2\/"}]}},"_links":{"self":[{"href":"https:\/\/www.ccaniene.com\/en\/wp-json\/wp\/v2\/posts\/13701"}],"collection":[{"href":"https:\/\/www.ccaniene.com\/en\/wp-json\/wp\/v2\/posts"}],"about":[{"href":"https:\/\/www.ccaniene.com\/en\/wp-json\/wp\/v2\/types\/post"}],"author":[{"embeddable":true,"href":"https:\/\/www.ccaniene.com\/en\/wp-json\/wp\/v2\/users\/23521"}],"replies":[{"embeddable":true,"href":"https:\/\/www.ccaniene.com\/en\/wp-json\/wp\/v2\/comments?post=13701"}],"version-history":[{"count":1,"href":"https:\/\/www.ccaniene.com\/en\/wp-json\/wp\/v2\/posts\/13701\/revisions"}],"predecessor-version":[{"id":13704,"href":"https:\/\/www.ccaniene.com\/en\/wp-json\/wp\/v2\/posts\/13701\/revisions\/13704"}],"wp:featuredmedia":[{"embeddable":true,"href":"https:\/\/www.ccaniene.com\/en\/wp-json\/wp\/v2\/media\/13702"}],"wp:attachment":[{"href":"https:\/\/www.ccaniene.com\/en\/wp-json\/wp\/v2\/media?parent=13701"}],"wp:term":[{"taxonomy":"category","embeddable":true,"href":"https:\/\/www.ccaniene.com\/en\/wp-json\/wp\/v2\/categories?post=13701"},{"taxonomy":"post_tag","embeddable":true,"href":"https:\/\/www.ccaniene.com\/en\/wp-json\/wp\/v2\/tags?post=13701"}],"curies":[{"name":"wp","href":"https:\/\/api.w.org\/{rel}","templated":true}]}}