{"id":13685,"date":"2017-08-08T18:54:12","date_gmt":"2017-08-08T16:54:12","guid":{"rendered":"https:\/\/www.ccaniene.com\/?p=13685\/"},"modified":"2017-08-08T18:54:12","modified_gmt":"2017-08-08T16:54:12","slug":"grande-successo-dellaniene-ai-campionati-italiani-categoria","status":"publish","type":"post","link":"https:\/\/www.ccaniene.com\/en\/grande-successo-dellaniene-ai-campionati-italiani-categoria\/","title":{"rendered":"Grande successo dell&#8217;Aniene ai Campionati Italiani di Categoria"},"content":{"rendered":"<p>Pioggia di medaglie per i nostri nuotatori impegnati ai Campionati Italiani di Categoria Estivi che si sono svolti allo Stadio del Nuoto di Roma dal 1\u00b0 al 4 agosto per la sezione \u201cJuniores \u2013 Cadetti &#8211; Seniores\u201d e dal 5 al 7 agosto per la sezione \u201cRagazzi\u201d con un medagliere totale di 47 medaglie conquistate tra gare individuali e staffette: 19 d\u2019oro, 18 di argento e 10 di bronzo.<\/p>\n<div id=\"attachment_13687\" style=\"width: 257px\" class=\"wp-caption alignleft\"><a href=\"http:\/\/www.ccaniene.com\/wp-content\/uploads\/2017\/08\/Baffi-Alessandro.jpg\"><img fetchpriority=\"high\" decoding=\"async\" aria-describedby=\"caption-attachment-13687\" class=\"wp-image-13687\" src=\"http:\/\/www.ccaniene.com\/wp-content\/uploads\/2017\/08\/Baffi-Alessandro-345x460.jpg\" alt=\"\" width=\"247\" height=\"329\" \/><\/a><p id=\"caption-attachment-13687\" class=\"wp-caption-text\">Alessandro Baffi<\/p><\/div>\n<p>Per quanto riguarda le classifiche di societ\u00e0 la squadra del C.C.Aniene \u00e8 1^ Societ\u00e0 classifica generale maschile, 1^ Societ\u00e0 classifica categoria Seniores maschile e femminile, 1^ Societ\u00e0 classifica categoria Juniores maschile, 2^ Societ\u00e0 classifica generale femminile, classifica categoria Juniores femminile e classifica categoria Ragazzi maschile.<\/p>\n<p><strong>Ecco i protagonisti delle medaglie d\u2019oro:<\/strong><br \/>\nMarta Verzi ha ottenuto 4 Titoli Italiani e precisamente nella finale dei 50 rana chiusi in 32\u201d75, nei 100 rana con il crono di 1\u201910\u201d42, nei 200 rana in 2\u201930\u201d70 e nella staffetta 4&#215;100 mista Juniores femminile (1\u201910\u201d72 frazione rana) insieme alle compagne di squadra Asia Ricci (1\u201904\u201d82 frazione dorso), Giorgia Di Francesco (1\u201903\u201d41 frazione farfalla) e Chiara Francucci (59\u201d28 frazione stile libero) chiusa in 4\u201918\u201d23. Altri 2 Titoli Italiani li ha conquistati Silvia Scalia nelle finali dei 50 e 100 dorso chiusi rispettivamente in 28\u201d66 e 1\u201901\u201d28. Altre medaglie d\u2019Oro per Simona Quadarella nei 400 stile libero con 4\u201909\u201d77, Elena Gemo nei 50 farfalla con 26\u201d52, Ilaria Scarcella nei 200 rana con 2\u201927\u201d61, Letizia Paruscio nei 200 dorso con 2\u201914\u201d22, Margherita Panziera nei 200 misti con 2\u201915\u201d71, Luca Alessandrini nei 400 stile libero con 3\u201959\u201d78, Alessandro Baffi nei 100 dorso con 56\u201d87, Jacopo Bietti nei 200 dorso con 1\u201959\u201d32, Flavio Bizzarri nei 200 rana<\/p>\n<div id=\"attachment_13688\" style=\"width: 284px\" class=\"wp-caption alignright\"><a href=\"http:\/\/www.ccaniene.com\/wp-content\/uploads\/2017\/08\/Alessandrini-Luca.jpg\"><img decoding=\"async\" aria-describedby=\"caption-attachment-13688\" class=\"wp-image-13688\" src=\"http:\/\/www.ccaniene.com\/wp-content\/uploads\/2017\/08\/Alessandrini-Luca-354x460.jpg\" alt=\"\" width=\"274\" height=\"356\" \/><\/a><p id=\"caption-attachment-13688\" class=\"wp-caption-text\">Luca Alessandrini<\/p><\/div>\n<p>con 2\u201916\u201d39, Piero Codia nei 100 stile libero con 49\u201d34, Daniele D\u2019Angelo nei 50 farfalla con 24\u201d23, Matteo Pelizzari nei 200 farfalla con 1\u201957\u201d82 e Giovanni Sorriso nei 200 misti con 2\u201901\u201d62.<\/p>\n<p><strong>Le medaglie d\u2019argento:<\/strong><br \/>\nElena Di Liddo nei 50 farfalla (26\u201d97) e nei 100 farfalla (59\u201d98), Ilaria Scarcella nei 50 rana (31\u201d53) e nei 100 rana (1\u201908\u201d21), Michele Malerba nei 100 dorso (55\u201d06) e nei 200 dorso (1\u201959\u201d72), Filippo Berlincioni nei 100 farfalla (53\u201d60) e nei 200 farfalla (1\u201957\u201d90), Aurora Ponsel\u00e8 negli 800 stile libero (8\u201941\u201d05), Giulia Spaziani nei 100 dorso (1\u201902\u201d86), Matteo Pelizzari nei 200 misti (2\u201902\u201d44), Elena Gemo nei 50 dorso (28\u201d99), Erika Ferraioli nei 50 stile libero (25\u201d23), Lorenzo Tarocchi nei 400 misti (4\u201923\u201d72), Alessandro Baffi nei 200 dorso (2\u201903\u201d17), Mattia Mosconi nei 400 stile libero (3\u201955\u201d87), Giorgia Di Francesco nei 200 farfalla (2\u201915\u201d59) e nella staffetta 4&#215;200 stile libero Ragazzi chiusa in 7\u201946\u201d98 con Luca Alessandrini (1\u201955\u201d96), Matteo Fantozzi (1\u201958\u201d36), Lorenzo Dentale (1\u201957\u201d45) e Matteo Infusi (1\u201955\u201d21).<\/p>\n<p><strong>Le medaglie di bronzo:<\/strong><br \/>\nLetizia Paruscio nei 100 dorso (1\u201902\u201d91), Lucrezia Raco nei 50 stile libero (25\u201d30), Aurora Ponsel\u00e8 nei 400 stile libero (4\u201914\u201d63), Luca Alessandrini nei 200 stile libero (1\u201954\u201d11), Jacopo Bietti nei 100 dorso (55\u201d79), Flavio Bizzarri nei 100 rana (1\u201902\u201d43), Enzo Nardozza nei 100 farfalla (53\u201d78), staffetta 4&#215;100 stile libero Juniores (3\u201929\u201d97) con Leonardo Delli Colli (51\u201d97), Damiano Polidori (53\u201d14), Alessandro Baffi (52\u201d96) e Mattia Mosconi (51\u201d90), staffetta 4&#215;200 stile libero Juniores (7\u201940\u201d76) con Mattia Mosconi (1\u201952\u201d66), Roberto Riti (1\u201954\u201d83), Gianluca Vandini (1\u201957\u201d53) e Leonardo Delli Colli (1\u201955\u201d74), staffetta 4&#215;100 mista Jnuiores (3\u201949\u201d48) con Alessandro Baffi (57\u201d14 frazione dorso), Damiano Polidori (1\u201903\u201d44 frazione rana), Leonardo Delli Colli (57\u201d23 frazione farfalla) e Mattia Mosconi (51\u201d67 frazione stile libero).<\/p>","protected":false},"excerpt":{"rendered":"<p>Pioggia di medaglie per i nostri nuotatori impegnati ai Campionati Italiani di Categoria Estivi che si sono svolti allo Stadio del Nuoto di Roma dal 1\u00b0 al 4 agosto per la sezione \u201cJuniores \u2013 Cadetti &#8211; Seniores\u201d e dal 5 al 7 agosto per la sezione \u201cRagazzi\u201d con un medagliere totale di 47 medaglie conquistate [&hellip;]<\/p>","protected":false},"author":23521,"featured_media":13686,"comment_status":"open","ping_status":"closed","sticky":false,"template":"","format":"standard","meta":{"pmpro_default_level":0,"footnotes":"","_links_to":"","_links_to_target":""},"categories":[1,11],"tags":[],"class_list":["post-13685","post","type-post","status-publish","format-standard","has-post-thumbnail","hentry","category-news","category-nuoto","pmpro-has-access"],"featured_image_urls":{"woocommerce_thumbnail":"https:\/\/www.ccaniene.com\/wp-content\/uploads\/2017\/08\/Verzi-Marta-300x300.jpg","woocommerce_gallery_thumbnail":"https:\/\/www.ccaniene.com\/wp-content\/uploads\/2017\/08\/Verzi-Marta-100x100.jpg","woocommerce_single":"https:\/\/www.ccaniene.com\/wp-content\/uploads\/2017\/08\/Verzi-Marta-600x399.jpg","medium":"https:\/\/www.ccaniene.com\/wp-content\/uploads\/2017\/08\/Verzi-Marta-800x532.jpg","thumbnail":"https:\/\/www.ccaniene.com\/wp-content\/uploads\/2017\/08\/Verzi-Marta-400x400.jpg","medium_large":"https:\/\/www.ccaniene.com\/wp-content\/uploads\/2017\/08\/Verzi-Marta-768x511.jpg"},"appp_media":null,"yoast_head":"<!-- This site is optimized with the Yoast SEO plugin v23.6 - https:\/\/yoast.com\/wordpress\/plugins\/seo\/ -->\n<title>Grande successo dell&#039;Aniene ai Campionati Italiani di Categoria - Circolo Canottieri Aniene<\/title>\n<meta name=\"robots\" content=\"index, follow, max-snippet:-1, max-image-preview:large, max-video-preview:-1\" \/>\n<link rel=\"canonical\" href=\"https:\/\/www.ccaniene.com\/en\/grande-successo-dellaniene-ai-campionati-italiani-categoria\/\" \/>\n<meta property=\"og:locale\" content=\"en_GB\" \/>\n<meta property=\"og:type\" content=\"article\" \/>\n<meta property=\"og:title\" content=\"Grande successo dell&#039;Aniene ai Campionati Italiani di Categoria - Circolo Canottieri Aniene\" \/>\n<meta property=\"og:description\" content=\"Pioggia di medaglie per i nostri nuotatori impegnati ai Campionati Italiani di Categoria Estivi che si sono svolti allo Stadio del Nuoto di Roma dal 1\u00b0 al 4 agosto per la sezione \u201cJuniores \u2013 Cadetti &#8211; Seniores\u201d e dal 5 al 7 agosto per la sezione \u201cRagazzi\u201d con un medagliere totale di 47 medaglie conquistate [&hellip;]\" \/>\n<meta property=\"og:url\" content=\"https:\/\/www.ccaniene.com\/en\/grande-successo-dellaniene-ai-campionati-italiani-categoria\/\" \/>\n<meta property=\"og:site_name\" content=\"Circolo Canottieri Aniene\" \/>\n<meta property=\"article:published_time\" content=\"2017-08-08T16:54:12+00:00\" \/>\n<meta property=\"og:image\" content=\"https:\/\/www.ccaniene.com\/wp-content\/uploads\/2017\/08\/Verzi-Marta.jpg\" \/>\n\t<meta property=\"og:image:width\" content=\"1500\" \/>\n\t<meta property=\"og:image:height\" content=\"998\" \/>\n\t<meta property=\"og:image:type\" content=\"image\/jpeg\" \/>\n<meta name=\"author\" content=\"carlo.san@tin.it\" \/>\n<meta name=\"twitter:card\" content=\"summary_large_image\" \/>\n<meta name=\"twitter:label1\" content=\"Written by\" \/>\n\t<meta name=\"twitter:data1\" content=\"carlo.san@tin.it\" \/>\n\t<meta name=\"twitter:label2\" content=\"Estimated reading time\" \/>\n\t<meta name=\"twitter:data2\" content=\"2 minutes\" \/>\n<script type=\"application\/ld+json\" class=\"yoast-schema-graph\">{\"@context\":\"https:\/\/schema.org\",\"@graph\":[{\"@type\":\"WebPage\",\"@id\":\"https:\/\/www.ccaniene.com\/en\/grande-successo-dellaniene-ai-campionati-italiani-categoria\/\",\"url\":\"https:\/\/www.ccaniene.com\/en\/grande-successo-dellaniene-ai-campionati-italiani-categoria\/\",\"name\":\"Grande successo dell'Aniene ai Campionati Italiani di Categoria - Circolo Canottieri Aniene\",\"isPartOf\":{\"@id\":\"https:\/\/www.ccaniene.com\/it_it\/#website\"},\"primaryImageOfPage\":{\"@id\":\"https:\/\/www.ccaniene.com\/en\/grande-successo-dellaniene-ai-campionati-italiani-categoria\/#primaryimage\"},\"image\":{\"@id\":\"https:\/\/www.ccaniene.com\/en\/grande-successo-dellaniene-ai-campionati-italiani-categoria\/#primaryimage\"},\"thumbnailUrl\":\"https:\/\/www.ccaniene.com\/wp-content\/uploads\/2017\/08\/Verzi-Marta.jpg\",\"datePublished\":\"2017-08-08T16:54:12+00:00\",\"dateModified\":\"2017-08-08T16:54:12+00:00\",\"author\":{\"@id\":\"https:\/\/www.ccaniene.com\/it_it\/#\/schema\/person\/6042bd0ba360674279dffd4247d570ed\"},\"breadcrumb\":{\"@id\":\"https:\/\/www.ccaniene.com\/en\/grande-successo-dellaniene-ai-campionati-italiani-categoria\/#breadcrumb\"},\"inLanguage\":\"en-GB\",\"potentialAction\":[{\"@type\":\"ReadAction\",\"target\":[\"https:\/\/www.ccaniene.com\/en\/grande-successo-dellaniene-ai-campionati-italiani-categoria\/\"]}]},{\"@type\":\"ImageObject\",\"inLanguage\":\"en-GB\",\"@id\":\"https:\/\/www.ccaniene.com\/en\/grande-successo-dellaniene-ai-campionati-italiani-categoria\/#primaryimage\",\"url\":\"https:\/\/www.ccaniene.com\/wp-content\/uploads\/2017\/08\/Verzi-Marta.jpg\",\"contentUrl\":\"https:\/\/www.ccaniene.com\/wp-content\/uploads\/2017\/08\/Verzi-Marta.jpg\",\"width\":1500,\"height\":998},{\"@type\":\"BreadcrumbList\",\"@id\":\"https:\/\/www.ccaniene.com\/en\/grande-successo-dellaniene-ai-campionati-italiani-categoria\/#breadcrumb\",\"itemListElement\":[{\"@type\":\"ListItem\",\"position\":1,\"name\":\"Home\",\"item\":\"https:\/\/www.ccaniene.com\/it_it\/\"},{\"@type\":\"ListItem\",\"position\":2,\"name\":\"Grande successo dell&#8217;Aniene ai Campionati Italiani di Categoria\"}]},{\"@type\":\"WebSite\",\"@id\":\"https:\/\/www.ccaniene.com\/it_it\/#website\",\"url\":\"https:\/\/www.ccaniene.com\/it_it\/\",\"name\":\"Circolo Canottieri Aniene\",\"description\":\"Collare d&#039;Oro e Stella d&#039;Oro al Merito Sportivo\",\"potentialAction\":[{\"@type\":\"SearchAction\",\"target\":{\"@type\":\"EntryPoint\",\"urlTemplate\":\"https:\/\/www.ccaniene.com\/it_it\/?s={search_term_string}\"},\"query-input\":{\"@type\":\"PropertyValueSpecification\",\"valueRequired\":true,\"valueName\":\"search_term_string\"}}],\"inLanguage\":\"en-GB\"},{\"@type\":\"Person\",\"@id\":\"https:\/\/www.ccaniene.com\/it_it\/#\/schema\/person\/6042bd0ba360674279dffd4247d570ed\",\"name\":\"carlo.san@tin.it\",\"image\":{\"@type\":\"ImageObject\",\"inLanguage\":\"en-GB\",\"@id\":\"https:\/\/www.ccaniene.com\/it_it\/#\/schema\/person\/image\/\",\"url\":\"https:\/\/secure.gravatar.com\/avatar\/f993a459d0ffe4d666e4c917fef20ca9?s=96&d=mm&r=g\",\"contentUrl\":\"https:\/\/secure.gravatar.com\/avatar\/f993a459d0ffe4d666e4c917fef20ca9?s=96&d=mm&r=g\",\"caption\":\"carlo.san@tin.it\"},\"url\":\"https:\/\/www.ccaniene.com\/en\/author\/carlo-santi-2\/\"}]}<\/script>\n<!-- \/ Yoast SEO plugin. -->","yoast_head_json":{"title":"Grande successo dell'Aniene ai Campionati Italiani di Categoria - Circolo Canottieri Aniene","robots":{"index":"index","follow":"follow","max-snippet":"max-snippet:-1","max-image-preview":"max-image-preview:large","max-video-preview":"max-video-preview:-1"},"canonical":"https:\/\/www.ccaniene.com\/en\/grande-successo-dellaniene-ai-campionati-italiani-categoria\/","og_locale":"en_GB","og_type":"article","og_title":"Grande successo dell'Aniene ai Campionati Italiani di Categoria - Circolo Canottieri Aniene","og_description":"Pioggia di medaglie per i nostri nuotatori impegnati ai Campionati Italiani di Categoria Estivi che si sono svolti allo Stadio del Nuoto di Roma dal 1\u00b0 al 4 agosto per la sezione \u201cJuniores \u2013 Cadetti &#8211; Seniores\u201d e dal 5 al 7 agosto per la sezione \u201cRagazzi\u201d con un medagliere totale di 47 medaglie conquistate [&hellip;]","og_url":"https:\/\/www.ccaniene.com\/en\/grande-successo-dellaniene-ai-campionati-italiani-categoria\/","og_site_name":"Circolo Canottieri Aniene","article_published_time":"2017-08-08T16:54:12+00:00","og_image":[{"width":1500,"height":998,"url":"https:\/\/www.ccaniene.com\/wp-content\/uploads\/2017\/08\/Verzi-Marta.jpg","type":"image\/jpeg"}],"author":"carlo.san@tin.it","twitter_card":"summary_large_image","twitter_misc":{"Written by":"carlo.san@tin.it","Estimated reading time":"2 minutes"},"schema":{"@context":"https:\/\/schema.org","@graph":[{"@type":"WebPage","@id":"https:\/\/www.ccaniene.com\/en\/grande-successo-dellaniene-ai-campionati-italiani-categoria\/","url":"https:\/\/www.ccaniene.com\/en\/grande-successo-dellaniene-ai-campionati-italiani-categoria\/","name":"Grande successo dell'Aniene ai Campionati Italiani di Categoria - Circolo Canottieri Aniene","isPartOf":{"@id":"https:\/\/www.ccaniene.com\/it_it\/#website"},"primaryImageOfPage":{"@id":"https:\/\/www.ccaniene.com\/en\/grande-successo-dellaniene-ai-campionati-italiani-categoria\/#primaryimage"},"image":{"@id":"https:\/\/www.ccaniene.com\/en\/grande-successo-dellaniene-ai-campionati-italiani-categoria\/#primaryimage"},"thumbnailUrl":"https:\/\/www.ccaniene.com\/wp-content\/uploads\/2017\/08\/Verzi-Marta.jpg","datePublished":"2017-08-08T16:54:12+00:00","dateModified":"2017-08-08T16:54:12+00:00","author":{"@id":"https:\/\/www.ccaniene.com\/it_it\/#\/schema\/person\/6042bd0ba360674279dffd4247d570ed"},"breadcrumb":{"@id":"https:\/\/www.ccaniene.com\/en\/grande-successo-dellaniene-ai-campionati-italiani-categoria\/#breadcrumb"},"inLanguage":"en-GB","potentialAction":[{"@type":"ReadAction","target":["https:\/\/www.ccaniene.com\/en\/grande-successo-dellaniene-ai-campionati-italiani-categoria\/"]}]},{"@type":"ImageObject","inLanguage":"en-GB","@id":"https:\/\/www.ccaniene.com\/en\/grande-successo-dellaniene-ai-campionati-italiani-categoria\/#primaryimage","url":"https:\/\/www.ccaniene.com\/wp-content\/uploads\/2017\/08\/Verzi-Marta.jpg","contentUrl":"https:\/\/www.ccaniene.com\/wp-content\/uploads\/2017\/08\/Verzi-Marta.jpg","width":1500,"height":998},{"@type":"BreadcrumbList","@id":"https:\/\/www.ccaniene.com\/en\/grande-successo-dellaniene-ai-campionati-italiani-categoria\/#breadcrumb","itemListElement":[{"@type":"ListItem","position":1,"name":"Home","item":"https:\/\/www.ccaniene.com\/it_it\/"},{"@type":"ListItem","position":2,"name":"Grande successo dell&#8217;Aniene ai Campionati Italiani di Categoria"}]},{"@type":"WebSite","@id":"https:\/\/www.ccaniene.com\/it_it\/#website","url":"https:\/\/www.ccaniene.com\/it_it\/","name":"Circolo Canottieri Aniene","description":"Collare d&#039;Oro e Stella d&#039;Oro al Merito Sportivo","potentialAction":[{"@type":"SearchAction","target":{"@type":"EntryPoint","urlTemplate":"https:\/\/www.ccaniene.com\/it_it\/?s={search_term_string}"},"query-input":{"@type":"PropertyValueSpecification","valueRequired":true,"valueName":"search_term_string"}}],"inLanguage":"en-GB"},{"@type":"Person","@id":"https:\/\/www.ccaniene.com\/it_it\/#\/schema\/person\/6042bd0ba360674279dffd4247d570ed","name":"carlo.san@tin.it","image":{"@type":"ImageObject","inLanguage":"en-GB","@id":"https:\/\/www.ccaniene.com\/it_it\/#\/schema\/person\/image\/","url":"https:\/\/secure.gravatar.com\/avatar\/f993a459d0ffe4d666e4c917fef20ca9?s=96&d=mm&r=g","contentUrl":"https:\/\/secure.gravatar.com\/avatar\/f993a459d0ffe4d666e4c917fef20ca9?s=96&d=mm&r=g","caption":"carlo.san@tin.it"},"url":"https:\/\/www.ccaniene.com\/en\/author\/carlo-santi-2\/"}]}},"_links":{"self":[{"href":"https:\/\/www.ccaniene.com\/en\/wp-json\/wp\/v2\/posts\/13685"}],"collection":[{"href":"https:\/\/www.ccaniene.com\/en\/wp-json\/wp\/v2\/posts"}],"about":[{"href":"https:\/\/www.ccaniene.com\/en\/wp-json\/wp\/v2\/types\/post"}],"author":[{"embeddable":true,"href":"https:\/\/www.ccaniene.com\/en\/wp-json\/wp\/v2\/users\/23521"}],"replies":[{"embeddable":true,"href":"https:\/\/www.ccaniene.com\/en\/wp-json\/wp\/v2\/comments?post=13685"}],"version-history":[{"count":1,"href":"https:\/\/www.ccaniene.com\/en\/wp-json\/wp\/v2\/posts\/13685\/revisions"}],"predecessor-version":[{"id":13689,"href":"https:\/\/www.ccaniene.com\/en\/wp-json\/wp\/v2\/posts\/13685\/revisions\/13689"}],"wp:featuredmedia":[{"embeddable":true,"href":"https:\/\/www.ccaniene.com\/en\/wp-json\/wp\/v2\/media\/13686"}],"wp:attachment":[{"href":"https:\/\/www.ccaniene.com\/en\/wp-json\/wp\/v2\/media?parent=13685"}],"wp:term":[{"taxonomy":"category","embeddable":true,"href":"https:\/\/www.ccaniene.com\/en\/wp-json\/wp\/v2\/categories?post=13685"},{"taxonomy":"post_tag","embeddable":true,"href":"https:\/\/www.ccaniene.com\/en\/wp-json\/wp\/v2\/tags?post=13685"}],"curies":[{"name":"wp","href":"https:\/\/api.w.org\/{rel}","templated":true}]}}