{"id":13649,"date":"2017-07-28T12:00:37","date_gmt":"2017-07-28T10:00:37","guid":{"rendered":"https:\/\/www.ccaniene.com\/?p=13649\/"},"modified":"2017-07-28T23:11:34","modified_gmt":"2017-07-28T21:11:34","slug":"cresce-lattesa-la-lunga-bolina-sardinia","status":"publish","type":"post","link":"https:\/\/www.ccaniene.com\/en\/cresce-lattesa-la-lunga-bolina-sardinia\/","title":{"rendered":"Cresce l&#8217;attesa per La Lunga Bolina Sardinia"},"content":{"rendered":"<p>Fervono i preparativi a Porto Rotondo per la prima edizione de La Lunga Bolina &amp; Coastal Race Sardinia 2017, in programma dal 22 al 24 settembre. La regata, nata dalla collaborazione sportiva tra il Circolo Canottieri Aniene e lo Yacht Club Porto Rotondo, vedr\u00e0 impegnata la flotta delle barche d\u2019altura in possesso di valido certificato ORC International o ORC Club, e quella dei monotipi, Este24 ed altri.<\/p>\n<p>Due i percorsi studiati per le diverse caratteristiche delle imbarcazioni. La regata d\u2019altura si svolger\u00e0 con la partenza dal golfo di Porto Rotondo fino alle Bocche di Bonifacio, passando dapprima all&#8217;interno dell&#8217;isola di Caprera, Santo Stefano, La Maddalena, Spargi, Budelli, fino al pilone di Lavezzi, per poi ritornare indietro fino a sud di Tavolara, girando l&#8217;isola di Molarotto per il percorso pi\u00f9 lungo di 100 miglia. Contemporaneamente i monotipi si daranno battaglia con virate e strambate da Porto Rotondo fino alla secca Tre Monti, attraversando il passo delle Bisce e rientrando al punto di partenza per il percorso pi\u00f9 lungo di 28 miglia, come ben dettagliato dai rispettivi bandi di regata. Le imbarcazioni usufruiranno di ormeggio gratuito, nel Porto Turistico della Marina di Porto Rotondo, dalle 12 di mercoled\u00ec 20 settembre alle 12 di luned\u00ec 2 ottobre 2017.<a href=\"http:\/\/www.ccaniene.com\/wp-content\/uploads\/2017\/07\/image1-3.jpg\"><img fetchpriority=\"high\" decoding=\"async\" class=\"size-medium wp-image-13651 alignleft\" src=\"http:\/\/www.ccaniene.com\/wp-content\/uploads\/2017\/07\/image1-3-460x434.jpg\" alt=\"\" width=\"460\" height=\"434\" \/><\/a><\/p>\n<p>\u201cDopo quasi trent&#8217;anni, grazie al gemellaggio con il Circolo Canottieri Aniene suggellato lo scorso dicembre &#8211; sottolinea Roberto Azzi, presidente dello Yacht Club Porto Rotondo &#8211; una regata lunga torna nel calendario sardo. Malgrado la pubblicazione del bando sia recentissima, l&#8217;interesse \u00e8 gi\u00e0 molto elevato, sia da parte di equipaggi della penisola che locali. L&#8217;evento far\u00e0 parlare di Porto Rotondo\u00a0e del suo territorio interno, oltre che del mare. La collaborazione con Confindustria centro nord Sardegna, infatti, dar\u00e0 spazio e voce a tanti attori del settore agroalimentare a filiera corta, offrendo ad armatori ed equipaggi la miglior vetrina della nostra realt\u00e0, promossa in ogni aspetto&#8221;.<\/p>\n<p>&#8220;Grazie al rapporto di reciprocit\u00e0 che abbiamo instaurato con lo YCPR &#8211; ha dichiarato Alessandro M. Rinaldi, delegato alla vela d&#8217;altura del Circolo Canottieri Aniene &#8211; abbiamo avuto l&#8217;opportunit\u00e0 di mettere in calendario la prima regata offshore in Sardegna, replicando il riuscitissimo format de La Lunga Bolina Coastal Race che facciamo all&#8217;Argentario da 8 anni. La regata che organizzeremo\u00a0offre a tutti gli armatori una straordinaria occasione di ammirare le bellezze dell&#8217;Arcipelago della Maddalena e per gli\u00a0equipaggi dei monotipi, che partono quasi contemporaneamente agli Altura, la possibilit\u00e0 di competere per oltre 25 miglia nelle acque della Costa Smeralda. Per i monotipi sono previste altre 2 giornate di regate con percorsi a bastone, che per gli Este24 saranno valide per la quinta tappa del Campionato Nazionale Este24&#8221;.<\/p>","protected":false},"excerpt":{"rendered":"<p>Fervono i preparativi a Porto Rotondo per la prima edizione de La Lunga Bolina &amp; Coastal Race Sardinia 2017, in programma dal 22 al 24 settembre. La regata, nata dalla collaborazione sportiva tra il Circolo Canottieri Aniene e lo Yacht Club Porto Rotondo, vedr\u00e0 impegnata la flotta delle barche d\u2019altura in possesso di valido certificato [&hellip;]<\/p>","protected":false},"author":23521,"featured_media":13145,"comment_status":"open","ping_status":"closed","sticky":false,"template":"","format":"standard","meta":{"pmpro_default_level":0,"footnotes":"","_links_to":"","_links_to_target":""},"categories":[1,26],"tags":[],"class_list":["post-13649","post","type-post","status-publish","format-standard","has-post-thumbnail","hentry","category-news","category-vela","pmpro-has-access"],"featured_image_urls":{"woocommerce_thumbnail":"https:\/\/www.ccaniene.com\/wp-content\/uploads\/2017\/05\/lunga_bolina-300x300.jpg","woocommerce_gallery_thumbnail":"https:\/\/www.ccaniene.com\/wp-content\/uploads\/2017\/05\/lunga_bolina-100x100.jpg","woocommerce_single":"https:\/\/www.ccaniene.com\/wp-content\/uploads\/2017\/05\/lunga_bolina-600x400.jpg","medium":"https:\/\/www.ccaniene.com\/wp-content\/uploads\/2017\/05\/lunga_bolina-800x533.jpg","large":"https:\/\/www.ccaniene.com\/wp-content\/uploads\/2017\/05\/lunga_bolina-1920x1279.jpg","thumbnail":"https:\/\/www.ccaniene.com\/wp-content\/uploads\/2017\/05\/lunga_bolina-400x400.jpg","medium_large":"https:\/\/www.ccaniene.com\/wp-content\/uploads\/2017\/05\/lunga_bolina-768x512.jpg","1536x1536":"https:\/\/www.ccaniene.com\/wp-content\/uploads\/2017\/05\/lunga_bolina-1536x1024.jpg","2048x2048":"https:\/\/www.ccaniene.com\/wp-content\/uploads\/2017\/05\/lunga_bolina-2048x1365.jpg","slider":"https:\/\/www.ccaniene.com\/wp-content\/uploads\/2017\/05\/lunga_bolina-1920x1080.jpg"},"appp_media":null,"yoast_head":"<!-- This site is optimized with the Yoast SEO plugin v23.6 - https:\/\/yoast.com\/wordpress\/plugins\/seo\/ -->\n<title>Cresce l&#039;attesa per La Lunga Bolina Sardinia - Circolo Canottieri Aniene<\/title>\n<meta name=\"robots\" content=\"index, follow, max-snippet:-1, max-image-preview:large, max-video-preview:-1\" \/>\n<link rel=\"canonical\" href=\"https:\/\/www.ccaniene.com\/en\/cresce-lattesa-la-lunga-bolina-sardinia\/\" \/>\n<meta property=\"og:locale\" content=\"en_GB\" \/>\n<meta property=\"og:type\" content=\"article\" \/>\n<meta property=\"og:title\" content=\"Cresce l&#039;attesa per La Lunga Bolina Sardinia - Circolo Canottieri Aniene\" \/>\n<meta property=\"og:description\" content=\"Fervono i preparativi a Porto Rotondo per la prima edizione de La Lunga Bolina &amp; Coastal Race Sardinia 2017, in programma dal 22 al 24 settembre. La regata, nata dalla collaborazione sportiva tra il Circolo Canottieri Aniene e lo Yacht Club Porto Rotondo, vedr\u00e0 impegnata la flotta delle barche d\u2019altura in possesso di valido certificato [&hellip;]\" \/>\n<meta property=\"og:url\" content=\"https:\/\/www.ccaniene.com\/en\/cresce-lattesa-la-lunga-bolina-sardinia\/\" \/>\n<meta property=\"og:site_name\" content=\"Circolo Canottieri Aniene\" \/>\n<meta property=\"article:published_time\" content=\"2017-07-28T10:00:37+00:00\" \/>\n<meta property=\"article:modified_time\" content=\"2017-07-28T21:11:34+00:00\" \/>\n<meta property=\"og:image\" content=\"https:\/\/www.ccaniene.com\/wp-content\/uploads\/2017\/05\/lunga_bolina.jpg\" \/>\n\t<meta property=\"og:image:width\" content=\"2500\" \/>\n\t<meta property=\"og:image:height\" content=\"1666\" \/>\n\t<meta property=\"og:image:type\" content=\"image\/jpeg\" \/>\n<meta name=\"author\" content=\"carlo.san@tin.it\" \/>\n<meta name=\"twitter:card\" content=\"summary_large_image\" \/>\n<meta name=\"twitter:label1\" content=\"Written by\" \/>\n\t<meta name=\"twitter:data1\" content=\"carlo.san@tin.it\" \/>\n\t<meta name=\"twitter:label2\" content=\"Estimated reading time\" \/>\n\t<meta name=\"twitter:data2\" content=\"2 minutes\" \/>\n<script type=\"application\/ld+json\" class=\"yoast-schema-graph\">{\"@context\":\"https:\/\/schema.org\",\"@graph\":[{\"@type\":\"WebPage\",\"@id\":\"https:\/\/www.ccaniene.com\/en\/cresce-lattesa-la-lunga-bolina-sardinia\/\",\"url\":\"https:\/\/www.ccaniene.com\/en\/cresce-lattesa-la-lunga-bolina-sardinia\/\",\"name\":\"Cresce l'attesa per La Lunga Bolina Sardinia - Circolo Canottieri Aniene\",\"isPartOf\":{\"@id\":\"https:\/\/www.ccaniene.com\/it_it\/#website\"},\"primaryImageOfPage\":{\"@id\":\"https:\/\/www.ccaniene.com\/en\/cresce-lattesa-la-lunga-bolina-sardinia\/#primaryimage\"},\"image\":{\"@id\":\"https:\/\/www.ccaniene.com\/en\/cresce-lattesa-la-lunga-bolina-sardinia\/#primaryimage\"},\"thumbnailUrl\":\"https:\/\/www.ccaniene.com\/wp-content\/uploads\/2017\/05\/lunga_bolina.jpg\",\"datePublished\":\"2017-07-28T10:00:37+00:00\",\"dateModified\":\"2017-07-28T21:11:34+00:00\",\"author\":{\"@id\":\"https:\/\/www.ccaniene.com\/it_it\/#\/schema\/person\/6042bd0ba360674279dffd4247d570ed\"},\"breadcrumb\":{\"@id\":\"https:\/\/www.ccaniene.com\/en\/cresce-lattesa-la-lunga-bolina-sardinia\/#breadcrumb\"},\"inLanguage\":\"en-GB\",\"potentialAction\":[{\"@type\":\"ReadAction\",\"target\":[\"https:\/\/www.ccaniene.com\/en\/cresce-lattesa-la-lunga-bolina-sardinia\/\"]}]},{\"@type\":\"ImageObject\",\"inLanguage\":\"en-GB\",\"@id\":\"https:\/\/www.ccaniene.com\/en\/cresce-lattesa-la-lunga-bolina-sardinia\/#primaryimage\",\"url\":\"https:\/\/www.ccaniene.com\/wp-content\/uploads\/2017\/05\/lunga_bolina.jpg\",\"contentUrl\":\"https:\/\/www.ccaniene.com\/wp-content\/uploads\/2017\/05\/lunga_bolina.jpg\",\"width\":2500,\"height\":1666},{\"@type\":\"BreadcrumbList\",\"@id\":\"https:\/\/www.ccaniene.com\/en\/cresce-lattesa-la-lunga-bolina-sardinia\/#breadcrumb\",\"itemListElement\":[{\"@type\":\"ListItem\",\"position\":1,\"name\":\"Home\",\"item\":\"https:\/\/www.ccaniene.com\/it_it\/\"},{\"@type\":\"ListItem\",\"position\":2,\"name\":\"Cresce l&#8217;attesa per La Lunga Bolina Sardinia\"}]},{\"@type\":\"WebSite\",\"@id\":\"https:\/\/www.ccaniene.com\/it_it\/#website\",\"url\":\"https:\/\/www.ccaniene.com\/it_it\/\",\"name\":\"Circolo Canottieri Aniene\",\"description\":\"Collare d&#039;Oro e Stella d&#039;Oro al Merito Sportivo\",\"potentialAction\":[{\"@type\":\"SearchAction\",\"target\":{\"@type\":\"EntryPoint\",\"urlTemplate\":\"https:\/\/www.ccaniene.com\/it_it\/?s={search_term_string}\"},\"query-input\":{\"@type\":\"PropertyValueSpecification\",\"valueRequired\":true,\"valueName\":\"search_term_string\"}}],\"inLanguage\":\"en-GB\"},{\"@type\":\"Person\",\"@id\":\"https:\/\/www.ccaniene.com\/it_it\/#\/schema\/person\/6042bd0ba360674279dffd4247d570ed\",\"name\":\"carlo.san@tin.it\",\"image\":{\"@type\":\"ImageObject\",\"inLanguage\":\"en-GB\",\"@id\":\"https:\/\/www.ccaniene.com\/it_it\/#\/schema\/person\/image\/\",\"url\":\"https:\/\/secure.gravatar.com\/avatar\/f993a459d0ffe4d666e4c917fef20ca9?s=96&d=mm&r=g\",\"contentUrl\":\"https:\/\/secure.gravatar.com\/avatar\/f993a459d0ffe4d666e4c917fef20ca9?s=96&d=mm&r=g\",\"caption\":\"carlo.san@tin.it\"},\"url\":\"https:\/\/www.ccaniene.com\/en\/author\/carlo-santi-2\/\"}]}<\/script>\n<!-- \/ Yoast SEO plugin. -->","yoast_head_json":{"title":"Cresce l'attesa per La Lunga Bolina Sardinia - Circolo Canottieri Aniene","robots":{"index":"index","follow":"follow","max-snippet":"max-snippet:-1","max-image-preview":"max-image-preview:large","max-video-preview":"max-video-preview:-1"},"canonical":"https:\/\/www.ccaniene.com\/en\/cresce-lattesa-la-lunga-bolina-sardinia\/","og_locale":"en_GB","og_type":"article","og_title":"Cresce l'attesa per La Lunga Bolina Sardinia - Circolo Canottieri Aniene","og_description":"Fervono i preparativi a Porto Rotondo per la prima edizione de La Lunga Bolina &amp; Coastal Race Sardinia 2017, in programma dal 22 al 24 settembre. La regata, nata dalla collaborazione sportiva tra il Circolo Canottieri Aniene e lo Yacht Club Porto Rotondo, vedr\u00e0 impegnata la flotta delle barche d\u2019altura in possesso di valido certificato [&hellip;]","og_url":"https:\/\/www.ccaniene.com\/en\/cresce-lattesa-la-lunga-bolina-sardinia\/","og_site_name":"Circolo Canottieri Aniene","article_published_time":"2017-07-28T10:00:37+00:00","article_modified_time":"2017-07-28T21:11:34+00:00","og_image":[{"width":2500,"height":1666,"url":"https:\/\/www.ccaniene.com\/wp-content\/uploads\/2017\/05\/lunga_bolina.jpg","type":"image\/jpeg"}],"author":"carlo.san@tin.it","twitter_card":"summary_large_image","twitter_misc":{"Written by":"carlo.san@tin.it","Estimated reading time":"2 minutes"},"schema":{"@context":"https:\/\/schema.org","@graph":[{"@type":"WebPage","@id":"https:\/\/www.ccaniene.com\/en\/cresce-lattesa-la-lunga-bolina-sardinia\/","url":"https:\/\/www.ccaniene.com\/en\/cresce-lattesa-la-lunga-bolina-sardinia\/","name":"Cresce l'attesa per La Lunga Bolina Sardinia - Circolo Canottieri Aniene","isPartOf":{"@id":"https:\/\/www.ccaniene.com\/it_it\/#website"},"primaryImageOfPage":{"@id":"https:\/\/www.ccaniene.com\/en\/cresce-lattesa-la-lunga-bolina-sardinia\/#primaryimage"},"image":{"@id":"https:\/\/www.ccaniene.com\/en\/cresce-lattesa-la-lunga-bolina-sardinia\/#primaryimage"},"thumbnailUrl":"https:\/\/www.ccaniene.com\/wp-content\/uploads\/2017\/05\/lunga_bolina.jpg","datePublished":"2017-07-28T10:00:37+00:00","dateModified":"2017-07-28T21:11:34+00:00","author":{"@id":"https:\/\/www.ccaniene.com\/it_it\/#\/schema\/person\/6042bd0ba360674279dffd4247d570ed"},"breadcrumb":{"@id":"https:\/\/www.ccaniene.com\/en\/cresce-lattesa-la-lunga-bolina-sardinia\/#breadcrumb"},"inLanguage":"en-GB","potentialAction":[{"@type":"ReadAction","target":["https:\/\/www.ccaniene.com\/en\/cresce-lattesa-la-lunga-bolina-sardinia\/"]}]},{"@type":"ImageObject","inLanguage":"en-GB","@id":"https:\/\/www.ccaniene.com\/en\/cresce-lattesa-la-lunga-bolina-sardinia\/#primaryimage","url":"https:\/\/www.ccaniene.com\/wp-content\/uploads\/2017\/05\/lunga_bolina.jpg","contentUrl":"https:\/\/www.ccaniene.com\/wp-content\/uploads\/2017\/05\/lunga_bolina.jpg","width":2500,"height":1666},{"@type":"BreadcrumbList","@id":"https:\/\/www.ccaniene.com\/en\/cresce-lattesa-la-lunga-bolina-sardinia\/#breadcrumb","itemListElement":[{"@type":"ListItem","position":1,"name":"Home","item":"https:\/\/www.ccaniene.com\/it_it\/"},{"@type":"ListItem","position":2,"name":"Cresce l&#8217;attesa per La Lunga Bolina Sardinia"}]},{"@type":"WebSite","@id":"https:\/\/www.ccaniene.com\/it_it\/#website","url":"https:\/\/www.ccaniene.com\/it_it\/","name":"Circolo Canottieri Aniene","description":"Collare d&#039;Oro e Stella d&#039;Oro al Merito Sportivo","potentialAction":[{"@type":"SearchAction","target":{"@type":"EntryPoint","urlTemplate":"https:\/\/www.ccaniene.com\/it_it\/?s={search_term_string}"},"query-input":{"@type":"PropertyValueSpecification","valueRequired":true,"valueName":"search_term_string"}}],"inLanguage":"en-GB"},{"@type":"Person","@id":"https:\/\/www.ccaniene.com\/it_it\/#\/schema\/person\/6042bd0ba360674279dffd4247d570ed","name":"carlo.san@tin.it","image":{"@type":"ImageObject","inLanguage":"en-GB","@id":"https:\/\/www.ccaniene.com\/it_it\/#\/schema\/person\/image\/","url":"https:\/\/secure.gravatar.com\/avatar\/f993a459d0ffe4d666e4c917fef20ca9?s=96&d=mm&r=g","contentUrl":"https:\/\/secure.gravatar.com\/avatar\/f993a459d0ffe4d666e4c917fef20ca9?s=96&d=mm&r=g","caption":"carlo.san@tin.it"},"url":"https:\/\/www.ccaniene.com\/en\/author\/carlo-santi-2\/"}]}},"_links":{"self":[{"href":"https:\/\/www.ccaniene.com\/en\/wp-json\/wp\/v2\/posts\/13649"}],"collection":[{"href":"https:\/\/www.ccaniene.com\/en\/wp-json\/wp\/v2\/posts"}],"about":[{"href":"https:\/\/www.ccaniene.com\/en\/wp-json\/wp\/v2\/types\/post"}],"author":[{"embeddable":true,"href":"https:\/\/www.ccaniene.com\/en\/wp-json\/wp\/v2\/users\/23521"}],"replies":[{"embeddable":true,"href":"https:\/\/www.ccaniene.com\/en\/wp-json\/wp\/v2\/comments?post=13649"}],"version-history":[{"count":8,"href":"https:\/\/www.ccaniene.com\/en\/wp-json\/wp\/v2\/posts\/13649\/revisions"}],"predecessor-version":[{"id":13660,"href":"https:\/\/www.ccaniene.com\/en\/wp-json\/wp\/v2\/posts\/13649\/revisions\/13660"}],"wp:featuredmedia":[{"embeddable":true,"href":"https:\/\/www.ccaniene.com\/en\/wp-json\/wp\/v2\/media\/13145"}],"wp:attachment":[{"href":"https:\/\/www.ccaniene.com\/en\/wp-json\/wp\/v2\/media?parent=13649"}],"wp:term":[{"taxonomy":"category","embeddable":true,"href":"https:\/\/www.ccaniene.com\/en\/wp-json\/wp\/v2\/categories?post=13649"},{"taxonomy":"post_tag","embeddable":true,"href":"https:\/\/www.ccaniene.com\/en\/wp-json\/wp\/v2\/tags?post=13649"}],"curies":[{"name":"wp","href":"https:\/\/api.w.org\/{rel}","templated":true}]}}