{"id":13631,"date":"2017-07-26T17:44:24","date_gmt":"2017-07-26T15:44:24","guid":{"rendered":"https:\/\/www.ccaniene.com\/?p=13631\/"},"modified":"2017-07-27T00:04:41","modified_gmt":"2017-07-26T22:04:41","slug":"pellegrini-storica-oro-davanti-alla-ledecky-gli-ultimi-200-sl-della-mia-carriera","status":"publish","type":"post","link":"https:\/\/www.ccaniene.com\/en\/pellegrini-storica-oro-davanti-alla-ledecky-gli-ultimi-200-sl-della-mia-carriera\/","title":{"rendered":"Pellegrini storica, oro davanti alla Ledecky <br> &#8220;Sono gli ultimi 200 sl della mia carriera&#8221;"},"content":{"rendered":"<p>Un&#8217;impresa storica, anche per una campionessa del calibro di Federica Pellegrini. L&#8217;atleta del Circolo Canottieri Aniene si \u00e8 imposta in una gara di altissimo livello come la finale dei 200 metri stile libero ai Mondiali di nuoto di Budapest, griffando una clamorosa rimonta. L&#8217;azzurra, quarta al passaggio ai 150 metri, ha saputo produrre lo sforzo decisivo nell&#8217;ultima vasca, passando in testa nello sprint (1&#8217;54&#8243;73 il suo crono) e costringendo alla medaglia d&#8217;argento Katie Ledecky ed Emma McKeon (1&#8217;55&#8243;18).<\/p>\n<p>Per Federica \u00e8 la settima edizione consecutiva dei Mondiali che si chiude con una medaglia, l&#8217;emblema di una carriera dalla straordinaria longevit\u00e0. Un risultato dalla doppia valenza per una fuoriclasse che, dopo Rio de Janeiro 2016, aveva anche accarezzato l&#8217;idea del ritiro. La voglia di spingersi oltre i propri limiti, con il sogno di partecipare a Tokyo 2020, ha fatto il resto: l&#8217;inno di Mameli suona alto a Budapest grazie a una campionessa infinita.<\/p>\n<p>&#8220;Far\u00f2 altre gare &#8211; ha dichiarato a bordo vasca Federica Pellegrini &#8211; ma questo \u00e8 stato il mio ultimo 200 stile libero in carriera. Adesso posso dire di essere in pace. Volevo una medaglia importante dopo quello che \u00e8 successo l&#8217;anno scorso, ma non pensavo per\u00f2 all&#8217;oro. Continuer\u00f2 a nuotare seguendo un altro percorso&#8221;.<\/p>\n<p>&#8220;Dopo oggi sei la pi\u00f9 grande di sempre. Grazie&#8221;. Giovanni Malag\u00f2 ha espresso su twitter la sua gioia per l&#8217;impresa della Divina. &#8220;Un onore premiare Federica Pellegrini&#8221;, ha poi aggiunto il numero uno del Coni e presidente onorario del Circolo Canottieri Aniene, sempre su twitter, dopo aver messo al collo dell&#8217;azzurra la medaglia d&#8217;oro e averla stretta in un lungo e commosso abbraccio.<\/p>\n<p><a href=\"http:\/\/www.ccaniene.com\/wp-content\/uploads\/2017\/07\/malago.jpg\"><img fetchpriority=\"high\" decoding=\"async\" class=\"aligncenter wp-image-13636\" src=\"http:\/\/www.ccaniene.com\/wp-content\/uploads\/2017\/07\/malago-460x379.jpg\" alt=\"\" width=\"600\" height=\"495\" \/><\/a><\/p>","protected":false},"excerpt":{"rendered":"<p>Un&#8217;impresa storica, anche per una campionessa del calibro di Federica Pellegrini. L&#8217;atleta del Circolo Canottieri Aniene si \u00e8 imposta in una gara di altissimo livello come la finale dei 200 metri stile libero ai Mondiali di nuoto di Budapest, griffando una clamorosa rimonta. L&#8217;azzurra, quarta al passaggio ai 150 metri, ha saputo produrre lo sforzo [&hellip;]<\/p>","protected":false},"author":23521,"featured_media":10562,"comment_status":"open","ping_status":"closed","sticky":false,"template":"","format":"standard","meta":{"pmpro_default_level":0,"footnotes":"","_links_to":"","_links_to_target":""},"categories":[1,11],"tags":[],"class_list":["post-13631","post","type-post","status-publish","format-standard","has-post-thumbnail","hentry","category-news","category-nuoto","pmpro-has-access"],"featured_image_urls":{"thumbnail":"https:\/\/www.ccaniene.com\/wp-content\/uploads\/2016\/08\/pellegrini2-1-400x400.jpg","medium_large":"https:\/\/www.ccaniene.com\/wp-content\/uploads\/2016\/08\/pellegrini2-1-768x384.jpg"},"appp_media":null,"yoast_head":"<!-- This site is optimized with the Yoast SEO plugin v23.6 - https:\/\/yoast.com\/wordpress\/plugins\/seo\/ -->\n<title>Pellegrini storica, oro davanti alla Ledecky  &quot;Sono gli ultimi 200 sl della mia carriera&quot; - Circolo Canottieri Aniene<\/title>\n<meta name=\"robots\" content=\"index, follow, max-snippet:-1, max-image-preview:large, max-video-preview:-1\" \/>\n<link rel=\"canonical\" href=\"https:\/\/www.ccaniene.com\/en\/pellegrini-storica-oro-davanti-alla-ledecky-gli-ultimi-200-sl-della-mia-carriera\/\" \/>\n<meta property=\"og:locale\" content=\"en_GB\" \/>\n<meta property=\"og:type\" content=\"article\" \/>\n<meta property=\"og:title\" content=\"Pellegrini storica, oro davanti alla Ledecky  &quot;Sono gli ultimi 200 sl della mia carriera&quot; - Circolo Canottieri Aniene\" \/>\n<meta property=\"og:description\" content=\"Un&#8217;impresa storica, anche per una campionessa del calibro di Federica Pellegrini. L&#8217;atleta del Circolo Canottieri Aniene si \u00e8 imposta in una gara di altissimo livello come la finale dei 200 metri stile libero ai Mondiali di nuoto di Budapest, griffando una clamorosa rimonta. L&#8217;azzurra, quarta al passaggio ai 150 metri, ha saputo produrre lo sforzo [&hellip;]\" \/>\n<meta property=\"og:url\" content=\"https:\/\/www.ccaniene.com\/en\/pellegrini-storica-oro-davanti-alla-ledecky-gli-ultimi-200-sl-della-mia-carriera\/\" \/>\n<meta property=\"og:site_name\" content=\"Circolo Canottieri Aniene\" \/>\n<meta property=\"article:published_time\" content=\"2017-07-26T15:44:24+00:00\" \/>\n<meta property=\"article:modified_time\" content=\"2017-07-26T22:04:41+00:00\" \/>\n<meta property=\"og:image\" content=\"https:\/\/www.ccaniene.com\/wp-content\/uploads\/2016\/08\/pellegrini2-1.jpg\" \/>\n\t<meta property=\"og:image:width\" content=\"800\" \/>\n\t<meta property=\"og:image:height\" content=\"400\" \/>\n\t<meta property=\"og:image:type\" content=\"image\/jpeg\" \/>\n<meta name=\"author\" content=\"carlo.san@tin.it\" \/>\n<meta name=\"twitter:card\" content=\"summary_large_image\" \/>\n<meta name=\"twitter:label1\" content=\"Written by\" \/>\n\t<meta name=\"twitter:data1\" content=\"carlo.san@tin.it\" \/>\n\t<meta name=\"twitter:label2\" content=\"Estimated reading time\" \/>\n\t<meta name=\"twitter:data2\" content=\"1 minute\" \/>\n<script type=\"application\/ld+json\" class=\"yoast-schema-graph\">{\"@context\":\"https:\/\/schema.org\",\"@graph\":[{\"@type\":\"WebPage\",\"@id\":\"https:\/\/www.ccaniene.com\/en\/pellegrini-storica-oro-davanti-alla-ledecky-gli-ultimi-200-sl-della-mia-carriera\/\",\"url\":\"https:\/\/www.ccaniene.com\/en\/pellegrini-storica-oro-davanti-alla-ledecky-gli-ultimi-200-sl-della-mia-carriera\/\",\"name\":\"Pellegrini storica, oro davanti alla Ledecky \\\"Sono gli ultimi 200 sl della mia carriera\\\" - Circolo Canottieri Aniene\",\"isPartOf\":{\"@id\":\"https:\/\/www.ccaniene.com\/it_it\/#website\"},\"primaryImageOfPage\":{\"@id\":\"https:\/\/www.ccaniene.com\/en\/pellegrini-storica-oro-davanti-alla-ledecky-gli-ultimi-200-sl-della-mia-carriera\/#primaryimage\"},\"image\":{\"@id\":\"https:\/\/www.ccaniene.com\/en\/pellegrini-storica-oro-davanti-alla-ledecky-gli-ultimi-200-sl-della-mia-carriera\/#primaryimage\"},\"thumbnailUrl\":\"https:\/\/www.ccaniene.com\/wp-content\/uploads\/2016\/08\/pellegrini2-1.jpg\",\"datePublished\":\"2017-07-26T15:44:24+00:00\",\"dateModified\":\"2017-07-26T22:04:41+00:00\",\"author\":{\"@id\":\"https:\/\/www.ccaniene.com\/it_it\/#\/schema\/person\/6042bd0ba360674279dffd4247d570ed\"},\"breadcrumb\":{\"@id\":\"https:\/\/www.ccaniene.com\/en\/pellegrini-storica-oro-davanti-alla-ledecky-gli-ultimi-200-sl-della-mia-carriera\/#breadcrumb\"},\"inLanguage\":\"en-GB\",\"potentialAction\":[{\"@type\":\"ReadAction\",\"target\":[\"https:\/\/www.ccaniene.com\/en\/pellegrini-storica-oro-davanti-alla-ledecky-gli-ultimi-200-sl-della-mia-carriera\/\"]}]},{\"@type\":\"ImageObject\",\"inLanguage\":\"en-GB\",\"@id\":\"https:\/\/www.ccaniene.com\/en\/pellegrini-storica-oro-davanti-alla-ledecky-gli-ultimi-200-sl-della-mia-carriera\/#primaryimage\",\"url\":\"https:\/\/www.ccaniene.com\/wp-content\/uploads\/2016\/08\/pellegrini2-1.jpg\",\"contentUrl\":\"https:\/\/www.ccaniene.com\/wp-content\/uploads\/2016\/08\/pellegrini2-1.jpg\",\"width\":800,\"height\":400,\"caption\":\"Italy's Federica Pellegrini celebrates after winning the silver medal in the women's 200m freestyle final at the Swimming World Championships in Kazan, Russia, Wednesday, Aug. 5, 2015. (AP Photo\/Sergei Grits)\"},{\"@type\":\"BreadcrumbList\",\"@id\":\"https:\/\/www.ccaniene.com\/en\/pellegrini-storica-oro-davanti-alla-ledecky-gli-ultimi-200-sl-della-mia-carriera\/#breadcrumb\",\"itemListElement\":[{\"@type\":\"ListItem\",\"position\":1,\"name\":\"Home\",\"item\":\"https:\/\/www.ccaniene.com\/it_it\/\"},{\"@type\":\"ListItem\",\"position\":2,\"name\":\"Pellegrini storica, oro davanti alla Ledecky &#8220;Sono gli ultimi 200 sl della mia carriera&#8221;\"}]},{\"@type\":\"WebSite\",\"@id\":\"https:\/\/www.ccaniene.com\/it_it\/#website\",\"url\":\"https:\/\/www.ccaniene.com\/it_it\/\",\"name\":\"Circolo Canottieri Aniene\",\"description\":\"Collare d&#039;Oro e Stella d&#039;Oro al Merito Sportivo\",\"potentialAction\":[{\"@type\":\"SearchAction\",\"target\":{\"@type\":\"EntryPoint\",\"urlTemplate\":\"https:\/\/www.ccaniene.com\/it_it\/?s={search_term_string}\"},\"query-input\":{\"@type\":\"PropertyValueSpecification\",\"valueRequired\":true,\"valueName\":\"search_term_string\"}}],\"inLanguage\":\"en-GB\"},{\"@type\":\"Person\",\"@id\":\"https:\/\/www.ccaniene.com\/it_it\/#\/schema\/person\/6042bd0ba360674279dffd4247d570ed\",\"name\":\"carlo.san@tin.it\",\"image\":{\"@type\":\"ImageObject\",\"inLanguage\":\"en-GB\",\"@id\":\"https:\/\/www.ccaniene.com\/it_it\/#\/schema\/person\/image\/\",\"url\":\"https:\/\/secure.gravatar.com\/avatar\/f993a459d0ffe4d666e4c917fef20ca9?s=96&d=mm&r=g\",\"contentUrl\":\"https:\/\/secure.gravatar.com\/avatar\/f993a459d0ffe4d666e4c917fef20ca9?s=96&d=mm&r=g\",\"caption\":\"carlo.san@tin.it\"},\"url\":\"https:\/\/www.ccaniene.com\/en\/author\/carlo-santi-2\/\"}]}<\/script>\n<!-- \/ Yoast SEO plugin. -->","yoast_head_json":{"title":"Pellegrini storica, oro davanti alla Ledecky  \"Sono gli ultimi 200 sl della mia carriera\" - Circolo Canottieri Aniene","robots":{"index":"index","follow":"follow","max-snippet":"max-snippet:-1","max-image-preview":"max-image-preview:large","max-video-preview":"max-video-preview:-1"},"canonical":"https:\/\/www.ccaniene.com\/en\/pellegrini-storica-oro-davanti-alla-ledecky-gli-ultimi-200-sl-della-mia-carriera\/","og_locale":"en_GB","og_type":"article","og_title":"Pellegrini storica, oro davanti alla Ledecky  \"Sono gli ultimi 200 sl della mia carriera\" - Circolo Canottieri Aniene","og_description":"Un&#8217;impresa storica, anche per una campionessa del calibro di Federica Pellegrini. L&#8217;atleta del Circolo Canottieri Aniene si \u00e8 imposta in una gara di altissimo livello come la finale dei 200 metri stile libero ai Mondiali di nuoto di Budapest, griffando una clamorosa rimonta. L&#8217;azzurra, quarta al passaggio ai 150 metri, ha saputo produrre lo sforzo [&hellip;]","og_url":"https:\/\/www.ccaniene.com\/en\/pellegrini-storica-oro-davanti-alla-ledecky-gli-ultimi-200-sl-della-mia-carriera\/","og_site_name":"Circolo Canottieri Aniene","article_published_time":"2017-07-26T15:44:24+00:00","article_modified_time":"2017-07-26T22:04:41+00:00","og_image":[{"width":800,"height":400,"url":"https:\/\/www.ccaniene.com\/wp-content\/uploads\/2016\/08\/pellegrini2-1.jpg","type":"image\/jpeg"}],"author":"carlo.san@tin.it","twitter_card":"summary_large_image","twitter_misc":{"Written by":"carlo.san@tin.it","Estimated reading time":"1 minute"},"schema":{"@context":"https:\/\/schema.org","@graph":[{"@type":"WebPage","@id":"https:\/\/www.ccaniene.com\/en\/pellegrini-storica-oro-davanti-alla-ledecky-gli-ultimi-200-sl-della-mia-carriera\/","url":"https:\/\/www.ccaniene.com\/en\/pellegrini-storica-oro-davanti-alla-ledecky-gli-ultimi-200-sl-della-mia-carriera\/","name":"Pellegrini storica, oro davanti alla Ledecky \"Sono gli ultimi 200 sl della mia carriera\" - Circolo Canottieri Aniene","isPartOf":{"@id":"https:\/\/www.ccaniene.com\/it_it\/#website"},"primaryImageOfPage":{"@id":"https:\/\/www.ccaniene.com\/en\/pellegrini-storica-oro-davanti-alla-ledecky-gli-ultimi-200-sl-della-mia-carriera\/#primaryimage"},"image":{"@id":"https:\/\/www.ccaniene.com\/en\/pellegrini-storica-oro-davanti-alla-ledecky-gli-ultimi-200-sl-della-mia-carriera\/#primaryimage"},"thumbnailUrl":"https:\/\/www.ccaniene.com\/wp-content\/uploads\/2016\/08\/pellegrini2-1.jpg","datePublished":"2017-07-26T15:44:24+00:00","dateModified":"2017-07-26T22:04:41+00:00","author":{"@id":"https:\/\/www.ccaniene.com\/it_it\/#\/schema\/person\/6042bd0ba360674279dffd4247d570ed"},"breadcrumb":{"@id":"https:\/\/www.ccaniene.com\/en\/pellegrini-storica-oro-davanti-alla-ledecky-gli-ultimi-200-sl-della-mia-carriera\/#breadcrumb"},"inLanguage":"en-GB","potentialAction":[{"@type":"ReadAction","target":["https:\/\/www.ccaniene.com\/en\/pellegrini-storica-oro-davanti-alla-ledecky-gli-ultimi-200-sl-della-mia-carriera\/"]}]},{"@type":"ImageObject","inLanguage":"en-GB","@id":"https:\/\/www.ccaniene.com\/en\/pellegrini-storica-oro-davanti-alla-ledecky-gli-ultimi-200-sl-della-mia-carriera\/#primaryimage","url":"https:\/\/www.ccaniene.com\/wp-content\/uploads\/2016\/08\/pellegrini2-1.jpg","contentUrl":"https:\/\/www.ccaniene.com\/wp-content\/uploads\/2016\/08\/pellegrini2-1.jpg","width":800,"height":400,"caption":"Italy's Federica Pellegrini celebrates after winning the silver medal in the women's 200m freestyle final at the Swimming World Championships in Kazan, Russia, Wednesday, Aug. 5, 2015. (AP Photo\/Sergei Grits)"},{"@type":"BreadcrumbList","@id":"https:\/\/www.ccaniene.com\/en\/pellegrini-storica-oro-davanti-alla-ledecky-gli-ultimi-200-sl-della-mia-carriera\/#breadcrumb","itemListElement":[{"@type":"ListItem","position":1,"name":"Home","item":"https:\/\/www.ccaniene.com\/it_it\/"},{"@type":"ListItem","position":2,"name":"Pellegrini storica, oro davanti alla Ledecky &#8220;Sono gli ultimi 200 sl della mia carriera&#8221;"}]},{"@type":"WebSite","@id":"https:\/\/www.ccaniene.com\/it_it\/#website","url":"https:\/\/www.ccaniene.com\/it_it\/","name":"Circolo Canottieri Aniene","description":"Collare d&#039;Oro e Stella d&#039;Oro al Merito Sportivo","potentialAction":[{"@type":"SearchAction","target":{"@type":"EntryPoint","urlTemplate":"https:\/\/www.ccaniene.com\/it_it\/?s={search_term_string}"},"query-input":{"@type":"PropertyValueSpecification","valueRequired":true,"valueName":"search_term_string"}}],"inLanguage":"en-GB"},{"@type":"Person","@id":"https:\/\/www.ccaniene.com\/it_it\/#\/schema\/person\/6042bd0ba360674279dffd4247d570ed","name":"carlo.san@tin.it","image":{"@type":"ImageObject","inLanguage":"en-GB","@id":"https:\/\/www.ccaniene.com\/it_it\/#\/schema\/person\/image\/","url":"https:\/\/secure.gravatar.com\/avatar\/f993a459d0ffe4d666e4c917fef20ca9?s=96&d=mm&r=g","contentUrl":"https:\/\/secure.gravatar.com\/avatar\/f993a459d0ffe4d666e4c917fef20ca9?s=96&d=mm&r=g","caption":"carlo.san@tin.it"},"url":"https:\/\/www.ccaniene.com\/en\/author\/carlo-santi-2\/"}]}},"_links":{"self":[{"href":"https:\/\/www.ccaniene.com\/en\/wp-json\/wp\/v2\/posts\/13631"}],"collection":[{"href":"https:\/\/www.ccaniene.com\/en\/wp-json\/wp\/v2\/posts"}],"about":[{"href":"https:\/\/www.ccaniene.com\/en\/wp-json\/wp\/v2\/types\/post"}],"author":[{"embeddable":true,"href":"https:\/\/www.ccaniene.com\/en\/wp-json\/wp\/v2\/users\/23521"}],"replies":[{"embeddable":true,"href":"https:\/\/www.ccaniene.com\/en\/wp-json\/wp\/v2\/comments?post=13631"}],"version-history":[{"count":6,"href":"https:\/\/www.ccaniene.com\/en\/wp-json\/wp\/v2\/posts\/13631\/revisions"}],"predecessor-version":[{"id":13638,"href":"https:\/\/www.ccaniene.com\/en\/wp-json\/wp\/v2\/posts\/13631\/revisions\/13638"}],"wp:featuredmedia":[{"embeddable":true,"href":"https:\/\/www.ccaniene.com\/en\/wp-json\/wp\/v2\/media\/10562"}],"wp:attachment":[{"href":"https:\/\/www.ccaniene.com\/en\/wp-json\/wp\/v2\/media?parent=13631"}],"wp:term":[{"taxonomy":"category","embeddable":true,"href":"https:\/\/www.ccaniene.com\/en\/wp-json\/wp\/v2\/categories?post=13631"},{"taxonomy":"post_tag","embeddable":true,"href":"https:\/\/www.ccaniene.com\/en\/wp-json\/wp\/v2\/tags?post=13631"}],"curies":[{"name":"wp","href":"https:\/\/api.w.org\/{rel}","templated":true}]}}