{"id":13584,"date":"2017-07-18T12:34:18","date_gmt":"2017-07-18T10:34:18","guid":{"rendered":"https:\/\/www.ccaniene.com\/?p=13584\/"},"modified":"2017-07-19T12:35:00","modified_gmt":"2017-07-19T10:35:00","slug":"otto-atleti-due-tecnici-aniene-ai-mondiali-under-23","status":"publish","type":"post","link":"https:\/\/www.ccaniene.com\/en\/otto-atleti-due-tecnici-aniene-ai-mondiali-under-23\/","title":{"rendered":"Otto atleti e due tecnici Aniene ai Mondiali Under 23"},"content":{"rendered":"<p>Bel riconoscimento per il Circolo Canottieri Aniene. In occasione dei Campionati del Mondo U23 di canottaggio, in programma a Plovdiv (Bulgaria) dal 19 al 23 luglio, il nostro Circolo sar\u00e0 la societ\u00e0 pi\u00f9 rappresentata, con ben otto atleti (Antonio Cascone, Claudia Destefani, Valentina Iseppi, Leonardo Pietra Caprina, Carmela Pappalardo, Ludovica Serafini, Matteo Sandrelli e Giovanna Schettino) e due tecnici (Gaetano Iannuzzi e Matteo Giuffrida).<br \/>\nA tecnici e atleti va il pi\u00f9 grande in bocca al lupo in vista della rassegna internazionale.<\/p>\n<p><a href=\"http:\/\/www.ccaniene.com\/wp-content\/uploads\/2017\/07\/Screenshot-2017-07-19-12.36.05.png\"><img fetchpriority=\"high\" decoding=\"async\" class=\"aligncenter size-full wp-image-13585\" src=\"http:\/\/www.ccaniene.com\/wp-content\/uploads\/2017\/07\/Screenshot-2017-07-19-12.36.05.png\" alt=\"\" width=\"436\" height=\"485\" \/><\/a><\/p>","protected":false},"excerpt":{"rendered":"<p>Bel riconoscimento per il Circolo Canottieri Aniene. In occasione dei Campionati del Mondo U23 di canottaggio, in programma a Plovdiv (Bulgaria) dal 19 al 23 luglio, il nostro Circolo sar\u00e0 la societ\u00e0 pi\u00f9 rappresentata, con ben otto atleti (Antonio Cascone, Claudia Destefani, Valentina Iseppi, Leonardo Pietra Caprina, Carmela Pappalardo, Ludovica Serafini, Matteo Sandrelli e Giovanna [&hellip;]<\/p>","protected":false},"author":23521,"featured_media":12772,"comment_status":"open","ping_status":"closed","sticky":false,"template":"","format":"standard","meta":{"pmpro_default_level":0,"footnotes":"","_links_to":"","_links_to_target":""},"categories":[9,1],"tags":[],"class_list":["post-13584","post","type-post","status-publish","format-standard","has-post-thumbnail","hentry","category-canottaggio","category-news","pmpro-has-access"],"featured_image_urls":{"woocommerce_thumbnail":"https:\/\/www.ccaniene.com\/wp-content\/uploads\/2017\/04\/serafini2-300x300.jpg","woocommerce_gallery_thumbnail":"https:\/\/www.ccaniene.com\/wp-content\/uploads\/2017\/04\/serafini2-100x100.jpg","woocommerce_single":"https:\/\/www.ccaniene.com\/wp-content\/uploads\/2017\/04\/serafini2-600x398.jpg","medium":"https:\/\/www.ccaniene.com\/wp-content\/uploads\/2017\/04\/serafini2-800x531.jpg","thumbnail":"https:\/\/www.ccaniene.com\/wp-content\/uploads\/2017\/04\/serafini2-400x400.jpg","medium_large":"https:\/\/www.ccaniene.com\/wp-content\/uploads\/2017\/04\/serafini2-768x510.jpg"},"appp_media":null,"yoast_head":"<!-- This site is optimized with the Yoast SEO plugin v23.6 - https:\/\/yoast.com\/wordpress\/plugins\/seo\/ -->\n<title>Otto atleti e due tecnici Aniene ai Mondiali Under 23 - Circolo Canottieri Aniene<\/title>\n<meta name=\"robots\" content=\"index, follow, max-snippet:-1, max-image-preview:large, max-video-preview:-1\" \/>\n<link rel=\"canonical\" href=\"https:\/\/www.ccaniene.com\/en\/otto-atleti-due-tecnici-aniene-ai-mondiali-under-23\/\" \/>\n<meta property=\"og:locale\" content=\"en_GB\" \/>\n<meta property=\"og:type\" content=\"article\" \/>\n<meta property=\"og:title\" content=\"Otto atleti e due tecnici Aniene ai Mondiali Under 23 - Circolo Canottieri Aniene\" \/>\n<meta property=\"og:description\" content=\"Bel riconoscimento per il Circolo Canottieri Aniene. In occasione dei Campionati del Mondo U23 di canottaggio, in programma a Plovdiv (Bulgaria) dal 19 al 23 luglio, il nostro Circolo sar\u00e0 la societ\u00e0 pi\u00f9 rappresentata, con ben otto atleti (Antonio Cascone, Claudia Destefani, Valentina Iseppi, Leonardo Pietra Caprina, Carmela Pappalardo, Ludovica Serafini, Matteo Sandrelli e Giovanna [&hellip;]\" \/>\n<meta property=\"og:url\" content=\"https:\/\/www.ccaniene.com\/en\/otto-atleti-due-tecnici-aniene-ai-mondiali-under-23\/\" \/>\n<meta property=\"og:site_name\" content=\"Circolo Canottieri Aniene\" \/>\n<meta property=\"article:published_time\" content=\"2017-07-18T10:34:18+00:00\" \/>\n<meta property=\"article:modified_time\" content=\"2017-07-19T10:35:00+00:00\" \/>\n<meta property=\"og:image\" content=\"https:\/\/www.ccaniene.com\/wp-content\/uploads\/2017\/04\/serafini2.jpg\" \/>\n\t<meta property=\"og:image:width\" content=\"1024\" \/>\n\t<meta property=\"og:image:height\" content=\"680\" \/>\n\t<meta property=\"og:image:type\" content=\"image\/jpeg\" \/>\n<meta name=\"author\" content=\"carlo.san@tin.it\" \/>\n<meta name=\"twitter:card\" content=\"summary_large_image\" \/>\n<meta name=\"twitter:label1\" content=\"Written by\" \/>\n\t<meta name=\"twitter:data1\" content=\"carlo.san@tin.it\" \/>\n<script type=\"application\/ld+json\" class=\"yoast-schema-graph\">{\"@context\":\"https:\/\/schema.org\",\"@graph\":[{\"@type\":\"WebPage\",\"@id\":\"https:\/\/www.ccaniene.com\/it_it\/otto-atleti-due-tecnici-aniene-ai-mondiali-under-23\/\",\"url\":\"https:\/\/www.ccaniene.com\/it_it\/otto-atleti-due-tecnici-aniene-ai-mondiali-under-23\/\",\"name\":\"Otto atleti e due tecnici Aniene ai Mondiali Under 23 - Circolo Canottieri Aniene\",\"isPartOf\":{\"@id\":\"https:\/\/www.ccaniene.com\/it_it\/#website\"},\"primaryImageOfPage\":{\"@id\":\"https:\/\/www.ccaniene.com\/it_it\/otto-atleti-due-tecnici-aniene-ai-mondiali-under-23\/#primaryimage\"},\"image\":{\"@id\":\"https:\/\/www.ccaniene.com\/it_it\/otto-atleti-due-tecnici-aniene-ai-mondiali-under-23\/#primaryimage\"},\"thumbnailUrl\":\"https:\/\/www.ccaniene.com\/wp-content\/uploads\/2017\/04\/serafini2.jpg\",\"datePublished\":\"2017-07-18T10:34:18+00:00\",\"dateModified\":\"2017-07-19T10:35:00+00:00\",\"author\":{\"@id\":\"https:\/\/www.ccaniene.com\/it_it\/#\/schema\/person\/6042bd0ba360674279dffd4247d570ed\"},\"breadcrumb\":{\"@id\":\"https:\/\/www.ccaniene.com\/it_it\/otto-atleti-due-tecnici-aniene-ai-mondiali-under-23\/#breadcrumb\"},\"inLanguage\":\"en-GB\",\"potentialAction\":[{\"@type\":\"ReadAction\",\"target\":[\"https:\/\/www.ccaniene.com\/it_it\/otto-atleti-due-tecnici-aniene-ai-mondiali-under-23\/\"]}]},{\"@type\":\"ImageObject\",\"inLanguage\":\"en-GB\",\"@id\":\"https:\/\/www.ccaniene.com\/it_it\/otto-atleti-due-tecnici-aniene-ai-mondiali-under-23\/#primaryimage\",\"url\":\"https:\/\/www.ccaniene.com\/wp-content\/uploads\/2017\/04\/serafini2.jpg\",\"contentUrl\":\"https:\/\/www.ccaniene.com\/wp-content\/uploads\/2017\/04\/serafini2.jpg\",\"width\":1024,\"height\":680},{\"@type\":\"BreadcrumbList\",\"@id\":\"https:\/\/www.ccaniene.com\/it_it\/otto-atleti-due-tecnici-aniene-ai-mondiali-under-23\/#breadcrumb\",\"itemListElement\":[{\"@type\":\"ListItem\",\"position\":1,\"name\":\"Home\",\"item\":\"https:\/\/www.ccaniene.com\/it_it\/\"},{\"@type\":\"ListItem\",\"position\":2,\"name\":\"Otto atleti e due tecnici Aniene ai Mondiali Under 23\"}]},{\"@type\":\"WebSite\",\"@id\":\"https:\/\/www.ccaniene.com\/it_it\/#website\",\"url\":\"https:\/\/www.ccaniene.com\/it_it\/\",\"name\":\"Circolo Canottieri Aniene\",\"description\":\"Collare d&#039;Oro e Stella d&#039;Oro al Merito Sportivo\",\"potentialAction\":[{\"@type\":\"SearchAction\",\"target\":{\"@type\":\"EntryPoint\",\"urlTemplate\":\"https:\/\/www.ccaniene.com\/it_it\/?s={search_term_string}\"},\"query-input\":{\"@type\":\"PropertyValueSpecification\",\"valueRequired\":true,\"valueName\":\"search_term_string\"}}],\"inLanguage\":\"en-GB\"},{\"@type\":\"Person\",\"@id\":\"https:\/\/www.ccaniene.com\/it_it\/#\/schema\/person\/6042bd0ba360674279dffd4247d570ed\",\"name\":\"carlo.san@tin.it\",\"image\":{\"@type\":\"ImageObject\",\"inLanguage\":\"en-GB\",\"@id\":\"https:\/\/www.ccaniene.com\/it_it\/#\/schema\/person\/image\/\",\"url\":\"https:\/\/secure.gravatar.com\/avatar\/f993a459d0ffe4d666e4c917fef20ca9?s=96&d=mm&r=g\",\"contentUrl\":\"https:\/\/secure.gravatar.com\/avatar\/f993a459d0ffe4d666e4c917fef20ca9?s=96&d=mm&r=g\",\"caption\":\"carlo.san@tin.it\"},\"url\":\"https:\/\/www.ccaniene.com\/en\/author\/carlo-santi-2\/\"}]}<\/script>\n<!-- \/ Yoast SEO plugin. -->","yoast_head_json":{"title":"Otto atleti e due tecnici Aniene ai Mondiali Under 23 - Circolo Canottieri Aniene","robots":{"index":"index","follow":"follow","max-snippet":"max-snippet:-1","max-image-preview":"max-image-preview:large","max-video-preview":"max-video-preview:-1"},"canonical":"https:\/\/www.ccaniene.com\/en\/otto-atleti-due-tecnici-aniene-ai-mondiali-under-23\/","og_locale":"en_GB","og_type":"article","og_title":"Otto atleti e due tecnici Aniene ai Mondiali Under 23 - Circolo Canottieri Aniene","og_description":"Bel riconoscimento per il Circolo Canottieri Aniene. In occasione dei Campionati del Mondo U23 di canottaggio, in programma a Plovdiv (Bulgaria) dal 19 al 23 luglio, il nostro Circolo sar\u00e0 la societ\u00e0 pi\u00f9 rappresentata, con ben otto atleti (Antonio Cascone, Claudia Destefani, Valentina Iseppi, Leonardo Pietra Caprina, Carmela Pappalardo, Ludovica Serafini, Matteo Sandrelli e Giovanna [&hellip;]","og_url":"https:\/\/www.ccaniene.com\/en\/otto-atleti-due-tecnici-aniene-ai-mondiali-under-23\/","og_site_name":"Circolo Canottieri Aniene","article_published_time":"2017-07-18T10:34:18+00:00","article_modified_time":"2017-07-19T10:35:00+00:00","og_image":[{"width":1024,"height":680,"url":"https:\/\/www.ccaniene.com\/wp-content\/uploads\/2017\/04\/serafini2.jpg","type":"image\/jpeg"}],"author":"carlo.san@tin.it","twitter_card":"summary_large_image","twitter_misc":{"Written by":"carlo.san@tin.it"},"schema":{"@context":"https:\/\/schema.org","@graph":[{"@type":"WebPage","@id":"https:\/\/www.ccaniene.com\/it_it\/otto-atleti-due-tecnici-aniene-ai-mondiali-under-23\/","url":"https:\/\/www.ccaniene.com\/it_it\/otto-atleti-due-tecnici-aniene-ai-mondiali-under-23\/","name":"Otto atleti e due tecnici Aniene ai Mondiali Under 23 - Circolo Canottieri Aniene","isPartOf":{"@id":"https:\/\/www.ccaniene.com\/it_it\/#website"},"primaryImageOfPage":{"@id":"https:\/\/www.ccaniene.com\/it_it\/otto-atleti-due-tecnici-aniene-ai-mondiali-under-23\/#primaryimage"},"image":{"@id":"https:\/\/www.ccaniene.com\/it_it\/otto-atleti-due-tecnici-aniene-ai-mondiali-under-23\/#primaryimage"},"thumbnailUrl":"https:\/\/www.ccaniene.com\/wp-content\/uploads\/2017\/04\/serafini2.jpg","datePublished":"2017-07-18T10:34:18+00:00","dateModified":"2017-07-19T10:35:00+00:00","author":{"@id":"https:\/\/www.ccaniene.com\/it_it\/#\/schema\/person\/6042bd0ba360674279dffd4247d570ed"},"breadcrumb":{"@id":"https:\/\/www.ccaniene.com\/it_it\/otto-atleti-due-tecnici-aniene-ai-mondiali-under-23\/#breadcrumb"},"inLanguage":"en-GB","potentialAction":[{"@type":"ReadAction","target":["https:\/\/www.ccaniene.com\/it_it\/otto-atleti-due-tecnici-aniene-ai-mondiali-under-23\/"]}]},{"@type":"ImageObject","inLanguage":"en-GB","@id":"https:\/\/www.ccaniene.com\/it_it\/otto-atleti-due-tecnici-aniene-ai-mondiali-under-23\/#primaryimage","url":"https:\/\/www.ccaniene.com\/wp-content\/uploads\/2017\/04\/serafini2.jpg","contentUrl":"https:\/\/www.ccaniene.com\/wp-content\/uploads\/2017\/04\/serafini2.jpg","width":1024,"height":680},{"@type":"BreadcrumbList","@id":"https:\/\/www.ccaniene.com\/it_it\/otto-atleti-due-tecnici-aniene-ai-mondiali-under-23\/#breadcrumb","itemListElement":[{"@type":"ListItem","position":1,"name":"Home","item":"https:\/\/www.ccaniene.com\/it_it\/"},{"@type":"ListItem","position":2,"name":"Otto atleti e due tecnici Aniene ai Mondiali Under 23"}]},{"@type":"WebSite","@id":"https:\/\/www.ccaniene.com\/it_it\/#website","url":"https:\/\/www.ccaniene.com\/it_it\/","name":"Circolo Canottieri Aniene","description":"Collare d&#039;Oro e Stella d&#039;Oro al Merito Sportivo","potentialAction":[{"@type":"SearchAction","target":{"@type":"EntryPoint","urlTemplate":"https:\/\/www.ccaniene.com\/it_it\/?s={search_term_string}"},"query-input":{"@type":"PropertyValueSpecification","valueRequired":true,"valueName":"search_term_string"}}],"inLanguage":"en-GB"},{"@type":"Person","@id":"https:\/\/www.ccaniene.com\/it_it\/#\/schema\/person\/6042bd0ba360674279dffd4247d570ed","name":"carlo.san@tin.it","image":{"@type":"ImageObject","inLanguage":"en-GB","@id":"https:\/\/www.ccaniene.com\/it_it\/#\/schema\/person\/image\/","url":"https:\/\/secure.gravatar.com\/avatar\/f993a459d0ffe4d666e4c917fef20ca9?s=96&d=mm&r=g","contentUrl":"https:\/\/secure.gravatar.com\/avatar\/f993a459d0ffe4d666e4c917fef20ca9?s=96&d=mm&r=g","caption":"carlo.san@tin.it"},"url":"https:\/\/www.ccaniene.com\/en\/author\/carlo-santi-2\/"}]}},"_links":{"self":[{"href":"https:\/\/www.ccaniene.com\/en\/wp-json\/wp\/v2\/posts\/13584"}],"collection":[{"href":"https:\/\/www.ccaniene.com\/en\/wp-json\/wp\/v2\/posts"}],"about":[{"href":"https:\/\/www.ccaniene.com\/en\/wp-json\/wp\/v2\/types\/post"}],"author":[{"embeddable":true,"href":"https:\/\/www.ccaniene.com\/en\/wp-json\/wp\/v2\/users\/23521"}],"replies":[{"embeddable":true,"href":"https:\/\/www.ccaniene.com\/en\/wp-json\/wp\/v2\/comments?post=13584"}],"version-history":[{"count":1,"href":"https:\/\/www.ccaniene.com\/en\/wp-json\/wp\/v2\/posts\/13584\/revisions"}],"predecessor-version":[{"id":13586,"href":"https:\/\/www.ccaniene.com\/en\/wp-json\/wp\/v2\/posts\/13584\/revisions\/13586"}],"wp:featuredmedia":[{"embeddable":true,"href":"https:\/\/www.ccaniene.com\/en\/wp-json\/wp\/v2\/media\/12772"}],"wp:attachment":[{"href":"https:\/\/www.ccaniene.com\/en\/wp-json\/wp\/v2\/media?parent=13584"}],"wp:term":[{"taxonomy":"category","embeddable":true,"href":"https:\/\/www.ccaniene.com\/en\/wp-json\/wp\/v2\/categories?post=13584"},{"taxonomy":"post_tag","embeddable":true,"href":"https:\/\/www.ccaniene.com\/en\/wp-json\/wp\/v2\/tags?post=13584"}],"curies":[{"name":"wp","href":"https:\/\/api.w.org\/{rel}","templated":true}]}}