{"id":13549,"date":"2017-07-17T14:02:44","date_gmt":"2017-07-17T12:02:44","guid":{"rendered":"https:\/\/www.ccaniene.com\/?p=13549\/"},"modified":"2017-07-17T21:39:18","modified_gmt":"2017-07-17T19:39:18","slug":"laniene-celebra-125-anni-gioie-imprese","status":"publish","type":"post","link":"https:\/\/www.ccaniene.com\/en\/laniene-celebra-125-anni-gioie-imprese\/","title":{"rendered":"L&#8217;Aniene celebra 125 anni di gioie e imprese"},"content":{"rendered":"<p>1892 \u2013 2017. Centoventicinque anni. Un secolo ed un quarto. Una storia meravigliosa, un intreccio di vite, di gioie, di imprese, di successi da levare il fiato.<a href=\"http:\/\/www.ccaniene.com\/wp-content\/uploads\/2017\/07\/125_tris.jpeg\"><img fetchpriority=\"high\" decoding=\"async\" class=\"size-medium wp-image-13551 alignleft\" src=\"http:\/\/www.ccaniene.com\/wp-content\/uploads\/2017\/07\/125_tris-460x307.jpeg\" alt=\"\" width=\"460\" height=\"307\" \/><\/a><\/p>\n<p>Il Circolo Canottieri Aniene ha deciso di celebrare la bella ricorrenza di questo particolarissimo e rotondissimo compleanno in una notte di mezza estate, senza pompa, senza retorica, organizzando una serata festosa all\u2019insegna della convivialit\u00e0, della buona musica, degli eterni stupori dei fuochi artificiali, alla quale hanno preso parte quattrocento tra soci e familiari, finendo con un porte aperte per i giovani ed i loro amici.<a href=\"http:\/\/www.ccaniene.com\/wp-content\/uploads\/2017\/07\/125_5.jpeg\"><img decoding=\"async\" class=\"size-medium wp-image-13552 alignright\" src=\"http:\/\/www.ccaniene.com\/wp-content\/uploads\/2017\/07\/125_5-460x306.jpeg\" alt=\"\" width=\"460\" height=\"306\" \/><\/a><\/p>\n<p>Aperitivo ed auguri sul terrazzo e nel salone, tavoli apparecchiati, buffet, palcoscenico e pista da ballo a bordo piscina.\u00a0La serata si \u00e8 aperta con la proiezione di un documentario curato da Jacopo Volpi, che ha ordinato immagini antiche raccolte con certosino amore dai consoci Bonito, Grifoni ed Antonelli, un amarcord giallo-celeste che ha suscitato non pochi stupori ed emozioni e che si \u00e8 concluso in un rush di indimenticabili vittorie di quattro donne degli anni 2000: Paola Protopapa, Alessandra Sensini, Josefa Idem e Federica Pellegrini.<\/p>\n<p>La parte \u201cprotocollare\u201d, snella quanto pi\u00f9 non sarebbe potuta essere, \u00e8 vissuta di una staffetta 2&#215;125. A passare come testimone da una mano all\u2019altra un microfono. In prima frazione il presidente Massimo Fabbricini, a volare in seconda ed ultima verso il traguardo il presidente onorario Giovanni Malag\u00f2.<a href=\"http:\/\/www.ccaniene.com\/wp-content\/uploads\/2017\/07\/125_6.jpeg\"><img decoding=\"async\" class=\"aligncenter wp-image-13553 size-large\" src=\"http:\/\/www.ccaniene.com\/wp-content\/uploads\/2017\/07\/125_6-980x653.jpeg\" alt=\"\" width=\"980\" height=\"653\" \/><\/a><\/p>\n<p>Massimo Fabbricini ha dato spazio nel suo intervento a quelli che i pubblicitari chiamano teasers, ovvero segni allusivi. Ed ecco che &#8211; mentre alle spalle di chi parlava faceva bella mostra di s\u00e9 il logo celebrativo appositamente disegnato per la ricorrenza dal grafico Valter Rosso &#8211; sotto il drappo dell\u2019Aniene appariva la preziosa opera in oro acrilico e metracrilato creata e donata dal consocio Natino Chirico, a riassumere su tre piani lo scorrere del tempo. Ed in chiave di simbologia il presidente ha voluto che a far da parentesi al 125, a questa cifra per dodici mesi magica, fossero due soci assai particolari: Mario Adiutori, classe 1922, il meno giovane dei soci Aniene, ma certamente uno dei pi\u00f9 giovanili soprattutto per spirito, e Paolo Bottai, classe 2001, forse non il pi\u00f9 giovane ma certamente uno dei pi\u00f9 rappresentativi in forza del suo nome.<a href=\"http:\/\/www.ccaniene.com\/wp-content\/uploads\/2017\/07\/125_bis.jpeg\"><img loading=\"lazy\" decoding=\"async\" class=\"size-medium wp-image-13554 alignleft\" src=\"http:\/\/www.ccaniene.com\/wp-content\/uploads\/2017\/07\/125_bis-307x460.jpeg\" alt=\"\" width=\"307\" height=\"460\" \/><\/a><\/p>\n<p>Poi, per fare il discorso celebrativo vero e proprio, ha preso la parola il presidente onorario Giovanni Malag\u00f2, socio da 44 anni, presidente per venti anni tondi. E\u2019 partito da lontano, dal sussurrare con devozione i nomi dei padri fondatori, ed attraverso un percorso snello ma capace di toccare tutte le grandi tappe della storia del circolo \u00e8 arrivato ai giorni nostri, a quella autentica galassia che \u00e8 diventato il mondo Aniene.<\/p>\n<p>Poi tutti a tavola, impeccabilmente indirizzati dall\u2019organizzazione di Francesco Bolla, intorno alle eleganti tavole apparecchiate a bordo piscina, poi tutti con il naso all\u2019ins\u00f9 per i fuochi di artificio sparati senza risparmio e con tanta fantasia dall\u2019argine del Tevere, poi in tanti in pista trascinati dalla musica anni \u201970 ed \u201980 dello straordinario complesso di Frank and Canthina.<\/p>\n<p>E quando la notte si \u00e8 fatta fonda le presenze sono pi\u00f9 che raddoppiate con l\u2019invasione della bella giovent\u00f9 anienina, guidata da Paco Vaccaro e dai suoi scudieri.<a href=\"http:\/\/www.ccaniene.com\/wp-content\/uploads\/2017\/07\/ajaxmail.jpeg\"><img loading=\"lazy\" decoding=\"async\" class=\"aligncenter wp-image-13555 size-large\" src=\"http:\/\/www.ccaniene.com\/wp-content\/uploads\/2017\/07\/ajaxmail-980x653.jpeg\" alt=\"\" width=\"980\" height=\"653\" \/><\/a><\/p>\n<p><a href=\"http:\/\/www.ccaniene.com\/wp-content\/uploads\/2017\/07\/125_7.jpeg\"><img loading=\"lazy\" decoding=\"async\" class=\"aligncenter wp-image-13556 size-large\" src=\"http:\/\/www.ccaniene.com\/wp-content\/uploads\/2017\/07\/125_7-980x653.jpeg\" alt=\"\" width=\"980\" height=\"653\" \/><\/a><\/p>","protected":false},"excerpt":{"rendered":"<p>1892 \u2013 2017. Centoventicinque anni. Un secolo ed un quarto. Una storia meravigliosa, un intreccio di vite, di gioie, di imprese, di successi da levare il fiato. Il Circolo Canottieri Aniene ha deciso di celebrare la bella ricorrenza di questo particolarissimo e rotondissimo compleanno in una notte di mezza estate, senza pompa, senza retorica, organizzando [&hellip;]<\/p>","protected":false},"author":23521,"featured_media":13550,"comment_status":"open","ping_status":"closed","sticky":false,"template":"","format":"standard","meta":{"pmpro_default_level":0,"footnotes":"","_links_to":"","_links_to_target":""},"categories":[1],"tags":[],"class_list":["post-13549","post","type-post","status-publish","format-standard","has-post-thumbnail","hentry","category-news","pmpro-has-access"],"featured_image_urls":{"woocommerce_thumbnail":"https:\/\/www.ccaniene.com\/wp-content\/uploads\/2017\/07\/125-300x300.jpeg","woocommerce_gallery_thumbnail":"https:\/\/www.ccaniene.com\/wp-content\/uploads\/2017\/07\/125-100x100.jpeg","woocommerce_single":"https:\/\/www.ccaniene.com\/wp-content\/uploads\/2017\/07\/125-600x394.jpeg","medium":"https:\/\/www.ccaniene.com\/wp-content\/uploads\/2017\/07\/125-800x525.jpeg","thumbnail":"https:\/\/www.ccaniene.com\/wp-content\/uploads\/2017\/07\/125-400x400.jpeg","medium_large":"https:\/\/www.ccaniene.com\/wp-content\/uploads\/2017\/07\/125-768x504.jpeg"},"appp_media":null,"yoast_head":"<!-- This site is optimized with the Yoast SEO plugin v23.6 - https:\/\/yoast.com\/wordpress\/plugins\/seo\/ -->\n<title>L&#039;Aniene celebra 125 anni di gioie e imprese - Circolo Canottieri Aniene<\/title>\n<meta name=\"robots\" content=\"index, follow, max-snippet:-1, max-image-preview:large, max-video-preview:-1\" \/>\n<link rel=\"canonical\" href=\"https:\/\/www.ccaniene.com\/en\/laniene-celebra-125-anni-gioie-imprese\/\" \/>\n<meta property=\"og:locale\" content=\"en_GB\" \/>\n<meta property=\"og:type\" content=\"article\" \/>\n<meta property=\"og:title\" content=\"L&#039;Aniene celebra 125 anni di gioie e imprese - Circolo Canottieri Aniene\" \/>\n<meta property=\"og:description\" content=\"1892 \u2013 2017. Centoventicinque anni. Un secolo ed un quarto. Una storia meravigliosa, un intreccio di vite, di gioie, di imprese, di successi da levare il fiato. Il Circolo Canottieri Aniene ha deciso di celebrare la bella ricorrenza di questo particolarissimo e rotondissimo compleanno in una notte di mezza estate, senza pompa, senza retorica, organizzando [&hellip;]\" \/>\n<meta property=\"og:url\" content=\"https:\/\/www.ccaniene.com\/en\/laniene-celebra-125-anni-gioie-imprese\/\" \/>\n<meta property=\"og:site_name\" content=\"Circolo Canottieri Aniene\" \/>\n<meta property=\"article:published_time\" content=\"2017-07-17T12:02:44+00:00\" \/>\n<meta property=\"article:modified_time\" content=\"2017-07-17T19:39:18+00:00\" \/>\n<meta property=\"og:image\" content=\"https:\/\/www.ccaniene.com\/wp-content\/uploads\/2017\/07\/125.jpeg\" \/>\n\t<meta property=\"og:image:width\" content=\"1049\" \/>\n\t<meta property=\"og:image:height\" content=\"689\" \/>\n\t<meta property=\"og:image:type\" content=\"image\/jpeg\" \/>\n<meta name=\"author\" content=\"carlo.san@tin.it\" \/>\n<meta name=\"twitter:card\" content=\"summary_large_image\" \/>\n<meta name=\"twitter:label1\" content=\"Written by\" \/>\n\t<meta name=\"twitter:data1\" content=\"carlo.san@tin.it\" \/>\n\t<meta name=\"twitter:label2\" content=\"Estimated reading time\" \/>\n\t<meta name=\"twitter:data2\" content=\"3 minutes\" \/>\n<script type=\"application\/ld+json\" class=\"yoast-schema-graph\">{\"@context\":\"https:\/\/schema.org\",\"@graph\":[{\"@type\":\"WebPage\",\"@id\":\"https:\/\/www.ccaniene.com\/it_it\/laniene-celebra-125-anni-gioie-imprese\/\",\"url\":\"https:\/\/www.ccaniene.com\/it_it\/laniene-celebra-125-anni-gioie-imprese\/\",\"name\":\"L'Aniene celebra 125 anni di gioie e imprese - Circolo Canottieri Aniene\",\"isPartOf\":{\"@id\":\"https:\/\/www.ccaniene.com\/it_it\/#website\"},\"primaryImageOfPage\":{\"@id\":\"https:\/\/www.ccaniene.com\/it_it\/laniene-celebra-125-anni-gioie-imprese\/#primaryimage\"},\"image\":{\"@id\":\"https:\/\/www.ccaniene.com\/it_it\/laniene-celebra-125-anni-gioie-imprese\/#primaryimage\"},\"thumbnailUrl\":\"https:\/\/www.ccaniene.com\/wp-content\/uploads\/2017\/07\/125.jpeg\",\"datePublished\":\"2017-07-17T12:02:44+00:00\",\"dateModified\":\"2017-07-17T19:39:18+00:00\",\"author\":{\"@id\":\"https:\/\/www.ccaniene.com\/it_it\/#\/schema\/person\/6042bd0ba360674279dffd4247d570ed\"},\"breadcrumb\":{\"@id\":\"https:\/\/www.ccaniene.com\/it_it\/laniene-celebra-125-anni-gioie-imprese\/#breadcrumb\"},\"inLanguage\":\"en-GB\",\"potentialAction\":[{\"@type\":\"ReadAction\",\"target\":[\"https:\/\/www.ccaniene.com\/it_it\/laniene-celebra-125-anni-gioie-imprese\/\"]}]},{\"@type\":\"ImageObject\",\"inLanguage\":\"en-GB\",\"@id\":\"https:\/\/www.ccaniene.com\/it_it\/laniene-celebra-125-anni-gioie-imprese\/#primaryimage\",\"url\":\"https:\/\/www.ccaniene.com\/wp-content\/uploads\/2017\/07\/125.jpeg\",\"contentUrl\":\"https:\/\/www.ccaniene.com\/wp-content\/uploads\/2017\/07\/125.jpeg\",\"width\":1049,\"height\":689},{\"@type\":\"BreadcrumbList\",\"@id\":\"https:\/\/www.ccaniene.com\/it_it\/laniene-celebra-125-anni-gioie-imprese\/#breadcrumb\",\"itemListElement\":[{\"@type\":\"ListItem\",\"position\":1,\"name\":\"Home\",\"item\":\"https:\/\/www.ccaniene.com\/it_it\/\"},{\"@type\":\"ListItem\",\"position\":2,\"name\":\"L&#8217;Aniene celebra 125 anni di gioie e imprese\"}]},{\"@type\":\"WebSite\",\"@id\":\"https:\/\/www.ccaniene.com\/it_it\/#website\",\"url\":\"https:\/\/www.ccaniene.com\/it_it\/\",\"name\":\"Circolo Canottieri Aniene\",\"description\":\"Collare d&#039;Oro e Stella d&#039;Oro al Merito Sportivo\",\"potentialAction\":[{\"@type\":\"SearchAction\",\"target\":{\"@type\":\"EntryPoint\",\"urlTemplate\":\"https:\/\/www.ccaniene.com\/it_it\/?s={search_term_string}\"},\"query-input\":{\"@type\":\"PropertyValueSpecification\",\"valueRequired\":true,\"valueName\":\"search_term_string\"}}],\"inLanguage\":\"en-GB\"},{\"@type\":\"Person\",\"@id\":\"https:\/\/www.ccaniene.com\/it_it\/#\/schema\/person\/6042bd0ba360674279dffd4247d570ed\",\"name\":\"carlo.san@tin.it\",\"image\":{\"@type\":\"ImageObject\",\"inLanguage\":\"en-GB\",\"@id\":\"https:\/\/www.ccaniene.com\/it_it\/#\/schema\/person\/image\/\",\"url\":\"https:\/\/secure.gravatar.com\/avatar\/f993a459d0ffe4d666e4c917fef20ca9?s=96&d=mm&r=g\",\"contentUrl\":\"https:\/\/secure.gravatar.com\/avatar\/f993a459d0ffe4d666e4c917fef20ca9?s=96&d=mm&r=g\",\"caption\":\"carlo.san@tin.it\"},\"url\":\"https:\/\/www.ccaniene.com\/en\/author\/carlo-santi-2\/\"}]}<\/script>\n<!-- \/ Yoast SEO plugin. -->","yoast_head_json":{"title":"L'Aniene celebra 125 anni di gioie e imprese - Circolo Canottieri Aniene","robots":{"index":"index","follow":"follow","max-snippet":"max-snippet:-1","max-image-preview":"max-image-preview:large","max-video-preview":"max-video-preview:-1"},"canonical":"https:\/\/www.ccaniene.com\/en\/laniene-celebra-125-anni-gioie-imprese\/","og_locale":"en_GB","og_type":"article","og_title":"L'Aniene celebra 125 anni di gioie e imprese - Circolo Canottieri Aniene","og_description":"1892 \u2013 2017. Centoventicinque anni. Un secolo ed un quarto. Una storia meravigliosa, un intreccio di vite, di gioie, di imprese, di successi da levare il fiato. Il Circolo Canottieri Aniene ha deciso di celebrare la bella ricorrenza di questo particolarissimo e rotondissimo compleanno in una notte di mezza estate, senza pompa, senza retorica, organizzando [&hellip;]","og_url":"https:\/\/www.ccaniene.com\/en\/laniene-celebra-125-anni-gioie-imprese\/","og_site_name":"Circolo Canottieri Aniene","article_published_time":"2017-07-17T12:02:44+00:00","article_modified_time":"2017-07-17T19:39:18+00:00","og_image":[{"width":1049,"height":689,"url":"https:\/\/www.ccaniene.com\/wp-content\/uploads\/2017\/07\/125.jpeg","type":"image\/jpeg"}],"author":"carlo.san@tin.it","twitter_card":"summary_large_image","twitter_misc":{"Written by":"carlo.san@tin.it","Estimated reading time":"3 minutes"},"schema":{"@context":"https:\/\/schema.org","@graph":[{"@type":"WebPage","@id":"https:\/\/www.ccaniene.com\/it_it\/laniene-celebra-125-anni-gioie-imprese\/","url":"https:\/\/www.ccaniene.com\/it_it\/laniene-celebra-125-anni-gioie-imprese\/","name":"L'Aniene celebra 125 anni di gioie e imprese - Circolo Canottieri Aniene","isPartOf":{"@id":"https:\/\/www.ccaniene.com\/it_it\/#website"},"primaryImageOfPage":{"@id":"https:\/\/www.ccaniene.com\/it_it\/laniene-celebra-125-anni-gioie-imprese\/#primaryimage"},"image":{"@id":"https:\/\/www.ccaniene.com\/it_it\/laniene-celebra-125-anni-gioie-imprese\/#primaryimage"},"thumbnailUrl":"https:\/\/www.ccaniene.com\/wp-content\/uploads\/2017\/07\/125.jpeg","datePublished":"2017-07-17T12:02:44+00:00","dateModified":"2017-07-17T19:39:18+00:00","author":{"@id":"https:\/\/www.ccaniene.com\/it_it\/#\/schema\/person\/6042bd0ba360674279dffd4247d570ed"},"breadcrumb":{"@id":"https:\/\/www.ccaniene.com\/it_it\/laniene-celebra-125-anni-gioie-imprese\/#breadcrumb"},"inLanguage":"en-GB","potentialAction":[{"@type":"ReadAction","target":["https:\/\/www.ccaniene.com\/it_it\/laniene-celebra-125-anni-gioie-imprese\/"]}]},{"@type":"ImageObject","inLanguage":"en-GB","@id":"https:\/\/www.ccaniene.com\/it_it\/laniene-celebra-125-anni-gioie-imprese\/#primaryimage","url":"https:\/\/www.ccaniene.com\/wp-content\/uploads\/2017\/07\/125.jpeg","contentUrl":"https:\/\/www.ccaniene.com\/wp-content\/uploads\/2017\/07\/125.jpeg","width":1049,"height":689},{"@type":"BreadcrumbList","@id":"https:\/\/www.ccaniene.com\/it_it\/laniene-celebra-125-anni-gioie-imprese\/#breadcrumb","itemListElement":[{"@type":"ListItem","position":1,"name":"Home","item":"https:\/\/www.ccaniene.com\/it_it\/"},{"@type":"ListItem","position":2,"name":"L&#8217;Aniene celebra 125 anni di gioie e imprese"}]},{"@type":"WebSite","@id":"https:\/\/www.ccaniene.com\/it_it\/#website","url":"https:\/\/www.ccaniene.com\/it_it\/","name":"Circolo Canottieri Aniene","description":"Collare d&#039;Oro e Stella d&#039;Oro al Merito Sportivo","potentialAction":[{"@type":"SearchAction","target":{"@type":"EntryPoint","urlTemplate":"https:\/\/www.ccaniene.com\/it_it\/?s={search_term_string}"},"query-input":{"@type":"PropertyValueSpecification","valueRequired":true,"valueName":"search_term_string"}}],"inLanguage":"en-GB"},{"@type":"Person","@id":"https:\/\/www.ccaniene.com\/it_it\/#\/schema\/person\/6042bd0ba360674279dffd4247d570ed","name":"carlo.san@tin.it","image":{"@type":"ImageObject","inLanguage":"en-GB","@id":"https:\/\/www.ccaniene.com\/it_it\/#\/schema\/person\/image\/","url":"https:\/\/secure.gravatar.com\/avatar\/f993a459d0ffe4d666e4c917fef20ca9?s=96&d=mm&r=g","contentUrl":"https:\/\/secure.gravatar.com\/avatar\/f993a459d0ffe4d666e4c917fef20ca9?s=96&d=mm&r=g","caption":"carlo.san@tin.it"},"url":"https:\/\/www.ccaniene.com\/en\/author\/carlo-santi-2\/"}]}},"_links":{"self":[{"href":"https:\/\/www.ccaniene.com\/en\/wp-json\/wp\/v2\/posts\/13549"}],"collection":[{"href":"https:\/\/www.ccaniene.com\/en\/wp-json\/wp\/v2\/posts"}],"about":[{"href":"https:\/\/www.ccaniene.com\/en\/wp-json\/wp\/v2\/types\/post"}],"author":[{"embeddable":true,"href":"https:\/\/www.ccaniene.com\/en\/wp-json\/wp\/v2\/users\/23521"}],"replies":[{"embeddable":true,"href":"https:\/\/www.ccaniene.com\/en\/wp-json\/wp\/v2\/comments?post=13549"}],"version-history":[{"count":2,"href":"https:\/\/www.ccaniene.com\/en\/wp-json\/wp\/v2\/posts\/13549\/revisions"}],"predecessor-version":[{"id":13576,"href":"https:\/\/www.ccaniene.com\/en\/wp-json\/wp\/v2\/posts\/13549\/revisions\/13576"}],"wp:featuredmedia":[{"embeddable":true,"href":"https:\/\/www.ccaniene.com\/en\/wp-json\/wp\/v2\/media\/13550"}],"wp:attachment":[{"href":"https:\/\/www.ccaniene.com\/en\/wp-json\/wp\/v2\/media?parent=13549"}],"wp:term":[{"taxonomy":"category","embeddable":true,"href":"https:\/\/www.ccaniene.com\/en\/wp-json\/wp\/v2\/categories?post=13549"},{"taxonomy":"post_tag","embeddable":true,"href":"https:\/\/www.ccaniene.com\/en\/wp-json\/wp\/v2\/tags?post=13549"}],"curies":[{"name":"wp","href":"https:\/\/api.w.org\/{rel}","templated":true}]}}