{"id":13188,"date":"2017-05-29T13:43:06","date_gmt":"2017-05-29T11:43:06","guid":{"rendered":"https:\/\/www.ccaniene.com\/?p=13188\/"},"modified":"2017-05-29T13:44:32","modified_gmt":"2017-05-29T11:44:32","slug":"accordo-la-lega-navale-italiana-ostia","status":"publish","type":"post","link":"https:\/\/www.ccaniene.com\/en\/accordo-la-lega-navale-italiana-ostia\/","title":{"rendered":"Accordo con la Lega Navale Italiana di Ostia"},"content":{"rendered":"<p>Sabato 27 maggio \u00e8 stato siglato un importante accordo tra la sezione canoa del Circolo Canottieri Aniene e la Lega Navale Italiana sezione di Ostia. Presenti alla firma del documento il presidente del circolo, Massimo Fabbricini, il consigliere allo sport Andrea Pignoli ed il dirigente della sezione canoa Paolo Tommasini, mentre in rappresentanza della Lega Navale sono intervenuti il presidente Luigi Cassetti ed il tesoriere Giorgio Perali.<\/p>\n<p>Questo accordo sancisce l\u2019inizio di un percorso comune che tender\u00e0 a sviluppare tutte le attivit\u00e0 dei paddle sport da mare, dal surfski al sup, con la possibilit\u00e0 per i nostri atleti di usufruire dei bellissimi spazi messi a disposizione nella sede storica della Lega Navale Italiana di Ostia.<\/p>","protected":false},"excerpt":{"rendered":"<p>Sabato 27 maggio \u00e8 stato siglato un importante accordo tra la sezione canoa del Circolo Canottieri Aniene e la Lega Navale Italiana sezione di Ostia. Presenti alla firma del documento il presidente del circolo, Massimo Fabbricini, il consigliere allo sport Andrea Pignoli ed il dirigente della sezione canoa Paolo Tommasini, mentre in rappresentanza della Lega [&hellip;]<\/p>","protected":false},"author":23521,"featured_media":13190,"comment_status":"open","ping_status":"closed","sticky":false,"template":"","format":"standard","meta":{"pmpro_default_level":0,"footnotes":"","_links_to":"","_links_to_target":""},"categories":[8,1],"tags":[],"class_list":["post-13188","post","type-post","status-publish","format-standard","has-post-thumbnail","hentry","category-canoa","category-news","pmpro-has-access"],"featured_image_urls":{"woocommerce_thumbnail":"https:\/\/www.ccaniene.com\/wp-content\/uploads\/2017\/05\/ostia-300x300.jpg","woocommerce_gallery_thumbnail":"https:\/\/www.ccaniene.com\/wp-content\/uploads\/2017\/05\/ostia-100x100.jpg","woocommerce_single":"https:\/\/www.ccaniene.com\/wp-content\/uploads\/2017\/05\/ostia-600x395.jpg","thumbnail":"https:\/\/www.ccaniene.com\/wp-content\/uploads\/2017\/05\/ostia-400x400.jpg"},"appp_media":null,"yoast_head":"<!-- This site is optimized with the Yoast SEO plugin v23.6 - https:\/\/yoast.com\/wordpress\/plugins\/seo\/ -->\n<title>Accordo con la Lega Navale Italiana di Ostia - Circolo Canottieri Aniene<\/title>\n<meta name=\"robots\" content=\"index, follow, max-snippet:-1, max-image-preview:large, max-video-preview:-1\" \/>\n<link rel=\"canonical\" href=\"https:\/\/www.ccaniene.com\/en\/accordo-la-lega-navale-italiana-ostia\/\" \/>\n<meta property=\"og:locale\" content=\"en_GB\" \/>\n<meta property=\"og:type\" content=\"article\" \/>\n<meta property=\"og:title\" content=\"Accordo con la Lega Navale Italiana di Ostia - Circolo Canottieri Aniene\" \/>\n<meta property=\"og:description\" content=\"Sabato 27 maggio \u00e8 stato siglato un importante accordo tra la sezione canoa del Circolo Canottieri Aniene e la Lega Navale Italiana sezione di Ostia. Presenti alla firma del documento il presidente del circolo, Massimo Fabbricini, il consigliere allo sport Andrea Pignoli ed il dirigente della sezione canoa Paolo Tommasini, mentre in rappresentanza della Lega [&hellip;]\" \/>\n<meta property=\"og:url\" content=\"https:\/\/www.ccaniene.com\/en\/accordo-la-lega-navale-italiana-ostia\/\" \/>\n<meta property=\"og:site_name\" content=\"Circolo Canottieri Aniene\" \/>\n<meta property=\"article:published_time\" content=\"2017-05-29T11:43:06+00:00\" \/>\n<meta property=\"article:modified_time\" content=\"2017-05-29T11:44:32+00:00\" \/>\n<meta property=\"og:image\" content=\"https:\/\/www.ccaniene.com\/wp-content\/uploads\/2017\/05\/ostia.jpg\" \/>\n\t<meta property=\"og:image:width\" content=\"607\" \/>\n\t<meta property=\"og:image:height\" content=\"400\" \/>\n\t<meta property=\"og:image:type\" content=\"image\/jpeg\" \/>\n<meta name=\"author\" content=\"carlo.san@tin.it\" \/>\n<meta name=\"twitter:card\" content=\"summary_large_image\" \/>\n<meta name=\"twitter:label1\" content=\"Written by\" \/>\n\t<meta name=\"twitter:data1\" content=\"carlo.san@tin.it\" \/>\n\t<meta name=\"twitter:label2\" content=\"Estimated reading time\" \/>\n\t<meta name=\"twitter:data2\" content=\"1 minute\" \/>\n<script type=\"application\/ld+json\" class=\"yoast-schema-graph\">{\"@context\":\"https:\/\/schema.org\",\"@graph\":[{\"@type\":\"WebPage\",\"@id\":\"https:\/\/www.ccaniene.com\/it_it\/accordo-la-lega-navale-italiana-ostia\/\",\"url\":\"https:\/\/www.ccaniene.com\/it_it\/accordo-la-lega-navale-italiana-ostia\/\",\"name\":\"Accordo con la Lega Navale Italiana di Ostia - Circolo Canottieri Aniene\",\"isPartOf\":{\"@id\":\"https:\/\/www.ccaniene.com\/it_it\/#website\"},\"primaryImageOfPage\":{\"@id\":\"https:\/\/www.ccaniene.com\/it_it\/accordo-la-lega-navale-italiana-ostia\/#primaryimage\"},\"image\":{\"@id\":\"https:\/\/www.ccaniene.com\/it_it\/accordo-la-lega-navale-italiana-ostia\/#primaryimage\"},\"thumbnailUrl\":\"https:\/\/www.ccaniene.com\/wp-content\/uploads\/2017\/05\/ostia.jpg\",\"datePublished\":\"2017-05-29T11:43:06+00:00\",\"dateModified\":\"2017-05-29T11:44:32+00:00\",\"author\":{\"@id\":\"https:\/\/www.ccaniene.com\/it_it\/#\/schema\/person\/6042bd0ba360674279dffd4247d570ed\"},\"breadcrumb\":{\"@id\":\"https:\/\/www.ccaniene.com\/it_it\/accordo-la-lega-navale-italiana-ostia\/#breadcrumb\"},\"inLanguage\":\"en-GB\",\"potentialAction\":[{\"@type\":\"ReadAction\",\"target\":[\"https:\/\/www.ccaniene.com\/it_it\/accordo-la-lega-navale-italiana-ostia\/\"]}]},{\"@type\":\"ImageObject\",\"inLanguage\":\"en-GB\",\"@id\":\"https:\/\/www.ccaniene.com\/it_it\/accordo-la-lega-navale-italiana-ostia\/#primaryimage\",\"url\":\"https:\/\/www.ccaniene.com\/wp-content\/uploads\/2017\/05\/ostia.jpg\",\"contentUrl\":\"https:\/\/www.ccaniene.com\/wp-content\/uploads\/2017\/05\/ostia.jpg\",\"width\":607,\"height\":400},{\"@type\":\"BreadcrumbList\",\"@id\":\"https:\/\/www.ccaniene.com\/it_it\/accordo-la-lega-navale-italiana-ostia\/#breadcrumb\",\"itemListElement\":[{\"@type\":\"ListItem\",\"position\":1,\"name\":\"Home\",\"item\":\"https:\/\/www.ccaniene.com\/it_it\/\"},{\"@type\":\"ListItem\",\"position\":2,\"name\":\"Accordo con la Lega Navale Italiana di Ostia\"}]},{\"@type\":\"WebSite\",\"@id\":\"https:\/\/www.ccaniene.com\/it_it\/#website\",\"url\":\"https:\/\/www.ccaniene.com\/it_it\/\",\"name\":\"Circolo Canottieri Aniene\",\"description\":\"Collare d&#039;Oro e Stella d&#039;Oro al Merito Sportivo\",\"potentialAction\":[{\"@type\":\"SearchAction\",\"target\":{\"@type\":\"EntryPoint\",\"urlTemplate\":\"https:\/\/www.ccaniene.com\/it_it\/?s={search_term_string}\"},\"query-input\":{\"@type\":\"PropertyValueSpecification\",\"valueRequired\":true,\"valueName\":\"search_term_string\"}}],\"inLanguage\":\"en-GB\"},{\"@type\":\"Person\",\"@id\":\"https:\/\/www.ccaniene.com\/it_it\/#\/schema\/person\/6042bd0ba360674279dffd4247d570ed\",\"name\":\"carlo.san@tin.it\",\"image\":{\"@type\":\"ImageObject\",\"inLanguage\":\"en-GB\",\"@id\":\"https:\/\/www.ccaniene.com\/it_it\/#\/schema\/person\/image\/\",\"url\":\"https:\/\/secure.gravatar.com\/avatar\/f993a459d0ffe4d666e4c917fef20ca9?s=96&d=mm&r=g\",\"contentUrl\":\"https:\/\/secure.gravatar.com\/avatar\/f993a459d0ffe4d666e4c917fef20ca9?s=96&d=mm&r=g\",\"caption\":\"carlo.san@tin.it\"},\"url\":\"https:\/\/www.ccaniene.com\/en\/author\/carlo-santi-2\/\"}]}<\/script>\n<!-- \/ Yoast SEO plugin. -->","yoast_head_json":{"title":"Accordo con la Lega Navale Italiana di Ostia - Circolo Canottieri Aniene","robots":{"index":"index","follow":"follow","max-snippet":"max-snippet:-1","max-image-preview":"max-image-preview:large","max-video-preview":"max-video-preview:-1"},"canonical":"https:\/\/www.ccaniene.com\/en\/accordo-la-lega-navale-italiana-ostia\/","og_locale":"en_GB","og_type":"article","og_title":"Accordo con la Lega Navale Italiana di Ostia - Circolo Canottieri Aniene","og_description":"Sabato 27 maggio \u00e8 stato siglato un importante accordo tra la sezione canoa del Circolo Canottieri Aniene e la Lega Navale Italiana sezione di Ostia. Presenti alla firma del documento il presidente del circolo, Massimo Fabbricini, il consigliere allo sport Andrea Pignoli ed il dirigente della sezione canoa Paolo Tommasini, mentre in rappresentanza della Lega [&hellip;]","og_url":"https:\/\/www.ccaniene.com\/en\/accordo-la-lega-navale-italiana-ostia\/","og_site_name":"Circolo Canottieri Aniene","article_published_time":"2017-05-29T11:43:06+00:00","article_modified_time":"2017-05-29T11:44:32+00:00","og_image":[{"width":607,"height":400,"url":"https:\/\/www.ccaniene.com\/wp-content\/uploads\/2017\/05\/ostia.jpg","type":"image\/jpeg"}],"author":"carlo.san@tin.it","twitter_card":"summary_large_image","twitter_misc":{"Written by":"carlo.san@tin.it","Estimated reading time":"1 minute"},"schema":{"@context":"https:\/\/schema.org","@graph":[{"@type":"WebPage","@id":"https:\/\/www.ccaniene.com\/it_it\/accordo-la-lega-navale-italiana-ostia\/","url":"https:\/\/www.ccaniene.com\/it_it\/accordo-la-lega-navale-italiana-ostia\/","name":"Accordo con la Lega Navale Italiana di Ostia - Circolo Canottieri Aniene","isPartOf":{"@id":"https:\/\/www.ccaniene.com\/it_it\/#website"},"primaryImageOfPage":{"@id":"https:\/\/www.ccaniene.com\/it_it\/accordo-la-lega-navale-italiana-ostia\/#primaryimage"},"image":{"@id":"https:\/\/www.ccaniene.com\/it_it\/accordo-la-lega-navale-italiana-ostia\/#primaryimage"},"thumbnailUrl":"https:\/\/www.ccaniene.com\/wp-content\/uploads\/2017\/05\/ostia.jpg","datePublished":"2017-05-29T11:43:06+00:00","dateModified":"2017-05-29T11:44:32+00:00","author":{"@id":"https:\/\/www.ccaniene.com\/it_it\/#\/schema\/person\/6042bd0ba360674279dffd4247d570ed"},"breadcrumb":{"@id":"https:\/\/www.ccaniene.com\/it_it\/accordo-la-lega-navale-italiana-ostia\/#breadcrumb"},"inLanguage":"en-GB","potentialAction":[{"@type":"ReadAction","target":["https:\/\/www.ccaniene.com\/it_it\/accordo-la-lega-navale-italiana-ostia\/"]}]},{"@type":"ImageObject","inLanguage":"en-GB","@id":"https:\/\/www.ccaniene.com\/it_it\/accordo-la-lega-navale-italiana-ostia\/#primaryimage","url":"https:\/\/www.ccaniene.com\/wp-content\/uploads\/2017\/05\/ostia.jpg","contentUrl":"https:\/\/www.ccaniene.com\/wp-content\/uploads\/2017\/05\/ostia.jpg","width":607,"height":400},{"@type":"BreadcrumbList","@id":"https:\/\/www.ccaniene.com\/it_it\/accordo-la-lega-navale-italiana-ostia\/#breadcrumb","itemListElement":[{"@type":"ListItem","position":1,"name":"Home","item":"https:\/\/www.ccaniene.com\/it_it\/"},{"@type":"ListItem","position":2,"name":"Accordo con la Lega Navale Italiana di Ostia"}]},{"@type":"WebSite","@id":"https:\/\/www.ccaniene.com\/it_it\/#website","url":"https:\/\/www.ccaniene.com\/it_it\/","name":"Circolo Canottieri Aniene","description":"Collare d&#039;Oro e Stella d&#039;Oro al Merito Sportivo","potentialAction":[{"@type":"SearchAction","target":{"@type":"EntryPoint","urlTemplate":"https:\/\/www.ccaniene.com\/it_it\/?s={search_term_string}"},"query-input":{"@type":"PropertyValueSpecification","valueRequired":true,"valueName":"search_term_string"}}],"inLanguage":"en-GB"},{"@type":"Person","@id":"https:\/\/www.ccaniene.com\/it_it\/#\/schema\/person\/6042bd0ba360674279dffd4247d570ed","name":"carlo.san@tin.it","image":{"@type":"ImageObject","inLanguage":"en-GB","@id":"https:\/\/www.ccaniene.com\/it_it\/#\/schema\/person\/image\/","url":"https:\/\/secure.gravatar.com\/avatar\/f993a459d0ffe4d666e4c917fef20ca9?s=96&d=mm&r=g","contentUrl":"https:\/\/secure.gravatar.com\/avatar\/f993a459d0ffe4d666e4c917fef20ca9?s=96&d=mm&r=g","caption":"carlo.san@tin.it"},"url":"https:\/\/www.ccaniene.com\/en\/author\/carlo-santi-2\/"}]}},"_links":{"self":[{"href":"https:\/\/www.ccaniene.com\/en\/wp-json\/wp\/v2\/posts\/13188"}],"collection":[{"href":"https:\/\/www.ccaniene.com\/en\/wp-json\/wp\/v2\/posts"}],"about":[{"href":"https:\/\/www.ccaniene.com\/en\/wp-json\/wp\/v2\/types\/post"}],"author":[{"embeddable":true,"href":"https:\/\/www.ccaniene.com\/en\/wp-json\/wp\/v2\/users\/23521"}],"replies":[{"embeddable":true,"href":"https:\/\/www.ccaniene.com\/en\/wp-json\/wp\/v2\/comments?post=13188"}],"version-history":[{"count":1,"href":"https:\/\/www.ccaniene.com\/en\/wp-json\/wp\/v2\/posts\/13188\/revisions"}],"predecessor-version":[{"id":13191,"href":"https:\/\/www.ccaniene.com\/en\/wp-json\/wp\/v2\/posts\/13188\/revisions\/13191"}],"wp:featuredmedia":[{"embeddable":true,"href":"https:\/\/www.ccaniene.com\/en\/wp-json\/wp\/v2\/media\/13190"}],"wp:attachment":[{"href":"https:\/\/www.ccaniene.com\/en\/wp-json\/wp\/v2\/media?parent=13188"}],"wp:term":[{"taxonomy":"category","embeddable":true,"href":"https:\/\/www.ccaniene.com\/en\/wp-json\/wp\/v2\/categories?post=13188"},{"taxonomy":"post_tag","embeddable":true,"href":"https:\/\/www.ccaniene.com\/en\/wp-json\/wp\/v2\/tags?post=13188"}],"curies":[{"name":"wp","href":"https:\/\/api.w.org\/{rel}","templated":true}]}}