{"id":13140,"date":"2017-05-25T11:18:49","date_gmt":"2017-05-25T09:18:49","guid":{"rendered":"https:\/\/www.ccaniene.com\/?p=13140\/"},"modified":"2017-05-25T13:11:46","modified_gmt":"2017-05-25T11:11:46","slug":"bolelli-vede-roland-garros-ok-quinzi-caruana-mestre","status":"publish","type":"post","link":"https:\/\/www.ccaniene.com\/en\/bolelli-vede-roland-garros-ok-quinzi-caruana-mestre\/","title":{"rendered":"Bolelli &#8220;vede&#8221; il Roland Garros, ok Quinzi e Caruana a Mestre"},"content":{"rendered":"<p>Simone Bolelli coltiva il sogno di un rientro in grande stile. Il nostro atleta, impegnato nelle qualificazioni del Roland Garros, \u00e8 a un solo ostacolo dall&#8217;accesso al main draw dello slam parigino. Sar\u00e0 un derby italiano a sancire l&#8217;ingresso nel tabellone principale, con Simone che sfider\u00e0 Marco Cecchinato, testa di serie numero 8 del tabellone delle quali. Il torneo prender\u00e0 il via il 28 maggio.<\/p>\n<p>Segnali positivi da Gianluigi Quinzi e Liam Caruana, ancora in gara al Venice Challenger Save Cup in corso sui campi in terra del Circolo Tennis Mestre. Quinzi \u00e8 ai quarti di finale e affronter\u00e0 l&#8217;australiano Blake Mott (n. 246 del ranking Atp), Caruana ha sfruttato al meglio la wild card per giungere agli ottavi di finale, dopo essersi imposto con un doppio 6-4 sull&#8217;ungherese Balazs: oggi affronter\u00e0 il francese Axel Michon (n. 320 del ranking mondiale) nella gara di ottavi.<\/p>\n<p><a href=\"http:\/\/www.ccaniene.com\/wp-content\/uploads\/2017\/05\/quinzi.png\"><img fetchpriority=\"high\" decoding=\"async\" class=\"aligncenter wp-image-13141 size-large\" src=\"http:\/\/www.ccaniene.com\/wp-content\/uploads\/2017\/05\/quinzi-980x654.png\" alt=\"\" width=\"980\" height=\"654\" \/><\/a><\/p>","protected":false},"excerpt":{"rendered":"<p>Simone Bolelli coltiva il sogno di un rientro in grande stile. Il nostro atleta, impegnato nelle qualificazioni del Roland Garros, \u00e8 a un solo ostacolo dall&#8217;accesso al main draw dello slam parigino. Sar\u00e0 un derby italiano a sancire l&#8217;ingresso nel tabellone principale, con Simone che sfider\u00e0 Marco Cecchinato, testa di serie numero 8 del tabellone [&hellip;]<\/p>","protected":false},"author":23521,"featured_media":13142,"comment_status":"open","ping_status":"closed","sticky":false,"template":"","format":"standard","meta":{"pmpro_default_level":0,"footnotes":"","_links_to":"","_links_to_target":""},"categories":[1,10],"tags":[],"class_list":["post-13140","post","type-post","status-publish","format-standard","has-post-thumbnail","hentry","category-news","category-tennis","pmpro-has-access"],"featured_image_urls":{"woocommerce_thumbnail":"https:\/\/www.ccaniene.com\/wp-content\/uploads\/2017\/05\/bolelliterra-300x300.png","woocommerce_gallery_thumbnail":"https:\/\/www.ccaniene.com\/wp-content\/uploads\/2017\/05\/bolelliterra-100x100.png","woocommerce_single":"https:\/\/www.ccaniene.com\/wp-content\/uploads\/2017\/05\/bolelliterra-600x496.png","medium":"https:\/\/www.ccaniene.com\/wp-content\/uploads\/2017\/05\/bolelliterra-800x661.png","thumbnail":"https:\/\/www.ccaniene.com\/wp-content\/uploads\/2017\/05\/bolelliterra-400x400.png","medium_large":"https:\/\/www.ccaniene.com\/wp-content\/uploads\/2017\/05\/bolelliterra-768x635.png"},"appp_media":null,"yoast_head":"<!-- This site is optimized with the Yoast SEO plugin v23.6 - https:\/\/yoast.com\/wordpress\/plugins\/seo\/ -->\n<title>Bolelli &quot;vede&quot; il Roland Garros, ok Quinzi e Caruana a Mestre - Circolo Canottieri Aniene<\/title>\n<meta name=\"robots\" content=\"index, follow, max-snippet:-1, max-image-preview:large, max-video-preview:-1\" \/>\n<link rel=\"canonical\" href=\"https:\/\/www.ccaniene.com\/en\/bolelli-vede-roland-garros-ok-quinzi-caruana-mestre\/\" \/>\n<meta property=\"og:locale\" content=\"en_GB\" \/>\n<meta property=\"og:type\" content=\"article\" \/>\n<meta property=\"og:title\" content=\"Bolelli &quot;vede&quot; il Roland Garros, ok Quinzi e Caruana a Mestre - Circolo Canottieri Aniene\" \/>\n<meta property=\"og:description\" content=\"Simone Bolelli coltiva il sogno di un rientro in grande stile. Il nostro atleta, impegnato nelle qualificazioni del Roland Garros, \u00e8 a un solo ostacolo dall&#8217;accesso al main draw dello slam parigino. Sar\u00e0 un derby italiano a sancire l&#8217;ingresso nel tabellone principale, con Simone che sfider\u00e0 Marco Cecchinato, testa di serie numero 8 del tabellone [&hellip;]\" \/>\n<meta property=\"og:url\" content=\"https:\/\/www.ccaniene.com\/en\/bolelli-vede-roland-garros-ok-quinzi-caruana-mestre\/\" \/>\n<meta property=\"og:site_name\" content=\"Circolo Canottieri Aniene\" \/>\n<meta property=\"article:published_time\" content=\"2017-05-25T09:18:49+00:00\" \/>\n<meta property=\"article:modified_time\" content=\"2017-05-25T11:11:46+00:00\" \/>\n<meta property=\"og:image\" content=\"https:\/\/www.ccaniene.com\/wp-content\/uploads\/2017\/05\/bolelliterra.png\" \/>\n\t<meta property=\"og:image:width\" content=\"813\" \/>\n\t<meta property=\"og:image:height\" content=\"672\" \/>\n\t<meta property=\"og:image:type\" content=\"image\/png\" \/>\n<meta name=\"author\" content=\"carlo.san@tin.it\" \/>\n<meta name=\"twitter:card\" content=\"summary_large_image\" \/>\n<meta name=\"twitter:label1\" content=\"Written by\" \/>\n\t<meta name=\"twitter:data1\" content=\"carlo.san@tin.it\" \/>\n\t<meta name=\"twitter:label2\" content=\"Estimated reading time\" \/>\n\t<meta name=\"twitter:data2\" content=\"1 minute\" \/>\n<script type=\"application\/ld+json\" class=\"yoast-schema-graph\">{\"@context\":\"https:\/\/schema.org\",\"@graph\":[{\"@type\":\"WebPage\",\"@id\":\"https:\/\/www.ccaniene.com\/en\/bolelli-vede-roland-garros-ok-quinzi-caruana-mestre\/\",\"url\":\"https:\/\/www.ccaniene.com\/en\/bolelli-vede-roland-garros-ok-quinzi-caruana-mestre\/\",\"name\":\"Bolelli \\\"vede\\\" il Roland Garros, ok Quinzi e Caruana a Mestre - Circolo Canottieri Aniene\",\"isPartOf\":{\"@id\":\"https:\/\/www.ccaniene.com\/it_it\/#website\"},\"primaryImageOfPage\":{\"@id\":\"https:\/\/www.ccaniene.com\/en\/bolelli-vede-roland-garros-ok-quinzi-caruana-mestre\/#primaryimage\"},\"image\":{\"@id\":\"https:\/\/www.ccaniene.com\/en\/bolelli-vede-roland-garros-ok-quinzi-caruana-mestre\/#primaryimage\"},\"thumbnailUrl\":\"https:\/\/www.ccaniene.com\/wp-content\/uploads\/2017\/05\/bolelliterra.png\",\"datePublished\":\"2017-05-25T09:18:49+00:00\",\"dateModified\":\"2017-05-25T11:11:46+00:00\",\"author\":{\"@id\":\"https:\/\/www.ccaniene.com\/it_it\/#\/schema\/person\/6042bd0ba360674279dffd4247d570ed\"},\"breadcrumb\":{\"@id\":\"https:\/\/www.ccaniene.com\/en\/bolelli-vede-roland-garros-ok-quinzi-caruana-mestre\/#breadcrumb\"},\"inLanguage\":\"en-GB\",\"potentialAction\":[{\"@type\":\"ReadAction\",\"target\":[\"https:\/\/www.ccaniene.com\/en\/bolelli-vede-roland-garros-ok-quinzi-caruana-mestre\/\"]}]},{\"@type\":\"ImageObject\",\"inLanguage\":\"en-GB\",\"@id\":\"https:\/\/www.ccaniene.com\/en\/bolelli-vede-roland-garros-ok-quinzi-caruana-mestre\/#primaryimage\",\"url\":\"https:\/\/www.ccaniene.com\/wp-content\/uploads\/2017\/05\/bolelliterra.png\",\"contentUrl\":\"https:\/\/www.ccaniene.com\/wp-content\/uploads\/2017\/05\/bolelliterra.png\",\"width\":813,\"height\":672},{\"@type\":\"BreadcrumbList\",\"@id\":\"https:\/\/www.ccaniene.com\/en\/bolelli-vede-roland-garros-ok-quinzi-caruana-mestre\/#breadcrumb\",\"itemListElement\":[{\"@type\":\"ListItem\",\"position\":1,\"name\":\"Home\",\"item\":\"https:\/\/www.ccaniene.com\/it_it\/\"},{\"@type\":\"ListItem\",\"position\":2,\"name\":\"Bolelli &#8220;vede&#8221; il Roland Garros, ok Quinzi e Caruana a Mestre\"}]},{\"@type\":\"WebSite\",\"@id\":\"https:\/\/www.ccaniene.com\/it_it\/#website\",\"url\":\"https:\/\/www.ccaniene.com\/it_it\/\",\"name\":\"Circolo Canottieri Aniene\",\"description\":\"Collare d&#039;Oro e Stella d&#039;Oro al Merito Sportivo\",\"potentialAction\":[{\"@type\":\"SearchAction\",\"target\":{\"@type\":\"EntryPoint\",\"urlTemplate\":\"https:\/\/www.ccaniene.com\/it_it\/?s={search_term_string}\"},\"query-input\":{\"@type\":\"PropertyValueSpecification\",\"valueRequired\":true,\"valueName\":\"search_term_string\"}}],\"inLanguage\":\"en-GB\"},{\"@type\":\"Person\",\"@id\":\"https:\/\/www.ccaniene.com\/it_it\/#\/schema\/person\/6042bd0ba360674279dffd4247d570ed\",\"name\":\"carlo.san@tin.it\",\"image\":{\"@type\":\"ImageObject\",\"inLanguage\":\"en-GB\",\"@id\":\"https:\/\/www.ccaniene.com\/it_it\/#\/schema\/person\/image\/\",\"url\":\"https:\/\/secure.gravatar.com\/avatar\/f993a459d0ffe4d666e4c917fef20ca9?s=96&d=mm&r=g\",\"contentUrl\":\"https:\/\/secure.gravatar.com\/avatar\/f993a459d0ffe4d666e4c917fef20ca9?s=96&d=mm&r=g\",\"caption\":\"carlo.san@tin.it\"},\"url\":\"https:\/\/www.ccaniene.com\/en\/author\/carlo-santi-2\/\"}]}<\/script>\n<!-- \/ Yoast SEO plugin. -->","yoast_head_json":{"title":"Bolelli \"vede\" il Roland Garros, ok Quinzi e Caruana a Mestre - Circolo Canottieri Aniene","robots":{"index":"index","follow":"follow","max-snippet":"max-snippet:-1","max-image-preview":"max-image-preview:large","max-video-preview":"max-video-preview:-1"},"canonical":"https:\/\/www.ccaniene.com\/en\/bolelli-vede-roland-garros-ok-quinzi-caruana-mestre\/","og_locale":"en_GB","og_type":"article","og_title":"Bolelli \"vede\" il Roland Garros, ok Quinzi e Caruana a Mestre - Circolo Canottieri Aniene","og_description":"Simone Bolelli coltiva il sogno di un rientro in grande stile. Il nostro atleta, impegnato nelle qualificazioni del Roland Garros, \u00e8 a un solo ostacolo dall&#8217;accesso al main draw dello slam parigino. Sar\u00e0 un derby italiano a sancire l&#8217;ingresso nel tabellone principale, con Simone che sfider\u00e0 Marco Cecchinato, testa di serie numero 8 del tabellone [&hellip;]","og_url":"https:\/\/www.ccaniene.com\/en\/bolelli-vede-roland-garros-ok-quinzi-caruana-mestre\/","og_site_name":"Circolo Canottieri Aniene","article_published_time":"2017-05-25T09:18:49+00:00","article_modified_time":"2017-05-25T11:11:46+00:00","og_image":[{"width":813,"height":672,"url":"https:\/\/www.ccaniene.com\/wp-content\/uploads\/2017\/05\/bolelliterra.png","type":"image\/png"}],"author":"carlo.san@tin.it","twitter_card":"summary_large_image","twitter_misc":{"Written by":"carlo.san@tin.it","Estimated reading time":"1 minute"},"schema":{"@context":"https:\/\/schema.org","@graph":[{"@type":"WebPage","@id":"https:\/\/www.ccaniene.com\/en\/bolelli-vede-roland-garros-ok-quinzi-caruana-mestre\/","url":"https:\/\/www.ccaniene.com\/en\/bolelli-vede-roland-garros-ok-quinzi-caruana-mestre\/","name":"Bolelli \"vede\" il Roland Garros, ok Quinzi e Caruana a Mestre - Circolo Canottieri Aniene","isPartOf":{"@id":"https:\/\/www.ccaniene.com\/it_it\/#website"},"primaryImageOfPage":{"@id":"https:\/\/www.ccaniene.com\/en\/bolelli-vede-roland-garros-ok-quinzi-caruana-mestre\/#primaryimage"},"image":{"@id":"https:\/\/www.ccaniene.com\/en\/bolelli-vede-roland-garros-ok-quinzi-caruana-mestre\/#primaryimage"},"thumbnailUrl":"https:\/\/www.ccaniene.com\/wp-content\/uploads\/2017\/05\/bolelliterra.png","datePublished":"2017-05-25T09:18:49+00:00","dateModified":"2017-05-25T11:11:46+00:00","author":{"@id":"https:\/\/www.ccaniene.com\/it_it\/#\/schema\/person\/6042bd0ba360674279dffd4247d570ed"},"breadcrumb":{"@id":"https:\/\/www.ccaniene.com\/en\/bolelli-vede-roland-garros-ok-quinzi-caruana-mestre\/#breadcrumb"},"inLanguage":"en-GB","potentialAction":[{"@type":"ReadAction","target":["https:\/\/www.ccaniene.com\/en\/bolelli-vede-roland-garros-ok-quinzi-caruana-mestre\/"]}]},{"@type":"ImageObject","inLanguage":"en-GB","@id":"https:\/\/www.ccaniene.com\/en\/bolelli-vede-roland-garros-ok-quinzi-caruana-mestre\/#primaryimage","url":"https:\/\/www.ccaniene.com\/wp-content\/uploads\/2017\/05\/bolelliterra.png","contentUrl":"https:\/\/www.ccaniene.com\/wp-content\/uploads\/2017\/05\/bolelliterra.png","width":813,"height":672},{"@type":"BreadcrumbList","@id":"https:\/\/www.ccaniene.com\/en\/bolelli-vede-roland-garros-ok-quinzi-caruana-mestre\/#breadcrumb","itemListElement":[{"@type":"ListItem","position":1,"name":"Home","item":"https:\/\/www.ccaniene.com\/it_it\/"},{"@type":"ListItem","position":2,"name":"Bolelli &#8220;vede&#8221; il Roland Garros, ok Quinzi e Caruana a Mestre"}]},{"@type":"WebSite","@id":"https:\/\/www.ccaniene.com\/it_it\/#website","url":"https:\/\/www.ccaniene.com\/it_it\/","name":"Circolo Canottieri Aniene","description":"Collare d&#039;Oro e Stella d&#039;Oro al Merito Sportivo","potentialAction":[{"@type":"SearchAction","target":{"@type":"EntryPoint","urlTemplate":"https:\/\/www.ccaniene.com\/it_it\/?s={search_term_string}"},"query-input":{"@type":"PropertyValueSpecification","valueRequired":true,"valueName":"search_term_string"}}],"inLanguage":"en-GB"},{"@type":"Person","@id":"https:\/\/www.ccaniene.com\/it_it\/#\/schema\/person\/6042bd0ba360674279dffd4247d570ed","name":"carlo.san@tin.it","image":{"@type":"ImageObject","inLanguage":"en-GB","@id":"https:\/\/www.ccaniene.com\/it_it\/#\/schema\/person\/image\/","url":"https:\/\/secure.gravatar.com\/avatar\/f993a459d0ffe4d666e4c917fef20ca9?s=96&d=mm&r=g","contentUrl":"https:\/\/secure.gravatar.com\/avatar\/f993a459d0ffe4d666e4c917fef20ca9?s=96&d=mm&r=g","caption":"carlo.san@tin.it"},"url":"https:\/\/www.ccaniene.com\/en\/author\/carlo-santi-2\/"}]}},"_links":{"self":[{"href":"https:\/\/www.ccaniene.com\/en\/wp-json\/wp\/v2\/posts\/13140"}],"collection":[{"href":"https:\/\/www.ccaniene.com\/en\/wp-json\/wp\/v2\/posts"}],"about":[{"href":"https:\/\/www.ccaniene.com\/en\/wp-json\/wp\/v2\/types\/post"}],"author":[{"embeddable":true,"href":"https:\/\/www.ccaniene.com\/en\/wp-json\/wp\/v2\/users\/23521"}],"replies":[{"embeddable":true,"href":"https:\/\/www.ccaniene.com\/en\/wp-json\/wp\/v2\/comments?post=13140"}],"version-history":[{"count":1,"href":"https:\/\/www.ccaniene.com\/en\/wp-json\/wp\/v2\/posts\/13140\/revisions"}],"predecessor-version":[{"id":13143,"href":"https:\/\/www.ccaniene.com\/en\/wp-json\/wp\/v2\/posts\/13140\/revisions\/13143"}],"wp:featuredmedia":[{"embeddable":true,"href":"https:\/\/www.ccaniene.com\/en\/wp-json\/wp\/v2\/media\/13142"}],"wp:attachment":[{"href":"https:\/\/www.ccaniene.com\/en\/wp-json\/wp\/v2\/media?parent=13140"}],"wp:term":[{"taxonomy":"category","embeddable":true,"href":"https:\/\/www.ccaniene.com\/en\/wp-json\/wp\/v2\/categories?post=13140"},{"taxonomy":"post_tag","embeddable":true,"href":"https:\/\/www.ccaniene.com\/en\/wp-json\/wp\/v2\/tags?post=13140"}],"curies":[{"name":"wp","href":"https:\/\/api.w.org\/{rel}","templated":true}]}}