{"id":13060,"date":"2017-05-20T08:00:24","date_gmt":"2017-05-20T06:00:24","guid":{"rendered":"https:\/\/www.ccaniene.com\/?p=13060\/"},"modified":"2017-05-25T17:17:05","modified_gmt":"2017-05-25T15:17:05","slug":"memorial-bottai-al-via-la-ventesima-edizione","status":"publish","type":"post","link":"https:\/\/www.ccaniene.com\/en\/memorial-bottai-al-via-la-ventesima-edizione\/","title":{"rendered":"Memorial Bottai, al via la ventesima edizione"},"content":{"rendered":"<p>L&#8217;attesa \u00e8 quasi finita. Da luned\u00ec 22 maggio a mercoled\u00ec 21 giugno si svolger\u00e0 la ventesima edizione dello storico torneo \u201cMemorial Paolo Bottai\u201d. Presso il Circolo Canottieri Aniene si \u00e8 tenuta la conferenza stampa di presentazione. Molti i volti noti e sportivi intervenuti <span class=\"text_exposed_show\">alla cerimonia, presenziata dal presidente onorario Giovanni Malag\u00f2 e dal presidente Massimo Fabbricini. Tra gli altri anche i figli di Paolo Bottai, Pier Giorgio e Paola, il direttore marketing di Uliveto Patrizio Gonzaga, l&#8217;ad di Herbalife Cristiano Napoli, oltre a Dino Zoff, Daniele Prad\u00e8, Massimo Piscedda e tanti amici dell&#8217;Associazione dei Circoli Storici.<\/span><\/p>\n<p>Archiviato il trionfo di Celani nell&#8217;ultima edizione del Torneo Sociale, rivelatosi un vero successo sia in termini di partecipazione che per il valore tecnico della competizione, i calciofili giallocelesti si preparano a ritrovarsi di nuovo uniti nelle nostre rappresentative. Perch\u00e8, come ogni anno, l&#8217;avanzare della primavera annuncia l&#8217;avvicinarsi della grande stagione del calcetto dei circoli.<\/p>\n<p>E&#8217; ormai consolidata tradizione che il Memorial Paolo Bottai, torneo di casa Aniene per eccellenza, accenda tra i circoli storici una contesa destinata a spegnersi solo ad estate inoltrata, dopo la fine della Coppa Canottieri. Una sfida perpetua fatta di passione agonistica, qualche rivalit\u00e0 e tanto senso di appartenenza. Un momento da sempre piacevole per la vita del circolo, tra l&#8217;estate alle porte, i tramonti tardivi, le passeggiate lungo il fiume, l&#8217;affluenza di sportivi, spettatori ed amici.<\/p>\n<p>Se nessuna delle precedenti diciannove edizioni ha mai deluso le aspettative, la ventesima aspira ad essere veramente speciale. Forte di una straordinaria partnership siglata con l&#8217;Acqua Uliveto, un&#8217;azienda da sempre vicina allo sport che ha piacere di festeggiare i suoi 150 anni insieme ai 125 del nostro amato circolo, quest&#8217;anno il torneo avr\u00e0 una veste rinnovata: dalle\u00a0forme di comunicazione, con la diffusione di un giornalino vecchio stile e il rafforzamento della presenza digitale, alla nuova categoria Under 21, volta ad incrementare la partecipazione dei giovani avvicinandoli al mondo dei circoli.<\/p>\n<p>Al torneo di calcetto, inoltre, ne verr\u00e0 affiancato uno di paddle, disciplina che ha ormai contagiato migliaia di appassionati dei circoli di Roma, unitamente ad altri eventi ludici come gli aperitivi al gazebo e una grande festa di fine torneo ed inizio estate.\u00a0Una cornice d&#8217;eccezione per un Memorial Bottai ancora pi\u00f9 bello e avvincente. Nella speranza, anche quest&#8217;anno, di poter arricchire la bacheca.<\/p>\n<p>Per essere sempre aggiornati \u00e8 possibile consultare il <a href=\"http:\/\/www.memorialbottai.it\/\">SITO DEL TORNEO<\/a>.<\/p>\n<p style=\"text-align: center;\"><strong>IL CALENDARIO<\/strong><\/p>\n<p><a href=\"http:\/\/www.ccaniene.com\/wp-content\/uploads\/2017\/05\/calendario.jpg\"><img fetchpriority=\"high\" decoding=\"async\" class=\"alignnone wp-image-13063\" src=\"http:\/\/www.ccaniene.com\/wp-content\/uploads\/2017\/05\/calendario-728x980.jpg\" alt=\"\" width=\"891\" height=\"1200\" \/><\/a><\/p>\n<p style=\"text-align: center;\">Questo, invece, il calendario del torneo di paddle<\/p>\n<p style=\"text-align: center;\"><a href=\"http:\/\/www.ccaniene.com\/wp-content\/uploads\/2017\/05\/Paddle.jpg\"><img decoding=\"async\" class=\"alignnone wp-image-13072\" src=\"http:\/\/www.ccaniene.com\/wp-content\/uploads\/2017\/05\/Paddle-980x949.jpg\" alt=\"\" width=\"891\" height=\"863\" \/><\/a><\/p>\n<p style=\"text-align: center;\"><strong>CONCORSO A PREMI<\/strong><\/p>\n<p>Al Memorial \u00e8 collegato anche un concorso a premi: di seguito la scheda per partecipare, il regolamento completo \u00e8 disponibile in segreteria.<\/p>\n<p><a href=\"http:\/\/www.ccaniene.com\/wp-content\/uploads\/2017\/05\/scheda_concorso.jpg\"><img decoding=\"async\" class=\"wp-image-13062 size-full aligncenter\" src=\"http:\/\/www.ccaniene.com\/wp-content\/uploads\/2017\/05\/scheda_concorso.jpg\" alt=\"\" width=\"810\" height=\"977\" srcset=\"https:\/\/www.ccaniene.com\/wp-content\/uploads\/2017\/05\/scheda_concorso.jpg 810w, https:\/\/www.ccaniene.com\/wp-content\/uploads\/2017\/05\/scheda_concorso-600x724.jpg 600w, https:\/\/www.ccaniene.com\/wp-content\/uploads\/2017\/05\/scheda_concorso-663x800.jpg 663w, https:\/\/www.ccaniene.com\/wp-content\/uploads\/2017\/05\/scheda_concorso-768x926.jpg 768w\" sizes=\"(max-width: 810px) 100vw, 810px\" \/><\/a><\/p>","protected":false},"excerpt":{"rendered":"<p>L&#8217;attesa \u00e8 quasi finita. Da luned\u00ec 22 maggio a mercoled\u00ec 21 giugno si svolger\u00e0 la ventesima edizione dello storico torneo \u201cMemorial Paolo Bottai\u201d. Presso il Circolo Canottieri Aniene si \u00e8 tenuta la conferenza stampa di presentazione. Molti i volti noti e sportivi intervenuti alla cerimonia, presenziata dal presidente onorario Giovanni Malag\u00f2 e dal presidente Massimo [&hellip;]<\/p>","protected":false},"author":23521,"featured_media":13070,"comment_status":"open","ping_status":"closed","sticky":false,"template":"","format":"standard","meta":{"pmpro_default_level":0,"footnotes":"","_links_to":"","_links_to_target":""},"categories":[39,1],"tags":[],"class_list":["post-13060","post","type-post","status-publish","format-standard","has-post-thumbnail","hentry","category-calcetto","category-news","pmpro-has-access"],"featured_image_urls":{"woocommerce_thumbnail":"https:\/\/www.ccaniene.com\/wp-content\/uploads\/2017\/05\/bottai-300x300.jpg","woocommerce_gallery_thumbnail":"https:\/\/www.ccaniene.com\/wp-content\/uploads\/2017\/05\/bottai-100x100.jpg","woocommerce_single":"https:\/\/www.ccaniene.com\/wp-content\/uploads\/2017\/05\/bottai-600x237.jpg","medium":"https:\/\/www.ccaniene.com\/wp-content\/uploads\/2017\/05\/bottai-800x316.jpg","large":"https:\/\/www.ccaniene.com\/wp-content\/uploads\/2017\/05\/bottai-1920x758.jpg","thumbnail":"https:\/\/www.ccaniene.com\/wp-content\/uploads\/2017\/05\/bottai-400x400.jpg","medium_large":"https:\/\/www.ccaniene.com\/wp-content\/uploads\/2017\/05\/bottai-768x303.jpg","1536x1536":"https:\/\/www.ccaniene.com\/wp-content\/uploads\/2017\/05\/bottai-1536x606.jpg","slider":"https:\/\/www.ccaniene.com\/wp-content\/uploads\/2017\/05\/bottai-1920x788.jpg"},"appp_media":null,"yoast_head":"<!-- This site is optimized with the Yoast SEO plugin v23.6 - https:\/\/yoast.com\/wordpress\/plugins\/seo\/ -->\n<title>Memorial Bottai, al via la ventesima edizione - Circolo Canottieri Aniene<\/title>\n<meta name=\"robots\" content=\"index, follow, max-snippet:-1, max-image-preview:large, max-video-preview:-1\" \/>\n<link rel=\"canonical\" href=\"https:\/\/www.ccaniene.com\/en\/memorial-bottai-al-via-la-ventesima-edizione\/\" \/>\n<meta property=\"og:locale\" content=\"en_GB\" \/>\n<meta property=\"og:type\" content=\"article\" \/>\n<meta property=\"og:title\" content=\"Memorial Bottai, al via la ventesima edizione - Circolo Canottieri Aniene\" \/>\n<meta property=\"og:description\" content=\"L&#8217;attesa \u00e8 quasi finita. Da luned\u00ec 22 maggio a mercoled\u00ec 21 giugno si svolger\u00e0 la ventesima edizione dello storico torneo \u201cMemorial Paolo Bottai\u201d. Presso il Circolo Canottieri Aniene si \u00e8 tenuta la conferenza stampa di presentazione. Molti i volti noti e sportivi intervenuti alla cerimonia, presenziata dal presidente onorario Giovanni Malag\u00f2 e dal presidente Massimo [&hellip;]\" \/>\n<meta property=\"og:url\" content=\"https:\/\/www.ccaniene.com\/en\/memorial-bottai-al-via-la-ventesima-edizione\/\" \/>\n<meta property=\"og:site_name\" content=\"Circolo Canottieri Aniene\" \/>\n<meta property=\"article:published_time\" content=\"2017-05-20T06:00:24+00:00\" \/>\n<meta property=\"article:modified_time\" content=\"2017-05-25T15:17:05+00:00\" \/>\n<meta property=\"og:image\" content=\"https:\/\/www.ccaniene.com\/wp-content\/uploads\/2017\/05\/bottai.jpg\" \/>\n\t<meta property=\"og:image:width\" content=\"1996\" \/>\n\t<meta property=\"og:image:height\" content=\"788\" \/>\n\t<meta property=\"og:image:type\" content=\"image\/jpeg\" \/>\n<meta name=\"author\" content=\"carlo.san@tin.it\" \/>\n<meta name=\"twitter:card\" content=\"summary_large_image\" \/>\n<meta name=\"twitter:label1\" content=\"Written by\" \/>\n\t<meta name=\"twitter:data1\" content=\"carlo.san@tin.it\" \/>\n\t<meta name=\"twitter:label2\" content=\"Estimated reading time\" \/>\n\t<meta name=\"twitter:data2\" content=\"2 minutes\" \/>\n<script type=\"application\/ld+json\" class=\"yoast-schema-graph\">{\"@context\":\"https:\/\/schema.org\",\"@graph\":[{\"@type\":\"WebPage\",\"@id\":\"https:\/\/www.ccaniene.com\/en\/memorial-bottai-al-via-la-ventesima-edizione\/\",\"url\":\"https:\/\/www.ccaniene.com\/en\/memorial-bottai-al-via-la-ventesima-edizione\/\",\"name\":\"Memorial Bottai, al via la ventesima edizione - Circolo Canottieri Aniene\",\"isPartOf\":{\"@id\":\"https:\/\/www.ccaniene.com\/it_it\/#website\"},\"primaryImageOfPage\":{\"@id\":\"https:\/\/www.ccaniene.com\/en\/memorial-bottai-al-via-la-ventesima-edizione\/#primaryimage\"},\"image\":{\"@id\":\"https:\/\/www.ccaniene.com\/en\/memorial-bottai-al-via-la-ventesima-edizione\/#primaryimage\"},\"thumbnailUrl\":\"https:\/\/www.ccaniene.com\/wp-content\/uploads\/2017\/05\/bottai.jpg\",\"datePublished\":\"2017-05-20T06:00:24+00:00\",\"dateModified\":\"2017-05-25T15:17:05+00:00\",\"author\":{\"@id\":\"https:\/\/www.ccaniene.com\/it_it\/#\/schema\/person\/6042bd0ba360674279dffd4247d570ed\"},\"breadcrumb\":{\"@id\":\"https:\/\/www.ccaniene.com\/en\/memorial-bottai-al-via-la-ventesima-edizione\/#breadcrumb\"},\"inLanguage\":\"en-GB\",\"potentialAction\":[{\"@type\":\"ReadAction\",\"target\":[\"https:\/\/www.ccaniene.com\/en\/memorial-bottai-al-via-la-ventesima-edizione\/\"]}]},{\"@type\":\"ImageObject\",\"inLanguage\":\"en-GB\",\"@id\":\"https:\/\/www.ccaniene.com\/en\/memorial-bottai-al-via-la-ventesima-edizione\/#primaryimage\",\"url\":\"https:\/\/www.ccaniene.com\/wp-content\/uploads\/2017\/05\/bottai.jpg\",\"contentUrl\":\"https:\/\/www.ccaniene.com\/wp-content\/uploads\/2017\/05\/bottai.jpg\",\"width\":1996,\"height\":788},{\"@type\":\"BreadcrumbList\",\"@id\":\"https:\/\/www.ccaniene.com\/en\/memorial-bottai-al-via-la-ventesima-edizione\/#breadcrumb\",\"itemListElement\":[{\"@type\":\"ListItem\",\"position\":1,\"name\":\"Home\",\"item\":\"https:\/\/www.ccaniene.com\/it_it\/\"},{\"@type\":\"ListItem\",\"position\":2,\"name\":\"Memorial Bottai, al via la ventesima edizione\"}]},{\"@type\":\"WebSite\",\"@id\":\"https:\/\/www.ccaniene.com\/it_it\/#website\",\"url\":\"https:\/\/www.ccaniene.com\/it_it\/\",\"name\":\"Circolo Canottieri Aniene\",\"description\":\"Collare d&#039;Oro e Stella d&#039;Oro al Merito Sportivo\",\"potentialAction\":[{\"@type\":\"SearchAction\",\"target\":{\"@type\":\"EntryPoint\",\"urlTemplate\":\"https:\/\/www.ccaniene.com\/it_it\/?s={search_term_string}\"},\"query-input\":{\"@type\":\"PropertyValueSpecification\",\"valueRequired\":true,\"valueName\":\"search_term_string\"}}],\"inLanguage\":\"en-GB\"},{\"@type\":\"Person\",\"@id\":\"https:\/\/www.ccaniene.com\/it_it\/#\/schema\/person\/6042bd0ba360674279dffd4247d570ed\",\"name\":\"carlo.san@tin.it\",\"image\":{\"@type\":\"ImageObject\",\"inLanguage\":\"en-GB\",\"@id\":\"https:\/\/www.ccaniene.com\/it_it\/#\/schema\/person\/image\/\",\"url\":\"https:\/\/secure.gravatar.com\/avatar\/f993a459d0ffe4d666e4c917fef20ca9?s=96&d=mm&r=g\",\"contentUrl\":\"https:\/\/secure.gravatar.com\/avatar\/f993a459d0ffe4d666e4c917fef20ca9?s=96&d=mm&r=g\",\"caption\":\"carlo.san@tin.it\"},\"url\":\"https:\/\/www.ccaniene.com\/en\/author\/carlo-santi-2\/\"}]}<\/script>\n<!-- \/ Yoast SEO plugin. -->","yoast_head_json":{"title":"Memorial Bottai, al via la ventesima edizione - Circolo Canottieri Aniene","robots":{"index":"index","follow":"follow","max-snippet":"max-snippet:-1","max-image-preview":"max-image-preview:large","max-video-preview":"max-video-preview:-1"},"canonical":"https:\/\/www.ccaniene.com\/en\/memorial-bottai-al-via-la-ventesima-edizione\/","og_locale":"en_GB","og_type":"article","og_title":"Memorial Bottai, al via la ventesima edizione - Circolo Canottieri Aniene","og_description":"L&#8217;attesa \u00e8 quasi finita. Da luned\u00ec 22 maggio a mercoled\u00ec 21 giugno si svolger\u00e0 la ventesima edizione dello storico torneo \u201cMemorial Paolo Bottai\u201d. Presso il Circolo Canottieri Aniene si \u00e8 tenuta la conferenza stampa di presentazione. Molti i volti noti e sportivi intervenuti alla cerimonia, presenziata dal presidente onorario Giovanni Malag\u00f2 e dal presidente Massimo [&hellip;]","og_url":"https:\/\/www.ccaniene.com\/en\/memorial-bottai-al-via-la-ventesima-edizione\/","og_site_name":"Circolo Canottieri Aniene","article_published_time":"2017-05-20T06:00:24+00:00","article_modified_time":"2017-05-25T15:17:05+00:00","og_image":[{"width":1996,"height":788,"url":"https:\/\/www.ccaniene.com\/wp-content\/uploads\/2017\/05\/bottai.jpg","type":"image\/jpeg"}],"author":"carlo.san@tin.it","twitter_card":"summary_large_image","twitter_misc":{"Written by":"carlo.san@tin.it","Estimated reading time":"2 minutes"},"schema":{"@context":"https:\/\/schema.org","@graph":[{"@type":"WebPage","@id":"https:\/\/www.ccaniene.com\/en\/memorial-bottai-al-via-la-ventesima-edizione\/","url":"https:\/\/www.ccaniene.com\/en\/memorial-bottai-al-via-la-ventesima-edizione\/","name":"Memorial Bottai, al via la ventesima edizione - Circolo Canottieri Aniene","isPartOf":{"@id":"https:\/\/www.ccaniene.com\/it_it\/#website"},"primaryImageOfPage":{"@id":"https:\/\/www.ccaniene.com\/en\/memorial-bottai-al-via-la-ventesima-edizione\/#primaryimage"},"image":{"@id":"https:\/\/www.ccaniene.com\/en\/memorial-bottai-al-via-la-ventesima-edizione\/#primaryimage"},"thumbnailUrl":"https:\/\/www.ccaniene.com\/wp-content\/uploads\/2017\/05\/bottai.jpg","datePublished":"2017-05-20T06:00:24+00:00","dateModified":"2017-05-25T15:17:05+00:00","author":{"@id":"https:\/\/www.ccaniene.com\/it_it\/#\/schema\/person\/6042bd0ba360674279dffd4247d570ed"},"breadcrumb":{"@id":"https:\/\/www.ccaniene.com\/en\/memorial-bottai-al-via-la-ventesima-edizione\/#breadcrumb"},"inLanguage":"en-GB","potentialAction":[{"@type":"ReadAction","target":["https:\/\/www.ccaniene.com\/en\/memorial-bottai-al-via-la-ventesima-edizione\/"]}]},{"@type":"ImageObject","inLanguage":"en-GB","@id":"https:\/\/www.ccaniene.com\/en\/memorial-bottai-al-via-la-ventesima-edizione\/#primaryimage","url":"https:\/\/www.ccaniene.com\/wp-content\/uploads\/2017\/05\/bottai.jpg","contentUrl":"https:\/\/www.ccaniene.com\/wp-content\/uploads\/2017\/05\/bottai.jpg","width":1996,"height":788},{"@type":"BreadcrumbList","@id":"https:\/\/www.ccaniene.com\/en\/memorial-bottai-al-via-la-ventesima-edizione\/#breadcrumb","itemListElement":[{"@type":"ListItem","position":1,"name":"Home","item":"https:\/\/www.ccaniene.com\/it_it\/"},{"@type":"ListItem","position":2,"name":"Memorial Bottai, al via la ventesima edizione"}]},{"@type":"WebSite","@id":"https:\/\/www.ccaniene.com\/it_it\/#website","url":"https:\/\/www.ccaniene.com\/it_it\/","name":"Circolo Canottieri Aniene","description":"Collare d&#039;Oro e Stella d&#039;Oro al Merito Sportivo","potentialAction":[{"@type":"SearchAction","target":{"@type":"EntryPoint","urlTemplate":"https:\/\/www.ccaniene.com\/it_it\/?s={search_term_string}"},"query-input":{"@type":"PropertyValueSpecification","valueRequired":true,"valueName":"search_term_string"}}],"inLanguage":"en-GB"},{"@type":"Person","@id":"https:\/\/www.ccaniene.com\/it_it\/#\/schema\/person\/6042bd0ba360674279dffd4247d570ed","name":"carlo.san@tin.it","image":{"@type":"ImageObject","inLanguage":"en-GB","@id":"https:\/\/www.ccaniene.com\/it_it\/#\/schema\/person\/image\/","url":"https:\/\/secure.gravatar.com\/avatar\/f993a459d0ffe4d666e4c917fef20ca9?s=96&d=mm&r=g","contentUrl":"https:\/\/secure.gravatar.com\/avatar\/f993a459d0ffe4d666e4c917fef20ca9?s=96&d=mm&r=g","caption":"carlo.san@tin.it"},"url":"https:\/\/www.ccaniene.com\/en\/author\/carlo-santi-2\/"}]}},"_links":{"self":[{"href":"https:\/\/www.ccaniene.com\/en\/wp-json\/wp\/v2\/posts\/13060"}],"collection":[{"href":"https:\/\/www.ccaniene.com\/en\/wp-json\/wp\/v2\/posts"}],"about":[{"href":"https:\/\/www.ccaniene.com\/en\/wp-json\/wp\/v2\/types\/post"}],"author":[{"embeddable":true,"href":"https:\/\/www.ccaniene.com\/en\/wp-json\/wp\/v2\/users\/23521"}],"replies":[{"embeddable":true,"href":"https:\/\/www.ccaniene.com\/en\/wp-json\/wp\/v2\/comments?post=13060"}],"version-history":[{"count":11,"href":"https:\/\/www.ccaniene.com\/en\/wp-json\/wp\/v2\/posts\/13060\/revisions"}],"predecessor-version":[{"id":13090,"href":"https:\/\/www.ccaniene.com\/en\/wp-json\/wp\/v2\/posts\/13060\/revisions\/13090"}],"wp:featuredmedia":[{"embeddable":true,"href":"https:\/\/www.ccaniene.com\/en\/wp-json\/wp\/v2\/media\/13070"}],"wp:attachment":[{"href":"https:\/\/www.ccaniene.com\/en\/wp-json\/wp\/v2\/media?parent=13060"}],"wp:term":[{"taxonomy":"category","embeddable":true,"href":"https:\/\/www.ccaniene.com\/en\/wp-json\/wp\/v2\/categories?post=13060"},{"taxonomy":"post_tag","embeddable":true,"href":"https:\/\/www.ccaniene.com\/en\/wp-json\/wp\/v2\/tags?post=13060"}],"curies":[{"name":"wp","href":"https:\/\/api.w.org\/{rel}","templated":true}]}}