{"id":12876,"date":"2017-04-27T01:26:04","date_gmt":"2017-04-26T23:26:04","guid":{"rendered":"https:\/\/www.ccaniene.com\/?p=12876\/"},"modified":"2017-04-27T01:26:04","modified_gmt":"2017-04-26T23:26:04","slug":"esordio-vincente-matteo-berrettini-bolelli","status":"publish","type":"post","link":"https:\/\/www.ccaniene.com\/en\/esordio-vincente-matteo-berrettini-bolelli\/","title":{"rendered":"Esordio vincente per Matteo Berrettini, fuori Bolelli"},"content":{"rendered":"<p>Esordio vincente per Matteo Berrettini al Challenger di Francavilla al Mare, dove l&#8217;atleta del Circolo Canottieri Aniene ha ripagato la fiducia della Fit, che gli aveva concesso una wild card per il tabellone principale del torneo. Berrettini ha superato in rimonta il brasiliano Claezar, con il punteggio di 6-7, 6-1, 6-3. Dopo aver perso il primo set al tie break, l&#8217;azzurro si \u00e8 riscattato nei due set successivi, anche grazie all&#8217;aiuto del pubblico di casa. Il prossimo ostacolo sar\u00e0 il francese Costant Lestienne, numero 187 del ranking Atp, nonch\u00e9 testa di serie numero 7 del tabellone.<br \/>\nCade invece Simone Bolelli, sconfitto al primo turno da Matteo Donati al termine di un match tiratissimo: il nostro atleta, dopo aver sprecato un match point nel tie-break del secondo set, si \u00e8 arreso per 4-6, 7-6, 7-5.<\/p>","protected":false},"excerpt":{"rendered":"<p>Esordio vincente per Matteo Berrettini al Challenger di Francavilla al Mare, dove l&#8217;atleta del Circolo Canottieri Aniene ha ripagato la fiducia della Fit, che gli aveva concesso una wild card per il tabellone principale del torneo. Berrettini ha superato in rimonta il brasiliano Claezar, con il punteggio di 6-7, 6-1, 6-3. Dopo aver perso il [&hellip;]<\/p>","protected":false},"author":23521,"featured_media":12523,"comment_status":"open","ping_status":"closed","sticky":false,"template":"","format":"standard","meta":{"pmpro_default_level":0,"footnotes":"","_links_to":"","_links_to_target":""},"categories":[1,10],"tags":[],"class_list":["post-12876","post","type-post","status-publish","format-standard","has-post-thumbnail","hentry","category-news","category-tennis","pmpro-has-access"],"featured_image_urls":{"woocommerce_thumbnail":"https:\/\/www.ccaniene.com\/wp-content\/uploads\/2017\/03\/berrettini-300x300.jpeg","woocommerce_gallery_thumbnail":"https:\/\/www.ccaniene.com\/wp-content\/uploads\/2017\/03\/berrettini-100x100.jpeg","woocommerce_single":"https:\/\/www.ccaniene.com\/wp-content\/uploads\/2017\/03\/berrettini-600x406.jpeg","medium":"https:\/\/www.ccaniene.com\/wp-content\/uploads\/2017\/03\/berrettini-800x542.jpeg","thumbnail":"https:\/\/www.ccaniene.com\/wp-content\/uploads\/2017\/03\/berrettini-400x400.jpeg","medium_large":"https:\/\/www.ccaniene.com\/wp-content\/uploads\/2017\/03\/berrettini-768x520.jpeg"},"appp_media":null,"yoast_head":"<!-- This site is optimized with the Yoast SEO plugin v23.6 - https:\/\/yoast.com\/wordpress\/plugins\/seo\/ -->\n<title>Esordio vincente per Matteo Berrettini, fuori Bolelli - Circolo Canottieri Aniene<\/title>\n<meta name=\"robots\" content=\"index, follow, max-snippet:-1, max-image-preview:large, max-video-preview:-1\" \/>\n<link rel=\"canonical\" href=\"https:\/\/www.ccaniene.com\/en\/esordio-vincente-matteo-berrettini-bolelli\/\" \/>\n<meta property=\"og:locale\" content=\"en_GB\" \/>\n<meta property=\"og:type\" content=\"article\" \/>\n<meta property=\"og:title\" content=\"Esordio vincente per Matteo Berrettini, fuori Bolelli - Circolo Canottieri Aniene\" \/>\n<meta property=\"og:description\" content=\"Esordio vincente per Matteo Berrettini al Challenger di Francavilla al Mare, dove l&#8217;atleta del Circolo Canottieri Aniene ha ripagato la fiducia della Fit, che gli aveva concesso una wild card per il tabellone principale del torneo. Berrettini ha superato in rimonta il brasiliano Claezar, con il punteggio di 6-7, 6-1, 6-3. Dopo aver perso il [&hellip;]\" \/>\n<meta property=\"og:url\" content=\"https:\/\/www.ccaniene.com\/en\/esordio-vincente-matteo-berrettini-bolelli\/\" \/>\n<meta property=\"og:site_name\" content=\"Circolo Canottieri Aniene\" \/>\n<meta property=\"article:published_time\" content=\"2017-04-26T23:26:04+00:00\" \/>\n<meta property=\"og:image\" content=\"https:\/\/www.ccaniene.com\/wp-content\/uploads\/2017\/03\/berrettini.jpeg\" \/>\n\t<meta property=\"og:image:width\" content=\"1000\" \/>\n\t<meta property=\"og:image:height\" content=\"677\" \/>\n\t<meta property=\"og:image:type\" content=\"image\/jpeg\" \/>\n<meta name=\"author\" content=\"carlo.san@tin.it\" \/>\n<meta name=\"twitter:card\" content=\"summary_large_image\" \/>\n<meta name=\"twitter:label1\" content=\"Written by\" \/>\n\t<meta name=\"twitter:data1\" content=\"carlo.san@tin.it\" \/>\n\t<meta name=\"twitter:label2\" content=\"Estimated reading time\" \/>\n\t<meta name=\"twitter:data2\" content=\"1 minute\" \/>\n<script type=\"application\/ld+json\" class=\"yoast-schema-graph\">{\"@context\":\"https:\/\/schema.org\",\"@graph\":[{\"@type\":\"WebPage\",\"@id\":\"https:\/\/www.ccaniene.com\/en\/esordio-vincente-matteo-berrettini-bolelli\/\",\"url\":\"https:\/\/www.ccaniene.com\/en\/esordio-vincente-matteo-berrettini-bolelli\/\",\"name\":\"Esordio vincente per Matteo Berrettini, fuori Bolelli - Circolo Canottieri Aniene\",\"isPartOf\":{\"@id\":\"https:\/\/www.ccaniene.com\/it_it\/#website\"},\"primaryImageOfPage\":{\"@id\":\"https:\/\/www.ccaniene.com\/en\/esordio-vincente-matteo-berrettini-bolelli\/#primaryimage\"},\"image\":{\"@id\":\"https:\/\/www.ccaniene.com\/en\/esordio-vincente-matteo-berrettini-bolelli\/#primaryimage\"},\"thumbnailUrl\":\"https:\/\/www.ccaniene.com\/wp-content\/uploads\/2017\/03\/berrettini.jpeg\",\"datePublished\":\"2017-04-26T23:26:04+00:00\",\"dateModified\":\"2017-04-26T23:26:04+00:00\",\"author\":{\"@id\":\"https:\/\/www.ccaniene.com\/it_it\/#\/schema\/person\/6042bd0ba360674279dffd4247d570ed\"},\"breadcrumb\":{\"@id\":\"https:\/\/www.ccaniene.com\/en\/esordio-vincente-matteo-berrettini-bolelli\/#breadcrumb\"},\"inLanguage\":\"en-GB\",\"potentialAction\":[{\"@type\":\"ReadAction\",\"target\":[\"https:\/\/www.ccaniene.com\/en\/esordio-vincente-matteo-berrettini-bolelli\/\"]}]},{\"@type\":\"ImageObject\",\"inLanguage\":\"en-GB\",\"@id\":\"https:\/\/www.ccaniene.com\/en\/esordio-vincente-matteo-berrettini-bolelli\/#primaryimage\",\"url\":\"https:\/\/www.ccaniene.com\/wp-content\/uploads\/2017\/03\/berrettini.jpeg\",\"contentUrl\":\"https:\/\/www.ccaniene.com\/wp-content\/uploads\/2017\/03\/berrettini.jpeg\",\"width\":1000,\"height\":677},{\"@type\":\"BreadcrumbList\",\"@id\":\"https:\/\/www.ccaniene.com\/en\/esordio-vincente-matteo-berrettini-bolelli\/#breadcrumb\",\"itemListElement\":[{\"@type\":\"ListItem\",\"position\":1,\"name\":\"Home\",\"item\":\"https:\/\/www.ccaniene.com\/it_it\/\"},{\"@type\":\"ListItem\",\"position\":2,\"name\":\"Esordio vincente per Matteo Berrettini, fuori Bolelli\"}]},{\"@type\":\"WebSite\",\"@id\":\"https:\/\/www.ccaniene.com\/it_it\/#website\",\"url\":\"https:\/\/www.ccaniene.com\/it_it\/\",\"name\":\"Circolo Canottieri Aniene\",\"description\":\"Collare d&#039;Oro e Stella d&#039;Oro al Merito Sportivo\",\"potentialAction\":[{\"@type\":\"SearchAction\",\"target\":{\"@type\":\"EntryPoint\",\"urlTemplate\":\"https:\/\/www.ccaniene.com\/it_it\/?s={search_term_string}\"},\"query-input\":{\"@type\":\"PropertyValueSpecification\",\"valueRequired\":true,\"valueName\":\"search_term_string\"}}],\"inLanguage\":\"en-GB\"},{\"@type\":\"Person\",\"@id\":\"https:\/\/www.ccaniene.com\/it_it\/#\/schema\/person\/6042bd0ba360674279dffd4247d570ed\",\"name\":\"carlo.san@tin.it\",\"image\":{\"@type\":\"ImageObject\",\"inLanguage\":\"en-GB\",\"@id\":\"https:\/\/www.ccaniene.com\/it_it\/#\/schema\/person\/image\/\",\"url\":\"https:\/\/secure.gravatar.com\/avatar\/f993a459d0ffe4d666e4c917fef20ca9?s=96&d=mm&r=g\",\"contentUrl\":\"https:\/\/secure.gravatar.com\/avatar\/f993a459d0ffe4d666e4c917fef20ca9?s=96&d=mm&r=g\",\"caption\":\"carlo.san@tin.it\"},\"url\":\"https:\/\/www.ccaniene.com\/en\/author\/carlo-santi-2\/\"}]}<\/script>\n<!-- \/ Yoast SEO plugin. -->","yoast_head_json":{"title":"Esordio vincente per Matteo Berrettini, fuori Bolelli - Circolo Canottieri Aniene","robots":{"index":"index","follow":"follow","max-snippet":"max-snippet:-1","max-image-preview":"max-image-preview:large","max-video-preview":"max-video-preview:-1"},"canonical":"https:\/\/www.ccaniene.com\/en\/esordio-vincente-matteo-berrettini-bolelli\/","og_locale":"en_GB","og_type":"article","og_title":"Esordio vincente per Matteo Berrettini, fuori Bolelli - Circolo Canottieri Aniene","og_description":"Esordio vincente per Matteo Berrettini al Challenger di Francavilla al Mare, dove l&#8217;atleta del Circolo Canottieri Aniene ha ripagato la fiducia della Fit, che gli aveva concesso una wild card per il tabellone principale del torneo. Berrettini ha superato in rimonta il brasiliano Claezar, con il punteggio di 6-7, 6-1, 6-3. Dopo aver perso il [&hellip;]","og_url":"https:\/\/www.ccaniene.com\/en\/esordio-vincente-matteo-berrettini-bolelli\/","og_site_name":"Circolo Canottieri Aniene","article_published_time":"2017-04-26T23:26:04+00:00","og_image":[{"width":1000,"height":677,"url":"https:\/\/www.ccaniene.com\/wp-content\/uploads\/2017\/03\/berrettini.jpeg","type":"image\/jpeg"}],"author":"carlo.san@tin.it","twitter_card":"summary_large_image","twitter_misc":{"Written by":"carlo.san@tin.it","Estimated reading time":"1 minute"},"schema":{"@context":"https:\/\/schema.org","@graph":[{"@type":"WebPage","@id":"https:\/\/www.ccaniene.com\/en\/esordio-vincente-matteo-berrettini-bolelli\/","url":"https:\/\/www.ccaniene.com\/en\/esordio-vincente-matteo-berrettini-bolelli\/","name":"Esordio vincente per Matteo Berrettini, fuori Bolelli - Circolo Canottieri Aniene","isPartOf":{"@id":"https:\/\/www.ccaniene.com\/it_it\/#website"},"primaryImageOfPage":{"@id":"https:\/\/www.ccaniene.com\/en\/esordio-vincente-matteo-berrettini-bolelli\/#primaryimage"},"image":{"@id":"https:\/\/www.ccaniene.com\/en\/esordio-vincente-matteo-berrettini-bolelli\/#primaryimage"},"thumbnailUrl":"https:\/\/www.ccaniene.com\/wp-content\/uploads\/2017\/03\/berrettini.jpeg","datePublished":"2017-04-26T23:26:04+00:00","dateModified":"2017-04-26T23:26:04+00:00","author":{"@id":"https:\/\/www.ccaniene.com\/it_it\/#\/schema\/person\/6042bd0ba360674279dffd4247d570ed"},"breadcrumb":{"@id":"https:\/\/www.ccaniene.com\/en\/esordio-vincente-matteo-berrettini-bolelli\/#breadcrumb"},"inLanguage":"en-GB","potentialAction":[{"@type":"ReadAction","target":["https:\/\/www.ccaniene.com\/en\/esordio-vincente-matteo-berrettini-bolelli\/"]}]},{"@type":"ImageObject","inLanguage":"en-GB","@id":"https:\/\/www.ccaniene.com\/en\/esordio-vincente-matteo-berrettini-bolelli\/#primaryimage","url":"https:\/\/www.ccaniene.com\/wp-content\/uploads\/2017\/03\/berrettini.jpeg","contentUrl":"https:\/\/www.ccaniene.com\/wp-content\/uploads\/2017\/03\/berrettini.jpeg","width":1000,"height":677},{"@type":"BreadcrumbList","@id":"https:\/\/www.ccaniene.com\/en\/esordio-vincente-matteo-berrettini-bolelli\/#breadcrumb","itemListElement":[{"@type":"ListItem","position":1,"name":"Home","item":"https:\/\/www.ccaniene.com\/it_it\/"},{"@type":"ListItem","position":2,"name":"Esordio vincente per Matteo Berrettini, fuori Bolelli"}]},{"@type":"WebSite","@id":"https:\/\/www.ccaniene.com\/it_it\/#website","url":"https:\/\/www.ccaniene.com\/it_it\/","name":"Circolo Canottieri Aniene","description":"Collare d&#039;Oro e Stella d&#039;Oro al Merito Sportivo","potentialAction":[{"@type":"SearchAction","target":{"@type":"EntryPoint","urlTemplate":"https:\/\/www.ccaniene.com\/it_it\/?s={search_term_string}"},"query-input":{"@type":"PropertyValueSpecification","valueRequired":true,"valueName":"search_term_string"}}],"inLanguage":"en-GB"},{"@type":"Person","@id":"https:\/\/www.ccaniene.com\/it_it\/#\/schema\/person\/6042bd0ba360674279dffd4247d570ed","name":"carlo.san@tin.it","image":{"@type":"ImageObject","inLanguage":"en-GB","@id":"https:\/\/www.ccaniene.com\/it_it\/#\/schema\/person\/image\/","url":"https:\/\/secure.gravatar.com\/avatar\/f993a459d0ffe4d666e4c917fef20ca9?s=96&d=mm&r=g","contentUrl":"https:\/\/secure.gravatar.com\/avatar\/f993a459d0ffe4d666e4c917fef20ca9?s=96&d=mm&r=g","caption":"carlo.san@tin.it"},"url":"https:\/\/www.ccaniene.com\/en\/author\/carlo-santi-2\/"}]}},"_links":{"self":[{"href":"https:\/\/www.ccaniene.com\/en\/wp-json\/wp\/v2\/posts\/12876"}],"collection":[{"href":"https:\/\/www.ccaniene.com\/en\/wp-json\/wp\/v2\/posts"}],"about":[{"href":"https:\/\/www.ccaniene.com\/en\/wp-json\/wp\/v2\/types\/post"}],"author":[{"embeddable":true,"href":"https:\/\/www.ccaniene.com\/en\/wp-json\/wp\/v2\/users\/23521"}],"replies":[{"embeddable":true,"href":"https:\/\/www.ccaniene.com\/en\/wp-json\/wp\/v2\/comments?post=12876"}],"version-history":[{"count":1,"href":"https:\/\/www.ccaniene.com\/en\/wp-json\/wp\/v2\/posts\/12876\/revisions"}],"predecessor-version":[{"id":12877,"href":"https:\/\/www.ccaniene.com\/en\/wp-json\/wp\/v2\/posts\/12876\/revisions\/12877"}],"wp:featuredmedia":[{"embeddable":true,"href":"https:\/\/www.ccaniene.com\/en\/wp-json\/wp\/v2\/media\/12523"}],"wp:attachment":[{"href":"https:\/\/www.ccaniene.com\/en\/wp-json\/wp\/v2\/media?parent=12876"}],"wp:term":[{"taxonomy":"category","embeddable":true,"href":"https:\/\/www.ccaniene.com\/en\/wp-json\/wp\/v2\/categories?post=12876"},{"taxonomy":"post_tag","embeddable":true,"href":"https:\/\/www.ccaniene.com\/en\/wp-json\/wp\/v2\/tags?post=12876"}],"curies":[{"name":"wp","href":"https:\/\/api.w.org\/{rel}","templated":true}]}}