{"id":12807,"date":"2017-04-12T13:14:24","date_gmt":"2017-04-12T11:14:24","guid":{"rendered":"https:\/\/www.ccaniene.com\/?p=12807\/"},"modified":"2017-04-13T21:15:30","modified_gmt":"2017-04-13T19:15:30","slug":"quinzi-brilla-marrakech-berrettini-testa-alta-barletta","status":"publish","type":"post","link":"https:\/\/www.ccaniene.com\/en\/quinzi-brilla-marrakech-berrettini-testa-alta-barletta\/","title":{"rendered":"Quinzi brilla a Marrakech, Berrettini fuori a testa alta a Barletta"},"content":{"rendered":"<p>Prima volta in un tabellone del Circuito maggiore ATP per Gianluigi Quinzi nel Gran Prix Hassan II in corso di svolgimento sui campi in terra rossa di Marrakech in Marocco.<br \/>\nIl nostro giocatore si \u00e8 guadagnato l\u2019accesso al main draw superando brillantemente le qualificazioni, riuscendo anche a superare al primo turno del tabellone principale il francesce Paul-Henri Mathieu con il punteggio di 7-6 6-3.<\/p>\n<p>Sorteggio sfortunato ma comunque una grande prova di carattere e orgoglio per Matteo Berrettini al primo turno del tabellone principale del torneo ATP Challenger, che si sta disputando sui campi in terra battuta del Circolo Tennis Barletta.<br \/>\nBerrettini, accreditato di una wild card concessa dalla Fit, ha affrontato al debutto il portoghese Elias Gastao, n. 90 del ranking mondiale e prima testa di serie del seeding, disputando un ottimo incontro. Il nostro atleta ha messo in grande difficolt\u00e0 l\u2019avversario, specialista dei campi rossi e favorito per la vittoria finale, che \u00e8 riuscito a portare a casa il match dopo una lotta di quasi tre ore (4-6 6-3 6-4).<\/p>\n<p>Dopo aver superato agevolmente le qualificazioni del 42\u00b0 Trofeo Citt\u00e0 di Firenze, torneo del circuito mondiale ITF Junior, Alice Amendola, recente finalista in Qatar, affronter\u00e0 al primo turno del tabellone principale la slovacca Kristina Novak. A supportare Alice \u00e8 presente il maestro Stefano Cobolli, dello staff tecnico dell\u2019Aniene, artefice dei grandi recenti miglioramente della nostra giovane atleta.<\/p>\n<p>Ancora una volta superate le qualificazioni, un vero e proprio scoglio per ogni giocatore, per Jacopo Berrettini all\u2019ITF di Sharm El Sheikh in corso sui campi in cemento della localit\u00e0 egiziana. Al primo turno del tabellone principale Berrettini se la vedr\u00e0 con il ceco Jaroslav Pospisil quarto favorito del seeding<\/p>","protected":false},"excerpt":{"rendered":"<p>Prima volta in un tabellone del Circuito maggiore ATP per Gianluigi Quinzi nel Gran Prix Hassan II in corso di svolgimento sui campi in terra rossa di Marrakech in Marocco. Il nostro giocatore si \u00e8 guadagnato l\u2019accesso al main draw superando brillantemente le qualificazioni, riuscendo anche a superare al primo turno del tabellone principale il [&hellip;]<\/p>","protected":false},"author":23521,"featured_media":12808,"comment_status":"open","ping_status":"closed","sticky":false,"template":"","format":"standard","meta":{"pmpro_default_level":0,"footnotes":"","_links_to":"","_links_to_target":""},"categories":[1,10],"tags":[],"class_list":["post-12807","post","type-post","status-publish","format-standard","has-post-thumbnail","hentry","category-news","category-tennis","pmpro-has-access"],"featured_image_urls":{"woocommerce_thumbnail":"https:\/\/www.ccaniene.com\/wp-content\/uploads\/2017\/04\/ajaxmail-4-300x300.jpg","woocommerce_gallery_thumbnail":"https:\/\/www.ccaniene.com\/wp-content\/uploads\/2017\/04\/ajaxmail-4-100x100.jpg","woocommerce_single":"https:\/\/www.ccaniene.com\/wp-content\/uploads\/2017\/04\/ajaxmail-4-600x389.jpg","medium":"https:\/\/www.ccaniene.com\/wp-content\/uploads\/2017\/04\/ajaxmail-4-800x519.jpg","thumbnail":"https:\/\/www.ccaniene.com\/wp-content\/uploads\/2017\/04\/ajaxmail-4-400x400.jpg","medium_large":"https:\/\/www.ccaniene.com\/wp-content\/uploads\/2017\/04\/ajaxmail-4-768x498.jpg"},"appp_media":null,"yoast_head":"<!-- This site is optimized with the Yoast SEO plugin v23.6 - https:\/\/yoast.com\/wordpress\/plugins\/seo\/ -->\n<title>Quinzi brilla a Marrakech, Berrettini fuori a testa alta a Barletta - Circolo Canottieri Aniene<\/title>\n<meta name=\"robots\" content=\"index, follow, max-snippet:-1, max-image-preview:large, max-video-preview:-1\" \/>\n<link rel=\"canonical\" href=\"https:\/\/www.ccaniene.com\/en\/quinzi-brilla-marrakech-berrettini-testa-alta-barletta\/\" \/>\n<meta property=\"og:locale\" content=\"en_GB\" \/>\n<meta property=\"og:type\" content=\"article\" \/>\n<meta property=\"og:title\" content=\"Quinzi brilla a Marrakech, Berrettini fuori a testa alta a Barletta - Circolo Canottieri Aniene\" \/>\n<meta property=\"og:description\" content=\"Prima volta in un tabellone del Circuito maggiore ATP per Gianluigi Quinzi nel Gran Prix Hassan II in corso di svolgimento sui campi in terra rossa di Marrakech in Marocco. Il nostro giocatore si \u00e8 guadagnato l\u2019accesso al main draw superando brillantemente le qualificazioni, riuscendo anche a superare al primo turno del tabellone principale il [&hellip;]\" \/>\n<meta property=\"og:url\" content=\"https:\/\/www.ccaniene.com\/en\/quinzi-brilla-marrakech-berrettini-testa-alta-barletta\/\" \/>\n<meta property=\"og:site_name\" content=\"Circolo Canottieri Aniene\" \/>\n<meta property=\"article:published_time\" content=\"2017-04-12T11:14:24+00:00\" \/>\n<meta property=\"article:modified_time\" content=\"2017-04-13T19:15:30+00:00\" \/>\n<meta property=\"og:image\" content=\"https:\/\/www.ccaniene.com\/wp-content\/uploads\/2017\/04\/ajaxmail-4.jpg\" \/>\n\t<meta property=\"og:image:width\" content=\"827\" \/>\n\t<meta property=\"og:image:height\" content=\"536\" \/>\n\t<meta property=\"og:image:type\" content=\"image\/jpeg\" \/>\n<meta name=\"author\" content=\"carlo.san@tin.it\" \/>\n<meta name=\"twitter:card\" content=\"summary_large_image\" \/>\n<meta name=\"twitter:label1\" content=\"Written by\" \/>\n\t<meta name=\"twitter:data1\" content=\"carlo.san@tin.it\" \/>\n\t<meta name=\"twitter:label2\" content=\"Estimated reading time\" \/>\n\t<meta name=\"twitter:data2\" content=\"1 minute\" \/>\n<script type=\"application\/ld+json\" class=\"yoast-schema-graph\">{\"@context\":\"https:\/\/schema.org\",\"@graph\":[{\"@type\":\"WebPage\",\"@id\":\"https:\/\/www.ccaniene.com\/it_it\/quinzi-brilla-marrakech-berrettini-testa-alta-barletta\/\",\"url\":\"https:\/\/www.ccaniene.com\/it_it\/quinzi-brilla-marrakech-berrettini-testa-alta-barletta\/\",\"name\":\"Quinzi brilla a Marrakech, Berrettini fuori a testa alta a Barletta - Circolo Canottieri Aniene\",\"isPartOf\":{\"@id\":\"https:\/\/www.ccaniene.com\/it_it\/#website\"},\"primaryImageOfPage\":{\"@id\":\"https:\/\/www.ccaniene.com\/it_it\/quinzi-brilla-marrakech-berrettini-testa-alta-barletta\/#primaryimage\"},\"image\":{\"@id\":\"https:\/\/www.ccaniene.com\/it_it\/quinzi-brilla-marrakech-berrettini-testa-alta-barletta\/#primaryimage\"},\"thumbnailUrl\":\"https:\/\/www.ccaniene.com\/wp-content\/uploads\/2017\/04\/ajaxmail-4.jpg\",\"datePublished\":\"2017-04-12T11:14:24+00:00\",\"dateModified\":\"2017-04-13T19:15:30+00:00\",\"author\":{\"@id\":\"https:\/\/www.ccaniene.com\/it_it\/#\/schema\/person\/6042bd0ba360674279dffd4247d570ed\"},\"breadcrumb\":{\"@id\":\"https:\/\/www.ccaniene.com\/it_it\/quinzi-brilla-marrakech-berrettini-testa-alta-barletta\/#breadcrumb\"},\"inLanguage\":\"en-GB\",\"potentialAction\":[{\"@type\":\"ReadAction\",\"target\":[\"https:\/\/www.ccaniene.com\/it_it\/quinzi-brilla-marrakech-berrettini-testa-alta-barletta\/\"]}]},{\"@type\":\"ImageObject\",\"inLanguage\":\"en-GB\",\"@id\":\"https:\/\/www.ccaniene.com\/it_it\/quinzi-brilla-marrakech-berrettini-testa-alta-barletta\/#primaryimage\",\"url\":\"https:\/\/www.ccaniene.com\/wp-content\/uploads\/2017\/04\/ajaxmail-4.jpg\",\"contentUrl\":\"https:\/\/www.ccaniene.com\/wp-content\/uploads\/2017\/04\/ajaxmail-4.jpg\",\"width\":827,\"height\":536,\"caption\":\"Magher\"},{\"@type\":\"BreadcrumbList\",\"@id\":\"https:\/\/www.ccaniene.com\/it_it\/quinzi-brilla-marrakech-berrettini-testa-alta-barletta\/#breadcrumb\",\"itemListElement\":[{\"@type\":\"ListItem\",\"position\":1,\"name\":\"Home\",\"item\":\"https:\/\/www.ccaniene.com\/it_it\/\"},{\"@type\":\"ListItem\",\"position\":2,\"name\":\"Quinzi brilla a Marrakech, Berrettini fuori a testa alta a Barletta\"}]},{\"@type\":\"WebSite\",\"@id\":\"https:\/\/www.ccaniene.com\/it_it\/#website\",\"url\":\"https:\/\/www.ccaniene.com\/it_it\/\",\"name\":\"Circolo Canottieri Aniene\",\"description\":\"Collare d&#039;Oro e Stella d&#039;Oro al Merito Sportivo\",\"potentialAction\":[{\"@type\":\"SearchAction\",\"target\":{\"@type\":\"EntryPoint\",\"urlTemplate\":\"https:\/\/www.ccaniene.com\/it_it\/?s={search_term_string}\"},\"query-input\":{\"@type\":\"PropertyValueSpecification\",\"valueRequired\":true,\"valueName\":\"search_term_string\"}}],\"inLanguage\":\"en-GB\"},{\"@type\":\"Person\",\"@id\":\"https:\/\/www.ccaniene.com\/it_it\/#\/schema\/person\/6042bd0ba360674279dffd4247d570ed\",\"name\":\"carlo.san@tin.it\",\"image\":{\"@type\":\"ImageObject\",\"inLanguage\":\"en-GB\",\"@id\":\"https:\/\/www.ccaniene.com\/it_it\/#\/schema\/person\/image\/\",\"url\":\"https:\/\/secure.gravatar.com\/avatar\/f993a459d0ffe4d666e4c917fef20ca9?s=96&d=mm&r=g\",\"contentUrl\":\"https:\/\/secure.gravatar.com\/avatar\/f993a459d0ffe4d666e4c917fef20ca9?s=96&d=mm&r=g\",\"caption\":\"carlo.san@tin.it\"},\"url\":\"https:\/\/www.ccaniene.com\/en\/author\/carlo-santi-2\/\"}]}<\/script>\n<!-- \/ Yoast SEO plugin. -->","yoast_head_json":{"title":"Quinzi brilla a Marrakech, Berrettini fuori a testa alta a Barletta - Circolo Canottieri Aniene","robots":{"index":"index","follow":"follow","max-snippet":"max-snippet:-1","max-image-preview":"max-image-preview:large","max-video-preview":"max-video-preview:-1"},"canonical":"https:\/\/www.ccaniene.com\/en\/quinzi-brilla-marrakech-berrettini-testa-alta-barletta\/","og_locale":"en_GB","og_type":"article","og_title":"Quinzi brilla a Marrakech, Berrettini fuori a testa alta a Barletta - Circolo Canottieri Aniene","og_description":"Prima volta in un tabellone del Circuito maggiore ATP per Gianluigi Quinzi nel Gran Prix Hassan II in corso di svolgimento sui campi in terra rossa di Marrakech in Marocco. Il nostro giocatore si \u00e8 guadagnato l\u2019accesso al main draw superando brillantemente le qualificazioni, riuscendo anche a superare al primo turno del tabellone principale il [&hellip;]","og_url":"https:\/\/www.ccaniene.com\/en\/quinzi-brilla-marrakech-berrettini-testa-alta-barletta\/","og_site_name":"Circolo Canottieri Aniene","article_published_time":"2017-04-12T11:14:24+00:00","article_modified_time":"2017-04-13T19:15:30+00:00","og_image":[{"width":827,"height":536,"url":"https:\/\/www.ccaniene.com\/wp-content\/uploads\/2017\/04\/ajaxmail-4.jpg","type":"image\/jpeg"}],"author":"carlo.san@tin.it","twitter_card":"summary_large_image","twitter_misc":{"Written by":"carlo.san@tin.it","Estimated reading time":"1 minute"},"schema":{"@context":"https:\/\/schema.org","@graph":[{"@type":"WebPage","@id":"https:\/\/www.ccaniene.com\/it_it\/quinzi-brilla-marrakech-berrettini-testa-alta-barletta\/","url":"https:\/\/www.ccaniene.com\/it_it\/quinzi-brilla-marrakech-berrettini-testa-alta-barletta\/","name":"Quinzi brilla a Marrakech, Berrettini fuori a testa alta a Barletta - Circolo Canottieri Aniene","isPartOf":{"@id":"https:\/\/www.ccaniene.com\/it_it\/#website"},"primaryImageOfPage":{"@id":"https:\/\/www.ccaniene.com\/it_it\/quinzi-brilla-marrakech-berrettini-testa-alta-barletta\/#primaryimage"},"image":{"@id":"https:\/\/www.ccaniene.com\/it_it\/quinzi-brilla-marrakech-berrettini-testa-alta-barletta\/#primaryimage"},"thumbnailUrl":"https:\/\/www.ccaniene.com\/wp-content\/uploads\/2017\/04\/ajaxmail-4.jpg","datePublished":"2017-04-12T11:14:24+00:00","dateModified":"2017-04-13T19:15:30+00:00","author":{"@id":"https:\/\/www.ccaniene.com\/it_it\/#\/schema\/person\/6042bd0ba360674279dffd4247d570ed"},"breadcrumb":{"@id":"https:\/\/www.ccaniene.com\/it_it\/quinzi-brilla-marrakech-berrettini-testa-alta-barletta\/#breadcrumb"},"inLanguage":"en-GB","potentialAction":[{"@type":"ReadAction","target":["https:\/\/www.ccaniene.com\/it_it\/quinzi-brilla-marrakech-berrettini-testa-alta-barletta\/"]}]},{"@type":"ImageObject","inLanguage":"en-GB","@id":"https:\/\/www.ccaniene.com\/it_it\/quinzi-brilla-marrakech-berrettini-testa-alta-barletta\/#primaryimage","url":"https:\/\/www.ccaniene.com\/wp-content\/uploads\/2017\/04\/ajaxmail-4.jpg","contentUrl":"https:\/\/www.ccaniene.com\/wp-content\/uploads\/2017\/04\/ajaxmail-4.jpg","width":827,"height":536,"caption":"Magher"},{"@type":"BreadcrumbList","@id":"https:\/\/www.ccaniene.com\/it_it\/quinzi-brilla-marrakech-berrettini-testa-alta-barletta\/#breadcrumb","itemListElement":[{"@type":"ListItem","position":1,"name":"Home","item":"https:\/\/www.ccaniene.com\/it_it\/"},{"@type":"ListItem","position":2,"name":"Quinzi brilla a Marrakech, Berrettini fuori a testa alta a Barletta"}]},{"@type":"WebSite","@id":"https:\/\/www.ccaniene.com\/it_it\/#website","url":"https:\/\/www.ccaniene.com\/it_it\/","name":"Circolo Canottieri Aniene","description":"Collare d&#039;Oro e Stella d&#039;Oro al Merito Sportivo","potentialAction":[{"@type":"SearchAction","target":{"@type":"EntryPoint","urlTemplate":"https:\/\/www.ccaniene.com\/it_it\/?s={search_term_string}"},"query-input":{"@type":"PropertyValueSpecification","valueRequired":true,"valueName":"search_term_string"}}],"inLanguage":"en-GB"},{"@type":"Person","@id":"https:\/\/www.ccaniene.com\/it_it\/#\/schema\/person\/6042bd0ba360674279dffd4247d570ed","name":"carlo.san@tin.it","image":{"@type":"ImageObject","inLanguage":"en-GB","@id":"https:\/\/www.ccaniene.com\/it_it\/#\/schema\/person\/image\/","url":"https:\/\/secure.gravatar.com\/avatar\/f993a459d0ffe4d666e4c917fef20ca9?s=96&d=mm&r=g","contentUrl":"https:\/\/secure.gravatar.com\/avatar\/f993a459d0ffe4d666e4c917fef20ca9?s=96&d=mm&r=g","caption":"carlo.san@tin.it"},"url":"https:\/\/www.ccaniene.com\/en\/author\/carlo-santi-2\/"}]}},"_links":{"self":[{"href":"https:\/\/www.ccaniene.com\/en\/wp-json\/wp\/v2\/posts\/12807"}],"collection":[{"href":"https:\/\/www.ccaniene.com\/en\/wp-json\/wp\/v2\/posts"}],"about":[{"href":"https:\/\/www.ccaniene.com\/en\/wp-json\/wp\/v2\/types\/post"}],"author":[{"embeddable":true,"href":"https:\/\/www.ccaniene.com\/en\/wp-json\/wp\/v2\/users\/23521"}],"replies":[{"embeddable":true,"href":"https:\/\/www.ccaniene.com\/en\/wp-json\/wp\/v2\/comments?post=12807"}],"version-history":[{"count":1,"href":"https:\/\/www.ccaniene.com\/en\/wp-json\/wp\/v2\/posts\/12807\/revisions"}],"predecessor-version":[{"id":12809,"href":"https:\/\/www.ccaniene.com\/en\/wp-json\/wp\/v2\/posts\/12807\/revisions\/12809"}],"wp:featuredmedia":[{"embeddable":true,"href":"https:\/\/www.ccaniene.com\/en\/wp-json\/wp\/v2\/media\/12808"}],"wp:attachment":[{"href":"https:\/\/www.ccaniene.com\/en\/wp-json\/wp\/v2\/media?parent=12807"}],"wp:term":[{"taxonomy":"category","embeddable":true,"href":"https:\/\/www.ccaniene.com\/en\/wp-json\/wp\/v2\/categories?post=12807"},{"taxonomy":"post_tag","embeddable":true,"href":"https:\/\/www.ccaniene.com\/en\/wp-json\/wp\/v2\/tags?post=12807"}],"curies":[{"name":"wp","href":"https:\/\/api.w.org\/{rel}","templated":true}]}}