{"id":12775,"date":"2017-04-10T14:33:30","date_gmt":"2017-04-10T12:33:30","guid":{"rendered":"https:\/\/www.ccaniene.com\/?p=12775\/"},"modified":"2017-04-10T14:44:19","modified_gmt":"2017-04-10T12:44:19","slug":"doppietta-luca-berrettini-alla-bdf-academy-salaria-sport","status":"publish","type":"post","link":"https:\/\/www.ccaniene.com\/en\/doppietta-luca-berrettini-alla-bdf-academy-salaria-sport\/","title":{"rendered":"Doppietta di Luca Berrettini al Citt\u00e0 di Roma"},"content":{"rendered":"<p>Per una volta non sono Matteo e Jacopo i protagonisti della settimana tennistica targata Aniene, ma \u00e8 pap\u00e0 Luca Berrettini a salire agli onori della cronaca con una sorprendente doppietta al Torneo del Circuito Citt\u00e0 di Roma, che si \u00e8 concluso sabato 8 aprile sui campi in terra rossa della BDF Academy Salaria Sport.<\/p>\n<p>Berrettini senior, partito dalle qualificazioni, si \u00e8 imposto sia nel tabellone Over 55 Open che in quello riservato alla quarta categoria, rifilando agli avversari punteggi pesantissimi: 6-3, 6-2 a Mauro Reali nella finale Open e addirittura un sensazionale\u00a0cappotto (6-0, 6-0) a Stefano Massa nell\u2019atto conclusivo del torneo limitato.<\/p>\n<p>Forte di questi risultati, frutto di una condizione fisica eccellente e di un tennis votato all\u2019attacco, Luca sar\u00e0 l\u2019uomo da battere nei prossimi appuntamenti del mondo over.<\/p>","protected":false},"excerpt":{"rendered":"<p>Per una volta non sono Matteo e Jacopo i protagonisti della settimana tennistica targata Aniene, ma \u00e8 pap\u00e0 Luca Berrettini a salire agli onori della cronaca con una sorprendente doppietta al Torneo del Circuito Citt\u00e0 di Roma, che si \u00e8 concluso sabato 8 aprile sui campi in terra rossa della BDF Academy Salaria Sport. Berrettini [&hellip;]<\/p>","protected":false},"author":23521,"featured_media":12776,"comment_status":"open","ping_status":"closed","sticky":false,"template":"","format":"standard","meta":{"pmpro_default_level":0,"footnotes":"","_links_to":"","_links_to_target":""},"categories":[1,10],"tags":[],"class_list":["post-12775","post","type-post","status-publish","format-standard","has-post-thumbnail","hentry","category-news","category-tennis","pmpro-has-access"],"featured_image_urls":{"woocommerce_thumbnail":"https:\/\/www.ccaniene.com\/wp-content\/uploads\/2017\/04\/ajaxmail-300x300.jpeg","woocommerce_gallery_thumbnail":"https:\/\/www.ccaniene.com\/wp-content\/uploads\/2017\/04\/ajaxmail-100x100.jpeg","thumbnail":"https:\/\/www.ccaniene.com\/wp-content\/uploads\/2017\/04\/ajaxmail-400x300.jpeg"},"appp_media":null,"yoast_head":"<!-- This site is optimized with the Yoast SEO plugin v23.6 - https:\/\/yoast.com\/wordpress\/plugins\/seo\/ -->\n<title>Doppietta di Luca Berrettini al Citt\u00e0 di Roma - Circolo Canottieri Aniene<\/title>\n<meta name=\"robots\" content=\"index, follow, max-snippet:-1, max-image-preview:large, max-video-preview:-1\" \/>\n<link rel=\"canonical\" href=\"https:\/\/www.ccaniene.com\/en\/doppietta-luca-berrettini-alla-bdf-academy-salaria-sport\/\" \/>\n<meta property=\"og:locale\" content=\"en_GB\" \/>\n<meta property=\"og:type\" content=\"article\" \/>\n<meta property=\"og:title\" content=\"Doppietta di Luca Berrettini al Citt\u00e0 di Roma - Circolo Canottieri Aniene\" \/>\n<meta property=\"og:description\" content=\"Per una volta non sono Matteo e Jacopo i protagonisti della settimana tennistica targata Aniene, ma \u00e8 pap\u00e0 Luca Berrettini a salire agli onori della cronaca con una sorprendente doppietta al Torneo del Circuito Citt\u00e0 di Roma, che si \u00e8 concluso sabato 8 aprile sui campi in terra rossa della BDF Academy Salaria Sport. Berrettini [&hellip;]\" \/>\n<meta property=\"og:url\" content=\"https:\/\/www.ccaniene.com\/en\/doppietta-luca-berrettini-alla-bdf-academy-salaria-sport\/\" \/>\n<meta property=\"og:site_name\" content=\"Circolo Canottieri Aniene\" \/>\n<meta property=\"article:published_time\" content=\"2017-04-10T12:33:30+00:00\" \/>\n<meta property=\"article:modified_time\" content=\"2017-04-10T12:44:19+00:00\" \/>\n<meta property=\"og:image\" content=\"https:\/\/www.ccaniene.com\/wp-content\/uploads\/2017\/04\/ajaxmail.jpeg\" \/>\n\t<meta property=\"og:image:width\" content=\"450\" \/>\n\t<meta property=\"og:image:height\" content=\"300\" \/>\n\t<meta property=\"og:image:type\" content=\"image\/jpeg\" \/>\n<meta name=\"author\" content=\"carlo.san@tin.it\" \/>\n<meta name=\"twitter:card\" content=\"summary_large_image\" \/>\n<meta name=\"twitter:label1\" content=\"Written by\" \/>\n\t<meta name=\"twitter:data1\" content=\"carlo.san@tin.it\" \/>\n\t<meta name=\"twitter:label2\" content=\"Estimated reading time\" \/>\n\t<meta name=\"twitter:data2\" content=\"1 minute\" \/>\n<script type=\"application\/ld+json\" class=\"yoast-schema-graph\">{\"@context\":\"https:\/\/schema.org\",\"@graph\":[{\"@type\":\"WebPage\",\"@id\":\"https:\/\/www.ccaniene.com\/it_it\/doppietta-luca-berrettini-alla-bdf-academy-salaria-sport\/\",\"url\":\"https:\/\/www.ccaniene.com\/it_it\/doppietta-luca-berrettini-alla-bdf-academy-salaria-sport\/\",\"name\":\"Doppietta di Luca Berrettini al Citt\u00e0 di Roma - Circolo Canottieri Aniene\",\"isPartOf\":{\"@id\":\"https:\/\/www.ccaniene.com\/it_it\/#website\"},\"primaryImageOfPage\":{\"@id\":\"https:\/\/www.ccaniene.com\/it_it\/doppietta-luca-berrettini-alla-bdf-academy-salaria-sport\/#primaryimage\"},\"image\":{\"@id\":\"https:\/\/www.ccaniene.com\/it_it\/doppietta-luca-berrettini-alla-bdf-academy-salaria-sport\/#primaryimage\"},\"thumbnailUrl\":\"https:\/\/www.ccaniene.com\/wp-content\/uploads\/2017\/04\/ajaxmail.jpeg\",\"datePublished\":\"2017-04-10T12:33:30+00:00\",\"dateModified\":\"2017-04-10T12:44:19+00:00\",\"author\":{\"@id\":\"https:\/\/www.ccaniene.com\/it_it\/#\/schema\/person\/6042bd0ba360674279dffd4247d570ed\"},\"breadcrumb\":{\"@id\":\"https:\/\/www.ccaniene.com\/it_it\/doppietta-luca-berrettini-alla-bdf-academy-salaria-sport\/#breadcrumb\"},\"inLanguage\":\"en-GB\",\"potentialAction\":[{\"@type\":\"ReadAction\",\"target\":[\"https:\/\/www.ccaniene.com\/it_it\/doppietta-luca-berrettini-alla-bdf-academy-salaria-sport\/\"]}]},{\"@type\":\"ImageObject\",\"inLanguage\":\"en-GB\",\"@id\":\"https:\/\/www.ccaniene.com\/it_it\/doppietta-luca-berrettini-alla-bdf-academy-salaria-sport\/#primaryimage\",\"url\":\"https:\/\/www.ccaniene.com\/wp-content\/uploads\/2017\/04\/ajaxmail.jpeg\",\"contentUrl\":\"https:\/\/www.ccaniene.com\/wp-content\/uploads\/2017\/04\/ajaxmail.jpeg\",\"width\":450,\"height\":300},{\"@type\":\"BreadcrumbList\",\"@id\":\"https:\/\/www.ccaniene.com\/it_it\/doppietta-luca-berrettini-alla-bdf-academy-salaria-sport\/#breadcrumb\",\"itemListElement\":[{\"@type\":\"ListItem\",\"position\":1,\"name\":\"Home\",\"item\":\"https:\/\/www.ccaniene.com\/it_it\/\"},{\"@type\":\"ListItem\",\"position\":2,\"name\":\"Doppietta di Luca Berrettini al Citt\u00e0 di Roma\"}]},{\"@type\":\"WebSite\",\"@id\":\"https:\/\/www.ccaniene.com\/it_it\/#website\",\"url\":\"https:\/\/www.ccaniene.com\/it_it\/\",\"name\":\"Circolo Canottieri Aniene\",\"description\":\"Collare d&#039;Oro e Stella d&#039;Oro al Merito Sportivo\",\"potentialAction\":[{\"@type\":\"SearchAction\",\"target\":{\"@type\":\"EntryPoint\",\"urlTemplate\":\"https:\/\/www.ccaniene.com\/it_it\/?s={search_term_string}\"},\"query-input\":{\"@type\":\"PropertyValueSpecification\",\"valueRequired\":true,\"valueName\":\"search_term_string\"}}],\"inLanguage\":\"en-GB\"},{\"@type\":\"Person\",\"@id\":\"https:\/\/www.ccaniene.com\/it_it\/#\/schema\/person\/6042bd0ba360674279dffd4247d570ed\",\"name\":\"carlo.san@tin.it\",\"image\":{\"@type\":\"ImageObject\",\"inLanguage\":\"en-GB\",\"@id\":\"https:\/\/www.ccaniene.com\/it_it\/#\/schema\/person\/image\/\",\"url\":\"https:\/\/secure.gravatar.com\/avatar\/f993a459d0ffe4d666e4c917fef20ca9?s=96&d=mm&r=g\",\"contentUrl\":\"https:\/\/secure.gravatar.com\/avatar\/f993a459d0ffe4d666e4c917fef20ca9?s=96&d=mm&r=g\",\"caption\":\"carlo.san@tin.it\"},\"url\":\"https:\/\/www.ccaniene.com\/en\/author\/carlo-santi-2\/\"}]}<\/script>\n<!-- \/ Yoast SEO plugin. -->","yoast_head_json":{"title":"Doppietta di Luca Berrettini al Citt\u00e0 di Roma - Circolo Canottieri Aniene","robots":{"index":"index","follow":"follow","max-snippet":"max-snippet:-1","max-image-preview":"max-image-preview:large","max-video-preview":"max-video-preview:-1"},"canonical":"https:\/\/www.ccaniene.com\/en\/doppietta-luca-berrettini-alla-bdf-academy-salaria-sport\/","og_locale":"en_GB","og_type":"article","og_title":"Doppietta di Luca Berrettini al Citt\u00e0 di Roma - Circolo Canottieri Aniene","og_description":"Per una volta non sono Matteo e Jacopo i protagonisti della settimana tennistica targata Aniene, ma \u00e8 pap\u00e0 Luca Berrettini a salire agli onori della cronaca con una sorprendente doppietta al Torneo del Circuito Citt\u00e0 di Roma, che si \u00e8 concluso sabato 8 aprile sui campi in terra rossa della BDF Academy Salaria Sport. Berrettini [&hellip;]","og_url":"https:\/\/www.ccaniene.com\/en\/doppietta-luca-berrettini-alla-bdf-academy-salaria-sport\/","og_site_name":"Circolo Canottieri Aniene","article_published_time":"2017-04-10T12:33:30+00:00","article_modified_time":"2017-04-10T12:44:19+00:00","og_image":[{"width":450,"height":300,"url":"https:\/\/www.ccaniene.com\/wp-content\/uploads\/2017\/04\/ajaxmail.jpeg","type":"image\/jpeg"}],"author":"carlo.san@tin.it","twitter_card":"summary_large_image","twitter_misc":{"Written by":"carlo.san@tin.it","Estimated reading time":"1 minute"},"schema":{"@context":"https:\/\/schema.org","@graph":[{"@type":"WebPage","@id":"https:\/\/www.ccaniene.com\/it_it\/doppietta-luca-berrettini-alla-bdf-academy-salaria-sport\/","url":"https:\/\/www.ccaniene.com\/it_it\/doppietta-luca-berrettini-alla-bdf-academy-salaria-sport\/","name":"Doppietta di Luca Berrettini al Citt\u00e0 di Roma - Circolo Canottieri Aniene","isPartOf":{"@id":"https:\/\/www.ccaniene.com\/it_it\/#website"},"primaryImageOfPage":{"@id":"https:\/\/www.ccaniene.com\/it_it\/doppietta-luca-berrettini-alla-bdf-academy-salaria-sport\/#primaryimage"},"image":{"@id":"https:\/\/www.ccaniene.com\/it_it\/doppietta-luca-berrettini-alla-bdf-academy-salaria-sport\/#primaryimage"},"thumbnailUrl":"https:\/\/www.ccaniene.com\/wp-content\/uploads\/2017\/04\/ajaxmail.jpeg","datePublished":"2017-04-10T12:33:30+00:00","dateModified":"2017-04-10T12:44:19+00:00","author":{"@id":"https:\/\/www.ccaniene.com\/it_it\/#\/schema\/person\/6042bd0ba360674279dffd4247d570ed"},"breadcrumb":{"@id":"https:\/\/www.ccaniene.com\/it_it\/doppietta-luca-berrettini-alla-bdf-academy-salaria-sport\/#breadcrumb"},"inLanguage":"en-GB","potentialAction":[{"@type":"ReadAction","target":["https:\/\/www.ccaniene.com\/it_it\/doppietta-luca-berrettini-alla-bdf-academy-salaria-sport\/"]}]},{"@type":"ImageObject","inLanguage":"en-GB","@id":"https:\/\/www.ccaniene.com\/it_it\/doppietta-luca-berrettini-alla-bdf-academy-salaria-sport\/#primaryimage","url":"https:\/\/www.ccaniene.com\/wp-content\/uploads\/2017\/04\/ajaxmail.jpeg","contentUrl":"https:\/\/www.ccaniene.com\/wp-content\/uploads\/2017\/04\/ajaxmail.jpeg","width":450,"height":300},{"@type":"BreadcrumbList","@id":"https:\/\/www.ccaniene.com\/it_it\/doppietta-luca-berrettini-alla-bdf-academy-salaria-sport\/#breadcrumb","itemListElement":[{"@type":"ListItem","position":1,"name":"Home","item":"https:\/\/www.ccaniene.com\/it_it\/"},{"@type":"ListItem","position":2,"name":"Doppietta di Luca Berrettini al Citt\u00e0 di Roma"}]},{"@type":"WebSite","@id":"https:\/\/www.ccaniene.com\/it_it\/#website","url":"https:\/\/www.ccaniene.com\/it_it\/","name":"Circolo Canottieri Aniene","description":"Collare d&#039;Oro e Stella d&#039;Oro al Merito Sportivo","potentialAction":[{"@type":"SearchAction","target":{"@type":"EntryPoint","urlTemplate":"https:\/\/www.ccaniene.com\/it_it\/?s={search_term_string}"},"query-input":{"@type":"PropertyValueSpecification","valueRequired":true,"valueName":"search_term_string"}}],"inLanguage":"en-GB"},{"@type":"Person","@id":"https:\/\/www.ccaniene.com\/it_it\/#\/schema\/person\/6042bd0ba360674279dffd4247d570ed","name":"carlo.san@tin.it","image":{"@type":"ImageObject","inLanguage":"en-GB","@id":"https:\/\/www.ccaniene.com\/it_it\/#\/schema\/person\/image\/","url":"https:\/\/secure.gravatar.com\/avatar\/f993a459d0ffe4d666e4c917fef20ca9?s=96&d=mm&r=g","contentUrl":"https:\/\/secure.gravatar.com\/avatar\/f993a459d0ffe4d666e4c917fef20ca9?s=96&d=mm&r=g","caption":"carlo.san@tin.it"},"url":"https:\/\/www.ccaniene.com\/en\/author\/carlo-santi-2\/"}]}},"_links":{"self":[{"href":"https:\/\/www.ccaniene.com\/en\/wp-json\/wp\/v2\/posts\/12775"}],"collection":[{"href":"https:\/\/www.ccaniene.com\/en\/wp-json\/wp\/v2\/posts"}],"about":[{"href":"https:\/\/www.ccaniene.com\/en\/wp-json\/wp\/v2\/types\/post"}],"author":[{"embeddable":true,"href":"https:\/\/www.ccaniene.com\/en\/wp-json\/wp\/v2\/users\/23521"}],"replies":[{"embeddable":true,"href":"https:\/\/www.ccaniene.com\/en\/wp-json\/wp\/v2\/comments?post=12775"}],"version-history":[{"count":2,"href":"https:\/\/www.ccaniene.com\/en\/wp-json\/wp\/v2\/posts\/12775\/revisions"}],"predecessor-version":[{"id":12778,"href":"https:\/\/www.ccaniene.com\/en\/wp-json\/wp\/v2\/posts\/12775\/revisions\/12778"}],"wp:featuredmedia":[{"embeddable":true,"href":"https:\/\/www.ccaniene.com\/en\/wp-json\/wp\/v2\/media\/12776"}],"wp:attachment":[{"href":"https:\/\/www.ccaniene.com\/en\/wp-json\/wp\/v2\/media?parent=12775"}],"wp:term":[{"taxonomy":"category","embeddable":true,"href":"https:\/\/www.ccaniene.com\/en\/wp-json\/wp\/v2\/categories?post=12775"},{"taxonomy":"post_tag","embeddable":true,"href":"https:\/\/www.ccaniene.com\/en\/wp-json\/wp\/v2\/tags?post=12775"}],"curies":[{"name":"wp","href":"https:\/\/api.w.org\/{rel}","templated":true}]}}