{"id":12709,"date":"2017-04-02T20:30:53","date_gmt":"2017-04-02T18:30:53","guid":{"rendered":"https:\/\/www.ccaniene.com\/?p=12709\/"},"modified":"2017-04-05T20:27:54","modified_gmt":"2017-04-05T18:27:54","slug":"la-finale-sospetti-fondati-2","status":"publish","type":"post","link":"https:\/\/www.ccaniene.com\/en\/la-finale-sospetti-fondati-2\/","title":{"rendered":"La finale: sospetti fondati"},"content":{"rendered":"<div>Ha vinto Celani sull&#8217;H.Filosa per due a zero. I gol di De Bac e Gilardoni, arrivati a secondo tempo ormai inoltrato, hanno suggellato una supremazia non netta, ma percepibile, che ha accompagnato i Celani per tutto il torneo.<\/div>\n<div>Chi ha visto la gara, per tutto l&#8217;incontro era l\u00ec che aspettava che, da un momento all&#8217;altro, i Celani potessero segnare. Ma ogni volta quella sorta di sintesi cromosomica tra Buffon e Donnarumma, che risponde al nome di Elio Tartaglia, prolungava quell&#8217;aspettativa di ulteriori minuti, spostando l&#8217;attesa sempre pi\u00f9 in l\u00e0.<\/div>\n<div>Alla fine, per\u00f2, tutto secondo le attese, a dare conferma dei sospetti, sul nome del vincitore finale, che si erano diffusi, da giorni, nell&#8217;ambiente calcettaro del Circolo.<\/div>\n<div>Ma se questa finale ha dei vincitori, facilmente individuabili in Gregorio Albini (un signor portiere), nel Marchese Di Bagno (conosce qualunque traiettoria del pallone, e le recita tutte ogni volta a memoria), nei ragazzini terribili Celani e Fabbri (il futuro del nostro Circolo), nei gemelli del gol De Bac e Gilardoni (lo dico ora, che siamo ad aprile: quest&#8217;anno rischiamo di arrivare in finale, nei tornei che contano, con due squadre dell&#8217;over 50), nell&#8217;invalicabile Lirosi (l&#8217;uomo che ha riscritto le misure del campo di calcetto) nello stratega Carlo Celani (la mossa di chiedere di poter inserire il proprio figlio &#8220;piccolo&#8221; in squadra non l&#8217;avrebbe pensata nemmeno Machiavelli) gli sconfitti non sono certo i Filosa, che hanno giocato una grandissima fase finale, ed hanno visto premiati, come migliori nei rispettivi ruoli, mister Maspes, il presidente Filosa, la mezza punta Vavalli (giocatore davvero fortissimo) e, va da s\u00e9, il monumentale Tartaglia.<\/div>\n<div>Gli sconfitti, difatti, sono altri.<\/div>\n<div>Non sono certo i ragazzi terribili di Paco Vaccaro, la nota davvero pi\u00f9 bella di questo torneo, che sono la prova vivente degli enormi meriti di Paco, che ogni giorno semina, con competenza e passione, per il futuro dell&#8217;Aniene.<\/div>\n<div>Non certo Roberto Mancini e Riccardo Rezza, saliti comunque sul podio per il premio del gol pi\u00f9 bello del torneo, che, alla fine del ballottaggio tra tre segnature (per tutte e tre, chi vi scrive, stante l&#8217;incomprensibile assenza, sulle reti nazionali, di riprese filmate, ha provato, nelle scorse settimane, a descriverne, uno ad uno, la straordinaria bellezza) \u00e8 risultato quello segnato dal tecnicissimo Gabriele Giuffrida. Non certo il Presidente Onorario, e mi alzo in piedi mentre scrivo queste parole, che non solo ha dedicato il suo tempo per assistere all&#8217;incontro, ma ha partecipato attivamente alla premiazione finale, rinnovando la sua fiducia ad un organizzatore come Raffaele Mirigliani Compagna, che gestisce, senza sbavature, una manifestazione che non si capisce come non vada in diretta su Sky. Non certo, ancora, Yuri Picciotti, la cui inarrivabile statura, sportiva ed umana ha trovato conferma durante lo svolgimento di questo torneo.<\/div>\n<div>Gli sconfitti, come dicevo, sono altri, e sono due in particolare.<\/div>\n<div>Ricorderete che, all&#8217;esito delle semifinali, avevo preannunciato il rischio che saremmo stati chiamati ad assistere ad una nuova puntata di In Treatment, dal titolo &#8220;Riccardo: mercoled\u00ec ore 17&#8221;.<\/div>\n<div>Fummo facili profeti nell&#8217;individuare il nome, sbagliando, per\u00f2, il cognome. Che \u00e8 quello di Barra.<\/div>\n<div>Ebbene s\u00ec. Riccardo Barra, l&#8217;uomo a cui, se la Storia avesse una logica, dovrebbe essere intitolato qui da noi, cos\u00ec come \u00e8 stato per Cristiano Ronaldo a Madeira, non dico l&#8217;aeroporto di Fiumicino, non dico quello di Ciampino, ma almeno quello dell&#8217;Urbe, fosse solo perch\u00e9 si affaccia su quel fiume sulle cui rive insistono i migliori campi di calcetto della capitale, nel quale il nostro sono quarant&#8217;anni che spiega ed insegna questo gioco.<\/div>\n<div>Ma quello che \u00e8 successo in quella semifinale, in cui ha visto, all&#8217;ultimo minuto, l&#8217;uomo che aveva un appuntamento con la storia sul secondo palo, segnare a difesa schierata, \u00e8 stata una mazzata psicologica che l&#8217;ha costretto a giorni difficili. Ma mai quanto oggi, quando l\u00ec, a bordo campo, mentre guardava quella finale che doveva essere la sua finale, ha visto entrare in campo, a pochi minuti dalla fine, addirittura \u00a0Carlo Longari, uomo i cui meriti professionali e finanche estetici, ma certo non sportivi, almeno con riferimento al calcetto, sono noti. Ecco, quel momento \u00e8 stato, per lui, diciamo cos\u00ec, devastante. In quel momento, difatti, c&#8217;\u00e8 chi l&#8217;ha visto alzarsi dalla tribuna ed allontanarsi dall&#8217;impianto. E c&#8217;\u00e8 chi dice di averlo visto con una lacrima scorrergli sul viso, pronunciando frasi del tipo &#8220;non \u00e8 questo il calcetto che conosco, non \u00e8 pi\u00f9 il mio calcetto&#8221;, facendo poi perdere le sue tracce lungo l&#8217;argine.<\/div>\n<div>Ora, al netto di insensati gesti, che speriamo siano stati sventati, siamo sicuri che, recuperata la riva, superer\u00e0 questo momento, difficile, non c&#8217;\u00e8 dubbio, e che gi\u00e0 luned\u00ec sera si caricher\u00e0 sulle spalle la nostra rappresentativa over 50 per condurla nell&#8217;ennesima finale dell&#8217;ennesimo torneo. E a lui, quindi, va tutta la nostra vicinanza, perch\u00e9 passare per questa settimana, per lui, vera leggenda del calcetto, \u00e8 stata certamente impresa non da poco.<\/div>\n<div>Ma il vero sconfitto, ancora prima di Barra, \u00e8 colui che veramente ha perso tutto quel poco che aveva costruito prima di questo torneo, e che \u00e8 facilmente individuabile in uno dei portieri della squadra Picciotti, di cui per\u00f2 mi sfugge il nome. Perch\u00e9 quel portiere pensava, e lo so per certo, di uscire, dopo ogni partita giocata, tra due ali di folla, ma festante, non insultante, come viceversa \u00e8 stato, a causa delle sue prestazioni prive di contenuto. E, soprattutto, perch\u00e9 ha avuto la capacit\u00e0, una volta chiamato a raccontare ci\u00f2 che era stato, di far arrabbiare questo e quello. E questa, tra le tante vittorie di questa meravigliosa edizione del nostro torneo, \u00e8 stata la sconfitta, almeno per lui, pi\u00f9 difficile da digerire.<\/div>\n<div>Arrivederci, quindi, alla prossima edizione. Gi\u00e0 sapendo che ne avremo sempre di belle da raccontare. Comunque vada.<\/div>","protected":false},"excerpt":{"rendered":"<p>Ha vinto Celani sull&#8217;H.Filosa per due a zero. I gol di De Bac e Gilardoni, arrivati a secondo tempo ormai inoltrato, hanno suggellato una supremazia non netta, ma percepibile, che ha accompagnato i Celani per tutto il torneo. Chi ha visto la gara, per tutto l&#8217;incontro era l\u00ec che aspettava che, da un momento all&#8217;altro, [&hellip;]<\/p>","protected":false},"author":23521,"featured_media":12182,"comment_status":"open","ping_status":"closed","sticky":false,"template":"","format":"standard","meta":{"pmpro_default_level":0,"footnotes":"","_links_to":"","_links_to_target":""},"categories":[122],"tags":[],"class_list":["post-12709","post","type-post","status-publish","format-standard","has-post-thumbnail","hentry","category-vecchio-scarpino","pmpro-has-access"],"featured_image_urls":{"woocommerce_thumbnail":"https:\/\/www.ccaniene.com\/wp-content\/uploads\/2017\/02\/SER_0248-300x300.jpg","woocommerce_gallery_thumbnail":"https:\/\/www.ccaniene.com\/wp-content\/uploads\/2017\/02\/SER_0248-100x100.jpg","woocommerce_single":"https:\/\/www.ccaniene.com\/wp-content\/uploads\/2017\/02\/SER_0248-600x400.jpg","medium":"https:\/\/www.ccaniene.com\/wp-content\/uploads\/2017\/02\/SER_0248-800x533.jpg","thumbnail":"https:\/\/www.ccaniene.com\/wp-content\/uploads\/2017\/02\/SER_0248-400x400.jpg","medium_large":"https:\/\/www.ccaniene.com\/wp-content\/uploads\/2017\/02\/SER_0248-768x512.jpg"},"appp_media":null,"yoast_head":"<!-- This site is optimized with the Yoast SEO plugin v23.6 - https:\/\/yoast.com\/wordpress\/plugins\/seo\/ -->\n<title>La finale: sospetti fondati - Circolo Canottieri Aniene<\/title>\n<meta name=\"robots\" content=\"index, follow, max-snippet:-1, max-image-preview:large, max-video-preview:-1\" \/>\n<link rel=\"canonical\" href=\"https:\/\/www.ccaniene.com\/en\/la-finale-sospetti-fondati-2\/\" \/>\n<meta property=\"og:locale\" content=\"en_GB\" \/>\n<meta property=\"og:type\" content=\"article\" \/>\n<meta property=\"og:title\" content=\"La finale: sospetti fondati - Circolo Canottieri Aniene\" \/>\n<meta property=\"og:description\" content=\"Ha vinto Celani sull&#8217;H.Filosa per due a zero. I gol di De Bac e Gilardoni, arrivati a secondo tempo ormai inoltrato, hanno suggellato una supremazia non netta, ma percepibile, che ha accompagnato i Celani per tutto il torneo. Chi ha visto la gara, per tutto l&#8217;incontro era l\u00ec che aspettava che, da un momento all&#8217;altro, [&hellip;]\" \/>\n<meta property=\"og:url\" content=\"https:\/\/www.ccaniene.com\/en\/la-finale-sospetti-fondati-2\/\" \/>\n<meta property=\"og:site_name\" content=\"Circolo Canottieri Aniene\" \/>\n<meta property=\"article:published_time\" content=\"2017-04-02T18:30:53+00:00\" \/>\n<meta property=\"article:modified_time\" content=\"2017-04-05T18:27:54+00:00\" \/>\n<meta property=\"og:image\" content=\"https:\/\/www.ccaniene.com\/wp-content\/uploads\/2017\/02\/SER_0248.jpg\" \/>\n\t<meta property=\"og:image:width\" content=\"1049\" \/>\n\t<meta property=\"og:image:height\" content=\"699\" \/>\n\t<meta property=\"og:image:type\" content=\"image\/jpeg\" \/>\n<meta name=\"author\" content=\"carlo.san@tin.it\" \/>\n<meta name=\"twitter:card\" content=\"summary_large_image\" \/>\n<meta name=\"twitter:label1\" content=\"Written by\" \/>\n\t<meta name=\"twitter:data1\" content=\"carlo.san@tin.it\" \/>\n\t<meta name=\"twitter:label2\" content=\"Estimated reading time\" \/>\n\t<meta name=\"twitter:data2\" content=\"5 minutes\" \/>\n<script type=\"application\/ld+json\" class=\"yoast-schema-graph\">{\"@context\":\"https:\/\/schema.org\",\"@graph\":[{\"@type\":\"WebPage\",\"@id\":\"https:\/\/www.ccaniene.com\/it_it\/la-finale-sospetti-fondati-2\/\",\"url\":\"https:\/\/www.ccaniene.com\/it_it\/la-finale-sospetti-fondati-2\/\",\"name\":\"La finale: sospetti fondati - Circolo Canottieri Aniene\",\"isPartOf\":{\"@id\":\"https:\/\/www.ccaniene.com\/it_it\/#website\"},\"primaryImageOfPage\":{\"@id\":\"https:\/\/www.ccaniene.com\/it_it\/la-finale-sospetti-fondati-2\/#primaryimage\"},\"image\":{\"@id\":\"https:\/\/www.ccaniene.com\/it_it\/la-finale-sospetti-fondati-2\/#primaryimage\"},\"thumbnailUrl\":\"https:\/\/www.ccaniene.com\/wp-content\/uploads\/2017\/02\/SER_0248.jpg\",\"datePublished\":\"2017-04-02T18:30:53+00:00\",\"dateModified\":\"2017-04-05T18:27:54+00:00\",\"author\":{\"@id\":\"https:\/\/www.ccaniene.com\/it_it\/#\/schema\/person\/6042bd0ba360674279dffd4247d570ed\"},\"breadcrumb\":{\"@id\":\"https:\/\/www.ccaniene.com\/it_it\/la-finale-sospetti-fondati-2\/#breadcrumb\"},\"inLanguage\":\"en-GB\",\"potentialAction\":[{\"@type\":\"ReadAction\",\"target\":[\"https:\/\/www.ccaniene.com\/it_it\/la-finale-sospetti-fondati-2\/\"]}]},{\"@type\":\"ImageObject\",\"inLanguage\":\"en-GB\",\"@id\":\"https:\/\/www.ccaniene.com\/it_it\/la-finale-sospetti-fondati-2\/#primaryimage\",\"url\":\"https:\/\/www.ccaniene.com\/wp-content\/uploads\/2017\/02\/SER_0248.jpg\",\"contentUrl\":\"https:\/\/www.ccaniene.com\/wp-content\/uploads\/2017\/02\/SER_0248.jpg\",\"width\":1049,\"height\":699},{\"@type\":\"BreadcrumbList\",\"@id\":\"https:\/\/www.ccaniene.com\/it_it\/la-finale-sospetti-fondati-2\/#breadcrumb\",\"itemListElement\":[{\"@type\":\"ListItem\",\"position\":1,\"name\":\"Home\",\"item\":\"https:\/\/www.ccaniene.com\/it_it\/\"},{\"@type\":\"ListItem\",\"position\":2,\"name\":\"La finale: sospetti fondati\"}]},{\"@type\":\"WebSite\",\"@id\":\"https:\/\/www.ccaniene.com\/it_it\/#website\",\"url\":\"https:\/\/www.ccaniene.com\/it_it\/\",\"name\":\"Circolo Canottieri Aniene\",\"description\":\"Collare d&#039;Oro e Stella d&#039;Oro al Merito Sportivo\",\"potentialAction\":[{\"@type\":\"SearchAction\",\"target\":{\"@type\":\"EntryPoint\",\"urlTemplate\":\"https:\/\/www.ccaniene.com\/it_it\/?s={search_term_string}\"},\"query-input\":{\"@type\":\"PropertyValueSpecification\",\"valueRequired\":true,\"valueName\":\"search_term_string\"}}],\"inLanguage\":\"en-GB\"},{\"@type\":\"Person\",\"@id\":\"https:\/\/www.ccaniene.com\/it_it\/#\/schema\/person\/6042bd0ba360674279dffd4247d570ed\",\"name\":\"carlo.san@tin.it\",\"image\":{\"@type\":\"ImageObject\",\"inLanguage\":\"en-GB\",\"@id\":\"https:\/\/www.ccaniene.com\/it_it\/#\/schema\/person\/image\/\",\"url\":\"https:\/\/secure.gravatar.com\/avatar\/f993a459d0ffe4d666e4c917fef20ca9?s=96&d=mm&r=g\",\"contentUrl\":\"https:\/\/secure.gravatar.com\/avatar\/f993a459d0ffe4d666e4c917fef20ca9?s=96&d=mm&r=g\",\"caption\":\"carlo.san@tin.it\"},\"url\":\"https:\/\/www.ccaniene.com\/en\/author\/carlo-santi-2\/\"}]}<\/script>\n<!-- \/ Yoast SEO plugin. -->","yoast_head_json":{"title":"La finale: sospetti fondati - Circolo Canottieri Aniene","robots":{"index":"index","follow":"follow","max-snippet":"max-snippet:-1","max-image-preview":"max-image-preview:large","max-video-preview":"max-video-preview:-1"},"canonical":"https:\/\/www.ccaniene.com\/en\/la-finale-sospetti-fondati-2\/","og_locale":"en_GB","og_type":"article","og_title":"La finale: sospetti fondati - Circolo Canottieri Aniene","og_description":"Ha vinto Celani sull&#8217;H.Filosa per due a zero. I gol di De Bac e Gilardoni, arrivati a secondo tempo ormai inoltrato, hanno suggellato una supremazia non netta, ma percepibile, che ha accompagnato i Celani per tutto il torneo. Chi ha visto la gara, per tutto l&#8217;incontro era l\u00ec che aspettava che, da un momento all&#8217;altro, [&hellip;]","og_url":"https:\/\/www.ccaniene.com\/en\/la-finale-sospetti-fondati-2\/","og_site_name":"Circolo Canottieri Aniene","article_published_time":"2017-04-02T18:30:53+00:00","article_modified_time":"2017-04-05T18:27:54+00:00","og_image":[{"width":1049,"height":699,"url":"https:\/\/www.ccaniene.com\/wp-content\/uploads\/2017\/02\/SER_0248.jpg","type":"image\/jpeg"}],"author":"carlo.san@tin.it","twitter_card":"summary_large_image","twitter_misc":{"Written by":"carlo.san@tin.it","Estimated reading time":"5 minutes"},"schema":{"@context":"https:\/\/schema.org","@graph":[{"@type":"WebPage","@id":"https:\/\/www.ccaniene.com\/it_it\/la-finale-sospetti-fondati-2\/","url":"https:\/\/www.ccaniene.com\/it_it\/la-finale-sospetti-fondati-2\/","name":"La finale: sospetti fondati - Circolo Canottieri Aniene","isPartOf":{"@id":"https:\/\/www.ccaniene.com\/it_it\/#website"},"primaryImageOfPage":{"@id":"https:\/\/www.ccaniene.com\/it_it\/la-finale-sospetti-fondati-2\/#primaryimage"},"image":{"@id":"https:\/\/www.ccaniene.com\/it_it\/la-finale-sospetti-fondati-2\/#primaryimage"},"thumbnailUrl":"https:\/\/www.ccaniene.com\/wp-content\/uploads\/2017\/02\/SER_0248.jpg","datePublished":"2017-04-02T18:30:53+00:00","dateModified":"2017-04-05T18:27:54+00:00","author":{"@id":"https:\/\/www.ccaniene.com\/it_it\/#\/schema\/person\/6042bd0ba360674279dffd4247d570ed"},"breadcrumb":{"@id":"https:\/\/www.ccaniene.com\/it_it\/la-finale-sospetti-fondati-2\/#breadcrumb"},"inLanguage":"en-GB","potentialAction":[{"@type":"ReadAction","target":["https:\/\/www.ccaniene.com\/it_it\/la-finale-sospetti-fondati-2\/"]}]},{"@type":"ImageObject","inLanguage":"en-GB","@id":"https:\/\/www.ccaniene.com\/it_it\/la-finale-sospetti-fondati-2\/#primaryimage","url":"https:\/\/www.ccaniene.com\/wp-content\/uploads\/2017\/02\/SER_0248.jpg","contentUrl":"https:\/\/www.ccaniene.com\/wp-content\/uploads\/2017\/02\/SER_0248.jpg","width":1049,"height":699},{"@type":"BreadcrumbList","@id":"https:\/\/www.ccaniene.com\/it_it\/la-finale-sospetti-fondati-2\/#breadcrumb","itemListElement":[{"@type":"ListItem","position":1,"name":"Home","item":"https:\/\/www.ccaniene.com\/it_it\/"},{"@type":"ListItem","position":2,"name":"La finale: sospetti fondati"}]},{"@type":"WebSite","@id":"https:\/\/www.ccaniene.com\/it_it\/#website","url":"https:\/\/www.ccaniene.com\/it_it\/","name":"Circolo Canottieri Aniene","description":"Collare d&#039;Oro e Stella d&#039;Oro al Merito Sportivo","potentialAction":[{"@type":"SearchAction","target":{"@type":"EntryPoint","urlTemplate":"https:\/\/www.ccaniene.com\/it_it\/?s={search_term_string}"},"query-input":{"@type":"PropertyValueSpecification","valueRequired":true,"valueName":"search_term_string"}}],"inLanguage":"en-GB"},{"@type":"Person","@id":"https:\/\/www.ccaniene.com\/it_it\/#\/schema\/person\/6042bd0ba360674279dffd4247d570ed","name":"carlo.san@tin.it","image":{"@type":"ImageObject","inLanguage":"en-GB","@id":"https:\/\/www.ccaniene.com\/it_it\/#\/schema\/person\/image\/","url":"https:\/\/secure.gravatar.com\/avatar\/f993a459d0ffe4d666e4c917fef20ca9?s=96&d=mm&r=g","contentUrl":"https:\/\/secure.gravatar.com\/avatar\/f993a459d0ffe4d666e4c917fef20ca9?s=96&d=mm&r=g","caption":"carlo.san@tin.it"},"url":"https:\/\/www.ccaniene.com\/en\/author\/carlo-santi-2\/"}]}},"_links":{"self":[{"href":"https:\/\/www.ccaniene.com\/en\/wp-json\/wp\/v2\/posts\/12709"}],"collection":[{"href":"https:\/\/www.ccaniene.com\/en\/wp-json\/wp\/v2\/posts"}],"about":[{"href":"https:\/\/www.ccaniene.com\/en\/wp-json\/wp\/v2\/types\/post"}],"author":[{"embeddable":true,"href":"https:\/\/www.ccaniene.com\/en\/wp-json\/wp\/v2\/users\/23521"}],"replies":[{"embeddable":true,"href":"https:\/\/www.ccaniene.com\/en\/wp-json\/wp\/v2\/comments?post=12709"}],"version-history":[{"count":1,"href":"https:\/\/www.ccaniene.com\/en\/wp-json\/wp\/v2\/posts\/12709\/revisions"}],"predecessor-version":[{"id":12710,"href":"https:\/\/www.ccaniene.com\/en\/wp-json\/wp\/v2\/posts\/12709\/revisions\/12710"}],"wp:featuredmedia":[{"embeddable":true,"href":"https:\/\/www.ccaniene.com\/en\/wp-json\/wp\/v2\/media\/12182"}],"wp:attachment":[{"href":"https:\/\/www.ccaniene.com\/en\/wp-json\/wp\/v2\/media?parent=12709"}],"wp:term":[{"taxonomy":"category","embeddable":true,"href":"https:\/\/www.ccaniene.com\/en\/wp-json\/wp\/v2\/categories?post=12709"},{"taxonomy":"post_tag","embeddable":true,"href":"https:\/\/www.ccaniene.com\/en\/wp-json\/wp\/v2\/tags?post=12709"}],"curies":[{"name":"wp","href":"https:\/\/api.w.org\/{rel}","templated":true}]}}