{"id":12652,"date":"2017-04-03T18:03:30","date_gmt":"2017-04-03T16:03:30","guid":{"rendered":"https:\/\/www.ccaniene.com\/?p=12652\/"},"modified":"2017-04-03T20:21:55","modified_gmt":"2017-04-03T18:21:55","slug":"aniene-protagonista-al-1-meeting-italiano-distanza-olimpica","status":"publish","type":"post","link":"https:\/\/www.ccaniene.com\/en\/aniene-protagonista-al-1-meeting-italiano-distanza-olimpica\/","title":{"rendered":"Aniene protagonista al 1\u00b0 meeting italiano su distanza olimpica"},"content":{"rendered":"<div><\/div>\n<div>\n<p>Si \u00e8 svolto a Piediluco l&#8217;1 e 2 aprile il primo meeting italiano stagionale\u00a0su distanza olimpica, prova importante per testare le condizioni degli atleti gi\u00e0 nel giro della nazionale, per dare opportunit\u00e0 a tutti gli altri di mettersi in luce e infine per garantire ai pi\u00f9 giovani di misurarsi\u00a0con le gare previste\u00a0nelle rassegne a cinque cerchi.<\/p>\n<p>La maggior parte degli atleti si \u00e8 cimentata nelle prove valutative, suddivise nei due giorni: il sabato 1x e 2-, la domenica 2x, 4- e 8+. Partendo dalle nostre ragazze, Ludovica Serafini, Giovanna Schettino e Ottavia Ravoni erano tutte state inserite in equipaggi assemblati dalla squadra nazionale, rispettivamente Senior, Pesi Leggeri e Junior. Ludovica \u00e8 riuscita a portare a casa 3 ori: nel 2- SF, con la nuova compagna Giorgia Pelacchi della Canottieri Lario, nel 4- SF sempre\u00a0con portacolori della Canottieri Lario e ancora nel 4- SF in un&#8217;ultima gara riservata agli atleti della nazionale in cui tutte le azzurre si sono sfidate negli armi a 4 vogatori (4- e 4x).<\/p>\n<p><a href=\"http:\/\/www.ccaniene.com\/wp-content\/uploads\/2017\/04\/2017_04_02_4293.jpg\"><img fetchpriority=\"high\" decoding=\"async\" class=\"size-medium wp-image-12655 alignright\" src=\"http:\/\/www.ccaniene.com\/wp-content\/uploads\/2017\/04\/2017_04_02_4293-460x305.jpg\" alt=\"\" width=\"460\" height=\"305\" \/><\/a><\/p>\n<p>Giovanna ha gareggiato sabato nel 1x PLF. Una prova di altissimo livello, alla quale hanno preso parte tutte le migliori italiane, in cui Schettino ha pagato un avvio non brillante, chiudendo fuori dal podio, ma con una seconda parte di gara di alto livello. Il riscatto \u00e8 arrivato domenica nel 2x PLF, dove Giovanna ha ottenuto il primo posto insieme alla sua compagna Allegra Francalacci del Pontedera. Per poi concludere con il bronzo nel 4x PLF nella gara finale tra tutte le azzurre. Ottavia, non oltre il quarto posto nel 2- JF in un equipaggio appena assemblato che pu\u00f2 e deve ancora crescere, ha invece vinto il bronzo nel 4- JF.<\/p>\n<p>Per quanto riguarda i nostri ragazzi, Matteo Sandrelli e Leonardo Pietra Caprina si sono guadagnati un difficilissimo ingresso in finale nella gara del 2- SM, unici Under 23 a riuscirci in una specialit\u00e0 in cui erano\u00a0presenti i migliori azzurri (compresi i\u00a06 medagliati olimpici) e l&#8217;intera nazionale romena, ospite al meeting. Settimo posto per loro, ma grande soddisfazione, considerando anche il non ottimo stato di forma di Leonardo, alle prese da giorni con un problema alla schiena. Matteo e Leonardo hanno partecipato\u00a0anche alla gara dell&#8217;8+ riservata agli atleti nazionali, ben figurando, tanto da guadagnarsi la convocazione per il prossimo Memorial D\u2019Aloja.<\/p>\n<p>Nella categoria Junior Antonio Schettino e Francesco Scoppola hanno ottenuto due importanti posti in finale in specialit\u00e0 valutative: il 2- JM e il 4- JM, insieme a Michele Zacchilli e Giulio Ginesi. Il podio non \u00e8 ancora alla portata, ma era importante centrare le finali e le prove del week end lasciano ben sperare (nella finale del 4- JM, tra l&#8217;altro, Francesco, febbricitante, \u00e8 stato sostituito da Gabriel Danciu).<\/p>\n<p>Buon quinto posto in finale, poi, per le giovanissime Sveva Cipri, Lavinia Coppola e Ludovica Di Pofi nel 4x RF, insieme alla torinese Sofia O Mearain (Amici del Fiume). Niente finale, ma prove di carattere nelle qualificazioni per\u00a0Niccol\u00f2 Klinger e Daniele Nardella (2- RM), Jacopo Migliaccio (1x e 2x PLM), Leonardo Calabrese (2- e 4- SM), Leonardo Suarez e Gabriel Danciu (2-JM), Giordana Marsili ed Eugenia Masotta (1x e 2x JF).<\/p>\n<\/div>","protected":false},"excerpt":{"rendered":"<p>Si \u00e8 svolto a Piediluco l&#8217;1 e 2 aprile il primo meeting italiano stagionale\u00a0su distanza olimpica, prova importante per testare le condizioni degli atleti gi\u00e0 nel giro della nazionale, per dare opportunit\u00e0 a tutti gli altri di mettersi in luce e infine per garantire ai pi\u00f9 giovani di misurarsi\u00a0con le gare previste\u00a0nelle rassegne a cinque [&hellip;]<\/p>","protected":false},"author":23521,"featured_media":12653,"comment_status":"open","ping_status":"closed","sticky":false,"template":"","format":"standard","meta":{"pmpro_default_level":0,"footnotes":"","_links_to":"","_links_to_target":""},"categories":[9,1],"tags":[],"class_list":["post-12652","post","type-post","status-publish","format-standard","has-post-thumbnail","hentry","category-canottaggio","category-news","pmpro-has-access"],"featured_image_urls":{"woocommerce_thumbnail":"https:\/\/www.ccaniene.com\/wp-content\/uploads\/2017\/04\/2017_04_01_3443-300x300.jpg","woocommerce_gallery_thumbnail":"https:\/\/www.ccaniene.com\/wp-content\/uploads\/2017\/04\/2017_04_01_3443-100x100.jpg","woocommerce_single":"https:\/\/www.ccaniene.com\/wp-content\/uploads\/2017\/04\/2017_04_01_3443-600x398.jpg","medium":"https:\/\/www.ccaniene.com\/wp-content\/uploads\/2017\/04\/2017_04_01_3443-800x531.jpg","thumbnail":"https:\/\/www.ccaniene.com\/wp-content\/uploads\/2017\/04\/2017_04_01_3443-400x400.jpg","medium_large":"https:\/\/www.ccaniene.com\/wp-content\/uploads\/2017\/04\/2017_04_01_3443-768x510.jpg"},"appp_media":null,"yoast_head":"<!-- This site is optimized with the Yoast SEO plugin v23.6 - https:\/\/yoast.com\/wordpress\/plugins\/seo\/ -->\n<title>Aniene protagonista al 1\u00b0 meeting italiano su distanza olimpica - Circolo Canottieri Aniene<\/title>\n<meta name=\"robots\" content=\"index, follow, max-snippet:-1, max-image-preview:large, max-video-preview:-1\" \/>\n<link rel=\"canonical\" href=\"https:\/\/www.ccaniene.com\/en\/aniene-protagonista-al-1-meeting-italiano-distanza-olimpica\/\" \/>\n<meta property=\"og:locale\" content=\"en_GB\" \/>\n<meta property=\"og:type\" content=\"article\" \/>\n<meta property=\"og:title\" content=\"Aniene protagonista al 1\u00b0 meeting italiano su distanza olimpica - Circolo Canottieri Aniene\" \/>\n<meta property=\"og:description\" content=\"Si \u00e8 svolto a Piediluco l&#8217;1 e 2 aprile il primo meeting italiano stagionale\u00a0su distanza olimpica, prova importante per testare le condizioni degli atleti gi\u00e0 nel giro della nazionale, per dare opportunit\u00e0 a tutti gli altri di mettersi in luce e infine per garantire ai pi\u00f9 giovani di misurarsi\u00a0con le gare previste\u00a0nelle rassegne a cinque [&hellip;]\" \/>\n<meta property=\"og:url\" content=\"https:\/\/www.ccaniene.com\/en\/aniene-protagonista-al-1-meeting-italiano-distanza-olimpica\/\" \/>\n<meta property=\"og:site_name\" content=\"Circolo Canottieri Aniene\" \/>\n<meta property=\"article:published_time\" content=\"2017-04-03T16:03:30+00:00\" \/>\n<meta property=\"article:modified_time\" content=\"2017-04-03T18:21:55+00:00\" \/>\n<meta property=\"og:image\" content=\"https:\/\/www.ccaniene.com\/wp-content\/uploads\/2017\/04\/2017_04_01_3443.jpg\" \/>\n\t<meta property=\"og:image:width\" content=\"1024\" \/>\n\t<meta property=\"og:image:height\" content=\"680\" \/>\n\t<meta property=\"og:image:type\" content=\"image\/jpeg\" \/>\n<meta name=\"author\" content=\"carlo.san@tin.it\" \/>\n<meta name=\"twitter:card\" content=\"summary_large_image\" \/>\n<meta name=\"twitter:label1\" content=\"Written by\" \/>\n\t<meta name=\"twitter:data1\" content=\"carlo.san@tin.it\" \/>\n\t<meta name=\"twitter:label2\" content=\"Estimated reading time\" \/>\n\t<meta name=\"twitter:data2\" content=\"3 minutes\" \/>\n<script type=\"application\/ld+json\" class=\"yoast-schema-graph\">{\"@context\":\"https:\/\/schema.org\",\"@graph\":[{\"@type\":\"WebPage\",\"@id\":\"https:\/\/www.ccaniene.com\/it_it\/aniene-protagonista-al-1-meeting-italiano-distanza-olimpica\/\",\"url\":\"https:\/\/www.ccaniene.com\/it_it\/aniene-protagonista-al-1-meeting-italiano-distanza-olimpica\/\",\"name\":\"Aniene protagonista al 1\u00b0 meeting italiano su distanza olimpica - Circolo Canottieri Aniene\",\"isPartOf\":{\"@id\":\"https:\/\/www.ccaniene.com\/it_it\/#website\"},\"primaryImageOfPage\":{\"@id\":\"https:\/\/www.ccaniene.com\/it_it\/aniene-protagonista-al-1-meeting-italiano-distanza-olimpica\/#primaryimage\"},\"image\":{\"@id\":\"https:\/\/www.ccaniene.com\/it_it\/aniene-protagonista-al-1-meeting-italiano-distanza-olimpica\/#primaryimage\"},\"thumbnailUrl\":\"https:\/\/www.ccaniene.com\/wp-content\/uploads\/2017\/04\/2017_04_01_3443.jpg\",\"datePublished\":\"2017-04-03T16:03:30+00:00\",\"dateModified\":\"2017-04-03T18:21:55+00:00\",\"author\":{\"@id\":\"https:\/\/www.ccaniene.com\/it_it\/#\/schema\/person\/6042bd0ba360674279dffd4247d570ed\"},\"breadcrumb\":{\"@id\":\"https:\/\/www.ccaniene.com\/it_it\/aniene-protagonista-al-1-meeting-italiano-distanza-olimpica\/#breadcrumb\"},\"inLanguage\":\"en-GB\",\"potentialAction\":[{\"@type\":\"ReadAction\",\"target\":[\"https:\/\/www.ccaniene.com\/it_it\/aniene-protagonista-al-1-meeting-italiano-distanza-olimpica\/\"]}]},{\"@type\":\"ImageObject\",\"inLanguage\":\"en-GB\",\"@id\":\"https:\/\/www.ccaniene.com\/it_it\/aniene-protagonista-al-1-meeting-italiano-distanza-olimpica\/#primaryimage\",\"url\":\"https:\/\/www.ccaniene.com\/wp-content\/uploads\/2017\/04\/2017_04_01_3443.jpg\",\"contentUrl\":\"https:\/\/www.ccaniene.com\/wp-content\/uploads\/2017\/04\/2017_04_01_3443.jpg\",\"width\":1024,\"height\":680},{\"@type\":\"BreadcrumbList\",\"@id\":\"https:\/\/www.ccaniene.com\/it_it\/aniene-protagonista-al-1-meeting-italiano-distanza-olimpica\/#breadcrumb\",\"itemListElement\":[{\"@type\":\"ListItem\",\"position\":1,\"name\":\"Home\",\"item\":\"https:\/\/www.ccaniene.com\/it_it\/\"},{\"@type\":\"ListItem\",\"position\":2,\"name\":\"Aniene protagonista al 1\u00b0 meeting italiano su distanza olimpica\"}]},{\"@type\":\"WebSite\",\"@id\":\"https:\/\/www.ccaniene.com\/it_it\/#website\",\"url\":\"https:\/\/www.ccaniene.com\/it_it\/\",\"name\":\"Circolo Canottieri Aniene\",\"description\":\"Collare d&#039;Oro e Stella d&#039;Oro al Merito Sportivo\",\"potentialAction\":[{\"@type\":\"SearchAction\",\"target\":{\"@type\":\"EntryPoint\",\"urlTemplate\":\"https:\/\/www.ccaniene.com\/it_it\/?s={search_term_string}\"},\"query-input\":{\"@type\":\"PropertyValueSpecification\",\"valueRequired\":true,\"valueName\":\"search_term_string\"}}],\"inLanguage\":\"en-GB\"},{\"@type\":\"Person\",\"@id\":\"https:\/\/www.ccaniene.com\/it_it\/#\/schema\/person\/6042bd0ba360674279dffd4247d570ed\",\"name\":\"carlo.san@tin.it\",\"image\":{\"@type\":\"ImageObject\",\"inLanguage\":\"en-GB\",\"@id\":\"https:\/\/www.ccaniene.com\/it_it\/#\/schema\/person\/image\/\",\"url\":\"https:\/\/secure.gravatar.com\/avatar\/f993a459d0ffe4d666e4c917fef20ca9?s=96&d=mm&r=g\",\"contentUrl\":\"https:\/\/secure.gravatar.com\/avatar\/f993a459d0ffe4d666e4c917fef20ca9?s=96&d=mm&r=g\",\"caption\":\"carlo.san@tin.it\"},\"url\":\"https:\/\/www.ccaniene.com\/en\/author\/carlo-santi-2\/\"}]}<\/script>\n<!-- \/ Yoast SEO plugin. -->","yoast_head_json":{"title":"Aniene protagonista al 1\u00b0 meeting italiano su distanza olimpica - Circolo Canottieri Aniene","robots":{"index":"index","follow":"follow","max-snippet":"max-snippet:-1","max-image-preview":"max-image-preview:large","max-video-preview":"max-video-preview:-1"},"canonical":"https:\/\/www.ccaniene.com\/en\/aniene-protagonista-al-1-meeting-italiano-distanza-olimpica\/","og_locale":"en_GB","og_type":"article","og_title":"Aniene protagonista al 1\u00b0 meeting italiano su distanza olimpica - Circolo Canottieri Aniene","og_description":"Si \u00e8 svolto a Piediluco l&#8217;1 e 2 aprile il primo meeting italiano stagionale\u00a0su distanza olimpica, prova importante per testare le condizioni degli atleti gi\u00e0 nel giro della nazionale, per dare opportunit\u00e0 a tutti gli altri di mettersi in luce e infine per garantire ai pi\u00f9 giovani di misurarsi\u00a0con le gare previste\u00a0nelle rassegne a cinque [&hellip;]","og_url":"https:\/\/www.ccaniene.com\/en\/aniene-protagonista-al-1-meeting-italiano-distanza-olimpica\/","og_site_name":"Circolo Canottieri Aniene","article_published_time":"2017-04-03T16:03:30+00:00","article_modified_time":"2017-04-03T18:21:55+00:00","og_image":[{"width":1024,"height":680,"url":"https:\/\/www.ccaniene.com\/wp-content\/uploads\/2017\/04\/2017_04_01_3443.jpg","type":"image\/jpeg"}],"author":"carlo.san@tin.it","twitter_card":"summary_large_image","twitter_misc":{"Written by":"carlo.san@tin.it","Estimated reading time":"3 minutes"},"schema":{"@context":"https:\/\/schema.org","@graph":[{"@type":"WebPage","@id":"https:\/\/www.ccaniene.com\/it_it\/aniene-protagonista-al-1-meeting-italiano-distanza-olimpica\/","url":"https:\/\/www.ccaniene.com\/it_it\/aniene-protagonista-al-1-meeting-italiano-distanza-olimpica\/","name":"Aniene protagonista al 1\u00b0 meeting italiano su distanza olimpica - Circolo Canottieri Aniene","isPartOf":{"@id":"https:\/\/www.ccaniene.com\/it_it\/#website"},"primaryImageOfPage":{"@id":"https:\/\/www.ccaniene.com\/it_it\/aniene-protagonista-al-1-meeting-italiano-distanza-olimpica\/#primaryimage"},"image":{"@id":"https:\/\/www.ccaniene.com\/it_it\/aniene-protagonista-al-1-meeting-italiano-distanza-olimpica\/#primaryimage"},"thumbnailUrl":"https:\/\/www.ccaniene.com\/wp-content\/uploads\/2017\/04\/2017_04_01_3443.jpg","datePublished":"2017-04-03T16:03:30+00:00","dateModified":"2017-04-03T18:21:55+00:00","author":{"@id":"https:\/\/www.ccaniene.com\/it_it\/#\/schema\/person\/6042bd0ba360674279dffd4247d570ed"},"breadcrumb":{"@id":"https:\/\/www.ccaniene.com\/it_it\/aniene-protagonista-al-1-meeting-italiano-distanza-olimpica\/#breadcrumb"},"inLanguage":"en-GB","potentialAction":[{"@type":"ReadAction","target":["https:\/\/www.ccaniene.com\/it_it\/aniene-protagonista-al-1-meeting-italiano-distanza-olimpica\/"]}]},{"@type":"ImageObject","inLanguage":"en-GB","@id":"https:\/\/www.ccaniene.com\/it_it\/aniene-protagonista-al-1-meeting-italiano-distanza-olimpica\/#primaryimage","url":"https:\/\/www.ccaniene.com\/wp-content\/uploads\/2017\/04\/2017_04_01_3443.jpg","contentUrl":"https:\/\/www.ccaniene.com\/wp-content\/uploads\/2017\/04\/2017_04_01_3443.jpg","width":1024,"height":680},{"@type":"BreadcrumbList","@id":"https:\/\/www.ccaniene.com\/it_it\/aniene-protagonista-al-1-meeting-italiano-distanza-olimpica\/#breadcrumb","itemListElement":[{"@type":"ListItem","position":1,"name":"Home","item":"https:\/\/www.ccaniene.com\/it_it\/"},{"@type":"ListItem","position":2,"name":"Aniene protagonista al 1\u00b0 meeting italiano su distanza olimpica"}]},{"@type":"WebSite","@id":"https:\/\/www.ccaniene.com\/it_it\/#website","url":"https:\/\/www.ccaniene.com\/it_it\/","name":"Circolo Canottieri Aniene","description":"Collare d&#039;Oro e Stella d&#039;Oro al Merito Sportivo","potentialAction":[{"@type":"SearchAction","target":{"@type":"EntryPoint","urlTemplate":"https:\/\/www.ccaniene.com\/it_it\/?s={search_term_string}"},"query-input":{"@type":"PropertyValueSpecification","valueRequired":true,"valueName":"search_term_string"}}],"inLanguage":"en-GB"},{"@type":"Person","@id":"https:\/\/www.ccaniene.com\/it_it\/#\/schema\/person\/6042bd0ba360674279dffd4247d570ed","name":"carlo.san@tin.it","image":{"@type":"ImageObject","inLanguage":"en-GB","@id":"https:\/\/www.ccaniene.com\/it_it\/#\/schema\/person\/image\/","url":"https:\/\/secure.gravatar.com\/avatar\/f993a459d0ffe4d666e4c917fef20ca9?s=96&d=mm&r=g","contentUrl":"https:\/\/secure.gravatar.com\/avatar\/f993a459d0ffe4d666e4c917fef20ca9?s=96&d=mm&r=g","caption":"carlo.san@tin.it"},"url":"https:\/\/www.ccaniene.com\/en\/author\/carlo-santi-2\/"}]}},"_links":{"self":[{"href":"https:\/\/www.ccaniene.com\/en\/wp-json\/wp\/v2\/posts\/12652"}],"collection":[{"href":"https:\/\/www.ccaniene.com\/en\/wp-json\/wp\/v2\/posts"}],"about":[{"href":"https:\/\/www.ccaniene.com\/en\/wp-json\/wp\/v2\/types\/post"}],"author":[{"embeddable":true,"href":"https:\/\/www.ccaniene.com\/en\/wp-json\/wp\/v2\/users\/23521"}],"replies":[{"embeddable":true,"href":"https:\/\/www.ccaniene.com\/en\/wp-json\/wp\/v2\/comments?post=12652"}],"version-history":[{"count":8,"href":"https:\/\/www.ccaniene.com\/en\/wp-json\/wp\/v2\/posts\/12652\/revisions"}],"predecessor-version":[{"id":12670,"href":"https:\/\/www.ccaniene.com\/en\/wp-json\/wp\/v2\/posts\/12652\/revisions\/12670"}],"wp:featuredmedia":[{"embeddable":true,"href":"https:\/\/www.ccaniene.com\/en\/wp-json\/wp\/v2\/media\/12653"}],"wp:attachment":[{"href":"https:\/\/www.ccaniene.com\/en\/wp-json\/wp\/v2\/media?parent=12652"}],"wp:term":[{"taxonomy":"category","embeddable":true,"href":"https:\/\/www.ccaniene.com\/en\/wp-json\/wp\/v2\/categories?post=12652"},{"taxonomy":"post_tag","embeddable":true,"href":"https:\/\/www.ccaniene.com\/en\/wp-json\/wp\/v2\/tags?post=12652"}],"curies":[{"name":"wp","href":"https:\/\/api.w.org\/{rel}","templated":true}]}}