{"id":12620,"date":"2017-03-30T17:49:03","date_gmt":"2017-03-30T15:49:03","guid":{"rendered":"https:\/\/www.ccaniene.com\/?p=12620\/"},"modified":"2017-04-03T23:55:43","modified_gmt":"2017-04-03T21:55:43","slug":"semifinali-ancora-qualche-giorno-sapremo","status":"publish","type":"post","link":"https:\/\/www.ccaniene.com\/en\/semifinali-ancora-qualche-giorno-sapremo\/","title":{"rendered":"Semifinali: ancora qualche giorno e sapremo"},"content":{"rendered":"<p><strong><em>&#8211; di FEDERICO VECCHIO &#8211;<\/em><\/strong><\/p>\n<p>Chiss\u00e0 come sar\u00e0 stato quel dialogo, qualche tempo fa, tra il patron della squadra Murino e Murino stesso. Sarei curioso di saperlo. Perch\u00e9 quel dialogo, o meglio, i suoi esiti, hanno avuto, sul Torneo, conseguenze decisive.<br \/>\nMi immagino la scena: Rezza, camminando, che, con tono fermo, di quello che sa quello che dice e prevede il futuro, indica a Murino, che lo segue dappresso, la necessit\u00e0 &#8211; forse, chiss\u00e0, per il bene del gruppo &#8211; di abbandonare al suo destino il Bronzo di Gioia Tauro. Magari motivando la sua scelta con un \u201ccorre corre, ma non la passa mai\u201d per poi lasciare la frase sospesa l\u00ec, a mezz\u2019aria, per renderla ancora pi\u00f9 grave, passando quindi ad altro, come vate che ha pronunciato la sua sentenza. Di l\u00e0, un Murino, che immagino viceversa perplesso, che, cercando di tenere il passo, prova a sindacare le motivazioni di Rezza, cedendo, poi, di fronte a tanta insistenza, facendo confusione tra l\u2019esperienza del mercato immobiliare, indubbia, che tutti riconoscono al nostro, e l\u2019inesperienza calcistica, davvero malcelata, che, viceversa, quest\u2019ultima scelta tanto dissennata vieppi\u00f9 conferma.<br \/>\nSta di fatto che, oggi, quel Bronzo di Gioia Tauro, che risponde al nome di Mino Catalano, trattato come Evra al tempo in cui venne scartato dal Marsala, entra, a pieno titolo, in finale, mentre Rezza, per l\u2019ennesimo anno consecutivo, trover\u00e0 posto sugli spalti, ma solo se arriver\u00e0 con un po\u2019 di anticipo rispetto al fischio d\u2019inizio, perch\u00e9 sabato gi\u00e0 si prevede il tutto esaurito.<br \/>\nDa qui dobbiamo partire, da questa storia fatte di gioie e fallimenti umani, se vogliamo capire quali e quanti significati abbiano avuto le semifinali disputate ieri sera. Perch\u00e9 se, sulla carta, le vittorie di Filosa, su Fabbricini, per quattro ad uno, e quella di Celani, su Picciotti, per cinque a due, sembrerebbero confermare che le cose del pallone siano andate secondo logica, in realt\u00e0 dicono molto altro, e raccontano di storie che, all\u2019inizio di questo torneo, tutti pensavano avrebbero avuto ben altro finale.<br \/>\nCi siamo lasciati, dopo i quarti, con la meravigliosa parabola di Bruno Ripandelli, il calciatore che non ti aspetti. E che invece ti ritrovi, ancora una volta decisivo, nella vittoria della H. Filosa: suo difatti, il gol del due a zero che ha messo a distanza di sicurezza i Fabbricini, guidati da Ivanko (in quanto figlio, di sesso maschile, del Presidente) Fabbricini. Ma, e soprattutto, la finale conquistata dall\u2019H. Filosa ha il suo eroe, tra una pattuglia di indomabili &#8211; fatta del monumentale Tartaglia (che para e segna), Mescolini, Vavalli, lo stesso Ripandelli, il Bronzo di Gioia Tauro &#8211; in Alessandro Maspes. E\u2019 lui, difatti, il Luis Enrique del Lungotevere dell\u2019Acqua Acetosa. E\u2019 lui l\u2019uomo che, lo scorso anno, a fine carriera, incredibilmente faticava, e non poco, dopo quel p\u00f2 p\u00f2 di passato calcistico, a trovare posto in questa o quella squadra. E\u2019 ancora lui, invece, che oggi si \u00e8 vista affidata la guida tecnica, da un presidente tanto abbiente (come Rezza) quanto cosciente (al contrario di Rezza) dei propri limiti di competenza calcistica, di una squadra non data per favorita, con giocatori visti sempre un po\u2019 cos\u00ec, che tutto sommato, quando ti giocano contro, non li temi, e che ti inventa tatticamente una serie di partite da studiarle a Coverciano.<br \/>\nSi, \u00e8 vero, mi si dir\u00e0 che con Tartaglia in porta avrebbe potuto vincere lo scudetto anche la Roma di De Nadai, ma la verit\u00e0 \u00e8 che Maspes ha creato un sistema di gioco, fatto di ripartenze ed appoggi su due eroi di periferia calcistica, come Ripandelli e Catalano, che tanto ha ricordato la sistemazione in campo del Leichester di Ranieri. E adesso gli manca davvero l\u2019acuto finale per ripeterne le gesta.<br \/>\nNon sappiamo, per\u00f2, se augurarci che l\u2019H. Filosa trionfi nella finale di sabato, perch\u00e9 questo potrebbe dire, con estrema probabilit\u00e0, l\u2019allontanamento &#8211; volontario, sia chiaro &#8211; di Rezza dal Circolo per lungo tempo. Come potrebbe superare, difatti, l\u2019onta di vedere trionfare non solo il calciatore da lui prima mobbizzato e poi tagliato, ma soprattutto quella di un Maspes che lui ha sempre ritenuto, per imperscrutabili ragioni che non \u00e8 dato capire, meno competente e meno capace di lui nel gioco del calcio, non sapremmo dirlo. La verit\u00e0, purtroppo, \u00e8 una sola, e cio\u00e8 che, semmai sabato dovessero vincere i monegaschi, accingiamoci a vedere un nuovo episodio di \u201cIn Treatment\u201d, dal titolo \u201cRiccardo: mercoled\u00ec ore 17\u201d.<br \/>\nDalle storie raccontate dalla prima semifinale, passiamo a quelle raccontate dalla seconda.<br \/>\nLa prima tra queste, pi\u00f9 che una storia, \u00e8 ormai una leggenda sportiva, che risponde al nome di The Wall Lirosi, che non \u00e8 pi\u00f9 solo il nome di un calciatore, ma di qualcosa di pi\u00f9, di un protagonista di una serie, come Ethan Hunt. L\u2019abbiamo scritto mesi fa, quando ancora la primavera sembrava un miraggio, e lo confermiamo oggi, che gi\u00e0 si corre per destinare i pochi risparmi rimasti a copertura dei costi di rimessaggio:\u00a0 per la squadra avversaria, il campo non finisce dove si trova la linea di fondo, ma finisce prima, molto prima, li dove ci si imbatte in Lirosi. Perch\u00e9, oltre Lirosi, non c\u2019\u00e8 pi\u00f9 niente. Non ci sono, difatti, palloni che passano. Non ci sono, ancora, avversari che riescano ad andare oltre. Non c\u2019\u00e8 nulla. C\u2019\u00e8 solo un portiere, il suo, che sta li, laggi\u00f9, solo, anche un po\u2019 annoiato, ad aspettare che Lirosi esca qualche minuto per rifiatare, cos\u00ec da dare un senso alla sua presenza in campo.<br \/>\nE questo \u00e8 quello che \u00e8 successo ancora ieri sera, quando a quel Lirosi, a quel solo Lirosi, ha fatto eco Riccardo Fabbri, figlio della moglie di Massimo Fabbri, che ha segnato una tripletta meravigliosa, a suggello di una prestazione, altrettanto meravigliosa, che non \u00e8 stata figlia unica in questo torneo.<br \/>\nEd \u00e8 evidente che, di fronte a tutto questo, poco hanno potuto i ragazzi di Yuri Picciotti, soprattutto in questi giorni in cui in loro presidente, capitano, guida, non \u00e8 potuto scendere in campo.\u00a0 Sarebbe stata un\u2019altra partita con Yuri sul terreno di gioco? Non c\u2019\u00e8 dubbio: si.<br \/>\nMa quest\u2019anno \u00e8 andata cos\u00ec. Il prossimo, invece, con Yuri di nuovo in campo, siamo sicuri che ci troveremo qui, di nuovo, ancora una volta, a scrivere di un\u2019altra storia. Aspettando, intanto, che sabato ci sveli il nome, che il Torneo sta tenendo segreto ormai da mesi, di quello che sar\u00e0 il vincitore assoluto. E qualche sospetto su chi sia, a tre giorni dalla finale, stasera che siamo qui, a scrivere questo resoconto su ci\u00f2 che \u00e8 stato, iniziamo ad averlo.<\/p>","protected":false},"excerpt":{"rendered":"<p>&#8211; di FEDERICO VECCHIO &#8211; Chiss\u00e0 come sar\u00e0 stato quel dialogo, qualche tempo fa, tra il patron della squadra Murino e Murino stesso. Sarei curioso di saperlo. Perch\u00e9 quel dialogo, o meglio, i suoi esiti, hanno avuto, sul Torneo, conseguenze decisive. Mi immagino la scena: Rezza, camminando, che, con tono fermo, di quello che sa [&hellip;]<\/p>","protected":false},"author":23521,"featured_media":12209,"comment_status":"open","ping_status":"closed","sticky":false,"template":"","format":"standard","meta":{"pmpro_default_level":0,"footnotes":"","_links_to":"","_links_to_target":""},"categories":[39,1],"tags":[],"class_list":["post-12620","post","type-post","status-publish","format-standard","has-post-thumbnail","hentry","category-calcetto","category-news","pmpro-has-access"],"featured_image_urls":{"woocommerce_thumbnail":"https:\/\/www.ccaniene.com\/wp-content\/uploads\/2017\/02\/torneo_sociale-300x300.jpg","woocommerce_gallery_thumbnail":"https:\/\/www.ccaniene.com\/wp-content\/uploads\/2017\/02\/torneo_sociale-100x100.jpg","woocommerce_single":"https:\/\/www.ccaniene.com\/wp-content\/uploads\/2017\/02\/torneo_sociale-600x400.jpg","medium":"https:\/\/www.ccaniene.com\/wp-content\/uploads\/2017\/02\/torneo_sociale-800x533.jpg","thumbnail":"https:\/\/www.ccaniene.com\/wp-content\/uploads\/2017\/02\/torneo_sociale-400x400.jpg","medium_large":"https:\/\/www.ccaniene.com\/wp-content\/uploads\/2017\/02\/torneo_sociale-768x512.jpg"},"appp_media":null,"yoast_head":"<!-- This site is optimized with the Yoast SEO plugin v23.6 - https:\/\/yoast.com\/wordpress\/plugins\/seo\/ -->\n<title>Semifinali: ancora qualche giorno e sapremo - Circolo Canottieri Aniene<\/title>\n<meta name=\"robots\" content=\"index, follow, max-snippet:-1, max-image-preview:large, max-video-preview:-1\" \/>\n<link rel=\"canonical\" href=\"https:\/\/www.ccaniene.com\/en\/semifinali-ancora-qualche-giorno-sapremo\/\" \/>\n<meta property=\"og:locale\" content=\"en_GB\" \/>\n<meta property=\"og:type\" content=\"article\" \/>\n<meta property=\"og:title\" content=\"Semifinali: ancora qualche giorno e sapremo - Circolo Canottieri Aniene\" \/>\n<meta property=\"og:description\" content=\"&#8211; di FEDERICO VECCHIO &#8211; Chiss\u00e0 come sar\u00e0 stato quel dialogo, qualche tempo fa, tra il patron della squadra Murino e Murino stesso. Sarei curioso di saperlo. Perch\u00e9 quel dialogo, o meglio, i suoi esiti, hanno avuto, sul Torneo, conseguenze decisive. Mi immagino la scena: Rezza, camminando, che, con tono fermo, di quello che sa [&hellip;]\" \/>\n<meta property=\"og:url\" content=\"https:\/\/www.ccaniene.com\/en\/semifinali-ancora-qualche-giorno-sapremo\/\" \/>\n<meta property=\"og:site_name\" content=\"Circolo Canottieri Aniene\" \/>\n<meta property=\"article:published_time\" content=\"2017-03-30T15:49:03+00:00\" \/>\n<meta property=\"article:modified_time\" content=\"2017-04-03T21:55:43+00:00\" \/>\n<meta property=\"og:image\" content=\"https:\/\/www.ccaniene.com\/wp-content\/uploads\/2017\/02\/torneo_sociale.jpg\" \/>\n\t<meta property=\"og:image:width\" content=\"1049\" \/>\n\t<meta property=\"og:image:height\" content=\"699\" \/>\n\t<meta property=\"og:image:type\" content=\"image\/jpeg\" \/>\n<meta name=\"author\" content=\"carlo.san@tin.it\" \/>\n<meta name=\"twitter:card\" content=\"summary_large_image\" \/>\n<meta name=\"twitter:label1\" content=\"Written by\" \/>\n\t<meta name=\"twitter:data1\" content=\"carlo.san@tin.it\" \/>\n\t<meta name=\"twitter:label2\" content=\"Estimated reading time\" \/>\n\t<meta name=\"twitter:data2\" content=\"5 minutes\" \/>\n<script type=\"application\/ld+json\" class=\"yoast-schema-graph\">{\"@context\":\"https:\/\/schema.org\",\"@graph\":[{\"@type\":\"WebPage\",\"@id\":\"https:\/\/www.ccaniene.com\/en\/semifinali-ancora-qualche-giorno-sapremo\/\",\"url\":\"https:\/\/www.ccaniene.com\/en\/semifinali-ancora-qualche-giorno-sapremo\/\",\"name\":\"Semifinali: ancora qualche giorno e sapremo - Circolo Canottieri Aniene\",\"isPartOf\":{\"@id\":\"https:\/\/www.ccaniene.com\/it_it\/#website\"},\"primaryImageOfPage\":{\"@id\":\"https:\/\/www.ccaniene.com\/en\/semifinali-ancora-qualche-giorno-sapremo\/#primaryimage\"},\"image\":{\"@id\":\"https:\/\/www.ccaniene.com\/en\/semifinali-ancora-qualche-giorno-sapremo\/#primaryimage\"},\"thumbnailUrl\":\"https:\/\/www.ccaniene.com\/wp-content\/uploads\/2017\/02\/torneo_sociale.jpg\",\"datePublished\":\"2017-03-30T15:49:03+00:00\",\"dateModified\":\"2017-04-03T21:55:43+00:00\",\"author\":{\"@id\":\"https:\/\/www.ccaniene.com\/it_it\/#\/schema\/person\/6042bd0ba360674279dffd4247d570ed\"},\"breadcrumb\":{\"@id\":\"https:\/\/www.ccaniene.com\/en\/semifinali-ancora-qualche-giorno-sapremo\/#breadcrumb\"},\"inLanguage\":\"en-GB\",\"potentialAction\":[{\"@type\":\"ReadAction\",\"target\":[\"https:\/\/www.ccaniene.com\/en\/semifinali-ancora-qualche-giorno-sapremo\/\"]}]},{\"@type\":\"ImageObject\",\"inLanguage\":\"en-GB\",\"@id\":\"https:\/\/www.ccaniene.com\/en\/semifinali-ancora-qualche-giorno-sapremo\/#primaryimage\",\"url\":\"https:\/\/www.ccaniene.com\/wp-content\/uploads\/2017\/02\/torneo_sociale.jpg\",\"contentUrl\":\"https:\/\/www.ccaniene.com\/wp-content\/uploads\/2017\/02\/torneo_sociale.jpg\",\"width\":1049,\"height\":699},{\"@type\":\"BreadcrumbList\",\"@id\":\"https:\/\/www.ccaniene.com\/en\/semifinali-ancora-qualche-giorno-sapremo\/#breadcrumb\",\"itemListElement\":[{\"@type\":\"ListItem\",\"position\":1,\"name\":\"Home\",\"item\":\"https:\/\/www.ccaniene.com\/it_it\/\"},{\"@type\":\"ListItem\",\"position\":2,\"name\":\"Semifinali: ancora qualche giorno e sapremo\"}]},{\"@type\":\"WebSite\",\"@id\":\"https:\/\/www.ccaniene.com\/it_it\/#website\",\"url\":\"https:\/\/www.ccaniene.com\/it_it\/\",\"name\":\"Circolo Canottieri Aniene\",\"description\":\"Collare d&#039;Oro e Stella d&#039;Oro al Merito Sportivo\",\"potentialAction\":[{\"@type\":\"SearchAction\",\"target\":{\"@type\":\"EntryPoint\",\"urlTemplate\":\"https:\/\/www.ccaniene.com\/it_it\/?s={search_term_string}\"},\"query-input\":{\"@type\":\"PropertyValueSpecification\",\"valueRequired\":true,\"valueName\":\"search_term_string\"}}],\"inLanguage\":\"en-GB\"},{\"@type\":\"Person\",\"@id\":\"https:\/\/www.ccaniene.com\/it_it\/#\/schema\/person\/6042bd0ba360674279dffd4247d570ed\",\"name\":\"carlo.san@tin.it\",\"image\":{\"@type\":\"ImageObject\",\"inLanguage\":\"en-GB\",\"@id\":\"https:\/\/www.ccaniene.com\/it_it\/#\/schema\/person\/image\/\",\"url\":\"https:\/\/secure.gravatar.com\/avatar\/f993a459d0ffe4d666e4c917fef20ca9?s=96&d=mm&r=g\",\"contentUrl\":\"https:\/\/secure.gravatar.com\/avatar\/f993a459d0ffe4d666e4c917fef20ca9?s=96&d=mm&r=g\",\"caption\":\"carlo.san@tin.it\"},\"url\":\"https:\/\/www.ccaniene.com\/en\/author\/carlo-santi-2\/\"}]}<\/script>\n<!-- \/ Yoast SEO plugin. -->","yoast_head_json":{"title":"Semifinali: ancora qualche giorno e sapremo - Circolo Canottieri Aniene","robots":{"index":"index","follow":"follow","max-snippet":"max-snippet:-1","max-image-preview":"max-image-preview:large","max-video-preview":"max-video-preview:-1"},"canonical":"https:\/\/www.ccaniene.com\/en\/semifinali-ancora-qualche-giorno-sapremo\/","og_locale":"en_GB","og_type":"article","og_title":"Semifinali: ancora qualche giorno e sapremo - Circolo Canottieri Aniene","og_description":"&#8211; di FEDERICO VECCHIO &#8211; Chiss\u00e0 come sar\u00e0 stato quel dialogo, qualche tempo fa, tra il patron della squadra Murino e Murino stesso. Sarei curioso di saperlo. Perch\u00e9 quel dialogo, o meglio, i suoi esiti, hanno avuto, sul Torneo, conseguenze decisive. Mi immagino la scena: Rezza, camminando, che, con tono fermo, di quello che sa [&hellip;]","og_url":"https:\/\/www.ccaniene.com\/en\/semifinali-ancora-qualche-giorno-sapremo\/","og_site_name":"Circolo Canottieri Aniene","article_published_time":"2017-03-30T15:49:03+00:00","article_modified_time":"2017-04-03T21:55:43+00:00","og_image":[{"width":1049,"height":699,"url":"https:\/\/www.ccaniene.com\/wp-content\/uploads\/2017\/02\/torneo_sociale.jpg","type":"image\/jpeg"}],"author":"carlo.san@tin.it","twitter_card":"summary_large_image","twitter_misc":{"Written by":"carlo.san@tin.it","Estimated reading time":"5 minutes"},"schema":{"@context":"https:\/\/schema.org","@graph":[{"@type":"WebPage","@id":"https:\/\/www.ccaniene.com\/en\/semifinali-ancora-qualche-giorno-sapremo\/","url":"https:\/\/www.ccaniene.com\/en\/semifinali-ancora-qualche-giorno-sapremo\/","name":"Semifinali: ancora qualche giorno e sapremo - Circolo Canottieri Aniene","isPartOf":{"@id":"https:\/\/www.ccaniene.com\/it_it\/#website"},"primaryImageOfPage":{"@id":"https:\/\/www.ccaniene.com\/en\/semifinali-ancora-qualche-giorno-sapremo\/#primaryimage"},"image":{"@id":"https:\/\/www.ccaniene.com\/en\/semifinali-ancora-qualche-giorno-sapremo\/#primaryimage"},"thumbnailUrl":"https:\/\/www.ccaniene.com\/wp-content\/uploads\/2017\/02\/torneo_sociale.jpg","datePublished":"2017-03-30T15:49:03+00:00","dateModified":"2017-04-03T21:55:43+00:00","author":{"@id":"https:\/\/www.ccaniene.com\/it_it\/#\/schema\/person\/6042bd0ba360674279dffd4247d570ed"},"breadcrumb":{"@id":"https:\/\/www.ccaniene.com\/en\/semifinali-ancora-qualche-giorno-sapremo\/#breadcrumb"},"inLanguage":"en-GB","potentialAction":[{"@type":"ReadAction","target":["https:\/\/www.ccaniene.com\/en\/semifinali-ancora-qualche-giorno-sapremo\/"]}]},{"@type":"ImageObject","inLanguage":"en-GB","@id":"https:\/\/www.ccaniene.com\/en\/semifinali-ancora-qualche-giorno-sapremo\/#primaryimage","url":"https:\/\/www.ccaniene.com\/wp-content\/uploads\/2017\/02\/torneo_sociale.jpg","contentUrl":"https:\/\/www.ccaniene.com\/wp-content\/uploads\/2017\/02\/torneo_sociale.jpg","width":1049,"height":699},{"@type":"BreadcrumbList","@id":"https:\/\/www.ccaniene.com\/en\/semifinali-ancora-qualche-giorno-sapremo\/#breadcrumb","itemListElement":[{"@type":"ListItem","position":1,"name":"Home","item":"https:\/\/www.ccaniene.com\/it_it\/"},{"@type":"ListItem","position":2,"name":"Semifinali: ancora qualche giorno e sapremo"}]},{"@type":"WebSite","@id":"https:\/\/www.ccaniene.com\/it_it\/#website","url":"https:\/\/www.ccaniene.com\/it_it\/","name":"Circolo Canottieri Aniene","description":"Collare d&#039;Oro e Stella d&#039;Oro al Merito Sportivo","potentialAction":[{"@type":"SearchAction","target":{"@type":"EntryPoint","urlTemplate":"https:\/\/www.ccaniene.com\/it_it\/?s={search_term_string}"},"query-input":{"@type":"PropertyValueSpecification","valueRequired":true,"valueName":"search_term_string"}}],"inLanguage":"en-GB"},{"@type":"Person","@id":"https:\/\/www.ccaniene.com\/it_it\/#\/schema\/person\/6042bd0ba360674279dffd4247d570ed","name":"carlo.san@tin.it","image":{"@type":"ImageObject","inLanguage":"en-GB","@id":"https:\/\/www.ccaniene.com\/it_it\/#\/schema\/person\/image\/","url":"https:\/\/secure.gravatar.com\/avatar\/f993a459d0ffe4d666e4c917fef20ca9?s=96&d=mm&r=g","contentUrl":"https:\/\/secure.gravatar.com\/avatar\/f993a459d0ffe4d666e4c917fef20ca9?s=96&d=mm&r=g","caption":"carlo.san@tin.it"},"url":"https:\/\/www.ccaniene.com\/en\/author\/carlo-santi-2\/"}]}},"_links":{"self":[{"href":"https:\/\/www.ccaniene.com\/en\/wp-json\/wp\/v2\/posts\/12620"}],"collection":[{"href":"https:\/\/www.ccaniene.com\/en\/wp-json\/wp\/v2\/posts"}],"about":[{"href":"https:\/\/www.ccaniene.com\/en\/wp-json\/wp\/v2\/types\/post"}],"author":[{"embeddable":true,"href":"https:\/\/www.ccaniene.com\/en\/wp-json\/wp\/v2\/users\/23521"}],"replies":[{"embeddable":true,"href":"https:\/\/www.ccaniene.com\/en\/wp-json\/wp\/v2\/comments?post=12620"}],"version-history":[{"count":2,"href":"https:\/\/www.ccaniene.com\/en\/wp-json\/wp\/v2\/posts\/12620\/revisions"}],"predecessor-version":[{"id":12675,"href":"https:\/\/www.ccaniene.com\/en\/wp-json\/wp\/v2\/posts\/12620\/revisions\/12675"}],"wp:featuredmedia":[{"embeddable":true,"href":"https:\/\/www.ccaniene.com\/en\/wp-json\/wp\/v2\/media\/12209"}],"wp:attachment":[{"href":"https:\/\/www.ccaniene.com\/en\/wp-json\/wp\/v2\/media?parent=12620"}],"wp:term":[{"taxonomy":"category","embeddable":true,"href":"https:\/\/www.ccaniene.com\/en\/wp-json\/wp\/v2\/categories?post=12620"},{"taxonomy":"post_tag","embeddable":true,"href":"https:\/\/www.ccaniene.com\/en\/wp-json\/wp\/v2\/tags?post=12620"}],"curies":[{"name":"wp","href":"https:\/\/api.w.org\/{rel}","templated":true}]}}