{"id":12429,"date":"2017-03-18T19:04:37","date_gmt":"2017-03-18T18:04:37","guid":{"rendered":"https:\/\/www.ccaniene.com\/?p=12429\/"},"modified":"2017-03-23T11:32:23","modified_gmt":"2017-03-23T10:32:23","slug":"nona-giornata-gli-eroi-non-ti-aspetti","status":"publish","type":"post","link":"https:\/\/www.ccaniene.com\/en\/nona-giornata-gli-eroi-non-ti-aspetti\/","title":{"rendered":"Nona giornata: gli eroi che non ti aspetti"},"content":{"rendered":"<div><strong><em>&#8211; di FEDERICO VECCHIO &#8211;<\/em><\/strong><\/div>\n<div><\/div>\n<div>Si \u00e8 conclusa la regular season. Gli esiti ormai sono noti: ci aspettano quarti e semifinali di rara intensit\u00e0.\u00a0Ma quello che ci ha lasciato l&#8217;ultima giornata \u00e8 ben altro. E&#8217; un racconto di vita. Meglio, di vite. Perch\u00e9 i veri protagonisti dell&#8217;ultimo turno hanno segnato, a diverso titolo, non solo la storia del torneo, ma anche il percorso della storia del Circolo.<br \/>\nPer capire, per capire meglio, dobbiamo partire da una definizione che, ormai, non identifica una singola persona, ma una vera e propria categoria calcistica. Categoria nella quale sono ricompresi, indistintamente, tre ragazzi intorno ai vent&#8217;anni, tutti e tre fortissimi a calcetto, tutti e tre fratelli. La definizione \u00e8 sempre la stessa: &#8220;Il figlio di Abrignani&#8221;. A quel punto non rileva chiedere di specificare nome di battesimo ed et\u00e0. Non conta. Chi ascolta quelle quattro parole, magari pronunciate in risposta alla domanda &#8220;chi gioca stasera?&#8221;, avr\u00e0 da subito la certezza che al campo si presenter\u00e0 un giocatore fortissimo, a prescindere che al campo si presenti l&#8217;uno o l&#8217;altro.<br \/>\nE la dimostrazione, plastica, di quanto vado scrivendo, si \u00e8 avuta l&#8217;altra sera, quando tutti e tre i fratelli Abrignani sono usciti dal campo, dopo le rispettive partite, portandosi via il pallone per le triplette che ciascuno di loro ha realizzato.<br \/>\nEd allora, un po&#8217; come per i purosangue, \u00e8 evidente che il segreto di questo successo familiare deve avere un&#8217;origine comune. Che, altrimenti, non si spiegherebbe. E la ricerca di questo comune denominatore \u00e8 facile ed immediata: chi ha regalato al Circolo questa meravigliosa stirpe di fenomeni \u00e8 Ignazio Abrignani, padre di questa nidiata, che, come la famiglia Sentimenti, sta segnando e segner\u00e0 a lungo la storia del calcio, quantomeno nei campi di calcetto ricompresi nel raccordo anulare.<br \/>\nE tutto questo fa s\u00ec che Ignazio viva, come solo il padre dei Baresi, dei Ferri, dei Boateng, emozioni precluse a molti, e cio\u00e8 quella di poter guardare una partita di calcio sapendo che, comunque finir\u00e0, sar\u00e0, per l&#8217;orgoglio di padre, un grandissimo successo.<\/div>\n<div>\n<p>La sola nota stonata di questa storia \u00e8 data dalla circostanza che nulla si sa di un eventuale passato calcistico di Ignazio. Nessuno ne parla. Nessuno sa se abbia mai messo piede su un campo, magari anche solo in pozzolana, per dare un calcio ad un pallone. Niente, il nulla assoluto. E s\u00ec che chi vi scrive \u00e8 nato a pochi passi da quella Marsala che ha dato i natali al nostro. Ma nessuna informazione \u00e8 trapelata, nemmeno dalla Trinacria, a dimostrare che, fosse anche solo al tempo della primina, il pallone non avesse per lui misteri. E invece niente. Il che lascia tutto avvolto nel mistero, e lo autorizzer\u00e0 a dire, tra qualche anno, quando sar\u00e0 oramai impossibile ripercorrere, con la memoria, ci\u00f2 che \u00e8 stato, di essere stato, in giovent\u00f9, forte quanto i figli. Magari raccontando ai molti nipoti che s\u00ec, pap\u00e0 sar\u00e0 stato bravo, ma perch\u00e9 non hai mai visto giocare nonno&#8230;<\/p>\n<p>Da un padre che fa parlare di s\u00e9 per le imprese della propria discendenza, ad un padre che, invece di far parlare per le imprese dei propri figli, fa parlare delle sue di imprese, perch\u00e9 occupano qualunque spazio.<br \/>\nE qui va fatto un passo indietro, sia pure breve. Il nostro, difatti, appena entrato al Circolo, si era fatto conoscere per un&#8217;esuberanza atletica a cui non corrispondeva una tecnica, diciamo cos\u00ec, sopraffina. Ma, si sa, la volont\u00e0 pu\u00f2 quello che la natura sembrerebbe negare, ed il nostro si imponeva, nel perimetro del campo di calcetto, per una presenza costante, unita ad una grinta che nasceva da dentro, da una rincorsa lontana, fatta, evidentemente, di troppe partite magari non giocate, o magari giocate ma con un ruolo di contorno, di quelli che torni a casa e nessuno ti chiama per commentare.<br \/>\nSta di fatto che, l&#8217;altra sera, all&#8217;annuncio della formazione Picciotti, ci si rendeva conto, in un attimo, che la presenza del nostro fosse necessaria per tutta la durata dell&#8217;incontro, perch\u00e9 indispensabile per rispettare le norme regolamentari sugli over 50.<br \/>\nE, a quel punto, il nostro, resosi conto che quella partita era la sua partita, che nessuno avrebbe potuto dirgli &#8220;vieni un attimo fuori, respira un attimo&#8221; per poi non farlo rientrare pi\u00f9, ha combattuto quella partita come se non vi fosse un\u00a0<a class=\"matchTooltip\">domani<\/a>, trascinando la sua squadra alla vittoria, e passando sopra tutto ci\u00f2 che gli si parasse davanti, fosse anche il gladatorio Catalano. Sta di fatto che, ad un certo punto, il sig. Mariani da Roma non poteva far altro che espellere il nostro, perch\u00e9 si era capito che non avrebbe mai potuto perdere, ma si era capito anche che avrebbe potuto eliminare fisicamente chi si fosse frapposto tra lui e la rivincita di una vita.<br \/>\nEd \u00e8 per questo che\u00a0oggi\u00a0rendiamo onore a questo eroe di altri tempi, che ha dimostrato che nella vita non conta il successo economico, n\u00e9 quello professionale, n\u00e9, e non sappiamo se sia il suo caso, quello sentimentale: quello che conta \u00e8 il pallone, \u00e8 tornare a casa e mettersi a letto felice, \u00e8 svegliarsi il giorno dopo e sentire, dentro di s\u00e9, di aver realizzato qualcosa di epico, \u00e8 sapere che quando ti affaccerai al Circolo, gli amici ti guarderanno con quegli occhi che glielo leggi dentro che hai giocato bene.<br \/>\nEd allora \u00e8 giusto rendere omaggio a questo eroe, che, quasi fuori tempo massimo, ha fatto realizzare, a quel ragazzino che \u00e8 stato, il sogno di essere protagonista e di vincere una partita, sogno che la vita gli aveva, fin qui, negato. Onore, quindi, a Marco Maffei. Che \u00e8 il nostro campione. Di quelli come lui, come noi, che hanno sempre sognato una partita cos\u00ec.<\/p>\n<\/div>","protected":false},"excerpt":{"rendered":"<p>&#8211; di FEDERICO VECCHIO &#8211; Si \u00e8 conclusa la regular season. Gli esiti ormai sono noti: ci aspettano quarti e semifinali di rara intensit\u00e0.\u00a0Ma quello che ci ha lasciato l&#8217;ultima giornata \u00e8 ben altro. E&#8217; un racconto di vita. Meglio, di vite. Perch\u00e9 i veri protagonisti dell&#8217;ultimo turno hanno segnato, a diverso titolo, non solo [&hellip;]<\/p>","protected":false},"author":23521,"featured_media":12430,"comment_status":"open","ping_status":"closed","sticky":false,"template":"","format":"standard","meta":{"pmpro_default_level":0,"footnotes":"","_links_to":"","_links_to_target":""},"categories":[39,1],"tags":[],"class_list":["post-12429","post","type-post","status-publish","format-standard","has-post-thumbnail","hentry","category-calcetto","category-news","pmpro-has-access"],"featured_image_urls":{"woocommerce_thumbnail":"https:\/\/www.ccaniene.com\/wp-content\/uploads\/2017\/03\/calcetto-300x300.jpg","woocommerce_gallery_thumbnail":"https:\/\/www.ccaniene.com\/wp-content\/uploads\/2017\/03\/calcetto-100x100.jpg","woocommerce_single":"https:\/\/www.ccaniene.com\/wp-content\/uploads\/2017\/03\/calcetto-600x400.jpg","medium":"https:\/\/www.ccaniene.com\/wp-content\/uploads\/2017\/03\/calcetto-800x533.jpg","thumbnail":"https:\/\/www.ccaniene.com\/wp-content\/uploads\/2017\/03\/calcetto-400x400.jpg","medium_large":"https:\/\/www.ccaniene.com\/wp-content\/uploads\/2017\/03\/calcetto-768x512.jpg"},"appp_media":null,"yoast_head":"<!-- This site is optimized with the Yoast SEO plugin v23.6 - https:\/\/yoast.com\/wordpress\/plugins\/seo\/ -->\n<title>Nona giornata: gli eroi che non ti aspetti - Circolo Canottieri Aniene<\/title>\n<meta name=\"robots\" content=\"index, follow, max-snippet:-1, max-image-preview:large, max-video-preview:-1\" \/>\n<link rel=\"canonical\" href=\"https:\/\/www.ccaniene.com\/en\/nona-giornata-gli-eroi-non-ti-aspetti\/\" \/>\n<meta property=\"og:locale\" content=\"en_GB\" \/>\n<meta property=\"og:type\" content=\"article\" \/>\n<meta property=\"og:title\" content=\"Nona giornata: gli eroi che non ti aspetti - Circolo Canottieri Aniene\" \/>\n<meta property=\"og:description\" content=\"&#8211; di FEDERICO VECCHIO &#8211; Si \u00e8 conclusa la regular season. Gli esiti ormai sono noti: ci aspettano quarti e semifinali di rara intensit\u00e0.\u00a0Ma quello che ci ha lasciato l&#8217;ultima giornata \u00e8 ben altro. E&#8217; un racconto di vita. Meglio, di vite. Perch\u00e9 i veri protagonisti dell&#8217;ultimo turno hanno segnato, a diverso titolo, non solo [&hellip;]\" \/>\n<meta property=\"og:url\" content=\"https:\/\/www.ccaniene.com\/en\/nona-giornata-gli-eroi-non-ti-aspetti\/\" \/>\n<meta property=\"og:site_name\" content=\"Circolo Canottieri Aniene\" \/>\n<meta property=\"article:published_time\" content=\"2017-03-18T18:04:37+00:00\" \/>\n<meta property=\"article:modified_time\" content=\"2017-03-23T10:32:23+00:00\" \/>\n<meta property=\"og:image\" content=\"https:\/\/www.ccaniene.com\/wp-content\/uploads\/2017\/03\/calcetto.jpg\" \/>\n\t<meta property=\"og:image:width\" content=\"1049\" \/>\n\t<meta property=\"og:image:height\" content=\"699\" \/>\n\t<meta property=\"og:image:type\" content=\"image\/jpeg\" \/>\n<meta name=\"author\" content=\"carlo.san@tin.it\" \/>\n<meta name=\"twitter:card\" content=\"summary_large_image\" \/>\n<meta name=\"twitter:label1\" content=\"Written by\" \/>\n\t<meta name=\"twitter:data1\" content=\"carlo.san@tin.it\" \/>\n\t<meta name=\"twitter:label2\" content=\"Estimated reading time\" \/>\n\t<meta name=\"twitter:data2\" content=\"5 minutes\" \/>\n<script type=\"application\/ld+json\" class=\"yoast-schema-graph\">{\"@context\":\"https:\/\/schema.org\",\"@graph\":[{\"@type\":\"WebPage\",\"@id\":\"https:\/\/www.ccaniene.com\/en\/nona-giornata-gli-eroi-non-ti-aspetti\/\",\"url\":\"https:\/\/www.ccaniene.com\/en\/nona-giornata-gli-eroi-non-ti-aspetti\/\",\"name\":\"Nona giornata: gli eroi che non ti aspetti - Circolo Canottieri Aniene\",\"isPartOf\":{\"@id\":\"https:\/\/www.ccaniene.com\/it_it\/#website\"},\"primaryImageOfPage\":{\"@id\":\"https:\/\/www.ccaniene.com\/en\/nona-giornata-gli-eroi-non-ti-aspetti\/#primaryimage\"},\"image\":{\"@id\":\"https:\/\/www.ccaniene.com\/en\/nona-giornata-gli-eroi-non-ti-aspetti\/#primaryimage\"},\"thumbnailUrl\":\"https:\/\/www.ccaniene.com\/wp-content\/uploads\/2017\/03\/calcetto.jpg\",\"datePublished\":\"2017-03-18T18:04:37+00:00\",\"dateModified\":\"2017-03-23T10:32:23+00:00\",\"author\":{\"@id\":\"https:\/\/www.ccaniene.com\/it_it\/#\/schema\/person\/6042bd0ba360674279dffd4247d570ed\"},\"breadcrumb\":{\"@id\":\"https:\/\/www.ccaniene.com\/en\/nona-giornata-gli-eroi-non-ti-aspetti\/#breadcrumb\"},\"inLanguage\":\"en-GB\",\"potentialAction\":[{\"@type\":\"ReadAction\",\"target\":[\"https:\/\/www.ccaniene.com\/en\/nona-giornata-gli-eroi-non-ti-aspetti\/\"]}]},{\"@type\":\"ImageObject\",\"inLanguage\":\"en-GB\",\"@id\":\"https:\/\/www.ccaniene.com\/en\/nona-giornata-gli-eroi-non-ti-aspetti\/#primaryimage\",\"url\":\"https:\/\/www.ccaniene.com\/wp-content\/uploads\/2017\/03\/calcetto.jpg\",\"contentUrl\":\"https:\/\/www.ccaniene.com\/wp-content\/uploads\/2017\/03\/calcetto.jpg\",\"width\":1049,\"height\":699},{\"@type\":\"BreadcrumbList\",\"@id\":\"https:\/\/www.ccaniene.com\/en\/nona-giornata-gli-eroi-non-ti-aspetti\/#breadcrumb\",\"itemListElement\":[{\"@type\":\"ListItem\",\"position\":1,\"name\":\"Home\",\"item\":\"https:\/\/www.ccaniene.com\/it_it\/\"},{\"@type\":\"ListItem\",\"position\":2,\"name\":\"Nona giornata: gli eroi che non ti aspetti\"}]},{\"@type\":\"WebSite\",\"@id\":\"https:\/\/www.ccaniene.com\/it_it\/#website\",\"url\":\"https:\/\/www.ccaniene.com\/it_it\/\",\"name\":\"Circolo Canottieri Aniene\",\"description\":\"Collare d&#039;Oro e Stella d&#039;Oro al Merito Sportivo\",\"potentialAction\":[{\"@type\":\"SearchAction\",\"target\":{\"@type\":\"EntryPoint\",\"urlTemplate\":\"https:\/\/www.ccaniene.com\/it_it\/?s={search_term_string}\"},\"query-input\":{\"@type\":\"PropertyValueSpecification\",\"valueRequired\":true,\"valueName\":\"search_term_string\"}}],\"inLanguage\":\"en-GB\"},{\"@type\":\"Person\",\"@id\":\"https:\/\/www.ccaniene.com\/it_it\/#\/schema\/person\/6042bd0ba360674279dffd4247d570ed\",\"name\":\"carlo.san@tin.it\",\"image\":{\"@type\":\"ImageObject\",\"inLanguage\":\"en-GB\",\"@id\":\"https:\/\/www.ccaniene.com\/it_it\/#\/schema\/person\/image\/\",\"url\":\"https:\/\/secure.gravatar.com\/avatar\/f993a459d0ffe4d666e4c917fef20ca9?s=96&d=mm&r=g\",\"contentUrl\":\"https:\/\/secure.gravatar.com\/avatar\/f993a459d0ffe4d666e4c917fef20ca9?s=96&d=mm&r=g\",\"caption\":\"carlo.san@tin.it\"},\"url\":\"https:\/\/www.ccaniene.com\/en\/author\/carlo-santi-2\/\"}]}<\/script>\n<!-- \/ Yoast SEO plugin. -->","yoast_head_json":{"title":"Nona giornata: gli eroi che non ti aspetti - Circolo Canottieri Aniene","robots":{"index":"index","follow":"follow","max-snippet":"max-snippet:-1","max-image-preview":"max-image-preview:large","max-video-preview":"max-video-preview:-1"},"canonical":"https:\/\/www.ccaniene.com\/en\/nona-giornata-gli-eroi-non-ti-aspetti\/","og_locale":"en_GB","og_type":"article","og_title":"Nona giornata: gli eroi che non ti aspetti - Circolo Canottieri Aniene","og_description":"&#8211; di FEDERICO VECCHIO &#8211; Si \u00e8 conclusa la regular season. Gli esiti ormai sono noti: ci aspettano quarti e semifinali di rara intensit\u00e0.\u00a0Ma quello che ci ha lasciato l&#8217;ultima giornata \u00e8 ben altro. E&#8217; un racconto di vita. Meglio, di vite. Perch\u00e9 i veri protagonisti dell&#8217;ultimo turno hanno segnato, a diverso titolo, non solo [&hellip;]","og_url":"https:\/\/www.ccaniene.com\/en\/nona-giornata-gli-eroi-non-ti-aspetti\/","og_site_name":"Circolo Canottieri Aniene","article_published_time":"2017-03-18T18:04:37+00:00","article_modified_time":"2017-03-23T10:32:23+00:00","og_image":[{"width":1049,"height":699,"url":"https:\/\/www.ccaniene.com\/wp-content\/uploads\/2017\/03\/calcetto.jpg","type":"image\/jpeg"}],"author":"carlo.san@tin.it","twitter_card":"summary_large_image","twitter_misc":{"Written by":"carlo.san@tin.it","Estimated reading time":"5 minutes"},"schema":{"@context":"https:\/\/schema.org","@graph":[{"@type":"WebPage","@id":"https:\/\/www.ccaniene.com\/en\/nona-giornata-gli-eroi-non-ti-aspetti\/","url":"https:\/\/www.ccaniene.com\/en\/nona-giornata-gli-eroi-non-ti-aspetti\/","name":"Nona giornata: gli eroi che non ti aspetti - Circolo Canottieri Aniene","isPartOf":{"@id":"https:\/\/www.ccaniene.com\/it_it\/#website"},"primaryImageOfPage":{"@id":"https:\/\/www.ccaniene.com\/en\/nona-giornata-gli-eroi-non-ti-aspetti\/#primaryimage"},"image":{"@id":"https:\/\/www.ccaniene.com\/en\/nona-giornata-gli-eroi-non-ti-aspetti\/#primaryimage"},"thumbnailUrl":"https:\/\/www.ccaniene.com\/wp-content\/uploads\/2017\/03\/calcetto.jpg","datePublished":"2017-03-18T18:04:37+00:00","dateModified":"2017-03-23T10:32:23+00:00","author":{"@id":"https:\/\/www.ccaniene.com\/it_it\/#\/schema\/person\/6042bd0ba360674279dffd4247d570ed"},"breadcrumb":{"@id":"https:\/\/www.ccaniene.com\/en\/nona-giornata-gli-eroi-non-ti-aspetti\/#breadcrumb"},"inLanguage":"en-GB","potentialAction":[{"@type":"ReadAction","target":["https:\/\/www.ccaniene.com\/en\/nona-giornata-gli-eroi-non-ti-aspetti\/"]}]},{"@type":"ImageObject","inLanguage":"en-GB","@id":"https:\/\/www.ccaniene.com\/en\/nona-giornata-gli-eroi-non-ti-aspetti\/#primaryimage","url":"https:\/\/www.ccaniene.com\/wp-content\/uploads\/2017\/03\/calcetto.jpg","contentUrl":"https:\/\/www.ccaniene.com\/wp-content\/uploads\/2017\/03\/calcetto.jpg","width":1049,"height":699},{"@type":"BreadcrumbList","@id":"https:\/\/www.ccaniene.com\/en\/nona-giornata-gli-eroi-non-ti-aspetti\/#breadcrumb","itemListElement":[{"@type":"ListItem","position":1,"name":"Home","item":"https:\/\/www.ccaniene.com\/it_it\/"},{"@type":"ListItem","position":2,"name":"Nona giornata: gli eroi che non ti aspetti"}]},{"@type":"WebSite","@id":"https:\/\/www.ccaniene.com\/it_it\/#website","url":"https:\/\/www.ccaniene.com\/it_it\/","name":"Circolo Canottieri Aniene","description":"Collare d&#039;Oro e Stella d&#039;Oro al Merito Sportivo","potentialAction":[{"@type":"SearchAction","target":{"@type":"EntryPoint","urlTemplate":"https:\/\/www.ccaniene.com\/it_it\/?s={search_term_string}"},"query-input":{"@type":"PropertyValueSpecification","valueRequired":true,"valueName":"search_term_string"}}],"inLanguage":"en-GB"},{"@type":"Person","@id":"https:\/\/www.ccaniene.com\/it_it\/#\/schema\/person\/6042bd0ba360674279dffd4247d570ed","name":"carlo.san@tin.it","image":{"@type":"ImageObject","inLanguage":"en-GB","@id":"https:\/\/www.ccaniene.com\/it_it\/#\/schema\/person\/image\/","url":"https:\/\/secure.gravatar.com\/avatar\/f993a459d0ffe4d666e4c917fef20ca9?s=96&d=mm&r=g","contentUrl":"https:\/\/secure.gravatar.com\/avatar\/f993a459d0ffe4d666e4c917fef20ca9?s=96&d=mm&r=g","caption":"carlo.san@tin.it"},"url":"https:\/\/www.ccaniene.com\/en\/author\/carlo-santi-2\/"}]}},"_links":{"self":[{"href":"https:\/\/www.ccaniene.com\/en\/wp-json\/wp\/v2\/posts\/12429"}],"collection":[{"href":"https:\/\/www.ccaniene.com\/en\/wp-json\/wp\/v2\/posts"}],"about":[{"href":"https:\/\/www.ccaniene.com\/en\/wp-json\/wp\/v2\/types\/post"}],"author":[{"embeddable":true,"href":"https:\/\/www.ccaniene.com\/en\/wp-json\/wp\/v2\/users\/23521"}],"replies":[{"embeddable":true,"href":"https:\/\/www.ccaniene.com\/en\/wp-json\/wp\/v2\/comments?post=12429"}],"version-history":[{"count":7,"href":"https:\/\/www.ccaniene.com\/en\/wp-json\/wp\/v2\/posts\/12429\/revisions"}],"predecessor-version":[{"id":12508,"href":"https:\/\/www.ccaniene.com\/en\/wp-json\/wp\/v2\/posts\/12429\/revisions\/12508"}],"wp:featuredmedia":[{"embeddable":true,"href":"https:\/\/www.ccaniene.com\/en\/wp-json\/wp\/v2\/media\/12430"}],"wp:attachment":[{"href":"https:\/\/www.ccaniene.com\/en\/wp-json\/wp\/v2\/media?parent=12429"}],"wp:term":[{"taxonomy":"category","embeddable":true,"href":"https:\/\/www.ccaniene.com\/en\/wp-json\/wp\/v2\/categories?post=12429"},{"taxonomy":"post_tag","embeddable":true,"href":"https:\/\/www.ccaniene.com\/en\/wp-json\/wp\/v2\/tags?post=12429"}],"curies":[{"name":"wp","href":"https:\/\/api.w.org\/{rel}","templated":true}]}}