{"id":12391,"date":"2017-03-13T10:49:53","date_gmt":"2017-03-13T09:49:53","guid":{"rendered":"https:\/\/www.ccaniene.com\/?p=12391\/"},"modified":"2017-03-13T10:57:23","modified_gmt":"2017-03-13T09:57:23","slug":"weekend-nel-segno-crivelli-visconti-molineris","status":"publish","type":"post","link":"https:\/\/www.ccaniene.com\/en\/weekend-nel-segno-crivelli-visconti-molineris\/","title":{"rendered":"Weekend nel segno di Crivelli Visconti e Molineris"},"content":{"rendered":"<p>Il fine settimana appena trascorso \u00e8 stato caratterizzato da molteplici attivit\u00e0 per la sezione vela.\u00a0Nel porto di Ostia, sabato e domenica, si sono svolte le regate della prima tappa del circuito nazionale della classe 49er maschile e femminile. L\u2019equipaggio formato da Uberto Crivelli Visconti e Umberto Molineris, in sostituzione temporanea dell\u2019infortunato Gianmarco Togni (Marina Militare), ha conquistato il primo posto, risultato che fa ben sperare per il\u00a0Campionato Italiano Classi Olimpiche (CICO) al via gioved\u00ec. In campo femminile Alice Sinno, impegnata l\u2019estate scorsa ai Giochi di Rio, ha esordito con un buon secondo posto, in coppia con Giulia Genesio del Circolo Nautico di Loano.<\/p>\n<p>Sempre ad Ostia erano presenti agli stage federali gli atleti Maelle Frascari e Marco Benini per la classe Laser femminile e maschile, oltre a Elena Berta con il 470F.\u00a0Ad Anzio, invece, era impegnato Francesco Porro con il catamarano Nacra17 per l&#8217;ultimo stage di rifinitura in vista del CICO.\u00a0Il resto della squadra arriver\u00e0 marted\u00ec 14 per testare le acque del litorale romano, prima del segnale di avviso delle regate fissato per gioved\u00ec 16 alle ore 13.<\/p>","protected":false},"excerpt":{"rendered":"<p>Il fine settimana appena trascorso \u00e8 stato caratterizzato da molteplici attivit\u00e0 per la sezione vela.\u00a0Nel porto di Ostia, sabato e domenica, si sono svolte le regate della prima tappa del circuito nazionale della classe 49er maschile e femminile. L\u2019equipaggio formato da Uberto Crivelli Visconti e Umberto Molineris, in sostituzione temporanea dell\u2019infortunato Gianmarco Togni (Marina Militare), [&hellip;]<\/p>","protected":false},"author":23521,"featured_media":12392,"comment_status":"open","ping_status":"closed","sticky":false,"template":"","format":"standard","meta":{"pmpro_default_level":0,"footnotes":"","_links_to":"","_links_to_target":""},"categories":[1,26],"tags":[],"class_list":["post-12391","post","type-post","status-publish","format-standard","has-post-thumbnail","hentry","category-news","category-vela","pmpro-has-access"],"featured_image_urls":{"woocommerce_thumbnail":"https:\/\/www.ccaniene.com\/wp-content\/uploads\/2017\/03\/IMG-20170312-WA0004-300x300.jpg","woocommerce_gallery_thumbnail":"https:\/\/www.ccaniene.com\/wp-content\/uploads\/2017\/03\/IMG-20170312-WA0004-100x100.jpg","woocommerce_single":"https:\/\/www.ccaniene.com\/wp-content\/uploads\/2017\/03\/IMG-20170312-WA0004-600x450.jpg","medium":"https:\/\/www.ccaniene.com\/wp-content\/uploads\/2017\/03\/IMG-20170312-WA0004-800x600.jpg","thumbnail":"https:\/\/www.ccaniene.com\/wp-content\/uploads\/2017\/03\/IMG-20170312-WA0004-400x400.jpg","medium_large":"https:\/\/www.ccaniene.com\/wp-content\/uploads\/2017\/03\/IMG-20170312-WA0004-768x576.jpg"},"appp_media":null,"yoast_head":"<!-- This site is optimized with the Yoast SEO plugin v23.6 - https:\/\/yoast.com\/wordpress\/plugins\/seo\/ -->\n<title>Weekend nel segno di Crivelli Visconti e Molineris - Circolo Canottieri Aniene<\/title>\n<meta name=\"robots\" content=\"index, follow, max-snippet:-1, max-image-preview:large, max-video-preview:-1\" \/>\n<link rel=\"canonical\" href=\"https:\/\/www.ccaniene.com\/en\/weekend-nel-segno-crivelli-visconti-molineris\/\" \/>\n<meta property=\"og:locale\" content=\"en_GB\" \/>\n<meta property=\"og:type\" content=\"article\" \/>\n<meta property=\"og:title\" content=\"Weekend nel segno di Crivelli Visconti e Molineris - Circolo Canottieri Aniene\" \/>\n<meta property=\"og:description\" content=\"Il fine settimana appena trascorso \u00e8 stato caratterizzato da molteplici attivit\u00e0 per la sezione vela.\u00a0Nel porto di Ostia, sabato e domenica, si sono svolte le regate della prima tappa del circuito nazionale della classe 49er maschile e femminile. L\u2019equipaggio formato da Uberto Crivelli Visconti e Umberto Molineris, in sostituzione temporanea dell\u2019infortunato Gianmarco Togni (Marina Militare), [&hellip;]\" \/>\n<meta property=\"og:url\" content=\"https:\/\/www.ccaniene.com\/en\/weekend-nel-segno-crivelli-visconti-molineris\/\" \/>\n<meta property=\"og:site_name\" content=\"Circolo Canottieri Aniene\" \/>\n<meta property=\"article:published_time\" content=\"2017-03-13T09:49:53+00:00\" \/>\n<meta property=\"article:modified_time\" content=\"2017-03-13T09:57:23+00:00\" \/>\n<meta property=\"og:image\" content=\"https:\/\/www.ccaniene.com\/wp-content\/uploads\/2017\/03\/IMG-20170312-WA0004.jpg\" \/>\n\t<meta property=\"og:image:width\" content=\"1280\" \/>\n\t<meta property=\"og:image:height\" content=\"960\" \/>\n\t<meta property=\"og:image:type\" content=\"image\/jpeg\" \/>\n<meta name=\"author\" content=\"carlo.san@tin.it\" \/>\n<meta name=\"twitter:card\" content=\"summary_large_image\" \/>\n<meta name=\"twitter:label1\" content=\"Written by\" \/>\n\t<meta name=\"twitter:data1\" content=\"carlo.san@tin.it\" \/>\n\t<meta name=\"twitter:label2\" content=\"Estimated reading time\" \/>\n\t<meta name=\"twitter:data2\" content=\"1 minute\" \/>\n<script type=\"application\/ld+json\" class=\"yoast-schema-graph\">{\"@context\":\"https:\/\/schema.org\",\"@graph\":[{\"@type\":\"WebPage\",\"@id\":\"https:\/\/www.ccaniene.com\/en\/weekend-nel-segno-crivelli-visconti-molineris\/\",\"url\":\"https:\/\/www.ccaniene.com\/en\/weekend-nel-segno-crivelli-visconti-molineris\/\",\"name\":\"Weekend nel segno di Crivelli Visconti e Molineris - Circolo Canottieri Aniene\",\"isPartOf\":{\"@id\":\"https:\/\/www.ccaniene.com\/it_it\/#website\"},\"primaryImageOfPage\":{\"@id\":\"https:\/\/www.ccaniene.com\/en\/weekend-nel-segno-crivelli-visconti-molineris\/#primaryimage\"},\"image\":{\"@id\":\"https:\/\/www.ccaniene.com\/en\/weekend-nel-segno-crivelli-visconti-molineris\/#primaryimage\"},\"thumbnailUrl\":\"https:\/\/www.ccaniene.com\/wp-content\/uploads\/2017\/03\/IMG-20170312-WA0004.jpg\",\"datePublished\":\"2017-03-13T09:49:53+00:00\",\"dateModified\":\"2017-03-13T09:57:23+00:00\",\"author\":{\"@id\":\"https:\/\/www.ccaniene.com\/it_it\/#\/schema\/person\/6042bd0ba360674279dffd4247d570ed\"},\"breadcrumb\":{\"@id\":\"https:\/\/www.ccaniene.com\/en\/weekend-nel-segno-crivelli-visconti-molineris\/#breadcrumb\"},\"inLanguage\":\"en-GB\",\"potentialAction\":[{\"@type\":\"ReadAction\",\"target\":[\"https:\/\/www.ccaniene.com\/en\/weekend-nel-segno-crivelli-visconti-molineris\/\"]}]},{\"@type\":\"ImageObject\",\"inLanguage\":\"en-GB\",\"@id\":\"https:\/\/www.ccaniene.com\/en\/weekend-nel-segno-crivelli-visconti-molineris\/#primaryimage\",\"url\":\"https:\/\/www.ccaniene.com\/wp-content\/uploads\/2017\/03\/IMG-20170312-WA0004.jpg\",\"contentUrl\":\"https:\/\/www.ccaniene.com\/wp-content\/uploads\/2017\/03\/IMG-20170312-WA0004.jpg\",\"width\":1280,\"height\":960},{\"@type\":\"BreadcrumbList\",\"@id\":\"https:\/\/www.ccaniene.com\/en\/weekend-nel-segno-crivelli-visconti-molineris\/#breadcrumb\",\"itemListElement\":[{\"@type\":\"ListItem\",\"position\":1,\"name\":\"Home\",\"item\":\"https:\/\/www.ccaniene.com\/it_it\/\"},{\"@type\":\"ListItem\",\"position\":2,\"name\":\"Weekend nel segno di Crivelli Visconti e Molineris\"}]},{\"@type\":\"WebSite\",\"@id\":\"https:\/\/www.ccaniene.com\/it_it\/#website\",\"url\":\"https:\/\/www.ccaniene.com\/it_it\/\",\"name\":\"Circolo Canottieri Aniene\",\"description\":\"Collare d&#039;Oro e Stella d&#039;Oro al Merito Sportivo\",\"potentialAction\":[{\"@type\":\"SearchAction\",\"target\":{\"@type\":\"EntryPoint\",\"urlTemplate\":\"https:\/\/www.ccaniene.com\/it_it\/?s={search_term_string}\"},\"query-input\":{\"@type\":\"PropertyValueSpecification\",\"valueRequired\":true,\"valueName\":\"search_term_string\"}}],\"inLanguage\":\"en-GB\"},{\"@type\":\"Person\",\"@id\":\"https:\/\/www.ccaniene.com\/it_it\/#\/schema\/person\/6042bd0ba360674279dffd4247d570ed\",\"name\":\"carlo.san@tin.it\",\"image\":{\"@type\":\"ImageObject\",\"inLanguage\":\"en-GB\",\"@id\":\"https:\/\/www.ccaniene.com\/it_it\/#\/schema\/person\/image\/\",\"url\":\"https:\/\/secure.gravatar.com\/avatar\/f993a459d0ffe4d666e4c917fef20ca9?s=96&d=mm&r=g\",\"contentUrl\":\"https:\/\/secure.gravatar.com\/avatar\/f993a459d0ffe4d666e4c917fef20ca9?s=96&d=mm&r=g\",\"caption\":\"carlo.san@tin.it\"},\"url\":\"https:\/\/www.ccaniene.com\/en\/author\/carlo-santi-2\/\"}]}<\/script>\n<!-- \/ Yoast SEO plugin. -->","yoast_head_json":{"title":"Weekend nel segno di Crivelli Visconti e Molineris - Circolo Canottieri Aniene","robots":{"index":"index","follow":"follow","max-snippet":"max-snippet:-1","max-image-preview":"max-image-preview:large","max-video-preview":"max-video-preview:-1"},"canonical":"https:\/\/www.ccaniene.com\/en\/weekend-nel-segno-crivelli-visconti-molineris\/","og_locale":"en_GB","og_type":"article","og_title":"Weekend nel segno di Crivelli Visconti e Molineris - Circolo Canottieri Aniene","og_description":"Il fine settimana appena trascorso \u00e8 stato caratterizzato da molteplici attivit\u00e0 per la sezione vela.\u00a0Nel porto di Ostia, sabato e domenica, si sono svolte le regate della prima tappa del circuito nazionale della classe 49er maschile e femminile. L\u2019equipaggio formato da Uberto Crivelli Visconti e Umberto Molineris, in sostituzione temporanea dell\u2019infortunato Gianmarco Togni (Marina Militare), [&hellip;]","og_url":"https:\/\/www.ccaniene.com\/en\/weekend-nel-segno-crivelli-visconti-molineris\/","og_site_name":"Circolo Canottieri Aniene","article_published_time":"2017-03-13T09:49:53+00:00","article_modified_time":"2017-03-13T09:57:23+00:00","og_image":[{"width":1280,"height":960,"url":"https:\/\/www.ccaniene.com\/wp-content\/uploads\/2017\/03\/IMG-20170312-WA0004.jpg","type":"image\/jpeg"}],"author":"carlo.san@tin.it","twitter_card":"summary_large_image","twitter_misc":{"Written by":"carlo.san@tin.it","Estimated reading time":"1 minute"},"schema":{"@context":"https:\/\/schema.org","@graph":[{"@type":"WebPage","@id":"https:\/\/www.ccaniene.com\/en\/weekend-nel-segno-crivelli-visconti-molineris\/","url":"https:\/\/www.ccaniene.com\/en\/weekend-nel-segno-crivelli-visconti-molineris\/","name":"Weekend nel segno di Crivelli Visconti e Molineris - Circolo Canottieri Aniene","isPartOf":{"@id":"https:\/\/www.ccaniene.com\/it_it\/#website"},"primaryImageOfPage":{"@id":"https:\/\/www.ccaniene.com\/en\/weekend-nel-segno-crivelli-visconti-molineris\/#primaryimage"},"image":{"@id":"https:\/\/www.ccaniene.com\/en\/weekend-nel-segno-crivelli-visconti-molineris\/#primaryimage"},"thumbnailUrl":"https:\/\/www.ccaniene.com\/wp-content\/uploads\/2017\/03\/IMG-20170312-WA0004.jpg","datePublished":"2017-03-13T09:49:53+00:00","dateModified":"2017-03-13T09:57:23+00:00","author":{"@id":"https:\/\/www.ccaniene.com\/it_it\/#\/schema\/person\/6042bd0ba360674279dffd4247d570ed"},"breadcrumb":{"@id":"https:\/\/www.ccaniene.com\/en\/weekend-nel-segno-crivelli-visconti-molineris\/#breadcrumb"},"inLanguage":"en-GB","potentialAction":[{"@type":"ReadAction","target":["https:\/\/www.ccaniene.com\/en\/weekend-nel-segno-crivelli-visconti-molineris\/"]}]},{"@type":"ImageObject","inLanguage":"en-GB","@id":"https:\/\/www.ccaniene.com\/en\/weekend-nel-segno-crivelli-visconti-molineris\/#primaryimage","url":"https:\/\/www.ccaniene.com\/wp-content\/uploads\/2017\/03\/IMG-20170312-WA0004.jpg","contentUrl":"https:\/\/www.ccaniene.com\/wp-content\/uploads\/2017\/03\/IMG-20170312-WA0004.jpg","width":1280,"height":960},{"@type":"BreadcrumbList","@id":"https:\/\/www.ccaniene.com\/en\/weekend-nel-segno-crivelli-visconti-molineris\/#breadcrumb","itemListElement":[{"@type":"ListItem","position":1,"name":"Home","item":"https:\/\/www.ccaniene.com\/it_it\/"},{"@type":"ListItem","position":2,"name":"Weekend nel segno di Crivelli Visconti e Molineris"}]},{"@type":"WebSite","@id":"https:\/\/www.ccaniene.com\/it_it\/#website","url":"https:\/\/www.ccaniene.com\/it_it\/","name":"Circolo Canottieri Aniene","description":"Collare d&#039;Oro e Stella d&#039;Oro al Merito Sportivo","potentialAction":[{"@type":"SearchAction","target":{"@type":"EntryPoint","urlTemplate":"https:\/\/www.ccaniene.com\/it_it\/?s={search_term_string}"},"query-input":{"@type":"PropertyValueSpecification","valueRequired":true,"valueName":"search_term_string"}}],"inLanguage":"en-GB"},{"@type":"Person","@id":"https:\/\/www.ccaniene.com\/it_it\/#\/schema\/person\/6042bd0ba360674279dffd4247d570ed","name":"carlo.san@tin.it","image":{"@type":"ImageObject","inLanguage":"en-GB","@id":"https:\/\/www.ccaniene.com\/it_it\/#\/schema\/person\/image\/","url":"https:\/\/secure.gravatar.com\/avatar\/f993a459d0ffe4d666e4c917fef20ca9?s=96&d=mm&r=g","contentUrl":"https:\/\/secure.gravatar.com\/avatar\/f993a459d0ffe4d666e4c917fef20ca9?s=96&d=mm&r=g","caption":"carlo.san@tin.it"},"url":"https:\/\/www.ccaniene.com\/en\/author\/carlo-santi-2\/"}]}},"_links":{"self":[{"href":"https:\/\/www.ccaniene.com\/en\/wp-json\/wp\/v2\/posts\/12391"}],"collection":[{"href":"https:\/\/www.ccaniene.com\/en\/wp-json\/wp\/v2\/posts"}],"about":[{"href":"https:\/\/www.ccaniene.com\/en\/wp-json\/wp\/v2\/types\/post"}],"author":[{"embeddable":true,"href":"https:\/\/www.ccaniene.com\/en\/wp-json\/wp\/v2\/users\/23521"}],"replies":[{"embeddable":true,"href":"https:\/\/www.ccaniene.com\/en\/wp-json\/wp\/v2\/comments?post=12391"}],"version-history":[{"count":3,"href":"https:\/\/www.ccaniene.com\/en\/wp-json\/wp\/v2\/posts\/12391\/revisions"}],"predecessor-version":[{"id":12395,"href":"https:\/\/www.ccaniene.com\/en\/wp-json\/wp\/v2\/posts\/12391\/revisions\/12395"}],"wp:featuredmedia":[{"embeddable":true,"href":"https:\/\/www.ccaniene.com\/en\/wp-json\/wp\/v2\/media\/12392"}],"wp:attachment":[{"href":"https:\/\/www.ccaniene.com\/en\/wp-json\/wp\/v2\/media?parent=12391"}],"wp:term":[{"taxonomy":"category","embeddable":true,"href":"https:\/\/www.ccaniene.com\/en\/wp-json\/wp\/v2\/categories?post=12391"},{"taxonomy":"post_tag","embeddable":true,"href":"https:\/\/www.ccaniene.com\/en\/wp-json\/wp\/v2\/tags?post=12391"}],"curies":[{"name":"wp","href":"https:\/\/api.w.org\/{rel}","templated":true}]}}