{"id":12386,"date":"2017-03-12T22:41:05","date_gmt":"2017-03-12T21:41:05","guid":{"rendered":"https:\/\/www.ccaniene.com\/?p=12386\/"},"modified":"2017-03-23T10:33:52","modified_gmt":"2017-03-23T09:33:52","slug":"ottava-giornata-primi-addii","status":"publish","type":"post","link":"https:\/\/www.ccaniene.com\/en\/ottava-giornata-primi-addii\/","title":{"rendered":"Ottava giornata: i primi addii"},"content":{"rendered":"<p><strong><em>&#8211; di FEDERICO VECCHIO &#8211;<\/em><\/strong><\/p>\n<p>Manca una sola giornata al termine della regular season e, dopo gli incontri di sabato scorso, praticamente tutto \u00e8 deciso per i play off. E questo, come \u00e8 facilmente comprensibile anche al lettore meno attento, sta a significare che \u00e8 il momento della resa dei conti e di aprire i processi, purtroppo spesso sommari, a chi, a torto o a ragione, viene individuato come il capro espiatorio di un\u2019eliminazione difficile da digerire.<br \/>\nDiciamolo subito: nulla da dire sulla banda Vaccaro, che esce davvero a testa alta, malgrado ultima in classifica, comunque vada la prossima giornata. I ragazzini dell\u2019uomo che ha sangue blu e celeste nelle vene hanno, difatti, incantato tutti per voglia e tecnica. Ed ancora di pi\u00f9, semmai possibile, nella partita giocata contro l\u2019H. Filosa, nella quale hanno costretto i monegaschi a vincere di misura, con un uno a zero siglato dal solito Tamburi, a dimostrazione della loro solidit\u00e0. E se non fosse stato per il solito monumentale Tartaglia (a proposito, per lui l\u2019ennesimo clean sheet) forse\u00a0<a class=\"matchTooltip\">oggi<\/a>\u00a0la classifica direbbe altro. Ed invece, i numeri ci dicono che l\u2019H. Filosa se ne sta l\u00ec, sola, al terzo posto, ad un punto dalla seconda, che \u00e8 la squadra dei Fabbricini, e seguita ad un punto dal terzetto delle quarte, che rispondono ai nomi di De Matteis, Cecilia e Picciotti.<\/p>\n<p>Ma sono altri i nomi che si ha il terrore di pronunciare. Perch\u00e9, da sabato, da quando \u00e8 successo tutto, la gente si incrocia nei locali del circolo, e si scambia solo poche parole (\u201chai saputo di Cucchiella?\u201d oppure \u201chai saputo di Murino\u201d?) a voce bassa, con un\u2019espressione tetra, e l\u2019altro immediatamente risponde, spesso con un solo cenno del capo, a dire \u201cpurtroppo, s\u00ec\u201d, per poi allontanarsi, entrambi con quella tipica postura di due che hanno appena finito di maledire la vita matrigna.<br \/>\nPerch\u00e9 la vita, a volte, \u00e8 davvero aspra. Murino e Cucchiella, difatti, sabato erano uno di fronte all\u2019altro, in una partita che chiamare spareggio era poco. Era un dentro o fuori che faceva tremare i polsi a tutti, spettatori compresi, figuriamoci ai diretti interessati. E, tra questi, ai veri responsabili di ogni scelta, e cio\u00e8 Cucchiella, l\u2019uomo che aveva investito tutto se stesso sulla personalit\u00e0 di una serie di maschi alfa, non secondi a nessuno, comprati a peso d\u2019oro, e Rezza, il vero patron della franchigia Murino, che costruisce squadre e palazzi sempre con la stessa unica finalit\u00e0, e cio\u00e8 quella di portare a casa il risultato.<br \/>\nE invece no, niente da fare. La partita, pur bellissima, si \u00e8 trasformata, al fischio finale, nella grande beffa. E s\u00ec che i Cucchiella erano praticamente al completo, ma non avevano fatto i conti con S. Depetris, il quale, contati sulle dita di una mano i pochi giocatori disponibili, impostava una partita che definire difensiva \u00e8 dire poco. Ed a nulla \u00e8 servito, per gli ex invincibili, il vantaggio iniziale per due a zero, e meno ancora lo splendido gol con cui Mancini li portava sul tre ad uno, perch\u00e9 S. Depetris, che di calcetto ne conosce, si inventava la mossa a sorpresa: davanti Murino e tra i pali il cestista Bottai. E, a quel punto, la partita diventava altro, per chiudersi, allo scadere, con il pareggio dei Murino (rectius, dei Rezza) grazie al solito Merlo, ormai abbonato ai gol segnati a tempo pi\u00f9 che scaduto. Ed il silenzio tombale che scendeva su quel campo, un secondo dopo il fischio finale, avrebbe meritato, come colonna sonora, non il sommesso brusio degli increduli spettatori, ma qualche lirica di Morricone. Ad accompagnare la passarella di uno sconsolato Cucchiella, dal campo agli spogliatoi, prima che di lui si perdesse, ancora\u00a0<a class=\"matchTooltip\">oggi<\/a>\u00a0che scriviamo, traccia. Ma il silenzio pi\u00f9 rumoroso l\u2019ha causato il tonfo di Rezza, che era sicuro che questo fosse, finalmente, il suo anno, dopo che era arrivato al punto di sponsorizzare anche gli arbitri. Chi l\u2019ha accompagnato negli spogliatoi, ha raccontato di uomo distrutto ma mai domo, che avrebbe sospirato pi\u00f9 volte, tra le labbra che il prossimo torneo prover\u00e0 a vincere comprando, dopo le divise degli arbitri, anche palloni ed avversari.<\/p>\n<p>Ci\u00f2 detto, da segnalare, a questo punto, dopo le rumorose cadute, i pericolosi scricchiolii della squadra Picciotti, che ha perso, udite udite, per otto a tre contro i Fabbricini. E s\u00ec che la partita si era aperta con un gran gol del solito Van Basten Abrignani, su cui, per\u00f2, qualche responsabilit\u00e0 di Albini padre, nel ruolo di portiere avversario, c\u2019era tutta. Ma poi la squadra Picciotti ha dovuto fare i conti con le troppe assenze, malgrado la solita muscolare partita di Cancellieri che, primo davanti, faceva reparto da solo. E, alla fine, il risultato era che quel secondo posto, per tante giornate tenuto stretto come un bottino ormai fatto proprio, \u00e8 praticamente sfumato sul filo di lana, costringendo i ragazzi di Yuri a disputare un quarto di finale di quelli che solo per uomini veri.<br \/>\nQualche ombra, va detto, sul due a due finale tra De Matteis e Cecilia. Il pareggio, difatti, sarebbe stato il risultato che avrebbe permesso, ad entrambe, la matematica qualificazione ai quarti. E due a due \u00e8 stato. E s\u00ec che, fino a met\u00e0 ripresa, il risultato era inchiodato sullo zero a zero. Poi, sull\u2019improvviso uno ad uno, ci ha pensato Gabriele Giuffrida, con il gol forse pi\u00f9 bello visto in tutto il torneo, a portare avanti i De Matteis quando il tempo era scaduto. Ma il tempo di centrare la palla, di fare pochi tocchi, e il due a due, cio\u00e8 quel pareggio tanto sperato, si materializzava davanti agli occhi degli increduli spettatori, con le due squadre, al fischio finale, ad abbracciarsi e complimentarsi vicendevolmente. Perch\u00e9, mai come in questo caso, un punto per uno non fa male a nessuno.<br \/>\nA questo punto, chiuso questo ennesimo capitolo, non ci resta che aspettare l\u2019ultima giornata, che sar\u00e0 per scaldare i muscoli in attesa delle partite che conteranno veramente. E l\u00ec non ci sar\u00e0 pi\u00f9 tempo per il dopo, perch\u00e9 o si resta, o si va casa.<\/p>","protected":false},"excerpt":{"rendered":"<p>&#8211; di FEDERICO VECCHIO &#8211; Manca una sola giornata al termine della regular season e, dopo gli incontri di sabato scorso, praticamente tutto \u00e8 deciso per i play off. E questo, come \u00e8 facilmente comprensibile anche al lettore meno attento, sta a significare che \u00e8 il momento della resa dei conti e di aprire i [&hellip;]<\/p>","protected":false},"author":23521,"featured_media":12387,"comment_status":"open","ping_status":"closed","sticky":false,"template":"","format":"standard","meta":{"pmpro_default_level":0,"footnotes":"","_links_to":"","_links_to_target":""},"categories":[39,1],"tags":[],"class_list":["post-12386","post","type-post","status-publish","format-standard","has-post-thumbnail","hentry","category-calcetto","category-news","pmpro-has-access"],"featured_image_urls":{"woocommerce_thumbnail":"https:\/\/www.ccaniene.com\/wp-content\/uploads\/2017\/03\/torneo6-300x300.jpg","woocommerce_gallery_thumbnail":"https:\/\/www.ccaniene.com\/wp-content\/uploads\/2017\/03\/torneo6-100x100.jpg","woocommerce_single":"https:\/\/www.ccaniene.com\/wp-content\/uploads\/2017\/03\/torneo6-600x400.jpg","medium":"https:\/\/www.ccaniene.com\/wp-content\/uploads\/2017\/03\/torneo6-800x533.jpg","thumbnail":"https:\/\/www.ccaniene.com\/wp-content\/uploads\/2017\/03\/torneo6-400x400.jpg","medium_large":"https:\/\/www.ccaniene.com\/wp-content\/uploads\/2017\/03\/torneo6-768x512.jpg"},"appp_media":null,"yoast_head":"<!-- This site is optimized with the Yoast SEO plugin v23.6 - https:\/\/yoast.com\/wordpress\/plugins\/seo\/ -->\n<title>Ottava giornata: i primi addii - Circolo Canottieri Aniene<\/title>\n<meta name=\"robots\" content=\"index, follow, max-snippet:-1, max-image-preview:large, max-video-preview:-1\" \/>\n<link rel=\"canonical\" href=\"https:\/\/www.ccaniene.com\/en\/ottava-giornata-primi-addii\/\" \/>\n<meta property=\"og:locale\" content=\"en_GB\" \/>\n<meta property=\"og:type\" content=\"article\" \/>\n<meta property=\"og:title\" content=\"Ottava giornata: i primi addii - Circolo Canottieri Aniene\" \/>\n<meta property=\"og:description\" content=\"&#8211; di FEDERICO VECCHIO &#8211; Manca una sola giornata al termine della regular season e, dopo gli incontri di sabato scorso, praticamente tutto \u00e8 deciso per i play off. E questo, come \u00e8 facilmente comprensibile anche al lettore meno attento, sta a significare che \u00e8 il momento della resa dei conti e di aprire i [&hellip;]\" \/>\n<meta property=\"og:url\" content=\"https:\/\/www.ccaniene.com\/en\/ottava-giornata-primi-addii\/\" \/>\n<meta property=\"og:site_name\" content=\"Circolo Canottieri Aniene\" \/>\n<meta property=\"article:published_time\" content=\"2017-03-12T21:41:05+00:00\" \/>\n<meta property=\"article:modified_time\" content=\"2017-03-23T09:33:52+00:00\" \/>\n<meta property=\"og:image\" content=\"https:\/\/www.ccaniene.com\/wp-content\/uploads\/2017\/03\/torneo6.jpg\" \/>\n\t<meta property=\"og:image:width\" content=\"1049\" \/>\n\t<meta property=\"og:image:height\" content=\"699\" \/>\n\t<meta property=\"og:image:type\" content=\"image\/jpeg\" \/>\n<meta name=\"author\" content=\"carlo.san@tin.it\" \/>\n<meta name=\"twitter:card\" content=\"summary_large_image\" \/>\n<meta name=\"twitter:label1\" content=\"Written by\" \/>\n\t<meta name=\"twitter:data1\" content=\"carlo.san@tin.it\" \/>\n\t<meta name=\"twitter:label2\" content=\"Estimated reading time\" \/>\n\t<meta name=\"twitter:data2\" content=\"5 minutes\" \/>\n<script type=\"application\/ld+json\" class=\"yoast-schema-graph\">{\"@context\":\"https:\/\/schema.org\",\"@graph\":[{\"@type\":\"WebPage\",\"@id\":\"https:\/\/www.ccaniene.com\/en\/ottava-giornata-primi-addii\/\",\"url\":\"https:\/\/www.ccaniene.com\/en\/ottava-giornata-primi-addii\/\",\"name\":\"Ottava giornata: i primi addii - Circolo Canottieri Aniene\",\"isPartOf\":{\"@id\":\"https:\/\/www.ccaniene.com\/it_it\/#website\"},\"primaryImageOfPage\":{\"@id\":\"https:\/\/www.ccaniene.com\/en\/ottava-giornata-primi-addii\/#primaryimage\"},\"image\":{\"@id\":\"https:\/\/www.ccaniene.com\/en\/ottava-giornata-primi-addii\/#primaryimage\"},\"thumbnailUrl\":\"https:\/\/www.ccaniene.com\/wp-content\/uploads\/2017\/03\/torneo6.jpg\",\"datePublished\":\"2017-03-12T21:41:05+00:00\",\"dateModified\":\"2017-03-23T09:33:52+00:00\",\"author\":{\"@id\":\"https:\/\/www.ccaniene.com\/it_it\/#\/schema\/person\/6042bd0ba360674279dffd4247d570ed\"},\"breadcrumb\":{\"@id\":\"https:\/\/www.ccaniene.com\/en\/ottava-giornata-primi-addii\/#breadcrumb\"},\"inLanguage\":\"en-GB\",\"potentialAction\":[{\"@type\":\"ReadAction\",\"target\":[\"https:\/\/www.ccaniene.com\/en\/ottava-giornata-primi-addii\/\"]}]},{\"@type\":\"ImageObject\",\"inLanguage\":\"en-GB\",\"@id\":\"https:\/\/www.ccaniene.com\/en\/ottava-giornata-primi-addii\/#primaryimage\",\"url\":\"https:\/\/www.ccaniene.com\/wp-content\/uploads\/2017\/03\/torneo6.jpg\",\"contentUrl\":\"https:\/\/www.ccaniene.com\/wp-content\/uploads\/2017\/03\/torneo6.jpg\",\"width\":1049,\"height\":699},{\"@type\":\"BreadcrumbList\",\"@id\":\"https:\/\/www.ccaniene.com\/en\/ottava-giornata-primi-addii\/#breadcrumb\",\"itemListElement\":[{\"@type\":\"ListItem\",\"position\":1,\"name\":\"Home\",\"item\":\"https:\/\/www.ccaniene.com\/it_it\/\"},{\"@type\":\"ListItem\",\"position\":2,\"name\":\"Ottava giornata: i primi addii\"}]},{\"@type\":\"WebSite\",\"@id\":\"https:\/\/www.ccaniene.com\/it_it\/#website\",\"url\":\"https:\/\/www.ccaniene.com\/it_it\/\",\"name\":\"Circolo Canottieri Aniene\",\"description\":\"Collare d&#039;Oro e Stella d&#039;Oro al Merito Sportivo\",\"potentialAction\":[{\"@type\":\"SearchAction\",\"target\":{\"@type\":\"EntryPoint\",\"urlTemplate\":\"https:\/\/www.ccaniene.com\/it_it\/?s={search_term_string}\"},\"query-input\":{\"@type\":\"PropertyValueSpecification\",\"valueRequired\":true,\"valueName\":\"search_term_string\"}}],\"inLanguage\":\"en-GB\"},{\"@type\":\"Person\",\"@id\":\"https:\/\/www.ccaniene.com\/it_it\/#\/schema\/person\/6042bd0ba360674279dffd4247d570ed\",\"name\":\"carlo.san@tin.it\",\"image\":{\"@type\":\"ImageObject\",\"inLanguage\":\"en-GB\",\"@id\":\"https:\/\/www.ccaniene.com\/it_it\/#\/schema\/person\/image\/\",\"url\":\"https:\/\/secure.gravatar.com\/avatar\/f993a459d0ffe4d666e4c917fef20ca9?s=96&d=mm&r=g\",\"contentUrl\":\"https:\/\/secure.gravatar.com\/avatar\/f993a459d0ffe4d666e4c917fef20ca9?s=96&d=mm&r=g\",\"caption\":\"carlo.san@tin.it\"},\"url\":\"https:\/\/www.ccaniene.com\/en\/author\/carlo-santi-2\/\"}]}<\/script>\n<!-- \/ Yoast SEO plugin. -->","yoast_head_json":{"title":"Ottava giornata: i primi addii - Circolo Canottieri Aniene","robots":{"index":"index","follow":"follow","max-snippet":"max-snippet:-1","max-image-preview":"max-image-preview:large","max-video-preview":"max-video-preview:-1"},"canonical":"https:\/\/www.ccaniene.com\/en\/ottava-giornata-primi-addii\/","og_locale":"en_GB","og_type":"article","og_title":"Ottava giornata: i primi addii - Circolo Canottieri Aniene","og_description":"&#8211; di FEDERICO VECCHIO &#8211; Manca una sola giornata al termine della regular season e, dopo gli incontri di sabato scorso, praticamente tutto \u00e8 deciso per i play off. E questo, come \u00e8 facilmente comprensibile anche al lettore meno attento, sta a significare che \u00e8 il momento della resa dei conti e di aprire i [&hellip;]","og_url":"https:\/\/www.ccaniene.com\/en\/ottava-giornata-primi-addii\/","og_site_name":"Circolo Canottieri Aniene","article_published_time":"2017-03-12T21:41:05+00:00","article_modified_time":"2017-03-23T09:33:52+00:00","og_image":[{"width":1049,"height":699,"url":"https:\/\/www.ccaniene.com\/wp-content\/uploads\/2017\/03\/torneo6.jpg","type":"image\/jpeg"}],"author":"carlo.san@tin.it","twitter_card":"summary_large_image","twitter_misc":{"Written by":"carlo.san@tin.it","Estimated reading time":"5 minutes"},"schema":{"@context":"https:\/\/schema.org","@graph":[{"@type":"WebPage","@id":"https:\/\/www.ccaniene.com\/en\/ottava-giornata-primi-addii\/","url":"https:\/\/www.ccaniene.com\/en\/ottava-giornata-primi-addii\/","name":"Ottava giornata: i primi addii - Circolo Canottieri Aniene","isPartOf":{"@id":"https:\/\/www.ccaniene.com\/it_it\/#website"},"primaryImageOfPage":{"@id":"https:\/\/www.ccaniene.com\/en\/ottava-giornata-primi-addii\/#primaryimage"},"image":{"@id":"https:\/\/www.ccaniene.com\/en\/ottava-giornata-primi-addii\/#primaryimage"},"thumbnailUrl":"https:\/\/www.ccaniene.com\/wp-content\/uploads\/2017\/03\/torneo6.jpg","datePublished":"2017-03-12T21:41:05+00:00","dateModified":"2017-03-23T09:33:52+00:00","author":{"@id":"https:\/\/www.ccaniene.com\/it_it\/#\/schema\/person\/6042bd0ba360674279dffd4247d570ed"},"breadcrumb":{"@id":"https:\/\/www.ccaniene.com\/en\/ottava-giornata-primi-addii\/#breadcrumb"},"inLanguage":"en-GB","potentialAction":[{"@type":"ReadAction","target":["https:\/\/www.ccaniene.com\/en\/ottava-giornata-primi-addii\/"]}]},{"@type":"ImageObject","inLanguage":"en-GB","@id":"https:\/\/www.ccaniene.com\/en\/ottava-giornata-primi-addii\/#primaryimage","url":"https:\/\/www.ccaniene.com\/wp-content\/uploads\/2017\/03\/torneo6.jpg","contentUrl":"https:\/\/www.ccaniene.com\/wp-content\/uploads\/2017\/03\/torneo6.jpg","width":1049,"height":699},{"@type":"BreadcrumbList","@id":"https:\/\/www.ccaniene.com\/en\/ottava-giornata-primi-addii\/#breadcrumb","itemListElement":[{"@type":"ListItem","position":1,"name":"Home","item":"https:\/\/www.ccaniene.com\/it_it\/"},{"@type":"ListItem","position":2,"name":"Ottava giornata: i primi addii"}]},{"@type":"WebSite","@id":"https:\/\/www.ccaniene.com\/it_it\/#website","url":"https:\/\/www.ccaniene.com\/it_it\/","name":"Circolo Canottieri Aniene","description":"Collare d&#039;Oro e Stella d&#039;Oro al Merito Sportivo","potentialAction":[{"@type":"SearchAction","target":{"@type":"EntryPoint","urlTemplate":"https:\/\/www.ccaniene.com\/it_it\/?s={search_term_string}"},"query-input":{"@type":"PropertyValueSpecification","valueRequired":true,"valueName":"search_term_string"}}],"inLanguage":"en-GB"},{"@type":"Person","@id":"https:\/\/www.ccaniene.com\/it_it\/#\/schema\/person\/6042bd0ba360674279dffd4247d570ed","name":"carlo.san@tin.it","image":{"@type":"ImageObject","inLanguage":"en-GB","@id":"https:\/\/www.ccaniene.com\/it_it\/#\/schema\/person\/image\/","url":"https:\/\/secure.gravatar.com\/avatar\/f993a459d0ffe4d666e4c917fef20ca9?s=96&d=mm&r=g","contentUrl":"https:\/\/secure.gravatar.com\/avatar\/f993a459d0ffe4d666e4c917fef20ca9?s=96&d=mm&r=g","caption":"carlo.san@tin.it"},"url":"https:\/\/www.ccaniene.com\/en\/author\/carlo-santi-2\/"}]}},"_links":{"self":[{"href":"https:\/\/www.ccaniene.com\/en\/wp-json\/wp\/v2\/posts\/12386"}],"collection":[{"href":"https:\/\/www.ccaniene.com\/en\/wp-json\/wp\/v2\/posts"}],"about":[{"href":"https:\/\/www.ccaniene.com\/en\/wp-json\/wp\/v2\/types\/post"}],"author":[{"embeddable":true,"href":"https:\/\/www.ccaniene.com\/en\/wp-json\/wp\/v2\/users\/23521"}],"replies":[{"embeddable":true,"href":"https:\/\/www.ccaniene.com\/en\/wp-json\/wp\/v2\/comments?post=12386"}],"version-history":[{"count":4,"href":"https:\/\/www.ccaniene.com\/en\/wp-json\/wp\/v2\/posts\/12386\/revisions"}],"predecessor-version":[{"id":12494,"href":"https:\/\/www.ccaniene.com\/en\/wp-json\/wp\/v2\/posts\/12386\/revisions\/12494"}],"wp:featuredmedia":[{"embeddable":true,"href":"https:\/\/www.ccaniene.com\/en\/wp-json\/wp\/v2\/media\/12387"}],"wp:attachment":[{"href":"https:\/\/www.ccaniene.com\/en\/wp-json\/wp\/v2\/media?parent=12386"}],"wp:term":[{"taxonomy":"category","embeddable":true,"href":"https:\/\/www.ccaniene.com\/en\/wp-json\/wp\/v2\/categories?post=12386"},{"taxonomy":"post_tag","embeddable":true,"href":"https:\/\/www.ccaniene.com\/en\/wp-json\/wp\/v2\/tags?post=12386"}],"curies":[{"name":"wp","href":"https:\/\/api.w.org\/{rel}","templated":true}]}}